{"id":8348,"date":"2016-03-04T12:16:37","date_gmt":"2016-03-04T09:16:37","guid":{"rendered":"http:\/\/btv.md\/?p=8348"},"modified":"2016-03-04T20:18:19","modified_gmt":"2016-03-04T17:18:19","slug":"au-ajuns-la-spital-dupa-ce-s-au-intoxicat-cu-pesticide","status":"publish","type":"post","link":"https:\/\/www.btv.md\/ro\/au-ajuns-la-spital-dupa-ce-s-au-intoxicat-cu-pesticide\/","title":{"rendered":"AU AJUNS LA SPITAL  DUP\u0102 CE S-AU INTOXICAT  CU  PESTICIDE"},"content":{"rendered":"<p><strong>14 elevi au ajuns la Spitalul din Rezina, dup\u0103 ce s-au intoxicat cu insecticid. Copii au fost transporta\u0163i la Chi\u015fin\u0103u, la Institutul Mamei \u015fi Copilului, transmite <a href=\"http:\/\/www.noi.md\/md\/news_id\/80158\" target=\"_blank\">noi.md<\/a>.<\/strong><\/p>\n<p>Incidentul a avut loc \u00een \u015fcoala din satul Cuiz\u0103uca, raionul Rezina. Totul s-a \u00eent\u00e2mplat dup\u0103 ce o elev\u0103 de clasa a opta a sc\u0103pat pe holul institu\u0163iei o fiol\u0103 cu insecticid, care s-a spart.<\/p>\n<p>\u00cen consecin\u0163\u0103, substan\u0163a s-a v\u0103rsat pe podea, iar mirosul toxic s-a r\u0103sp\u00e2ndit rapid. To\u0163i elevii din liceu au fost evacua\u0163i.<\/p>\n<p>Potrivit reprezentan\u0163ilor institu\u0163iei, adolescenta a primit fiola cu insecticid de la m\u0103tu\u015fa ei \u015fi urma s\u0103 o transmit\u0103 mamei.<\/p>\n<p>&#8222;<em>Situa\u021bii de acest gen nu am avut \u00een localitate. Ac\u021biunile care au fost: copiii au fost transporta\u021bi acas\u0103 c\u0103 sunt din satele vecine. Primii copii au fost interna\u021bi din satul Otac, dup\u0103 o or\u0103 de la incident. \u0218coala este \u00eenchis\u0103. Am fost contacta\u021bi de la medicina preventiv\u0103 \u0219i vin s\u0103 fac\u0103 ventilare<\/em>&#8222;, a declarat primarul satului Cuiz\u0103uca.<\/p>\n","protected":false},"excerpt":{"rendered":"<p>14 elevi au ajuns la Spitalul din Rezina, dup\u0103 ce s-au intoxicat cu insecticid. Copii au fost transporta\u0163i la Chi\u015fin\u0103u, la Institutul Mamei \u015fi Copilului, transmite noi.md. Incidentul a avut loc \u00een \u015fcoala din satul Cuiz\u0103uca, raionul Rezina. Totul s-a \u00eent\u00e2mplat dup\u0103 ce o elev\u0103 de clasa a opta a sc\u0103pat pe holul institu\u0163iei o [&hellip;]<\/p>\n","protected":false},"author":4,"featured_media":8349,"comment_status":"closed","ping_status":"closed","sticky":false,"template":"","format":"standard","meta":{"footnotes":""},"categories":[6351],"tags":[],"class_list":["post-8348","post","type-post","status-publish","format-standard","has-post-thumbnail","hentry","category-incidente"],"yoast_head":"<!-- This site is optimized with the Yoast SEO plugin v27.4 - https:\/\/yoast.com\/product\/yoast-seo-wordpress\/ -->\n<title>AU AJUNS LA SPITAL DUP\u0102 CE S-AU INTOXICAT CU PESTICIDE - BTV<\/title>\n<meta name=\"robots\" content=\"index, follow, max-snippet:-1, max-image-preview:large, max-video-preview:-1\" \/>\n<link rel=\"canonical\" href=\"https:\/\/www.btv.md\/ro\/au-ajuns-la-spital-dupa-ce-s-au-intoxicat-cu-pesticide\/\" \/>\n<meta property=\"og:locale\" content=\"ro_RO\" \/>\n<meta property=\"og:type\" content=\"article\" \/>\n<meta property=\"og:title\" content=\"AU AJUNS LA SPITAL DUP\u0102 CE S-AU INTOXICAT CU PESTICIDE - BTV\" \/>\n<meta property=\"og:description\" content=\"14 elevi au ajuns la Spitalul din Rezina, dup\u0103 ce s-au intoxicat cu insecticid. Copii au fost transporta\u0163i la Chi\u015fin\u0103u, la Institutul Mamei \u015fi Copilului, transmite noi.md. Incidentul a avut loc \u00een \u015fcoala din satul Cuiz\u0103uca, raionul Rezina. Totul s-a \u00eent\u00e2mplat dup\u0103 ce o elev\u0103 de clasa a opta a sc\u0103pat pe holul institu\u0163iei o [&hellip;]\" \/>\n<meta property=\"og:url\" content=\"https:\/\/www.btv.md\/ro\/au-ajuns-la-spital-dupa-ce-s-au-intoxicat-cu-pesticide\/\" \/>\n<meta property=\"og:site_name\" content=\"BTV\" \/>\n<meta property=\"article:publisher\" content=\"https:\/\/www.facebook.com\/btvmoldova\/\" \/>\n<meta property=\"article:published_time\" content=\"2016-03-04T09:16:37+00:00\" \/>\n<meta property=\"article:modified_time\" content=\"2016-03-04T17:18:19+00:00\" \/>\n<meta property=\"og:image\" content=\"https:\/\/www.btv.md\/wp-content\/uploads\/2016\/03\/spital_judetean_sectia_ati02_9ccb4da5da-e1456224033461-620x330.jpg\" \/>\n\t<meta property=\"og:image:width\" content=\"620\" \/>\n\t<meta property=\"og:image:height\" content=\"330\" \/>\n\t<meta property=\"og:image:type\" content=\"image\/jpeg\" \/>\n<meta name=\"author\" content=\"admin\" \/>\n<meta name=\"twitter:label1\" content=\"Scris de\" \/>\n\t<meta name=\"twitter:data1\" content=\"admin\" \/>\n\t<meta name=\"twitter:label2\" content=\"Timp estimat pentru citire\" \/>\n\t<meta name=\"twitter:data2\" content=\"1 minut\" \/>\n<script type=\"application\/ld+json\" class=\"yoast-schema-graph\">{\"@context\":\"https:\\\/\\\/schema.org\",\"@graph\":[{\"@type\":\"Article\",\"@id\":\"https:\\\/\\\/www.btv.md\\\/ro\\\/au-ajuns-la-spital-dupa-ce-s-au-intoxicat-cu-pesticide\\\/#article\",\"isPartOf\":{\"@id\":\"https:\\\/\\\/www.btv.md\\\/ro\\\/au-ajuns-la-spital-dupa-ce-s-au-intoxicat-cu-pesticide\\\/\"},\"author\":{\"name\":\"admin\",\"@id\":\"https:\\\/\\\/www.btv.md\\\/#\\\/schema\\\/person\\\/8fadce81561b3ce2c34c46dadc4ccbf2\"},\"headline\":\"AU AJUNS LA SPITAL DUP\u0102 CE S-AU INTOXICAT CU PESTICIDE\",\"datePublished\":\"2016-03-04T09:16:37+00:00\",\"dateModified\":\"2016-03-04T17:18:19+00:00\",\"mainEntityOfPage\":{\"@id\":\"https:\\\/\\\/www.btv.md\\\/ro\\\/au-ajuns-la-spital-dupa-ce-s-au-intoxicat-cu-pesticide\\\/\"},\"wordCount\":190,\"image\":{\"@id\":\"https:\\\/\\\/www.btv.md\\\/ro\\\/au-ajuns-la-spital-dupa-ce-s-au-intoxicat-cu-pesticide\\\/#primaryimage\"},\"thumbnailUrl\":\"https:\\\/\\\/www.btv.md\\\/wp-content\\\/uploads\\\/2016\\\/03\\\/spital_judetean_sectia_ati02_9ccb4da5da-e1456224033461-620x330.jpg\",\"articleSection\":[\"Incidente\"],\"inLanguage\":\"ro-RO\"},{\"@type\":\"WebPage\",\"@id\":\"https:\\\/\\\/www.btv.md\\\/ro\\\/au-ajuns-la-spital-dupa-ce-s-au-intoxicat-cu-pesticide\\\/\",\"url\":\"https:\\\/\\\/www.btv.md\\\/ro\\\/au-ajuns-la-spital-dupa-ce-s-au-intoxicat-cu-pesticide\\\/\",\"name\":\"AU AJUNS LA SPITAL DUP\u0102 CE S-AU INTOXICAT CU PESTICIDE - BTV\",\"isPartOf\":{\"@id\":\"https:\\\/\\\/www.btv.md\\\/#website\"},\"primaryImageOfPage\":{\"@id\":\"https:\\\/\\\/www.btv.md\\\/ro\\\/au-ajuns-la-spital-dupa-ce-s-au-intoxicat-cu-pesticide\\\/#primaryimage\"},\"image\":{\"@id\":\"https:\\\/\\\/www.btv.md\\\/ro\\\/au-ajuns-la-spital-dupa-ce-s-au-intoxicat-cu-pesticide\\\/#primaryimage\"},\"thumbnailUrl\":\"https:\\\/\\\/www.btv.md\\\/wp-content\\\/uploads\\\/2016\\\/03\\\/spital_judetean_sectia_ati02_9ccb4da5da-e1456224033461-620x330.jpg\",\"datePublished\":\"2016-03-04T09:16:37+00:00\",\"dateModified\":\"2016-03-04T17:18:19+00:00\",\"author\":{\"@id\":\"https:\\\/\\\/www.btv.md\\\/#\\\/schema\\\/person\\\/8fadce81561b3ce2c34c46dadc4ccbf2\"},\"inLanguage\":\"ro-RO\",\"potentialAction\":[{\"@type\":\"ReadAction\",\"target\":[\"https:\\\/\\\/www.btv.md\\\/ro\\\/au-ajuns-la-spital-dupa-ce-s-au-intoxicat-cu-pesticide\\\/\"]}]},{\"@type\":\"ImageObject\",\"inLanguage\":\"ro-RO\",\"@id\":\"https:\\\/\\\/www.btv.md\\\/ro\\\/au-ajuns-la-spital-dupa-ce-s-au-intoxicat-cu-pesticide\\\/#primaryimage\",\"url\":\"https:\\\/\\\/www.btv.md\\\/wp-content\\\/uploads\\\/2016\\\/03\\\/spital_judetean_sectia_ati02_9ccb4da5da-e1456224033461-620x330.jpg\",\"contentUrl\":\"https:\\\/\\\/www.btv.md\\\/wp-content\\\/uploads\\\/2016\\\/03\\\/spital_judetean_sectia_ati02_9ccb4da5da-e1456224033461-620x330.jpg\",\"width\":620,\"height\":330,\"caption\":\"diez.md\"},{\"@type\":\"WebSite\",\"@id\":\"https:\\\/\\\/www.btv.md\\\/#website\",\"url\":\"https:\\\/\\\/www.btv.md\\\/\",\"name\":\"BTV\",\"description\":\"\u0411\u0435\u043b\u044c\u0446\u043a\u043e\u0435 \u0442\u0435\u043b\u0435\u0432\u0438\u0434\u0435\u043d\u0438\u0435\",\"potentialAction\":[{\"@type\":\"SearchAction\",\"target\":{\"@type\":\"EntryPoint\",\"urlTemplate\":\"https:\\\/\\\/www.btv.md\\\/?s={search_term_string}\"},\"query-input\":{\"@type\":\"PropertyValueSpecification\",\"valueRequired\":true,\"valueName\":\"search_term_string\"}}],\"inLanguage\":\"ro-RO\"},{\"@type\":\"Person\",\"@id\":\"https:\\\/\\\/www.btv.md\\\/#\\\/schema\\\/person\\\/8fadce81561b3ce2c34c46dadc4ccbf2\",\"name\":\"admin\"}]}<\/script>\n<!-- \/ Yoast SEO plugin. -->","yoast_head_json":{"title":"AU AJUNS LA SPITAL DUP\u0102 CE S-AU INTOXICAT CU PESTICIDE - BTV","robots":{"index":"index","follow":"follow","max-snippet":"max-snippet:-1","max-image-preview":"max-image-preview:large","max-video-preview":"max-video-preview:-1"},"canonical":"https:\/\/www.btv.md\/ro\/au-ajuns-la-spital-dupa-ce-s-au-intoxicat-cu-pesticide\/","og_locale":"ro_RO","og_type":"article","og_title":"AU AJUNS LA SPITAL DUP\u0102 CE S-AU INTOXICAT CU PESTICIDE - BTV","og_description":"14 elevi au ajuns la Spitalul din Rezina, dup\u0103 ce s-au intoxicat cu insecticid. Copii au fost transporta\u0163i la Chi\u015fin\u0103u, la Institutul Mamei \u015fi Copilului, transmite noi.md. Incidentul a avut loc \u00een \u015fcoala din satul Cuiz\u0103uca, raionul Rezina. Totul s-a \u00eent\u00e2mplat dup\u0103 ce o elev\u0103 de clasa a opta a sc\u0103pat pe holul institu\u0163iei o [&hellip;]","og_url":"https:\/\/www.btv.md\/ro\/au-ajuns-la-spital-dupa-ce-s-au-intoxicat-cu-pesticide\/","og_site_name":"BTV","article_publisher":"https:\/\/www.facebook.com\/btvmoldova\/","article_published_time":"2016-03-04T09:16:37+00:00","article_modified_time":"2016-03-04T17:18:19+00:00","og_image":[{"width":620,"height":330,"url":"https:\/\/www.btv.md\/wp-content\/uploads\/2016\/03\/spital_judetean_sectia_ati02_9ccb4da5da-e1456224033461-620x330.jpg","type":"image\/jpeg"}],"author":"admin","twitter_misc":{"Scris de":"admin","Timp estimat pentru citire":"1 minut"},"schema":{"@context":"https:\/\/schema.org","@graph":[{"@type":"Article","@id":"https:\/\/www.btv.md\/ro\/au-ajuns-la-spital-dupa-ce-s-au-intoxicat-cu-pesticide\/#article","isPartOf":{"@id":"https:\/\/www.btv.md\/ro\/au-ajuns-la-spital-dupa-ce-s-au-intoxicat-cu-pesticide\/"},"author":{"name":"admin","@id":"https:\/\/www.btv.md\/#\/schema\/person\/8fadce81561b3ce2c34c46dadc4ccbf2"},"headline":"AU AJUNS LA SPITAL DUP\u0102 CE S-AU INTOXICAT CU PESTICIDE","datePublished":"2016-03-04T09:16:37+00:00","dateModified":"2016-03-04T17:18:19+00:00","mainEntityOfPage":{"@id":"https:\/\/www.btv.md\/ro\/au-ajuns-la-spital-dupa-ce-s-au-intoxicat-cu-pesticide\/"},"wordCount":190,"image":{"@id":"https:\/\/www.btv.md\/ro\/au-ajuns-la-spital-dupa-ce-s-au-intoxicat-cu-pesticide\/#primaryimage"},"thumbnailUrl":"https:\/\/www.btv.md\/wp-content\/uploads\/2016\/03\/spital_judetean_sectia_ati02_9ccb4da5da-e1456224033461-620x330.jpg","articleSection":["Incidente"],"inLanguage":"ro-RO"},{"@type":"WebPage","@id":"https:\/\/www.btv.md\/ro\/au-ajuns-la-spital-dupa-ce-s-au-intoxicat-cu-pesticide\/","url":"https:\/\/www.btv.md\/ro\/au-ajuns-la-spital-dupa-ce-s-au-intoxicat-cu-pesticide\/","name":"AU AJUNS LA SPITAL DUP\u0102 CE S-AU INTOXICAT CU PESTICIDE - BTV","isPartOf":{"@id":"https:\/\/www.btv.md\/#website"},"primaryImageOfPage":{"@id":"https:\/\/www.btv.md\/ro\/au-ajuns-la-spital-dupa-ce-s-au-intoxicat-cu-pesticide\/#primaryimage"},"image":{"@id":"https:\/\/www.btv.md\/ro\/au-ajuns-la-spital-dupa-ce-s-au-intoxicat-cu-pesticide\/#primaryimage"},"thumbnailUrl":"https:\/\/www.btv.md\/wp-content\/uploads\/2016\/03\/spital_judetean_sectia_ati02_9ccb4da5da-e1456224033461-620x330.jpg","datePublished":"2016-03-04T09:16:37+00:00","dateModified":"2016-03-04T17:18:19+00:00","author":{"@id":"https:\/\/www.btv.md\/#\/schema\/person\/8fadce81561b3ce2c34c46dadc4ccbf2"},"inLanguage":"ro-RO","potentialAction":[{"@type":"ReadAction","target":["https:\/\/www.btv.md\/ro\/au-ajuns-la-spital-dupa-ce-s-au-intoxicat-cu-pesticide\/"]}]},{"@type":"ImageObject","inLanguage":"ro-RO","@id":"https:\/\/www.btv.md\/ro\/au-ajuns-la-spital-dupa-ce-s-au-intoxicat-cu-pesticide\/#primaryimage","url":"https:\/\/www.btv.md\/wp-content\/uploads\/2016\/03\/spital_judetean_sectia_ati02_9ccb4da5da-e1456224033461-620x330.jpg","contentUrl":"https:\/\/www.btv.md\/wp-content\/uploads\/2016\/03\/spital_judetean_sectia_ati02_9ccb4da5da-e1456224033461-620x330.jpg","width":620,"height":330,"caption":"diez.md"},{"@type":"WebSite","@id":"https:\/\/www.btv.md\/#website","url":"https:\/\/www.btv.md\/","name":"BTV","description":"\u0411\u0435\u043b\u044c\u0446\u043a\u043e\u0435 \u0442\u0435\u043b\u0435\u0432\u0438\u0434\u0435\u043d\u0438\u0435","potentialAction":[{"@type":"SearchAction","target":{"@type":"EntryPoint","urlTemplate":"https:\/\/www.btv.md\/?s={search_term_string}"},"query-input":{"@type":"PropertyValueSpecification","valueRequired":true,"valueName":"search_term_string"}}],"inLanguage":"ro-RO"},{"@type":"Person","@id":"https:\/\/www.btv.md\/#\/schema\/person\/8fadce81561b3ce2c34c46dadc4ccbf2","name":"admin"}]}},"_links":{"self":[{"href":"https:\/\/www.btv.md\/ro\/wp-json\/wp\/v2\/posts\/8348","targetHints":{"allow":["GET"]}}],"collection":[{"href":"https:\/\/www.btv.md\/ro\/wp-json\/wp\/v2\/posts"}],"about":[{"href":"https:\/\/www.btv.md\/ro\/wp-json\/wp\/v2\/types\/post"}],"author":[{"embeddable":true,"href":"https:\/\/www.btv.md\/ro\/wp-json\/wp\/v2\/users\/4"}],"replies":[{"embeddable":true,"href":"https:\/\/www.btv.md\/ro\/wp-json\/wp\/v2\/comments?post=8348"}],"version-history":[{"count":0,"href":"https:\/\/www.btv.md\/ro\/wp-json\/wp\/v2\/posts\/8348\/revisions"}],"wp:featuredmedia":[{"embeddable":true,"href":"https:\/\/www.btv.md\/ro\/wp-json\/wp\/v2\/media\/8349"}],"wp:attachment":[{"href":"https:\/\/www.btv.md\/ro\/wp-json\/wp\/v2\/media?parent=8348"}],"wp:term":[{"taxonomy":"category","embeddable":true,"href":"https:\/\/www.btv.md\/ro\/wp-json\/wp\/v2\/categories?post=8348"},{"taxonomy":"post_tag","embeddable":true,"href":"https:\/\/www.btv.md\/ro\/wp-json\/wp\/v2\/tags?post=8348"}],"curies":[{"name":"wp","href":"https:\/\/api.w.org\/{rel}","templated":true}]}}