{"id":8351,"date":"2016-03-04T20:58:49","date_gmt":"2016-03-04T17:58:49","guid":{"rendered":"http:\/\/btv.md\/?p=8351"},"modified":"2016-03-04T20:58:49","modified_gmt":"2016-03-04T17:58:49","slug":"alexei-tulbure-data-viitoare-cc-va-anula-declaratia-de-independenta","status":"publish","type":"post","link":"https:\/\/www.btv.md\/ro\/alexei-tulbure-data-viitoare-cc-va-anula-declaratia-de-independenta\/","title":{"rendered":"ALEXEI TULBURE: DATA VIITOARE CC VA ANULA DECLARA\u021aIA DE INDEPENDEN\u021a\u0102"},"content":{"rendered":"<p><strong>Analistul politic, Alexei Tulbure consider\u0103 decizia de vineri a Cur\u021bii Constitu\u021bionale cu privire la anularea amendamentelor \u00een Legea Suprem\u0103 din 5 iulie 2000 drept o abera\u021bie. Fiind deputat \u00een anul 2000, Tulbure  a precizat  c\u0103 modificarea articolului 78 din Constitu\u021bie a fost votat\u0103 de o majoritate parlamentar\u0103 constitu\u021bional\u0103. El amai ad\u0103ugat c\u0103 urm\u0103toare decizie care ar putea fi luat\u0103 de magistra\u021bii Cur\u021bii, va fi anularea Declara\u021biei de Independen\u021b\u0103 a Republicii Moldova. <\/strong><\/p>\n<p>Chiar dac\u0103 decizia Cur\u021bii Constitu\u021bionale  a fost salutat\u0103 de unele forma\u021biuni politice parlamentare \u0219i extraparlamentare, aceasta a st\u00e2rnit nemul\u021bumirea liderului Partidului Nostru, Renato Ust\u00eei. El a scris pe pagina sa de Facebook c\u0103 partidul pe care \u00eel conduce a fost scos \u00eenc\u0103 o data din cursa electoral\u0103. Prin decizia de a reveni la normele constitu\u021bionale p\u00e2n\u0103 la anul 2000, magistra\u021bii au l\u0103sat neschimbat doar punctul cu privire la v\u00e2rsta candidatului. \u00cen prezenta modoficare Pre\u015fedintele Republicii Moldova poate fi ales doar cet\u0103\u021benul cu drept de vot care are 40 de ani \u00eemplini\u0163i. Paradoxal, dar \u00een vechea redac\u021bie Pre\u0219edinte putea deveni persoana care a \u00eemplinit 35 de ani.<\/p>\n<p>Exper\u021bii \u00een drept constitu\u021bional spun c\u0103 decizia magistra\u021bilor Cur\u021bii Constitu\u021bionale cu privire la alegerea \u0219efului statului de c\u0103tre popor nu contravine legii supreme.<\/p>\n<p>Constitu\u021bia va fi republicat\u0103 \u00een Monitorul Oficial \u00een redac\u021bia final\u0103. Totodat\u0103, Parlamentul urmez\u0103 s\u0103 adopte legisla\u021bia privind alegerea pre\u0219edintelui prin  vot universal, egal, direct, secret \u0219i liber exprimat.<\/p>\n","protected":false},"excerpt":{"rendered":"<p>Analistul politic, Alexei Tulbure consider\u0103 decizia de vineri a Cur\u021bii Constitu\u021bionale cu privire la anularea amendamentelor \u00een Legea Suprem\u0103 din 5 iulie 2000 drept o abera\u021bie. Fiind deputat \u00een anul 2000, Tulbure a precizat c\u0103 modificarea articolului 78 din Constitu\u021bie a fost votat\u0103 de o majoritate parlamentar\u0103 constitu\u021bional\u0103. El amai ad\u0103ugat c\u0103 urm\u0103toare decizie care [&hellip;]<\/p>\n","protected":false},"author":4,"featured_media":8352,"comment_status":"closed","ping_status":"closed","sticky":false,"template":"","format":"standard","meta":{"footnotes":""},"categories":[6368],"tags":[],"class_list":["post-8351","post","type-post","status-publish","format-standard","has-post-thumbnail","hentry","category-politica-ro"],"yoast_head":"<!-- This site is optimized with the Yoast SEO plugin v27.4 - https:\/\/yoast.com\/product\/yoast-seo-wordpress\/ -->\n<title>ALEXEI TULBURE: DATA VIITOARE CC VA ANULA DECLARA\u021aIA DE INDEPENDEN\u021a\u0102 - BTV<\/title>\n<meta name=\"robots\" content=\"index, follow, max-snippet:-1, max-image-preview:large, max-video-preview:-1\" \/>\n<link rel=\"canonical\" href=\"https:\/\/www.btv.md\/ro\/alexei-tulbure-data-viitoare-cc-va-anula-declaratia-de-independenta\/\" \/>\n<meta property=\"og:locale\" content=\"ro_RO\" \/>\n<meta property=\"og:type\" content=\"article\" \/>\n<meta property=\"og:title\" content=\"ALEXEI TULBURE: DATA VIITOARE CC VA ANULA DECLARA\u021aIA DE INDEPENDEN\u021a\u0102 - BTV\" \/>\n<meta property=\"og:description\" content=\"Analistul politic, Alexei Tulbure consider\u0103 decizia de vineri a Cur\u021bii Constitu\u021bionale cu privire la anularea amendamentelor \u00een Legea Suprem\u0103 din 5 iulie 2000 drept o abera\u021bie. Fiind deputat \u00een anul 2000, Tulbure a precizat c\u0103 modificarea articolului 78 din Constitu\u021bie a fost votat\u0103 de o majoritate parlamentar\u0103 constitu\u021bional\u0103. El amai ad\u0103ugat c\u0103 urm\u0103toare decizie care [&hellip;]\" \/>\n<meta property=\"og:url\" content=\"https:\/\/www.btv.md\/ro\/alexei-tulbure-data-viitoare-cc-va-anula-declaratia-de-independenta\/\" \/>\n<meta property=\"og:site_name\" content=\"BTV\" \/>\n<meta property=\"article:publisher\" content=\"https:\/\/www.facebook.com\/btvmoldova\/\" \/>\n<meta property=\"article:published_time\" content=\"2016-03-04T17:58:49+00:00\" \/>\n<meta property=\"og:image\" content=\"https:\/\/www.btv.md\/wp-content\/uploads\/2016\/03\/articles.37612.m.jpg\" \/>\n\t<meta property=\"og:image:width\" content=\"543\" \/>\n\t<meta property=\"og:image:height\" content=\"354\" \/>\n\t<meta property=\"og:image:type\" content=\"image\/jpeg\" \/>\n<meta name=\"author\" content=\"admin\" \/>\n<meta name=\"twitter:label1\" content=\"Scris de\" \/>\n\t<meta name=\"twitter:data1\" content=\"admin\" \/>\n\t<meta name=\"twitter:label2\" content=\"Timp estimat pentru citire\" \/>\n\t<meta name=\"twitter:data2\" content=\"1 minut\" \/>\n<script type=\"application\/ld+json\" class=\"yoast-schema-graph\">{\"@context\":\"https:\\\/\\\/schema.org\",\"@graph\":[{\"@type\":\"Article\",\"@id\":\"https:\\\/\\\/www.btv.md\\\/ro\\\/alexei-tulbure-data-viitoare-cc-va-anula-declaratia-de-independenta\\\/#article\",\"isPartOf\":{\"@id\":\"https:\\\/\\\/www.btv.md\\\/ro\\\/alexei-tulbure-data-viitoare-cc-va-anula-declaratia-de-independenta\\\/\"},\"author\":{\"name\":\"admin\",\"@id\":\"https:\\\/\\\/www.btv.md\\\/#\\\/schema\\\/person\\\/8fadce81561b3ce2c34c46dadc4ccbf2\"},\"headline\":\"ALEXEI TULBURE: DATA VIITOARE CC VA ANULA DECLARA\u021aIA DE INDEPENDEN\u021a\u0102\",\"datePublished\":\"2016-03-04T17:58:49+00:00\",\"mainEntityOfPage\":{\"@id\":\"https:\\\/\\\/www.btv.md\\\/ro\\\/alexei-tulbure-data-viitoare-cc-va-anula-declaratia-de-independenta\\\/\"},\"wordCount\":268,\"image\":{\"@id\":\"https:\\\/\\\/www.btv.md\\\/ro\\\/alexei-tulbure-data-viitoare-cc-va-anula-declaratia-de-independenta\\\/#primaryimage\"},\"thumbnailUrl\":\"https:\\\/\\\/www.btv.md\\\/wp-content\\\/uploads\\\/2016\\\/03\\\/articles.37612.m.jpg\",\"articleSection\":[\"Politic\u0103\"],\"inLanguage\":\"ro-RO\"},{\"@type\":\"WebPage\",\"@id\":\"https:\\\/\\\/www.btv.md\\\/ro\\\/alexei-tulbure-data-viitoare-cc-va-anula-declaratia-de-independenta\\\/\",\"url\":\"https:\\\/\\\/www.btv.md\\\/ro\\\/alexei-tulbure-data-viitoare-cc-va-anula-declaratia-de-independenta\\\/\",\"name\":\"ALEXEI TULBURE: DATA VIITOARE CC VA ANULA DECLARA\u021aIA DE INDEPENDEN\u021a\u0102 - BTV\",\"isPartOf\":{\"@id\":\"https:\\\/\\\/www.btv.md\\\/#website\"},\"primaryImageOfPage\":{\"@id\":\"https:\\\/\\\/www.btv.md\\\/ro\\\/alexei-tulbure-data-viitoare-cc-va-anula-declaratia-de-independenta\\\/#primaryimage\"},\"image\":{\"@id\":\"https:\\\/\\\/www.btv.md\\\/ro\\\/alexei-tulbure-data-viitoare-cc-va-anula-declaratia-de-independenta\\\/#primaryimage\"},\"thumbnailUrl\":\"https:\\\/\\\/www.btv.md\\\/wp-content\\\/uploads\\\/2016\\\/03\\\/articles.37612.m.jpg\",\"datePublished\":\"2016-03-04T17:58:49+00:00\",\"author\":{\"@id\":\"https:\\\/\\\/www.btv.md\\\/#\\\/schema\\\/person\\\/8fadce81561b3ce2c34c46dadc4ccbf2\"},\"inLanguage\":\"ro-RO\",\"potentialAction\":[{\"@type\":\"ReadAction\",\"target\":[\"https:\\\/\\\/www.btv.md\\\/ro\\\/alexei-tulbure-data-viitoare-cc-va-anula-declaratia-de-independenta\\\/\"]}]},{\"@type\":\"ImageObject\",\"inLanguage\":\"ro-RO\",\"@id\":\"https:\\\/\\\/www.btv.md\\\/ro\\\/alexei-tulbure-data-viitoare-cc-va-anula-declaratia-de-independenta\\\/#primaryimage\",\"url\":\"https:\\\/\\\/www.btv.md\\\/wp-content\\\/uploads\\\/2016\\\/03\\\/articles.37612.m.jpg\",\"contentUrl\":\"https:\\\/\\\/www.btv.md\\\/wp-content\\\/uploads\\\/2016\\\/03\\\/articles.37612.m.jpg\",\"width\":543,\"height\":354},{\"@type\":\"WebSite\",\"@id\":\"https:\\\/\\\/www.btv.md\\\/#website\",\"url\":\"https:\\\/\\\/www.btv.md\\\/\",\"name\":\"BTV\",\"description\":\"\u0411\u0435\u043b\u044c\u0446\u043a\u043e\u0435 \u0442\u0435\u043b\u0435\u0432\u0438\u0434\u0435\u043d\u0438\u0435\",\"potentialAction\":[{\"@type\":\"SearchAction\",\"target\":{\"@type\":\"EntryPoint\",\"urlTemplate\":\"https:\\\/\\\/www.btv.md\\\/?s={search_term_string}\"},\"query-input\":{\"@type\":\"PropertyValueSpecification\",\"valueRequired\":true,\"valueName\":\"search_term_string\"}}],\"inLanguage\":\"ro-RO\"},{\"@type\":\"Person\",\"@id\":\"https:\\\/\\\/www.btv.md\\\/#\\\/schema\\\/person\\\/8fadce81561b3ce2c34c46dadc4ccbf2\",\"name\":\"admin\"}]}<\/script>\n<!-- \/ Yoast SEO plugin. -->","yoast_head_json":{"title":"ALEXEI TULBURE: DATA VIITOARE CC VA ANULA DECLARA\u021aIA DE INDEPENDEN\u021a\u0102 - BTV","robots":{"index":"index","follow":"follow","max-snippet":"max-snippet:-1","max-image-preview":"max-image-preview:large","max-video-preview":"max-video-preview:-1"},"canonical":"https:\/\/www.btv.md\/ro\/alexei-tulbure-data-viitoare-cc-va-anula-declaratia-de-independenta\/","og_locale":"ro_RO","og_type":"article","og_title":"ALEXEI TULBURE: DATA VIITOARE CC VA ANULA DECLARA\u021aIA DE INDEPENDEN\u021a\u0102 - BTV","og_description":"Analistul politic, Alexei Tulbure consider\u0103 decizia de vineri a Cur\u021bii Constitu\u021bionale cu privire la anularea amendamentelor \u00een Legea Suprem\u0103 din 5 iulie 2000 drept o abera\u021bie. Fiind deputat \u00een anul 2000, Tulbure a precizat c\u0103 modificarea articolului 78 din Constitu\u021bie a fost votat\u0103 de o majoritate parlamentar\u0103 constitu\u021bional\u0103. El amai ad\u0103ugat c\u0103 urm\u0103toare decizie care [&hellip;]","og_url":"https:\/\/www.btv.md\/ro\/alexei-tulbure-data-viitoare-cc-va-anula-declaratia-de-independenta\/","og_site_name":"BTV","article_publisher":"https:\/\/www.facebook.com\/btvmoldova\/","article_published_time":"2016-03-04T17:58:49+00:00","og_image":[{"width":543,"height":354,"url":"https:\/\/www.btv.md\/wp-content\/uploads\/2016\/03\/articles.37612.m.jpg","type":"image\/jpeg"}],"author":"admin","twitter_misc":{"Scris de":"admin","Timp estimat pentru citire":"1 minut"},"schema":{"@context":"https:\/\/schema.org","@graph":[{"@type":"Article","@id":"https:\/\/www.btv.md\/ro\/alexei-tulbure-data-viitoare-cc-va-anula-declaratia-de-independenta\/#article","isPartOf":{"@id":"https:\/\/www.btv.md\/ro\/alexei-tulbure-data-viitoare-cc-va-anula-declaratia-de-independenta\/"},"author":{"name":"admin","@id":"https:\/\/www.btv.md\/#\/schema\/person\/8fadce81561b3ce2c34c46dadc4ccbf2"},"headline":"ALEXEI TULBURE: DATA VIITOARE CC VA ANULA DECLARA\u021aIA DE INDEPENDEN\u021a\u0102","datePublished":"2016-03-04T17:58:49+00:00","mainEntityOfPage":{"@id":"https:\/\/www.btv.md\/ro\/alexei-tulbure-data-viitoare-cc-va-anula-declaratia-de-independenta\/"},"wordCount":268,"image":{"@id":"https:\/\/www.btv.md\/ro\/alexei-tulbure-data-viitoare-cc-va-anula-declaratia-de-independenta\/#primaryimage"},"thumbnailUrl":"https:\/\/www.btv.md\/wp-content\/uploads\/2016\/03\/articles.37612.m.jpg","articleSection":["Politic\u0103"],"inLanguage":"ro-RO"},{"@type":"WebPage","@id":"https:\/\/www.btv.md\/ro\/alexei-tulbure-data-viitoare-cc-va-anula-declaratia-de-independenta\/","url":"https:\/\/www.btv.md\/ro\/alexei-tulbure-data-viitoare-cc-va-anula-declaratia-de-independenta\/","name":"ALEXEI TULBURE: DATA VIITOARE CC VA ANULA DECLARA\u021aIA DE INDEPENDEN\u021a\u0102 - BTV","isPartOf":{"@id":"https:\/\/www.btv.md\/#website"},"primaryImageOfPage":{"@id":"https:\/\/www.btv.md\/ro\/alexei-tulbure-data-viitoare-cc-va-anula-declaratia-de-independenta\/#primaryimage"},"image":{"@id":"https:\/\/www.btv.md\/ro\/alexei-tulbure-data-viitoare-cc-va-anula-declaratia-de-independenta\/#primaryimage"},"thumbnailUrl":"https:\/\/www.btv.md\/wp-content\/uploads\/2016\/03\/articles.37612.m.jpg","datePublished":"2016-03-04T17:58:49+00:00","author":{"@id":"https:\/\/www.btv.md\/#\/schema\/person\/8fadce81561b3ce2c34c46dadc4ccbf2"},"inLanguage":"ro-RO","potentialAction":[{"@type":"ReadAction","target":["https:\/\/www.btv.md\/ro\/alexei-tulbure-data-viitoare-cc-va-anula-declaratia-de-independenta\/"]}]},{"@type":"ImageObject","inLanguage":"ro-RO","@id":"https:\/\/www.btv.md\/ro\/alexei-tulbure-data-viitoare-cc-va-anula-declaratia-de-independenta\/#primaryimage","url":"https:\/\/www.btv.md\/wp-content\/uploads\/2016\/03\/articles.37612.m.jpg","contentUrl":"https:\/\/www.btv.md\/wp-content\/uploads\/2016\/03\/articles.37612.m.jpg","width":543,"height":354},{"@type":"WebSite","@id":"https:\/\/www.btv.md\/#website","url":"https:\/\/www.btv.md\/","name":"BTV","description":"\u0411\u0435\u043b\u044c\u0446\u043a\u043e\u0435 \u0442\u0435\u043b\u0435\u0432\u0438\u0434\u0435\u043d\u0438\u0435","potentialAction":[{"@type":"SearchAction","target":{"@type":"EntryPoint","urlTemplate":"https:\/\/www.btv.md\/?s={search_term_string}"},"query-input":{"@type":"PropertyValueSpecification","valueRequired":true,"valueName":"search_term_string"}}],"inLanguage":"ro-RO"},{"@type":"Person","@id":"https:\/\/www.btv.md\/#\/schema\/person\/8fadce81561b3ce2c34c46dadc4ccbf2","name":"admin"}]}},"_links":{"self":[{"href":"https:\/\/www.btv.md\/ro\/wp-json\/wp\/v2\/posts\/8351","targetHints":{"allow":["GET"]}}],"collection":[{"href":"https:\/\/www.btv.md\/ro\/wp-json\/wp\/v2\/posts"}],"about":[{"href":"https:\/\/www.btv.md\/ro\/wp-json\/wp\/v2\/types\/post"}],"author":[{"embeddable":true,"href":"https:\/\/www.btv.md\/ro\/wp-json\/wp\/v2\/users\/4"}],"replies":[{"embeddable":true,"href":"https:\/\/www.btv.md\/ro\/wp-json\/wp\/v2\/comments?post=8351"}],"version-history":[{"count":0,"href":"https:\/\/www.btv.md\/ro\/wp-json\/wp\/v2\/posts\/8351\/revisions"}],"wp:featuredmedia":[{"embeddable":true,"href":"https:\/\/www.btv.md\/ro\/wp-json\/wp\/v2\/media\/8352"}],"wp:attachment":[{"href":"https:\/\/www.btv.md\/ro\/wp-json\/wp\/v2\/media?parent=8351"}],"wp:term":[{"taxonomy":"category","embeddable":true,"href":"https:\/\/www.btv.md\/ro\/wp-json\/wp\/v2\/categories?post=8351"},{"taxonomy":"post_tag","embeddable":true,"href":"https:\/\/www.btv.md\/ro\/wp-json\/wp\/v2\/tags?post=8351"}],"curies":[{"name":"wp","href":"https:\/\/api.w.org\/{rel}","templated":true}]}}