{"id":8417,"date":"2016-03-07T13:27:23","date_gmt":"2016-03-07T10:27:23","guid":{"rendered":"http:\/\/btv.md\/?p=8417"},"modified":"2016-03-07T13:27:23","modified_gmt":"2016-03-07T10:27:23","slug":"despre-pilotul-sinucigas-din-italia-si-expozitia-auto-de-la-moscova","status":"publish","type":"post","link":"https:\/\/www.btv.md\/ro\/despre-pilotul-sinucigas-din-italia-si-expozitia-auto-de-la-moscova\/","title":{"rendered":"Despre pilotul sinuciga\u0219 din Italia \u0219i expozi\u021bia auto de la Moscova"},"content":{"rendered":"<p><strong>Postul de televiziune BTV v\u0103 propune spre vizionare cele mai importante evenimente ale zilei trecute, reflectate \u00een presa interna\u021bional\u0103.<\/strong><\/p>\n<p><strong>Un pilot italian care urma s\u0103 efectueze o curs\u0103 aerian\u0103 intercontinental\u0103 a fost suspendat c\u00e2teva luni dup\u0103 ce \u015fi-a amenin\u0163at so\u0163ia c\u0103, dac\u0103 \u00eel va p\u0103r\u0103si, va pr\u0103bu\u015fi \u00een ocean avionul cu sute de pasageri.<\/strong><\/p>\n<p>Pilotul din ora\u015ful italian Padova, angajat al unei companii care efectua zboruri intercontinentale, i-a trimis so\u0163iei, dup\u0103 o ceart\u0103, urm\u0103torul mesaj telefonic: &#8222;<em>M\u0103 pr\u0103bu\u015fesc \u00een ocean cu 200 de pasageri<\/em>&#8222;.<\/p>\n<p>So\u0163ia s-a adresat imediat autorit\u0103\u0163ilor italiene, iar pilotul a fost ridicat din cabina avionului, cu c\u00e2teva minute \u00eenainte de a decola.<\/p>\n<p>\u00cen momentul incidentului, b\u0103rbatul urma s\u0103 efectueze o curs\u0103 din ora\u015ful italian Roma spre Japonia.<\/p>\n<p>Conform ziarului Il Messaggero, pilotul a fost suspendat, \u00een a\u015fteptarea unor teste psihologice.<\/p>\n<p>\u00cen martie 2015, un avion al companiei Germanwings s-a pr\u0103bu\u015fit \u00een Alpii Francezi, incident soldat cu 150 de mor\u0163i. Anchetatorii au stabilit c\u0103 unul dintre pilo\u0163i, care suferea de depresie, a pr\u0103bu\u015fit inten\u0163ionat avionul.<\/p>\n<p>mediafax.ro<\/p>\n<p><strong>Prim-ministrul grec Alexis Tsipras a cerut din nou duminic\u0103 transferul &#8222;urgent&#8221; al miilor de migran\u021bi \u00een alte \u021b\u0103ri ale UE, \u00een ajunul unui summit extraordinar UE-Turcia la Bruxelles, informeaz\u0103 AFP.<\/strong><\/p>\n<p>&#8222;<em>Lansarea imediat\u0103 a unei proceduri fiabile ce permite transferul migran\u021bilor din \u021bara noastr\u0103 \u00een alte state UE este o urgen\u021b\u0103 absolut\u0103&#8221;, a pledat Tsipras \u00een fa\u021ba cadrelor partidului s\u0103u SYRIZA (st\u00e2nga radical\u0103). &#8222;Aceasta vom \u00eencerca s\u0103 ob\u021binem luni la Bruxelles<\/em>&#8222;, a ad\u0103ugat el. <\/p>\n<p>Zeci de mii de migran\u021bi sunt bloca\u021bi \u00een Grecia \u00een condi\u021bii mizere din cauza restric\u021biilor impuse de mai multe \u021b\u0103ri din Balcani, dintre care Macedonia vecin\u0103, aminte\u0219te France Presse. <\/p>\n<p>&#8222;<em>Aproape 30.000 de migran\u021bi<\/em>&#8221; sunt bloca\u021bi \u00een \u021bar\u0103, a amintit Tsipras, critic\u00e2nd \u021b\u0103rile europene care nu au pus \u00een aplicare directivele UE. <\/p>\n<p>&#8222;<em>Vom continua s\u0103 d\u0103m din pu\u021binul pe care \u00eel avem acestor oameni v\u00e2na\u021bi \u0219i persecuta\u021bi afla\u021bi \u00een nevoie&#8230; Dar este evident c\u0103 o \u021bar\u0103 mic\u0103 cum este Grecia nu poate suporta povara \u00eentregii Europe \u00een aceast\u0103 criz\u0103<\/em>&#8222;, a ad\u0103ugat el. <\/p>\n<p>Macedonia a redus s\u0103pt\u0103m\u00e2na trecut\u0103 num\u0103rul intr\u0103rilor de migran\u021bi pe teritoriul ei \u0219i nu a mai acceptat duminic\u0103 dec\u00e2t o sut\u0103, mai aminte\u0219te AFP. <\/p>\n<p>O surs\u0103 din poli\u021bia greac\u0103 la frontier\u0103 a precizat c\u0103 Skopje nu permite dec\u00e2t trecerea sirienilor \u0219i irakienilor veni\u021bi din zonele direct afectate de r\u0103zboi. <\/p>\n<p>agerpres.ro<\/p>\n<p><strong>Pre\u0219edintele ceh sugereaz\u0103 Greciei s\u0103 p\u0103streze migran\u021bii pentru a-\u0219i pl\u0103ti astfel imensa datorie extern\u0103.<\/strong><\/p>\n<p>Grecia \u0219i-ar putea pl\u0103ti imensa datorie fa\u021b\u0103 de creditorii interna\u021bionali amenaj\u00e2nd \u00een insulele din Marea Egee tabere unde s\u0103 g\u0103zduiasc\u0103 permanent refugia\u021bii care doresc s\u0103 ajung\u0103 \u00een vestul Europei, a sugerat duminic\u0103 pre\u0219edintele ceh, Milos Zeman, transmite agen\u021bia Reuters.<\/p>\n<p>El a declarat, \u00een timpul unui interviu televizat, c\u0103 aceast\u0103 idee a venit din partea unuia dintre consilierii s\u0103i. Zeman a apreciat-o drept \u201d<em>o idee original\u0103 prin care s-ar \u00eempu\u0219ca doi iepuri dintr-un foc<\/em>\u201d. Pe de o parte, Uniunea European\u0103 ar opri valul de refugia\u021bi, iar pe de alt\u0103 parte s-ar rezolva \u0219i problema datoriei externe a Greciei, care oricum nu va putea fi pl\u0103tit\u0103 vreodat\u0103, a apreciat \u0219eful statului ceh. <\/p>\n<p>Pre\u0219edintele Zeman se remarc\u0103 adesea prin declara\u021bii ce ies din tiparul func\u021biei. De exemplu, \u00een luna decembrie el a calificat drept \u201dtribut\u201d ajutorul financiar promis de UE Turciei pentru ca aceasta din urm\u0103 s\u0103 opreasc\u0103 migran\u021bii, f\u0103c\u00e2nd \u0219i o paralel\u0103 \u00eentre situa\u021bia actual\u0103 a blocului comunitar \u0219i declinul Imperiului Roman. \u201d<em>Dac\u0103 a\u021bi \u00eenv\u0103\u021bat istoria, \u0219ti\u021bi cum a sf\u00e2r\u0219it Imperiul Roman. Tributul nu l-a salvat<\/em>\u201d, a spus atunci pre\u0219edintele ceh. <\/p>\n<p>agerpres.ro<\/p>\n<p><strong>Moscova se preg\u0103te\u015fte s\u0103 aplice cea mai mare reducere a bugetului Ap\u0103r\u0103rii din era Putin, \u00een condi\u0163iile problemelor economice pe care le traverseaz\u0103 Rusia, anun\u0163\u0103 agen\u0163ia de stat RIA, citat\u0103 de Reuters.<\/strong><\/p>\n<p>Ministrul-adjunct al Ap\u0103r\u0103rii din Rusia, Tatiana Shevtsova, a anun\u0163at duminic\u0103 c\u0103 bugetul ministerului va fi redus cu 5% \u00een 2016, ceea ce ar reprezenta cea mai mare t\u0103iere de la instaurarea lui Vladimir Putin \u00een func\u0163ia de pre\u015fedinte al \u0163\u0103rii, \u00een anul 2000. M\u0103sura va trebui aprobat\u0103 de pre\u015fedintele rus, \u00eens\u0103 este probabil\u0103 \u00een condi\u0163iile \u00een care Ministerul Finan\u0163elor a cerut o reducere a cheltuielilor cu 10% la nivelul ministerelor. <\/p>\n<p>Reducerea ar \u00eensemna \u015fi o stagnare a planului de modernizare a armatei ruse anun\u0163at de Putin \u00een 2011, atunci c\u00e2nd era prim-ministru, care vizeaz\u0103 cheltuirea a 23 de miliarde de ruble pentru procurarea de echipament \u015fi tehnic\u0103 militar\u0103 nou\u0103 p\u00e2n\u0103 \u00een 2020. <\/p>\n<p>Economia Rusiei s-a contractat cu 3,7% \u00een 2015 pe fondul sanc\u0163iunilor impuse de Occident \u00een urma anex\u0103rii Crimeei \u00een 2014 \u015fi a sc\u0103derii dramatice a pre\u0163ului petrolului, iar o alt\u0103 sc\u0103dere de 1% este preconizat\u0103 pentru anul 2016. \u00cen 2015, Rusia a avut un buget al Ap\u0103r\u0103rii echivalent sumei de aproximativ 81 de miliarde de dolari.<\/p>\n<p>adevarul.ro<\/p>\n<p><strong>Sf\u00e2r\u015fit teribil pentru o femeie din China, care a r\u0103mas blocat\u0103 \u00eentr-un lift timp de o lun\u0103.<\/strong><\/p>\n<p>Totul a \u00eenceput pe 30 ianuarie, atunci c\u00e2nd \u00een blocul femeii a fost o pan\u0103 de curent. Liftul s-a blocat, iar electricienii l-au deconectat, f\u0103r\u0103 s\u0103 verifice dac\u0103 e cineva \u00een\u0103untru. R\u0103mas\u0103 captiv\u0103, f\u0103r\u0103 ap\u0103 \u015fi f\u0103r\u0103 m\u00e2ncare, femeia nu a mai reu\u015fit s\u0103 ias\u0103. Locuia singur\u0103, a\u015fa c\u0103 nimeni nu i-a anun\u0163at dispari\u0163ia.<\/p>\n<p>Cadavrul ei a fost g\u0103sit de al\u0163i electricieni, care s-au \u00eentors abia dup\u0103 o lun\u0103 s\u0103 repare liftul. Cel mai probabil, muncitorii care au deconectat ascensorul vor fi acuza\u0163i de omor prin impruden\u0163\u0103.<\/p>\n<p>digi24.ro<\/p>\n<p><strong>Expozi\u0163ie auto, \u00eentr-un parc din Moscova. <\/strong><\/p>\n<p>Timp de cinci zile, pasiona\u0163ii de ma\u015fini pot admira de la limuzina \u021barului Nicolae al II-lea p\u00e2n\u0103 la cea contemporan\u0103 a pre\u015fedintelui Vladimir Putin. Mai sunt \u015fi limuzinele blindate folosite de Iosif Stalin \u015fi Leonid Brejnev. Toate au fost scoase pentru expozi\u0163ie din garajul Kremlinului.  <\/p>\n<p>digi24.ro<\/p>\n<p><iframe width=\"420\" height=\"315\" data-src=\"https:\/\/www.youtube.com\/embed\/1O__o0XOG6Y\" frameborder=\"0\" allowfullscreen src=\"data:image\/svg+xml;base64,PHN2ZyB3aWR0aD0iMSIgaGVpZ2h0PSIxIiB4bWxucz0iaHR0cDovL3d3dy53My5vcmcvMjAwMC9zdmciPjwvc3ZnPg==\" class=\"lazyload\" data-load-mode=\"1\"><\/iframe><\/p>\n","protected":false},"excerpt":{"rendered":"<p>Postul de televiziune BTV v\u0103 propune spre vizionare cele mai importante evenimente ale zilei trecute, reflectate \u00een presa interna\u021bional\u0103. Un pilot italian care urma s\u0103 efectueze o curs\u0103 aerian\u0103 intercontinental\u0103 a fost suspendat c\u00e2teva luni dup\u0103 ce \u015fi-a amenin\u0163at so\u0163ia c\u0103, dac\u0103 \u00eel va p\u0103r\u0103si, va pr\u0103bu\u015fi \u00een ocean avionul cu sute de pasageri. Pilotul [&hellip;]<\/p>\n","protected":false},"author":4,"featured_media":8418,"comment_status":"closed","ping_status":"closed","sticky":false,"template":"","format":"standard","meta":{"footnotes":""},"categories":[6354],"tags":[],"class_list":["post-8417","post","type-post","status-publish","format-standard","has-post-thumbnail","hentry","category-externe-ro"],"yoast_head":"<!-- This site is optimized with the Yoast SEO plugin v27.4 - https:\/\/yoast.com\/product\/yoast-seo-wordpress\/ -->\n<title>Despre pilotul sinuciga\u0219 din Italia \u0219i expozi\u021bia auto de la Moscova - BTV<\/title>\n<meta name=\"robots\" content=\"index, follow, max-snippet:-1, max-image-preview:large, max-video-preview:-1\" \/>\n<link rel=\"canonical\" href=\"https:\/\/www.btv.md\/ro\/despre-pilotul-sinucigas-din-italia-si-expozitia-auto-de-la-moscova\/\" \/>\n<meta property=\"og:locale\" content=\"ro_RO\" \/>\n<meta property=\"og:type\" content=\"article\" \/>\n<meta property=\"og:title\" content=\"Despre pilotul sinuciga\u0219 din Italia \u0219i expozi\u021bia auto de la Moscova - BTV\" \/>\n<meta property=\"og:description\" content=\"Postul de televiziune BTV v\u0103 propune spre vizionare cele mai importante evenimente ale zilei trecute, reflectate \u00een presa interna\u021bional\u0103. Un pilot italian care urma s\u0103 efectueze o curs\u0103 aerian\u0103 intercontinental\u0103 a fost suspendat c\u00e2teva luni dup\u0103 ce \u015fi-a amenin\u0163at so\u0163ia c\u0103, dac\u0103 \u00eel va p\u0103r\u0103si, va pr\u0103bu\u015fi \u00een ocean avionul cu sute de pasageri. Pilotul [&hellip;]\" \/>\n<meta property=\"og:url\" content=\"https:\/\/www.btv.md\/ro\/despre-pilotul-sinucigas-din-italia-si-expozitia-auto-de-la-moscova\/\" \/>\n<meta property=\"og:site_name\" content=\"BTV\" \/>\n<meta property=\"article:publisher\" content=\"https:\/\/www.facebook.com\/btvmoldova\/\" \/>\n<meta property=\"article:published_time\" content=\"2016-03-07T10:27:23+00:00\" \/>\n<meta property=\"og:image\" content=\"https:\/\/www.btv.md\/wp-content\/uploads\/2016\/03\/lim5.jpg\" \/>\n\t<meta property=\"og:image:width\" content=\"720\" \/>\n\t<meta property=\"og:image:height\" content=\"480\" \/>\n\t<meta property=\"og:image:type\" content=\"image\/jpeg\" \/>\n<meta name=\"author\" content=\"admin\" \/>\n<meta name=\"twitter:label1\" content=\"Scris de\" \/>\n\t<meta name=\"twitter:data1\" content=\"admin\" \/>\n\t<meta name=\"twitter:label2\" content=\"Timp estimat pentru citire\" \/>\n\t<meta name=\"twitter:data2\" content=\"5 minute\" \/>\n<script type=\"application\/ld+json\" class=\"yoast-schema-graph\">{\"@context\":\"https:\\\/\\\/schema.org\",\"@graph\":[{\"@type\":\"Article\",\"@id\":\"https:\\\/\\\/www.btv.md\\\/ro\\\/despre-pilotul-sinucigas-din-italia-si-expozitia-auto-de-la-moscova\\\/#article\",\"isPartOf\":{\"@id\":\"https:\\\/\\\/www.btv.md\\\/ro\\\/despre-pilotul-sinucigas-din-italia-si-expozitia-auto-de-la-moscova\\\/\"},\"author\":{\"name\":\"admin\",\"@id\":\"https:\\\/\\\/www.btv.md\\\/#\\\/schema\\\/person\\\/8fadce81561b3ce2c34c46dadc4ccbf2\"},\"headline\":\"Despre pilotul sinuciga\u0219 din Italia \u0219i expozi\u021bia auto de la Moscova\",\"datePublished\":\"2016-03-07T10:27:23+00:00\",\"mainEntityOfPage\":{\"@id\":\"https:\\\/\\\/www.btv.md\\\/ro\\\/despre-pilotul-sinucigas-din-italia-si-expozitia-auto-de-la-moscova\\\/\"},\"wordCount\":1071,\"image\":{\"@id\":\"https:\\\/\\\/www.btv.md\\\/ro\\\/despre-pilotul-sinucigas-din-italia-si-expozitia-auto-de-la-moscova\\\/#primaryimage\"},\"thumbnailUrl\":\"https:\\\/\\\/www.btv.md\\\/wp-content\\\/uploads\\\/2016\\\/03\\\/lim5.jpg\",\"articleSection\":[\"Externe\"],\"inLanguage\":\"ro-RO\"},{\"@type\":\"WebPage\",\"@id\":\"https:\\\/\\\/www.btv.md\\\/ro\\\/despre-pilotul-sinucigas-din-italia-si-expozitia-auto-de-la-moscova\\\/\",\"url\":\"https:\\\/\\\/www.btv.md\\\/ro\\\/despre-pilotul-sinucigas-din-italia-si-expozitia-auto-de-la-moscova\\\/\",\"name\":\"Despre pilotul sinuciga\u0219 din Italia \u0219i expozi\u021bia auto de la Moscova - BTV\",\"isPartOf\":{\"@id\":\"https:\\\/\\\/www.btv.md\\\/#website\"},\"primaryImageOfPage\":{\"@id\":\"https:\\\/\\\/www.btv.md\\\/ro\\\/despre-pilotul-sinucigas-din-italia-si-expozitia-auto-de-la-moscova\\\/#primaryimage\"},\"image\":{\"@id\":\"https:\\\/\\\/www.btv.md\\\/ro\\\/despre-pilotul-sinucigas-din-italia-si-expozitia-auto-de-la-moscova\\\/#primaryimage\"},\"thumbnailUrl\":\"https:\\\/\\\/www.btv.md\\\/wp-content\\\/uploads\\\/2016\\\/03\\\/lim5.jpg\",\"datePublished\":\"2016-03-07T10:27:23+00:00\",\"author\":{\"@id\":\"https:\\\/\\\/www.btv.md\\\/#\\\/schema\\\/person\\\/8fadce81561b3ce2c34c46dadc4ccbf2\"},\"inLanguage\":\"ro-RO\",\"potentialAction\":[{\"@type\":\"ReadAction\",\"target\":[\"https:\\\/\\\/www.btv.md\\\/ro\\\/despre-pilotul-sinucigas-din-italia-si-expozitia-auto-de-la-moscova\\\/\"]}]},{\"@type\":\"ImageObject\",\"inLanguage\":\"ro-RO\",\"@id\":\"https:\\\/\\\/www.btv.md\\\/ro\\\/despre-pilotul-sinucigas-din-italia-si-expozitia-auto-de-la-moscova\\\/#primaryimage\",\"url\":\"https:\\\/\\\/www.btv.md\\\/wp-content\\\/uploads\\\/2016\\\/03\\\/lim5.jpg\",\"contentUrl\":\"https:\\\/\\\/www.btv.md\\\/wp-content\\\/uploads\\\/2016\\\/03\\\/lim5.jpg\",\"width\":720,\"height\":480},{\"@type\":\"WebSite\",\"@id\":\"https:\\\/\\\/www.btv.md\\\/#website\",\"url\":\"https:\\\/\\\/www.btv.md\\\/\",\"name\":\"BTV\",\"description\":\"\u0411\u0435\u043b\u044c\u0446\u043a\u043e\u0435 \u0442\u0435\u043b\u0435\u0432\u0438\u0434\u0435\u043d\u0438\u0435\",\"potentialAction\":[{\"@type\":\"SearchAction\",\"target\":{\"@type\":\"EntryPoint\",\"urlTemplate\":\"https:\\\/\\\/www.btv.md\\\/?s={search_term_string}\"},\"query-input\":{\"@type\":\"PropertyValueSpecification\",\"valueRequired\":true,\"valueName\":\"search_term_string\"}}],\"inLanguage\":\"ro-RO\"},{\"@type\":\"Person\",\"@id\":\"https:\\\/\\\/www.btv.md\\\/#\\\/schema\\\/person\\\/8fadce81561b3ce2c34c46dadc4ccbf2\",\"name\":\"admin\"}]}<\/script>\n<!-- \/ Yoast SEO plugin. -->","yoast_head_json":{"title":"Despre pilotul sinuciga\u0219 din Italia \u0219i expozi\u021bia auto de la Moscova - BTV","robots":{"index":"index","follow":"follow","max-snippet":"max-snippet:-1","max-image-preview":"max-image-preview:large","max-video-preview":"max-video-preview:-1"},"canonical":"https:\/\/www.btv.md\/ro\/despre-pilotul-sinucigas-din-italia-si-expozitia-auto-de-la-moscova\/","og_locale":"ro_RO","og_type":"article","og_title":"Despre pilotul sinuciga\u0219 din Italia \u0219i expozi\u021bia auto de la Moscova - BTV","og_description":"Postul de televiziune BTV v\u0103 propune spre vizionare cele mai importante evenimente ale zilei trecute, reflectate \u00een presa interna\u021bional\u0103. Un pilot italian care urma s\u0103 efectueze o curs\u0103 aerian\u0103 intercontinental\u0103 a fost suspendat c\u00e2teva luni dup\u0103 ce \u015fi-a amenin\u0163at so\u0163ia c\u0103, dac\u0103 \u00eel va p\u0103r\u0103si, va pr\u0103bu\u015fi \u00een ocean avionul cu sute de pasageri. Pilotul [&hellip;]","og_url":"https:\/\/www.btv.md\/ro\/despre-pilotul-sinucigas-din-italia-si-expozitia-auto-de-la-moscova\/","og_site_name":"BTV","article_publisher":"https:\/\/www.facebook.com\/btvmoldova\/","article_published_time":"2016-03-07T10:27:23+00:00","og_image":[{"width":720,"height":480,"url":"https:\/\/www.btv.md\/wp-content\/uploads\/2016\/03\/lim5.jpg","type":"image\/jpeg"}],"author":"admin","twitter_misc":{"Scris de":"admin","Timp estimat pentru citire":"5 minute"},"schema":{"@context":"https:\/\/schema.org","@graph":[{"@type":"Article","@id":"https:\/\/www.btv.md\/ro\/despre-pilotul-sinucigas-din-italia-si-expozitia-auto-de-la-moscova\/#article","isPartOf":{"@id":"https:\/\/www.btv.md\/ro\/despre-pilotul-sinucigas-din-italia-si-expozitia-auto-de-la-moscova\/"},"author":{"name":"admin","@id":"https:\/\/www.btv.md\/#\/schema\/person\/8fadce81561b3ce2c34c46dadc4ccbf2"},"headline":"Despre pilotul sinuciga\u0219 din Italia \u0219i expozi\u021bia auto de la Moscova","datePublished":"2016-03-07T10:27:23+00:00","mainEntityOfPage":{"@id":"https:\/\/www.btv.md\/ro\/despre-pilotul-sinucigas-din-italia-si-expozitia-auto-de-la-moscova\/"},"wordCount":1071,"image":{"@id":"https:\/\/www.btv.md\/ro\/despre-pilotul-sinucigas-din-italia-si-expozitia-auto-de-la-moscova\/#primaryimage"},"thumbnailUrl":"https:\/\/www.btv.md\/wp-content\/uploads\/2016\/03\/lim5.jpg","articleSection":["Externe"],"inLanguage":"ro-RO"},{"@type":"WebPage","@id":"https:\/\/www.btv.md\/ro\/despre-pilotul-sinucigas-din-italia-si-expozitia-auto-de-la-moscova\/","url":"https:\/\/www.btv.md\/ro\/despre-pilotul-sinucigas-din-italia-si-expozitia-auto-de-la-moscova\/","name":"Despre pilotul sinuciga\u0219 din Italia \u0219i expozi\u021bia auto de la Moscova - BTV","isPartOf":{"@id":"https:\/\/www.btv.md\/#website"},"primaryImageOfPage":{"@id":"https:\/\/www.btv.md\/ro\/despre-pilotul-sinucigas-din-italia-si-expozitia-auto-de-la-moscova\/#primaryimage"},"image":{"@id":"https:\/\/www.btv.md\/ro\/despre-pilotul-sinucigas-din-italia-si-expozitia-auto-de-la-moscova\/#primaryimage"},"thumbnailUrl":"https:\/\/www.btv.md\/wp-content\/uploads\/2016\/03\/lim5.jpg","datePublished":"2016-03-07T10:27:23+00:00","author":{"@id":"https:\/\/www.btv.md\/#\/schema\/person\/8fadce81561b3ce2c34c46dadc4ccbf2"},"inLanguage":"ro-RO","potentialAction":[{"@type":"ReadAction","target":["https:\/\/www.btv.md\/ro\/despre-pilotul-sinucigas-din-italia-si-expozitia-auto-de-la-moscova\/"]}]},{"@type":"ImageObject","inLanguage":"ro-RO","@id":"https:\/\/www.btv.md\/ro\/despre-pilotul-sinucigas-din-italia-si-expozitia-auto-de-la-moscova\/#primaryimage","url":"https:\/\/www.btv.md\/wp-content\/uploads\/2016\/03\/lim5.jpg","contentUrl":"https:\/\/www.btv.md\/wp-content\/uploads\/2016\/03\/lim5.jpg","width":720,"height":480},{"@type":"WebSite","@id":"https:\/\/www.btv.md\/#website","url":"https:\/\/www.btv.md\/","name":"BTV","description":"\u0411\u0435\u043b\u044c\u0446\u043a\u043e\u0435 \u0442\u0435\u043b\u0435\u0432\u0438\u0434\u0435\u043d\u0438\u0435","potentialAction":[{"@type":"SearchAction","target":{"@type":"EntryPoint","urlTemplate":"https:\/\/www.btv.md\/?s={search_term_string}"},"query-input":{"@type":"PropertyValueSpecification","valueRequired":true,"valueName":"search_term_string"}}],"inLanguage":"ro-RO"},{"@type":"Person","@id":"https:\/\/www.btv.md\/#\/schema\/person\/8fadce81561b3ce2c34c46dadc4ccbf2","name":"admin"}]}},"_links":{"self":[{"href":"https:\/\/www.btv.md\/ro\/wp-json\/wp\/v2\/posts\/8417","targetHints":{"allow":["GET"]}}],"collection":[{"href":"https:\/\/www.btv.md\/ro\/wp-json\/wp\/v2\/posts"}],"about":[{"href":"https:\/\/www.btv.md\/ro\/wp-json\/wp\/v2\/types\/post"}],"author":[{"embeddable":true,"href":"https:\/\/www.btv.md\/ro\/wp-json\/wp\/v2\/users\/4"}],"replies":[{"embeddable":true,"href":"https:\/\/www.btv.md\/ro\/wp-json\/wp\/v2\/comments?post=8417"}],"version-history":[{"count":0,"href":"https:\/\/www.btv.md\/ro\/wp-json\/wp\/v2\/posts\/8417\/revisions"}],"wp:featuredmedia":[{"embeddable":true,"href":"https:\/\/www.btv.md\/ro\/wp-json\/wp\/v2\/media\/8418"}],"wp:attachment":[{"href":"https:\/\/www.btv.md\/ro\/wp-json\/wp\/v2\/media?parent=8417"}],"wp:term":[{"taxonomy":"category","embeddable":true,"href":"https:\/\/www.btv.md\/ro\/wp-json\/wp\/v2\/categories?post=8417"},{"taxonomy":"post_tag","embeddable":true,"href":"https:\/\/www.btv.md\/ro\/wp-json\/wp\/v2\/tags?post=8417"}],"curies":[{"name":"wp","href":"https:\/\/api.w.org\/{rel}","templated":true}]}}