{"id":8460,"date":"2016-03-07T15:14:17","date_gmt":"2016-03-07T12:14:17","guid":{"rendered":"http:\/\/btv.md\/?p=8460"},"modified":"2016-03-07T15:14:17","modified_gmt":"2016-03-07T12:14:17","slug":"cinci-luni-pentru-obtinerea-cetateniei-romane","status":"publish","type":"post","link":"https:\/\/www.btv.md\/ro\/cinci-luni-pentru-obtinerea-cetateniei-romane\/","title":{"rendered":"CINCI  LUNI  PENTRU  OB\u021aINEREA  CET\u0102\u021aENIEI  ROM\u00c2NE"},"content":{"rendered":"<p><strong>Autoritatea Na\u021bionala pentru Cet\u0103\u021benie din Rom\u00e2nia este \u00een mijlocul unei anchete de propor\u021bii. Cet\u0103\u021benii str\u0103ini a\u0219teapt\u0103 chiar \u0219i 18 luni ca s\u0103 ob\u021bin\u0103 cet\u0103\u021benia rom\u00e2n\u0103, \u00een loc de 5 luni a\u0219a cum este stipulat pe h\u00e2rtie. Totul a ie\u0219it la iveal\u0103 \u00een urma unui raport f\u0103cut de ministrul rom\u00e2n al justi\u021biei, transmite <a href=\"http:\/\/unimedia.info\/stiri\" target=\"_blank\">unimedia.md<\/a>.<\/strong><\/p>\n<p>\u00cen loc de 5 luni, moldovenii care vor s\u0103 fie rom\u00e2ni cu acte \u00een regul\u0103 a\u0219teapt\u0103 chiar \u0219i un an \u0219i jum\u0103tate. <\/p>\n<p>Timpul mediu pentru procesarea \u0219i solutionarea cererilor pentru ob\u021binerea cet\u0103\u021beniei romane este de 5 luni, dar asta se int\u00e2mpl\u0103 doar pe h\u00e2rtie. Raportul Ministerului Justitiei arat\u0103 c\u0103 angaja\u021bii autorit\u0103\u021bii lucrau cu lentoarea melcului. <\/p>\n<p>Cet\u0103\u021benii str\u0103ini a\u0219teapt\u0103 chiar \u0219i 18 luni ca s\u0103 ob\u021bin\u0103 acest document. Acela\u0219i raport arat\u0103 c\u0103 informa\u021biile g\u0103site pe site-ul institu\u021biei sunt pu\u021bine \u0219i neclare. <\/p>\n<p>Ministrul Justi\u021biei anun\u021b\u0103 ca institu\u021bia va fi reorganizat\u0103 pentru a raspunde prompt cererilor.<\/p>\n","protected":false},"excerpt":{"rendered":"<p>Autoritatea Na\u021bionala pentru Cet\u0103\u021benie din Rom\u00e2nia este \u00een mijlocul unei anchete de propor\u021bii. Cet\u0103\u021benii str\u0103ini a\u0219teapt\u0103 chiar \u0219i 18 luni ca s\u0103 ob\u021bin\u0103 cet\u0103\u021benia rom\u00e2n\u0103, \u00een loc de 5 luni a\u0219a cum este stipulat pe h\u00e2rtie. Totul a ie\u0219it la iveal\u0103 \u00een urma unui raport f\u0103cut de ministrul rom\u00e2n al justi\u021biei, transmite unimedia.md. \u00cen loc [&hellip;]<\/p>\n","protected":false},"author":4,"featured_media":8461,"comment_status":"closed","ping_status":"closed","sticky":false,"template":"","format":"standard","meta":{"footnotes":""},"categories":[8],"tags":[],"class_list":["post-8460","post","type-post","status-publish","format-standard","has-post-thumbnail","hentry","category-obshestvo"],"yoast_head":"<!-- This site is optimized with the Yoast SEO plugin v27.4 - https:\/\/yoast.com\/product\/yoast-seo-wordpress\/ -->\n<title>CINCI LUNI PENTRU OB\u021aINEREA CET\u0102\u021aENIEI ROM\u00c2NE - BTV<\/title>\n<meta name=\"robots\" content=\"index, follow, max-snippet:-1, max-image-preview:large, max-video-preview:-1\" \/>\n<link rel=\"canonical\" href=\"https:\/\/www.btv.md\/ro\/cinci-luni-pentru-obtinerea-cetateniei-romane\/\" \/>\n<meta property=\"og:locale\" content=\"ro_RO\" \/>\n<meta property=\"og:type\" content=\"article\" \/>\n<meta property=\"og:title\" content=\"CINCI LUNI PENTRU OB\u021aINEREA CET\u0102\u021aENIEI ROM\u00c2NE - BTV\" \/>\n<meta property=\"og:description\" content=\"Autoritatea Na\u021bionala pentru Cet\u0103\u021benie din Rom\u00e2nia este \u00een mijlocul unei anchete de propor\u021bii. Cet\u0103\u021benii str\u0103ini a\u0219teapt\u0103 chiar \u0219i 18 luni ca s\u0103 ob\u021bin\u0103 cet\u0103\u021benia rom\u00e2n\u0103, \u00een loc de 5 luni a\u0219a cum este stipulat pe h\u00e2rtie. Totul a ie\u0219it la iveal\u0103 \u00een urma unui raport f\u0103cut de ministrul rom\u00e2n al justi\u021biei, transmite unimedia.md. \u00cen loc [&hellip;]\" \/>\n<meta property=\"og:url\" content=\"https:\/\/www.btv.md\/ro\/cinci-luni-pentru-obtinerea-cetateniei-romane\/\" \/>\n<meta property=\"og:site_name\" content=\"BTV\" \/>\n<meta property=\"article:publisher\" content=\"https:\/\/www.facebook.com\/btvmoldova\/\" \/>\n<meta property=\"article:published_time\" content=\"2016-03-07T12:14:17+00:00\" \/>\n<meta property=\"og:image\" content=\"https:\/\/www.btv.md\/wp-content\/uploads\/2016\/03\/1280677408Pasaport.jpg\" \/>\n\t<meta property=\"og:image:width\" content=\"425\" \/>\n\t<meta property=\"og:image:height\" content=\"283\" \/>\n\t<meta property=\"og:image:type\" content=\"image\/jpeg\" \/>\n<meta name=\"author\" content=\"admin\" \/>\n<meta name=\"twitter:label1\" content=\"Scris de\" \/>\n\t<meta name=\"twitter:data1\" content=\"admin\" \/>\n\t<meta name=\"twitter:label2\" content=\"Timp estimat pentru citire\" \/>\n\t<meta name=\"twitter:data2\" content=\"1 minut\" \/>\n<script type=\"application\/ld+json\" class=\"yoast-schema-graph\">{\"@context\":\"https:\\\/\\\/schema.org\",\"@graph\":[{\"@type\":\"Article\",\"@id\":\"https:\\\/\\\/www.btv.md\\\/ro\\\/cinci-luni-pentru-obtinerea-cetateniei-romane\\\/#article\",\"isPartOf\":{\"@id\":\"https:\\\/\\\/www.btv.md\\\/ro\\\/cinci-luni-pentru-obtinerea-cetateniei-romane\\\/\"},\"author\":{\"name\":\"admin\",\"@id\":\"https:\\\/\\\/www.btv.md\\\/#\\\/schema\\\/person\\\/8fadce81561b3ce2c34c46dadc4ccbf2\"},\"headline\":\"CINCI LUNI PENTRU OB\u021aINEREA CET\u0102\u021aENIEI ROM\u00c2NE\",\"datePublished\":\"2016-03-07T12:14:17+00:00\",\"mainEntityOfPage\":{\"@id\":\"https:\\\/\\\/www.btv.md\\\/ro\\\/cinci-luni-pentru-obtinerea-cetateniei-romane\\\/\"},\"wordCount\":187,\"image\":{\"@id\":\"https:\\\/\\\/www.btv.md\\\/ro\\\/cinci-luni-pentru-obtinerea-cetateniei-romane\\\/#primaryimage\"},\"thumbnailUrl\":\"https:\\\/\\\/www.btv.md\\\/wp-content\\\/uploads\\\/2016\\\/03\\\/1280677408Pasaport.jpg\",\"articleSection\":[\"\u041e\u0431\u0449\u0435\u0441\u0442\u0432\u043e\"],\"inLanguage\":\"ro-RO\"},{\"@type\":\"WebPage\",\"@id\":\"https:\\\/\\\/www.btv.md\\\/ro\\\/cinci-luni-pentru-obtinerea-cetateniei-romane\\\/\",\"url\":\"https:\\\/\\\/www.btv.md\\\/ro\\\/cinci-luni-pentru-obtinerea-cetateniei-romane\\\/\",\"name\":\"CINCI LUNI PENTRU OB\u021aINEREA CET\u0102\u021aENIEI ROM\u00c2NE - BTV\",\"isPartOf\":{\"@id\":\"https:\\\/\\\/www.btv.md\\\/#website\"},\"primaryImageOfPage\":{\"@id\":\"https:\\\/\\\/www.btv.md\\\/ro\\\/cinci-luni-pentru-obtinerea-cetateniei-romane\\\/#primaryimage\"},\"image\":{\"@id\":\"https:\\\/\\\/www.btv.md\\\/ro\\\/cinci-luni-pentru-obtinerea-cetateniei-romane\\\/#primaryimage\"},\"thumbnailUrl\":\"https:\\\/\\\/www.btv.md\\\/wp-content\\\/uploads\\\/2016\\\/03\\\/1280677408Pasaport.jpg\",\"datePublished\":\"2016-03-07T12:14:17+00:00\",\"author\":{\"@id\":\"https:\\\/\\\/www.btv.md\\\/#\\\/schema\\\/person\\\/8fadce81561b3ce2c34c46dadc4ccbf2\"},\"inLanguage\":\"ro-RO\",\"potentialAction\":[{\"@type\":\"ReadAction\",\"target\":[\"https:\\\/\\\/www.btv.md\\\/ro\\\/cinci-luni-pentru-obtinerea-cetateniei-romane\\\/\"]}]},{\"@type\":\"ImageObject\",\"inLanguage\":\"ro-RO\",\"@id\":\"https:\\\/\\\/www.btv.md\\\/ro\\\/cinci-luni-pentru-obtinerea-cetateniei-romane\\\/#primaryimage\",\"url\":\"https:\\\/\\\/www.btv.md\\\/wp-content\\\/uploads\\\/2016\\\/03\\\/1280677408Pasaport.jpg\",\"contentUrl\":\"https:\\\/\\\/www.btv.md\\\/wp-content\\\/uploads\\\/2016\\\/03\\\/1280677408Pasaport.jpg\",\"width\":425,\"height\":283,\"caption\":\"www.cotidianul.ro\"},{\"@type\":\"WebSite\",\"@id\":\"https:\\\/\\\/www.btv.md\\\/#website\",\"url\":\"https:\\\/\\\/www.btv.md\\\/\",\"name\":\"BTV\",\"description\":\"\u0411\u0435\u043b\u044c\u0446\u043a\u043e\u0435 \u0442\u0435\u043b\u0435\u0432\u0438\u0434\u0435\u043d\u0438\u0435\",\"potentialAction\":[{\"@type\":\"SearchAction\",\"target\":{\"@type\":\"EntryPoint\",\"urlTemplate\":\"https:\\\/\\\/www.btv.md\\\/?s={search_term_string}\"},\"query-input\":{\"@type\":\"PropertyValueSpecification\",\"valueRequired\":true,\"valueName\":\"search_term_string\"}}],\"inLanguage\":\"ro-RO\"},{\"@type\":\"Person\",\"@id\":\"https:\\\/\\\/www.btv.md\\\/#\\\/schema\\\/person\\\/8fadce81561b3ce2c34c46dadc4ccbf2\",\"name\":\"admin\"}]}<\/script>\n<!-- \/ Yoast SEO plugin. -->","yoast_head_json":{"title":"CINCI LUNI PENTRU OB\u021aINEREA CET\u0102\u021aENIEI ROM\u00c2NE - BTV","robots":{"index":"index","follow":"follow","max-snippet":"max-snippet:-1","max-image-preview":"max-image-preview:large","max-video-preview":"max-video-preview:-1"},"canonical":"https:\/\/www.btv.md\/ro\/cinci-luni-pentru-obtinerea-cetateniei-romane\/","og_locale":"ro_RO","og_type":"article","og_title":"CINCI LUNI PENTRU OB\u021aINEREA CET\u0102\u021aENIEI ROM\u00c2NE - BTV","og_description":"Autoritatea Na\u021bionala pentru Cet\u0103\u021benie din Rom\u00e2nia este \u00een mijlocul unei anchete de propor\u021bii. Cet\u0103\u021benii str\u0103ini a\u0219teapt\u0103 chiar \u0219i 18 luni ca s\u0103 ob\u021bin\u0103 cet\u0103\u021benia rom\u00e2n\u0103, \u00een loc de 5 luni a\u0219a cum este stipulat pe h\u00e2rtie. Totul a ie\u0219it la iveal\u0103 \u00een urma unui raport f\u0103cut de ministrul rom\u00e2n al justi\u021biei, transmite unimedia.md. \u00cen loc [&hellip;]","og_url":"https:\/\/www.btv.md\/ro\/cinci-luni-pentru-obtinerea-cetateniei-romane\/","og_site_name":"BTV","article_publisher":"https:\/\/www.facebook.com\/btvmoldova\/","article_published_time":"2016-03-07T12:14:17+00:00","og_image":[{"width":425,"height":283,"url":"https:\/\/www.btv.md\/wp-content\/uploads\/2016\/03\/1280677408Pasaport.jpg","type":"image\/jpeg"}],"author":"admin","twitter_misc":{"Scris de":"admin","Timp estimat pentru citire":"1 minut"},"schema":{"@context":"https:\/\/schema.org","@graph":[{"@type":"Article","@id":"https:\/\/www.btv.md\/ro\/cinci-luni-pentru-obtinerea-cetateniei-romane\/#article","isPartOf":{"@id":"https:\/\/www.btv.md\/ro\/cinci-luni-pentru-obtinerea-cetateniei-romane\/"},"author":{"name":"admin","@id":"https:\/\/www.btv.md\/#\/schema\/person\/8fadce81561b3ce2c34c46dadc4ccbf2"},"headline":"CINCI LUNI PENTRU OB\u021aINEREA CET\u0102\u021aENIEI ROM\u00c2NE","datePublished":"2016-03-07T12:14:17+00:00","mainEntityOfPage":{"@id":"https:\/\/www.btv.md\/ro\/cinci-luni-pentru-obtinerea-cetateniei-romane\/"},"wordCount":187,"image":{"@id":"https:\/\/www.btv.md\/ro\/cinci-luni-pentru-obtinerea-cetateniei-romane\/#primaryimage"},"thumbnailUrl":"https:\/\/www.btv.md\/wp-content\/uploads\/2016\/03\/1280677408Pasaport.jpg","articleSection":["\u041e\u0431\u0449\u0435\u0441\u0442\u0432\u043e"],"inLanguage":"ro-RO"},{"@type":"WebPage","@id":"https:\/\/www.btv.md\/ro\/cinci-luni-pentru-obtinerea-cetateniei-romane\/","url":"https:\/\/www.btv.md\/ro\/cinci-luni-pentru-obtinerea-cetateniei-romane\/","name":"CINCI LUNI PENTRU OB\u021aINEREA CET\u0102\u021aENIEI ROM\u00c2NE - BTV","isPartOf":{"@id":"https:\/\/www.btv.md\/#website"},"primaryImageOfPage":{"@id":"https:\/\/www.btv.md\/ro\/cinci-luni-pentru-obtinerea-cetateniei-romane\/#primaryimage"},"image":{"@id":"https:\/\/www.btv.md\/ro\/cinci-luni-pentru-obtinerea-cetateniei-romane\/#primaryimage"},"thumbnailUrl":"https:\/\/www.btv.md\/wp-content\/uploads\/2016\/03\/1280677408Pasaport.jpg","datePublished":"2016-03-07T12:14:17+00:00","author":{"@id":"https:\/\/www.btv.md\/#\/schema\/person\/8fadce81561b3ce2c34c46dadc4ccbf2"},"inLanguage":"ro-RO","potentialAction":[{"@type":"ReadAction","target":["https:\/\/www.btv.md\/ro\/cinci-luni-pentru-obtinerea-cetateniei-romane\/"]}]},{"@type":"ImageObject","inLanguage":"ro-RO","@id":"https:\/\/www.btv.md\/ro\/cinci-luni-pentru-obtinerea-cetateniei-romane\/#primaryimage","url":"https:\/\/www.btv.md\/wp-content\/uploads\/2016\/03\/1280677408Pasaport.jpg","contentUrl":"https:\/\/www.btv.md\/wp-content\/uploads\/2016\/03\/1280677408Pasaport.jpg","width":425,"height":283,"caption":"www.cotidianul.ro"},{"@type":"WebSite","@id":"https:\/\/www.btv.md\/#website","url":"https:\/\/www.btv.md\/","name":"BTV","description":"\u0411\u0435\u043b\u044c\u0446\u043a\u043e\u0435 \u0442\u0435\u043b\u0435\u0432\u0438\u0434\u0435\u043d\u0438\u0435","potentialAction":[{"@type":"SearchAction","target":{"@type":"EntryPoint","urlTemplate":"https:\/\/www.btv.md\/?s={search_term_string}"},"query-input":{"@type":"PropertyValueSpecification","valueRequired":true,"valueName":"search_term_string"}}],"inLanguage":"ro-RO"},{"@type":"Person","@id":"https:\/\/www.btv.md\/#\/schema\/person\/8fadce81561b3ce2c34c46dadc4ccbf2","name":"admin"}]}},"_links":{"self":[{"href":"https:\/\/www.btv.md\/ro\/wp-json\/wp\/v2\/posts\/8460","targetHints":{"allow":["GET"]}}],"collection":[{"href":"https:\/\/www.btv.md\/ro\/wp-json\/wp\/v2\/posts"}],"about":[{"href":"https:\/\/www.btv.md\/ro\/wp-json\/wp\/v2\/types\/post"}],"author":[{"embeddable":true,"href":"https:\/\/www.btv.md\/ro\/wp-json\/wp\/v2\/users\/4"}],"replies":[{"embeddable":true,"href":"https:\/\/www.btv.md\/ro\/wp-json\/wp\/v2\/comments?post=8460"}],"version-history":[{"count":0,"href":"https:\/\/www.btv.md\/ro\/wp-json\/wp\/v2\/posts\/8460\/revisions"}],"wp:featuredmedia":[{"embeddable":true,"href":"https:\/\/www.btv.md\/ro\/wp-json\/wp\/v2\/media\/8461"}],"wp:attachment":[{"href":"https:\/\/www.btv.md\/ro\/wp-json\/wp\/v2\/media?parent=8460"}],"wp:term":[{"taxonomy":"category","embeddable":true,"href":"https:\/\/www.btv.md\/ro\/wp-json\/wp\/v2\/categories?post=8460"},{"taxonomy":"post_tag","embeddable":true,"href":"https:\/\/www.btv.md\/ro\/wp-json\/wp\/v2\/tags?post=8460"}],"curies":[{"name":"wp","href":"https:\/\/api.w.org\/{rel}","templated":true}]}}