{"id":8497,"date":"2016-03-07T18:36:34","date_gmt":"2016-03-07T15:36:34","guid":{"rendered":"http:\/\/btv.md\/?p=8497"},"modified":"2016-03-07T18:36:34","modified_gmt":"2016-03-07T15:36:34","slug":"crestinii-ortodocsi-se-pregatesc-de-postul-mare","status":"publish","type":"post","link":"https:\/\/www.btv.md\/ro\/crestinii-ortodocsi-se-pregatesc-de-postul-mare\/","title":{"rendered":"CRE\u015eTINII  ORTODOC\u0218I  SE  PREG\u0102TESC  DE  POSTUL  MARE"},"content":{"rendered":"<p><strong>Cre\u0219tinii ortodox\u0219i se afl\u0103 \u00een ultima s\u0103pt\u0103m\u00e2na dinaintea Postului Mare, numit\u0103 S\u0103pt\u0103m\u00e2na Alb\u0103. Enoria\u015fii nu mai consum\u0103 carne, ci doar produse lactate \u015fi pe\u015fte, pentru a se \u00eent\u0103ri trupe\u015fte \u00eenainte de Postul Pa\u015ftilor.<\/strong><\/p>\n<p>Episcopul de B\u0103l\u021bi \u0219i F\u0103le\u0219ti Marchel, spune c\u0103 este foarte important ca, pe l\u00e2ng\u0103 restric\u0163iile alimentare, oamenii s\u0103 se ab\u0163in\u0103 de la p\u0103cate \u015fi s\u0103 se poc\u0103iasc\u0103 cu adev\u0103rat. <\/p>\n<p>\u201e<em>Postul nu este o simpl\u0103 ab\u021binere de la unele produse alimentare, ci este vremea purt\u0103rii de grij\u0103 pentru suflet, este vremea  iert\u0103tii. Postul, care este un efort fizic, moral \u0219i mai ales duhovnice\u0219te, se face \u00een numele apropierii oamenilor de Dumnezeu. \u00cen S\u0103pt\u0103m\u00e2na Alb\u0103 se ab\u021bine de la m\u00e2nc\u0103rurile c\u0103rnoase. Se nume\u0219te alb\u0103 pentru c\u0103 se dezleag\u0103 la produsele lactate. Asta pentru a nu trece brusc de la bucatele de frupt, la cele de sec. Pe parcursul acestei s\u0103pt\u0103m\u00e2ni este dezlegare \u0219i la pe\u0219te, chiar \u0219i \u00een zilele de miercuri \u0219i vineri<\/em>\u201d. <\/p>\n<p>Postul Pa\u015ftilor, care dureaz\u0103 49 de zile, este cel mai aspru post. \u00cen acest an, Postul Mare \u00eencepe pe 14 martie \u015fi se \u00eencheie pe 1 mai, la s\u0103rb\u0103toarea \u00cenvierii M\u00e2ntuitorului Iisus Hristos.<\/p>\n<p><iframe width=\"420\" height=\"315\" data-src=\"https:\/\/www.youtube.com\/embed\/tCCzJSbugRo\" frameborder=\"0\" allowfullscreen src=\"data:image\/svg+xml;base64,PHN2ZyB3aWR0aD0iMSIgaGVpZ2h0PSIxIiB4bWxucz0iaHR0cDovL3d3dy53My5vcmcvMjAwMC9zdmciPjwvc3ZnPg==\" class=\"lazyload\" data-load-mode=\"1\"><\/iframe><\/p>\n","protected":false},"excerpt":{"rendered":"<p>Cre\u0219tinii ortodox\u0219i se afl\u0103 \u00een ultima s\u0103pt\u0103m\u00e2na dinaintea Postului Mare, numit\u0103 S\u0103pt\u0103m\u00e2na Alb\u0103. Enoria\u015fii nu mai consum\u0103 carne, ci doar produse lactate \u015fi pe\u015fte, pentru a se \u00eent\u0103ri trupe\u015fte \u00eenainte de Postul Pa\u015ftilor. Episcopul de B\u0103l\u021bi \u0219i F\u0103le\u0219ti Marchel, spune c\u0103 este foarte important ca, pe l\u00e2ng\u0103 restric\u0163iile alimentare, oamenii s\u0103 se ab\u0163in\u0103 de la [&hellip;]<\/p>\n","protected":false},"author":4,"featured_media":8498,"comment_status":"closed","ping_status":"closed","sticky":false,"template":"","format":"standard","meta":{"footnotes":""},"categories":[6353],"tags":[],"class_list":["post-8497","post","type-post","status-publish","format-standard","has-post-thumbnail","hentry","category-oras"],"yoast_head":"<!-- This site is optimized with the Yoast SEO plugin v27.4 - https:\/\/yoast.com\/product\/yoast-seo-wordpress\/ -->\n<title>CRE\u015eTINII ORTODOC\u0218I SE PREG\u0102TESC DE POSTUL MARE - BTV<\/title>\n<meta name=\"robots\" content=\"index, follow, max-snippet:-1, max-image-preview:large, max-video-preview:-1\" \/>\n<link rel=\"canonical\" href=\"https:\/\/www.btv.md\/ro\/crestinii-ortodocsi-se-pregatesc-de-postul-mare\/\" \/>\n<meta property=\"og:locale\" content=\"ro_RO\" \/>\n<meta property=\"og:type\" content=\"article\" \/>\n<meta property=\"og:title\" content=\"CRE\u015eTINII ORTODOC\u0218I SE PREG\u0102TESC DE POSTUL MARE - BTV\" \/>\n<meta property=\"og:description\" content=\"Cre\u0219tinii ortodox\u0219i se afl\u0103 \u00een ultima s\u0103pt\u0103m\u00e2na dinaintea Postului Mare, numit\u0103 S\u0103pt\u0103m\u00e2na Alb\u0103. Enoria\u015fii nu mai consum\u0103 carne, ci doar produse lactate \u015fi pe\u015fte, pentru a se \u00eent\u0103ri trupe\u015fte \u00eenainte de Postul Pa\u015ftilor. Episcopul de B\u0103l\u021bi \u0219i F\u0103le\u0219ti Marchel, spune c\u0103 este foarte important ca, pe l\u00e2ng\u0103 restric\u0163iile alimentare, oamenii s\u0103 se ab\u0163in\u0103 de la [&hellip;]\" \/>\n<meta property=\"og:url\" content=\"https:\/\/www.btv.md\/ro\/crestinii-ortodocsi-se-pregatesc-de-postul-mare\/\" \/>\n<meta property=\"og:site_name\" content=\"BTV\" \/>\n<meta property=\"article:publisher\" content=\"https:\/\/www.facebook.com\/btvmoldova\/\" \/>\n<meta property=\"article:published_time\" content=\"2016-03-07T15:36:34+00:00\" \/>\n<meta property=\"og:image\" content=\"https:\/\/www.btv.md\/wp-content\/uploads\/2016\/03\/RIA-367188-Preview.jpg\" \/>\n\t<meta property=\"og:image:width\" content=\"512\" \/>\n\t<meta property=\"og:image:height\" content=\"298\" \/>\n\t<meta property=\"og:image:type\" content=\"image\/jpeg\" \/>\n<meta name=\"author\" content=\"admin\" \/>\n<meta name=\"twitter:label1\" content=\"Scris de\" \/>\n\t<meta name=\"twitter:data1\" content=\"admin\" \/>\n\t<meta name=\"twitter:label2\" content=\"Timp estimat pentru citire\" \/>\n\t<meta name=\"twitter:data2\" content=\"1 minut\" \/>\n<script type=\"application\/ld+json\" class=\"yoast-schema-graph\">{\"@context\":\"https:\\\/\\\/schema.org\",\"@graph\":[{\"@type\":\"Article\",\"@id\":\"https:\\\/\\\/www.btv.md\\\/ro\\\/crestinii-ortodocsi-se-pregatesc-de-postul-mare\\\/#article\",\"isPartOf\":{\"@id\":\"https:\\\/\\\/www.btv.md\\\/ro\\\/crestinii-ortodocsi-se-pregatesc-de-postul-mare\\\/\"},\"author\":{\"name\":\"admin\",\"@id\":\"https:\\\/\\\/www.btv.md\\\/#\\\/schema\\\/person\\\/8fadce81561b3ce2c34c46dadc4ccbf2\"},\"headline\":\"CRE\u015eTINII ORTODOC\u0218I SE PREG\u0102TESC DE POSTUL MARE\",\"datePublished\":\"2016-03-07T15:36:34+00:00\",\"mainEntityOfPage\":{\"@id\":\"https:\\\/\\\/www.btv.md\\\/ro\\\/crestinii-ortodocsi-se-pregatesc-de-postul-mare\\\/\"},\"wordCount\":237,\"image\":{\"@id\":\"https:\\\/\\\/www.btv.md\\\/ro\\\/crestinii-ortodocsi-se-pregatesc-de-postul-mare\\\/#primaryimage\"},\"thumbnailUrl\":\"https:\\\/\\\/www.btv.md\\\/wp-content\\\/uploads\\\/2016\\\/03\\\/RIA-367188-Preview.jpg\",\"articleSection\":[\"Ora\u0219\"],\"inLanguage\":\"ro-RO\"},{\"@type\":\"WebPage\",\"@id\":\"https:\\\/\\\/www.btv.md\\\/ro\\\/crestinii-ortodocsi-se-pregatesc-de-postul-mare\\\/\",\"url\":\"https:\\\/\\\/www.btv.md\\\/ro\\\/crestinii-ortodocsi-se-pregatesc-de-postul-mare\\\/\",\"name\":\"CRE\u015eTINII ORTODOC\u0218I SE PREG\u0102TESC DE POSTUL MARE - BTV\",\"isPartOf\":{\"@id\":\"https:\\\/\\\/www.btv.md\\\/#website\"},\"primaryImageOfPage\":{\"@id\":\"https:\\\/\\\/www.btv.md\\\/ro\\\/crestinii-ortodocsi-se-pregatesc-de-postul-mare\\\/#primaryimage\"},\"image\":{\"@id\":\"https:\\\/\\\/www.btv.md\\\/ro\\\/crestinii-ortodocsi-se-pregatesc-de-postul-mare\\\/#primaryimage\"},\"thumbnailUrl\":\"https:\\\/\\\/www.btv.md\\\/wp-content\\\/uploads\\\/2016\\\/03\\\/RIA-367188-Preview.jpg\",\"datePublished\":\"2016-03-07T15:36:34+00:00\",\"author\":{\"@id\":\"https:\\\/\\\/www.btv.md\\\/#\\\/schema\\\/person\\\/8fadce81561b3ce2c34c46dadc4ccbf2\"},\"inLanguage\":\"ro-RO\",\"potentialAction\":[{\"@type\":\"ReadAction\",\"target\":[\"https:\\\/\\\/www.btv.md\\\/ro\\\/crestinii-ortodocsi-se-pregatesc-de-postul-mare\\\/\"]}]},{\"@type\":\"ImageObject\",\"inLanguage\":\"ro-RO\",\"@id\":\"https:\\\/\\\/www.btv.md\\\/ro\\\/crestinii-ortodocsi-se-pregatesc-de-postul-mare\\\/#primaryimage\",\"url\":\"https:\\\/\\\/www.btv.md\\\/wp-content\\\/uploads\\\/2016\\\/03\\\/RIA-367188-Preview.jpg\",\"contentUrl\":\"https:\\\/\\\/www.btv.md\\\/wp-content\\\/uploads\\\/2016\\\/03\\\/RIA-367188-Preview.jpg\",\"width\":512,\"height\":298,\"caption\":\"romanian.ruvr.ru\"},{\"@type\":\"WebSite\",\"@id\":\"https:\\\/\\\/www.btv.md\\\/#website\",\"url\":\"https:\\\/\\\/www.btv.md\\\/\",\"name\":\"BTV\",\"description\":\"\u0411\u0435\u043b\u044c\u0446\u043a\u043e\u0435 \u0442\u0435\u043b\u0435\u0432\u0438\u0434\u0435\u043d\u0438\u0435\",\"potentialAction\":[{\"@type\":\"SearchAction\",\"target\":{\"@type\":\"EntryPoint\",\"urlTemplate\":\"https:\\\/\\\/www.btv.md\\\/?s={search_term_string}\"},\"query-input\":{\"@type\":\"PropertyValueSpecification\",\"valueRequired\":true,\"valueName\":\"search_term_string\"}}],\"inLanguage\":\"ro-RO\"},{\"@type\":\"Person\",\"@id\":\"https:\\\/\\\/www.btv.md\\\/#\\\/schema\\\/person\\\/8fadce81561b3ce2c34c46dadc4ccbf2\",\"name\":\"admin\"}]}<\/script>\n<!-- \/ Yoast SEO plugin. -->","yoast_head_json":{"title":"CRE\u015eTINII ORTODOC\u0218I SE PREG\u0102TESC DE POSTUL MARE - BTV","robots":{"index":"index","follow":"follow","max-snippet":"max-snippet:-1","max-image-preview":"max-image-preview:large","max-video-preview":"max-video-preview:-1"},"canonical":"https:\/\/www.btv.md\/ro\/crestinii-ortodocsi-se-pregatesc-de-postul-mare\/","og_locale":"ro_RO","og_type":"article","og_title":"CRE\u015eTINII ORTODOC\u0218I SE PREG\u0102TESC DE POSTUL MARE - BTV","og_description":"Cre\u0219tinii ortodox\u0219i se afl\u0103 \u00een ultima s\u0103pt\u0103m\u00e2na dinaintea Postului Mare, numit\u0103 S\u0103pt\u0103m\u00e2na Alb\u0103. Enoria\u015fii nu mai consum\u0103 carne, ci doar produse lactate \u015fi pe\u015fte, pentru a se \u00eent\u0103ri trupe\u015fte \u00eenainte de Postul Pa\u015ftilor. Episcopul de B\u0103l\u021bi \u0219i F\u0103le\u0219ti Marchel, spune c\u0103 este foarte important ca, pe l\u00e2ng\u0103 restric\u0163iile alimentare, oamenii s\u0103 se ab\u0163in\u0103 de la [&hellip;]","og_url":"https:\/\/www.btv.md\/ro\/crestinii-ortodocsi-se-pregatesc-de-postul-mare\/","og_site_name":"BTV","article_publisher":"https:\/\/www.facebook.com\/btvmoldova\/","article_published_time":"2016-03-07T15:36:34+00:00","og_image":[{"width":512,"height":298,"url":"https:\/\/www.btv.md\/wp-content\/uploads\/2016\/03\/RIA-367188-Preview.jpg","type":"image\/jpeg"}],"author":"admin","twitter_misc":{"Scris de":"admin","Timp estimat pentru citire":"1 minut"},"schema":{"@context":"https:\/\/schema.org","@graph":[{"@type":"Article","@id":"https:\/\/www.btv.md\/ro\/crestinii-ortodocsi-se-pregatesc-de-postul-mare\/#article","isPartOf":{"@id":"https:\/\/www.btv.md\/ro\/crestinii-ortodocsi-se-pregatesc-de-postul-mare\/"},"author":{"name":"admin","@id":"https:\/\/www.btv.md\/#\/schema\/person\/8fadce81561b3ce2c34c46dadc4ccbf2"},"headline":"CRE\u015eTINII ORTODOC\u0218I SE PREG\u0102TESC DE POSTUL MARE","datePublished":"2016-03-07T15:36:34+00:00","mainEntityOfPage":{"@id":"https:\/\/www.btv.md\/ro\/crestinii-ortodocsi-se-pregatesc-de-postul-mare\/"},"wordCount":237,"image":{"@id":"https:\/\/www.btv.md\/ro\/crestinii-ortodocsi-se-pregatesc-de-postul-mare\/#primaryimage"},"thumbnailUrl":"https:\/\/www.btv.md\/wp-content\/uploads\/2016\/03\/RIA-367188-Preview.jpg","articleSection":["Ora\u0219"],"inLanguage":"ro-RO"},{"@type":"WebPage","@id":"https:\/\/www.btv.md\/ro\/crestinii-ortodocsi-se-pregatesc-de-postul-mare\/","url":"https:\/\/www.btv.md\/ro\/crestinii-ortodocsi-se-pregatesc-de-postul-mare\/","name":"CRE\u015eTINII ORTODOC\u0218I SE PREG\u0102TESC DE POSTUL MARE - BTV","isPartOf":{"@id":"https:\/\/www.btv.md\/#website"},"primaryImageOfPage":{"@id":"https:\/\/www.btv.md\/ro\/crestinii-ortodocsi-se-pregatesc-de-postul-mare\/#primaryimage"},"image":{"@id":"https:\/\/www.btv.md\/ro\/crestinii-ortodocsi-se-pregatesc-de-postul-mare\/#primaryimage"},"thumbnailUrl":"https:\/\/www.btv.md\/wp-content\/uploads\/2016\/03\/RIA-367188-Preview.jpg","datePublished":"2016-03-07T15:36:34+00:00","author":{"@id":"https:\/\/www.btv.md\/#\/schema\/person\/8fadce81561b3ce2c34c46dadc4ccbf2"},"inLanguage":"ro-RO","potentialAction":[{"@type":"ReadAction","target":["https:\/\/www.btv.md\/ro\/crestinii-ortodocsi-se-pregatesc-de-postul-mare\/"]}]},{"@type":"ImageObject","inLanguage":"ro-RO","@id":"https:\/\/www.btv.md\/ro\/crestinii-ortodocsi-se-pregatesc-de-postul-mare\/#primaryimage","url":"https:\/\/www.btv.md\/wp-content\/uploads\/2016\/03\/RIA-367188-Preview.jpg","contentUrl":"https:\/\/www.btv.md\/wp-content\/uploads\/2016\/03\/RIA-367188-Preview.jpg","width":512,"height":298,"caption":"romanian.ruvr.ru"},{"@type":"WebSite","@id":"https:\/\/www.btv.md\/#website","url":"https:\/\/www.btv.md\/","name":"BTV","description":"\u0411\u0435\u043b\u044c\u0446\u043a\u043e\u0435 \u0442\u0435\u043b\u0435\u0432\u0438\u0434\u0435\u043d\u0438\u0435","potentialAction":[{"@type":"SearchAction","target":{"@type":"EntryPoint","urlTemplate":"https:\/\/www.btv.md\/?s={search_term_string}"},"query-input":{"@type":"PropertyValueSpecification","valueRequired":true,"valueName":"search_term_string"}}],"inLanguage":"ro-RO"},{"@type":"Person","@id":"https:\/\/www.btv.md\/#\/schema\/person\/8fadce81561b3ce2c34c46dadc4ccbf2","name":"admin"}]}},"_links":{"self":[{"href":"https:\/\/www.btv.md\/ro\/wp-json\/wp\/v2\/posts\/8497","targetHints":{"allow":["GET"]}}],"collection":[{"href":"https:\/\/www.btv.md\/ro\/wp-json\/wp\/v2\/posts"}],"about":[{"href":"https:\/\/www.btv.md\/ro\/wp-json\/wp\/v2\/types\/post"}],"author":[{"embeddable":true,"href":"https:\/\/www.btv.md\/ro\/wp-json\/wp\/v2\/users\/4"}],"replies":[{"embeddable":true,"href":"https:\/\/www.btv.md\/ro\/wp-json\/wp\/v2\/comments?post=8497"}],"version-history":[{"count":0,"href":"https:\/\/www.btv.md\/ro\/wp-json\/wp\/v2\/posts\/8497\/revisions"}],"wp:featuredmedia":[{"embeddable":true,"href":"https:\/\/www.btv.md\/ro\/wp-json\/wp\/v2\/media\/8498"}],"wp:attachment":[{"href":"https:\/\/www.btv.md\/ro\/wp-json\/wp\/v2\/media?parent=8497"}],"wp:term":[{"taxonomy":"category","embeddable":true,"href":"https:\/\/www.btv.md\/ro\/wp-json\/wp\/v2\/categories?post=8497"},{"taxonomy":"post_tag","embeddable":true,"href":"https:\/\/www.btv.md\/ro\/wp-json\/wp\/v2\/tags?post=8497"}],"curies":[{"name":"wp","href":"https:\/\/api.w.org\/{rel}","templated":true}]}}