{"id":8505,"date":"2016-03-07T19:29:37","date_gmt":"2016-03-07T16:29:37","guid":{"rendered":"http:\/\/btv.md\/?p=8505"},"modified":"2016-03-07T19:29:37","modified_gmt":"2016-03-07T16:29:37","slug":"criza-financira-afecteaza-afacerile-cu-flori","status":"publish","type":"post","link":"https:\/\/www.btv.md\/ro\/criza-financira-afecteaza-afacerile-cu-flori\/","title":{"rendered":"CRIZA FINANCIR\u0102  AFECTEAZ\u0102 AFACERILE CU FLORI"},"content":{"rendered":"<p><strong>De opt martie, florile sunt acele plante care aduc fericirea sau provoac\u0103 z\u00e2mbetul pe fe\u021bele multor femei. P\u00e2n\u0103 a ajunge \u00een m\u00e2inele reprezentatelor sexului frumos, florile sunt crescute cu mult\u0103 trud\u0103 \u0219i r\u0103bdare de fermieri, \u00een unele sere din \u021bar\u0103. V\u00e2nzarea lor  a devenit o mare provocare pentru ei \u00een acest an. Potrivit lor, criza economic\u0103 din \u021bar\u0103, nu treze\u0219te \u00een cump\u0103r\u0103tori tandre\u021bea sau ging\u0103\u0219ia din al\u021bi ani. <\/strong><\/p>\n<p>\u201e<em>Pentru femei cump\u0103r\u0103m. Pentru angajate \u0219i so\u021bii. Pentru femei nu cru\u021b\u0103m banii. La ce pre\u021b sunt lalelel? \u0218i  \u0219apte lei \u0219i zecele lei bucata<\/em>\u201d.<\/p>\n<p>\u201e<em>Buchetul cost\u0103 30 de lei. Nu avem prea mul\u021bi clien\u021bi<\/em>\u201d.<\/p>\n<p>\u201e<em>Un astfel de buchet ajunge la 50 de lei. Ave\u021bi mul\u021bi clien\u021bi? Lumea nu are bani  de aceea \u0219i nu reu\u0219im s\u0103 vindem<\/em>\u201d.<\/p>\n<p>Pe Grigore Don\u021bu l-am \u00eent\u00e2lnit \u00een fa\u021ba Pie\u021bei Centrale din B\u0103l\u021bi, acolo unde \u00ee\u0219i vinde florile crescute \u00eempreun\u0103 cu so\u021bia \u0219i cei 11 copii. Pentru a vedea cum se descurc\u0103, mai exact cum sunt crescute florile care ajung \u00een pia\u021b\u0103  l-am \u00eenso\u021bit pe Grigore \u00een satul S\u00eengereii Noi care se afl\u0103 la o distan\u021b\u0103 de 15 kilometri de B\u0103l\u021bi.<\/p>\n<p>\u201d<em>M\u0103 ajut\u0103 de la cel mai mic p\u00e2n\u0103 la cel mai mare. Copii sunt antrena\u021bi \u00een c\u00e2mpul muncii. Ei \u00eencem cu umplerea ghivecilor cu p\u0103m\u00e2nt \u0219i s\u0103direa r\u0103sadului. Am 11 copii care m\u0103 ajut\u0103. Suntem \u00een ser\u0103 unde vedem c\u0103 este aproape goal\u0103 deorece am dus marfa spre v\u00e2nzare<\/em>\u201d.<\/p>\n<p>\u201e<em>Am decis s\u0103 lans\u0103m o astfel de afacere  \u0219i nu pleac\u0103 peste hotare la munc\u0103. Suma pe care sam investit-o este foarte mare. R\u0103sadul \u00eel cump\u0103r\u0103m \u00een euro. Dup\u0103 ce cre\u0219tem florile, evident c\u0103 sunt v\u00e2ndute \u00een lei<\/em>\u201d. <\/p>\n<p>Gerigore spune c\u0103 \u00eei vine foarte greu s\u0103-\u0219i creasc\u0103 marfa, dar cele mai mari dificult\u0103\u021bi le \u00eent\u00e2mpin\u0103  c\u00e2nd  vine vorba s\u0103 o comercializeze. Totu\u0219i, fermierul spune c\u0103 \u0219i-a recuperat investi\u021biile. <\/p>\n<p>\u201d<em>Dac\u0103 am trimis spre Chi\u0219in\u0103u  3-4 ma\u0219ini \u00eenc\u0103rcate cu flori, astfel am reu\u0219it s\u0103 ne recuper\u0103m investi\u021bia. Mai mult ca at\u00e2t iarna a fost bl\u00e2nd\u0103. Acesta este o floare care se nume\u0219te \u021ainerari care este mai scump\u0103 ca Primula, pentru c\u0103 nu \u0219i-a pierdut valoarea pe pia\u021b\u0103. Un ghiveci cost\u0103 la Chi\u0219in\u0103u 70 de lei, la B\u0103l\u021bi 60 de lei. Nu avem cump\u0103r\u0103tori deoarece lumea nu are suficien\u021bi bani pentru a le cump\u0103ra<\/em>\u201d. <\/p>\n<p>\u201e<em>La realizare este o problem\u0103 foarte mare, mai exact acut\u0103. Locurile de v\u00e2nzare sunt \u00eemp\u0103r\u021bite sau sunt repartizate pe nedrept. Deseori te pomene\u0219ti c\u0103 e\u0219ti alungat de pe locul rezervat. De cine sunte\u021bi fug\u0103ri\u021bi, de poli\u021bie.Este poli\u021bia<\/em>\u201d. <\/p>\n<p>Potrivit autorit\u0103\u0163ilor locale, \u00een satul S\u00eengereii Noi sunt peste 80 de gospodari care cultiv\u0103 \u00een aceast\u0103 perioad\u0103 flori \u015fi legume \u00een sere.<\/p>\n<p><iframe width=\"420\" height=\"315\" data-src=\"https:\/\/www.youtube.com\/embed\/I10z-W4QC0Y\" frameborder=\"0\" allowfullscreen src=\"data:image\/svg+xml;base64,PHN2ZyB3aWR0aD0iMSIgaGVpZ2h0PSIxIiB4bWxucz0iaHR0cDovL3d3dy53My5vcmcvMjAwMC9zdmciPjwvc3ZnPg==\" class=\"lazyload\" data-load-mode=\"1\"><\/iframe><\/p>\n","protected":false},"excerpt":{"rendered":"<p>De opt martie, florile sunt acele plante care aduc fericirea sau provoac\u0103 z\u00e2mbetul pe fe\u021bele multor femei. P\u00e2n\u0103 a ajunge \u00een m\u00e2inele reprezentatelor sexului frumos, florile sunt crescute cu mult\u0103 trud\u0103 \u0219i r\u0103bdare de fermieri, \u00een unele sere din \u021bar\u0103. V\u00e2nzarea lor a devenit o mare provocare pentru ei \u00een acest an. Potrivit lor, criza [&hellip;]<\/p>\n","protected":false},"author":4,"featured_media":8506,"comment_status":"closed","ping_status":"closed","sticky":false,"template":"","format":"standard","meta":{"footnotes":""},"categories":[6353],"tags":[],"class_list":["post-8505","post","type-post","status-publish","format-standard","has-post-thumbnail","hentry","category-oras"],"yoast_head":"<!-- This site is optimized with the Yoast SEO plugin v27.4 - https:\/\/yoast.com\/product\/yoast-seo-wordpress\/ -->\n<title>CRIZA FINANCIR\u0102 AFECTEAZ\u0102 AFACERILE CU FLORI - BTV<\/title>\n<meta name=\"robots\" content=\"index, follow, max-snippet:-1, max-image-preview:large, max-video-preview:-1\" \/>\n<link rel=\"canonical\" href=\"https:\/\/www.btv.md\/ro\/criza-financira-afecteaza-afacerile-cu-flori\/\" \/>\n<meta property=\"og:locale\" content=\"ro_RO\" \/>\n<meta property=\"og:type\" content=\"article\" \/>\n<meta property=\"og:title\" content=\"CRIZA FINANCIR\u0102 AFECTEAZ\u0102 AFACERILE CU FLORI - BTV\" \/>\n<meta property=\"og:description\" content=\"De opt martie, florile sunt acele plante care aduc fericirea sau provoac\u0103 z\u00e2mbetul pe fe\u021bele multor femei. P\u00e2n\u0103 a ajunge \u00een m\u00e2inele reprezentatelor sexului frumos, florile sunt crescute cu mult\u0103 trud\u0103 \u0219i r\u0103bdare de fermieri, \u00een unele sere din \u021bar\u0103. V\u00e2nzarea lor a devenit o mare provocare pentru ei \u00een acest an. Potrivit lor, criza [&hellip;]\" \/>\n<meta property=\"og:url\" content=\"https:\/\/www.btv.md\/ro\/criza-financira-afecteaza-afacerile-cu-flori\/\" \/>\n<meta property=\"og:site_name\" content=\"BTV\" \/>\n<meta property=\"article:publisher\" content=\"https:\/\/www.facebook.com\/btvmoldova\/\" \/>\n<meta property=\"article:published_time\" content=\"2016-03-07T16:29:37+00:00\" \/>\n<meta property=\"og:image\" content=\"https:\/\/www.btv.md\/wp-content\/uploads\/2016\/03\/flori-1.png\" \/>\n\t<meta property=\"og:image:width\" content=\"1013\" \/>\n\t<meta property=\"og:image:height\" content=\"581\" \/>\n\t<meta property=\"og:image:type\" content=\"image\/png\" \/>\n<meta name=\"author\" content=\"admin\" \/>\n<meta name=\"twitter:label1\" content=\"Scris de\" \/>\n\t<meta name=\"twitter:data1\" content=\"admin\" \/>\n\t<meta name=\"twitter:label2\" content=\"Timp estimat pentru citire\" \/>\n\t<meta name=\"twitter:data2\" content=\"3 minute\" \/>\n<script type=\"application\/ld+json\" class=\"yoast-schema-graph\">{\"@context\":\"https:\\\/\\\/schema.org\",\"@graph\":[{\"@type\":\"Article\",\"@id\":\"https:\\\/\\\/www.btv.md\\\/ro\\\/criza-financira-afecteaza-afacerile-cu-flori\\\/#article\",\"isPartOf\":{\"@id\":\"https:\\\/\\\/www.btv.md\\\/ro\\\/criza-financira-afecteaza-afacerile-cu-flori\\\/\"},\"author\":{\"name\":\"admin\",\"@id\":\"https:\\\/\\\/www.btv.md\\\/#\\\/schema\\\/person\\\/8fadce81561b3ce2c34c46dadc4ccbf2\"},\"headline\":\"CRIZA FINANCIR\u0102 AFECTEAZ\u0102 AFACERILE CU FLORI\",\"datePublished\":\"2016-03-07T16:29:37+00:00\",\"mainEntityOfPage\":{\"@id\":\"https:\\\/\\\/www.btv.md\\\/ro\\\/criza-financira-afecteaza-afacerile-cu-flori\\\/\"},\"wordCount\":516,\"image\":{\"@id\":\"https:\\\/\\\/www.btv.md\\\/ro\\\/criza-financira-afecteaza-afacerile-cu-flori\\\/#primaryimage\"},\"thumbnailUrl\":\"https:\\\/\\\/www.btv.md\\\/wp-content\\\/uploads\\\/2016\\\/03\\\/flori-1.png\",\"articleSection\":[\"Ora\u0219\"],\"inLanguage\":\"ro-RO\"},{\"@type\":\"WebPage\",\"@id\":\"https:\\\/\\\/www.btv.md\\\/ro\\\/criza-financira-afecteaza-afacerile-cu-flori\\\/\",\"url\":\"https:\\\/\\\/www.btv.md\\\/ro\\\/criza-financira-afecteaza-afacerile-cu-flori\\\/\",\"name\":\"CRIZA FINANCIR\u0102 AFECTEAZ\u0102 AFACERILE CU FLORI - BTV\",\"isPartOf\":{\"@id\":\"https:\\\/\\\/www.btv.md\\\/#website\"},\"primaryImageOfPage\":{\"@id\":\"https:\\\/\\\/www.btv.md\\\/ro\\\/criza-financira-afecteaza-afacerile-cu-flori\\\/#primaryimage\"},\"image\":{\"@id\":\"https:\\\/\\\/www.btv.md\\\/ro\\\/criza-financira-afecteaza-afacerile-cu-flori\\\/#primaryimage\"},\"thumbnailUrl\":\"https:\\\/\\\/www.btv.md\\\/wp-content\\\/uploads\\\/2016\\\/03\\\/flori-1.png\",\"datePublished\":\"2016-03-07T16:29:37+00:00\",\"author\":{\"@id\":\"https:\\\/\\\/www.btv.md\\\/#\\\/schema\\\/person\\\/8fadce81561b3ce2c34c46dadc4ccbf2\"},\"inLanguage\":\"ro-RO\",\"potentialAction\":[{\"@type\":\"ReadAction\",\"target\":[\"https:\\\/\\\/www.btv.md\\\/ro\\\/criza-financira-afecteaza-afacerile-cu-flori\\\/\"]}]},{\"@type\":\"ImageObject\",\"inLanguage\":\"ro-RO\",\"@id\":\"https:\\\/\\\/www.btv.md\\\/ro\\\/criza-financira-afecteaza-afacerile-cu-flori\\\/#primaryimage\",\"url\":\"https:\\\/\\\/www.btv.md\\\/wp-content\\\/uploads\\\/2016\\\/03\\\/flori-1.png\",\"contentUrl\":\"https:\\\/\\\/www.btv.md\\\/wp-content\\\/uploads\\\/2016\\\/03\\\/flori-1.png\",\"width\":1013,\"height\":581},{\"@type\":\"WebSite\",\"@id\":\"https:\\\/\\\/www.btv.md\\\/#website\",\"url\":\"https:\\\/\\\/www.btv.md\\\/\",\"name\":\"BTV\",\"description\":\"\u0411\u0435\u043b\u044c\u0446\u043a\u043e\u0435 \u0442\u0435\u043b\u0435\u0432\u0438\u0434\u0435\u043d\u0438\u0435\",\"potentialAction\":[{\"@type\":\"SearchAction\",\"target\":{\"@type\":\"EntryPoint\",\"urlTemplate\":\"https:\\\/\\\/www.btv.md\\\/?s={search_term_string}\"},\"query-input\":{\"@type\":\"PropertyValueSpecification\",\"valueRequired\":true,\"valueName\":\"search_term_string\"}}],\"inLanguage\":\"ro-RO\"},{\"@type\":\"Person\",\"@id\":\"https:\\\/\\\/www.btv.md\\\/#\\\/schema\\\/person\\\/8fadce81561b3ce2c34c46dadc4ccbf2\",\"name\":\"admin\"}]}<\/script>\n<!-- \/ Yoast SEO plugin. -->","yoast_head_json":{"title":"CRIZA FINANCIR\u0102 AFECTEAZ\u0102 AFACERILE CU FLORI - BTV","robots":{"index":"index","follow":"follow","max-snippet":"max-snippet:-1","max-image-preview":"max-image-preview:large","max-video-preview":"max-video-preview:-1"},"canonical":"https:\/\/www.btv.md\/ro\/criza-financira-afecteaza-afacerile-cu-flori\/","og_locale":"ro_RO","og_type":"article","og_title":"CRIZA FINANCIR\u0102 AFECTEAZ\u0102 AFACERILE CU FLORI - BTV","og_description":"De opt martie, florile sunt acele plante care aduc fericirea sau provoac\u0103 z\u00e2mbetul pe fe\u021bele multor femei. P\u00e2n\u0103 a ajunge \u00een m\u00e2inele reprezentatelor sexului frumos, florile sunt crescute cu mult\u0103 trud\u0103 \u0219i r\u0103bdare de fermieri, \u00een unele sere din \u021bar\u0103. V\u00e2nzarea lor a devenit o mare provocare pentru ei \u00een acest an. Potrivit lor, criza [&hellip;]","og_url":"https:\/\/www.btv.md\/ro\/criza-financira-afecteaza-afacerile-cu-flori\/","og_site_name":"BTV","article_publisher":"https:\/\/www.facebook.com\/btvmoldova\/","article_published_time":"2016-03-07T16:29:37+00:00","og_image":[{"width":1013,"height":581,"url":"https:\/\/www.btv.md\/wp-content\/uploads\/2016\/03\/flori-1.png","type":"image\/png"}],"author":"admin","twitter_misc":{"Scris de":"admin","Timp estimat pentru citire":"3 minute"},"schema":{"@context":"https:\/\/schema.org","@graph":[{"@type":"Article","@id":"https:\/\/www.btv.md\/ro\/criza-financira-afecteaza-afacerile-cu-flori\/#article","isPartOf":{"@id":"https:\/\/www.btv.md\/ro\/criza-financira-afecteaza-afacerile-cu-flori\/"},"author":{"name":"admin","@id":"https:\/\/www.btv.md\/#\/schema\/person\/8fadce81561b3ce2c34c46dadc4ccbf2"},"headline":"CRIZA FINANCIR\u0102 AFECTEAZ\u0102 AFACERILE CU FLORI","datePublished":"2016-03-07T16:29:37+00:00","mainEntityOfPage":{"@id":"https:\/\/www.btv.md\/ro\/criza-financira-afecteaza-afacerile-cu-flori\/"},"wordCount":516,"image":{"@id":"https:\/\/www.btv.md\/ro\/criza-financira-afecteaza-afacerile-cu-flori\/#primaryimage"},"thumbnailUrl":"https:\/\/www.btv.md\/wp-content\/uploads\/2016\/03\/flori-1.png","articleSection":["Ora\u0219"],"inLanguage":"ro-RO"},{"@type":"WebPage","@id":"https:\/\/www.btv.md\/ro\/criza-financira-afecteaza-afacerile-cu-flori\/","url":"https:\/\/www.btv.md\/ro\/criza-financira-afecteaza-afacerile-cu-flori\/","name":"CRIZA FINANCIR\u0102 AFECTEAZ\u0102 AFACERILE CU FLORI - BTV","isPartOf":{"@id":"https:\/\/www.btv.md\/#website"},"primaryImageOfPage":{"@id":"https:\/\/www.btv.md\/ro\/criza-financira-afecteaza-afacerile-cu-flori\/#primaryimage"},"image":{"@id":"https:\/\/www.btv.md\/ro\/criza-financira-afecteaza-afacerile-cu-flori\/#primaryimage"},"thumbnailUrl":"https:\/\/www.btv.md\/wp-content\/uploads\/2016\/03\/flori-1.png","datePublished":"2016-03-07T16:29:37+00:00","author":{"@id":"https:\/\/www.btv.md\/#\/schema\/person\/8fadce81561b3ce2c34c46dadc4ccbf2"},"inLanguage":"ro-RO","potentialAction":[{"@type":"ReadAction","target":["https:\/\/www.btv.md\/ro\/criza-financira-afecteaza-afacerile-cu-flori\/"]}]},{"@type":"ImageObject","inLanguage":"ro-RO","@id":"https:\/\/www.btv.md\/ro\/criza-financira-afecteaza-afacerile-cu-flori\/#primaryimage","url":"https:\/\/www.btv.md\/wp-content\/uploads\/2016\/03\/flori-1.png","contentUrl":"https:\/\/www.btv.md\/wp-content\/uploads\/2016\/03\/flori-1.png","width":1013,"height":581},{"@type":"WebSite","@id":"https:\/\/www.btv.md\/#website","url":"https:\/\/www.btv.md\/","name":"BTV","description":"\u0411\u0435\u043b\u044c\u0446\u043a\u043e\u0435 \u0442\u0435\u043b\u0435\u0432\u0438\u0434\u0435\u043d\u0438\u0435","potentialAction":[{"@type":"SearchAction","target":{"@type":"EntryPoint","urlTemplate":"https:\/\/www.btv.md\/?s={search_term_string}"},"query-input":{"@type":"PropertyValueSpecification","valueRequired":true,"valueName":"search_term_string"}}],"inLanguage":"ro-RO"},{"@type":"Person","@id":"https:\/\/www.btv.md\/#\/schema\/person\/8fadce81561b3ce2c34c46dadc4ccbf2","name":"admin"}]}},"_links":{"self":[{"href":"https:\/\/www.btv.md\/ro\/wp-json\/wp\/v2\/posts\/8505","targetHints":{"allow":["GET"]}}],"collection":[{"href":"https:\/\/www.btv.md\/ro\/wp-json\/wp\/v2\/posts"}],"about":[{"href":"https:\/\/www.btv.md\/ro\/wp-json\/wp\/v2\/types\/post"}],"author":[{"embeddable":true,"href":"https:\/\/www.btv.md\/ro\/wp-json\/wp\/v2\/users\/4"}],"replies":[{"embeddable":true,"href":"https:\/\/www.btv.md\/ro\/wp-json\/wp\/v2\/comments?post=8505"}],"version-history":[{"count":0,"href":"https:\/\/www.btv.md\/ro\/wp-json\/wp\/v2\/posts\/8505\/revisions"}],"wp:featuredmedia":[{"embeddable":true,"href":"https:\/\/www.btv.md\/ro\/wp-json\/wp\/v2\/media\/8506"}],"wp:attachment":[{"href":"https:\/\/www.btv.md\/ro\/wp-json\/wp\/v2\/media?parent=8505"}],"wp:term":[{"taxonomy":"category","embeddable":true,"href":"https:\/\/www.btv.md\/ro\/wp-json\/wp\/v2\/categories?post=8505"},{"taxonomy":"post_tag","embeddable":true,"href":"https:\/\/www.btv.md\/ro\/wp-json\/wp\/v2\/tags?post=8505"}],"curies":[{"name":"wp","href":"https:\/\/api.w.org\/{rel}","templated":true}]}}