{"id":8573,"date":"2016-03-09T14:41:06","date_gmt":"2016-03-09T11:41:06","guid":{"rendered":"http:\/\/btv.md\/?p=8573"},"modified":"2016-03-09T16:17:16","modified_gmt":"2016-03-09T13:17:16","slug":"renato-usatii-a-daruit-peste-8-mii-de-lalele-femeilor-din-balti","status":"publish","type":"post","link":"https:\/\/www.btv.md\/ro\/renato-usatii-a-daruit-peste-8-mii-de-lalele-femeilor-din-balti\/","title":{"rendered":"RENATO USAT\u00ceI A D\u0102RUIT PESTE 8 MII DE LALELE FEMEILOR  DIN B\u0102L\u021aI"},"content":{"rendered":"<p><strong>Primarul de B\u0103l\u021bi, Renato Usat\u00eei \u0219i activi\u0219tii Partidului Nostru au felicitat femeile cu ocazia zilei de 8 martie. Au primit \u00een dar flori at\u00e2t doamnele \u0219i domni\u0219oarele din Pia\u021ba Vasile Alecsandri din B\u0103l\u021bi, c\u00e2t \u0219i cele din alte zone ale municipiului.  Astfel, reprezentantele sexului frumos s-au ales cu  lalele, m\u0103r\u021bi\u0219oare, felicit\u0103ri \u0219i caledare. \u00cen acest scop, edilul a cump\u0103rat opt mii de flori. <\/strong><\/p>\n<p>\u201e<em>Au fost organizate mai multe grupuri pentru a cuprinde mai multe regiuni. D\u0103ruim o felicitare, un calendar, un m\u0103r\u021bi\u0219or \u0219i o lalea<\/em>\u201d.<\/p>\n<p>\u201e<em>Din partea primarului, felicit\u0103m toate femeile din ora\u0219. Am ie\u0219it \u00een Pia\u021ba Central\u0103, la Gara de Nord, la autogar\u0103 \u0219i multe alte regiuni din ora\u0219. \u00cen total, avem aproape opt mii de flori, tot at\u00e2tea felicit\u0103ri cu m\u0103r\u021bi\u0219oare \u0219i opt mii de calendare<\/em>\u201d.<\/p>\n<p>Femeile s-au ar\u0103tat \u00eenc\u00e2ntate de gestul primarului.<\/p>\n<p>\u201e<em>Mul\u021bumesc mult lui Renato Usat\u00eei c\u0103 niciodat\u0103 nu uit\u0103 s\u0103 ne felicite cu flori, felicit\u0103ri, calendare. Surpriza a fost foarte pl\u0103cut\u0103<\/em>\u201d.<\/p>\n<p>\u201e<em>Este un gest foarte frumos. Suntem foarte bucuro\u0219i c\u0103 avem un a\u0219a primar<\/em>\u201d.<\/p>\n<p>\u201e<em>Mul\u021bumesc mult. Sunt foarte mul\u021bumit\u0103 de gestul primarului nostru<\/em>\u201d.<\/p>\n<p>Pentru Renato Usat\u00e2i a devenit o tradi\u021bie s\u0103 felicite femeile \u00een ziua de 8 martie. Anul trecut, mii de femei s-au bucurat de aceea\u0219i surpriz\u0103.<\/p>\n<p><iframe width=\"420\" height=\"315\" data-src=\"https:\/\/www.youtube.com\/embed\/NjpLYWlsOo8\" frameborder=\"0\" allowfullscreen src=\"data:image\/svg+xml;base64,PHN2ZyB3aWR0aD0iMSIgaGVpZ2h0PSIxIiB4bWxucz0iaHR0cDovL3d3dy53My5vcmcvMjAwMC9zdmciPjwvc3ZnPg==\" class=\"lazyload\" data-load-mode=\"1\"><\/iframe><\/p>\n","protected":false},"excerpt":{"rendered":"<p>Primarul de B\u0103l\u021bi, Renato Usat\u00eei \u0219i activi\u0219tii Partidului Nostru au felicitat femeile cu ocazia zilei de 8 martie. Au primit \u00een dar flori at\u00e2t doamnele \u0219i domni\u0219oarele din Pia\u021ba Vasile Alecsandri din B\u0103l\u021bi, c\u00e2t \u0219i cele din alte zone ale municipiului. Astfel, reprezentantele sexului frumos s-au ales cu lalele, m\u0103r\u021bi\u0219oare, felicit\u0103ri \u0219i caledare. \u00cen acest [&hellip;]<\/p>\n","protected":false},"author":4,"featured_media":8574,"comment_status":"closed","ping_status":"closed","sticky":false,"template":"","format":"standard","meta":{"footnotes":""},"categories":[6353],"tags":[],"class_list":["post-8573","post","type-post","status-publish","format-standard","has-post-thumbnail","hentry","category-oras"],"yoast_head":"<!-- This site is optimized with the Yoast SEO plugin v27.4 - https:\/\/yoast.com\/product\/yoast-seo-wordpress\/ -->\n<title>RENATO USAT\u00ceI A D\u0102RUIT PESTE 8 MII DE LALELE FEMEILOR DIN B\u0102L\u021aI - BTV<\/title>\n<meta name=\"robots\" content=\"index, follow, max-snippet:-1, max-image-preview:large, max-video-preview:-1\" \/>\n<link rel=\"canonical\" href=\"https:\/\/www.btv.md\/ro\/renato-usatii-a-daruit-peste-8-mii-de-lalele-femeilor-din-balti\/\" \/>\n<meta property=\"og:locale\" content=\"ro_RO\" \/>\n<meta property=\"og:type\" content=\"article\" \/>\n<meta property=\"og:title\" content=\"RENATO USAT\u00ceI A D\u0102RUIT PESTE 8 MII DE LALELE FEMEILOR DIN B\u0102L\u021aI - BTV\" \/>\n<meta property=\"og:description\" content=\"Primarul de B\u0103l\u021bi, Renato Usat\u00eei \u0219i activi\u0219tii Partidului Nostru au felicitat femeile cu ocazia zilei de 8 martie. Au primit \u00een dar flori at\u00e2t doamnele \u0219i domni\u0219oarele din Pia\u021ba Vasile Alecsandri din B\u0103l\u021bi, c\u00e2t \u0219i cele din alte zone ale municipiului. Astfel, reprezentantele sexului frumos s-au ales cu lalele, m\u0103r\u021bi\u0219oare, felicit\u0103ri \u0219i caledare. \u00cen acest [&hellip;]\" \/>\n<meta property=\"og:url\" content=\"https:\/\/www.btv.md\/ro\/renato-usatii-a-daruit-peste-8-mii-de-lalele-femeilor-din-balti\/\" \/>\n<meta property=\"og:site_name\" content=\"BTV\" \/>\n<meta property=\"article:publisher\" content=\"https:\/\/www.facebook.com\/btvmoldova\/\" \/>\n<meta property=\"article:published_time\" content=\"2016-03-09T11:41:06+00:00\" \/>\n<meta property=\"article:modified_time\" content=\"2016-03-09T13:17:16+00:00\" \/>\n<meta property=\"og:image\" content=\"https:\/\/www.btv.md\/wp-content\/uploads\/2016\/03\/FLORI-RENAT.png\" \/>\n\t<meta property=\"og:image:width\" content=\"1023\" \/>\n\t<meta property=\"og:image:height\" content=\"585\" \/>\n\t<meta property=\"og:image:type\" content=\"image\/png\" \/>\n<meta name=\"author\" content=\"admin\" \/>\n<meta name=\"twitter:label1\" content=\"Scris de\" \/>\n\t<meta name=\"twitter:data1\" content=\"admin\" \/>\n\t<meta name=\"twitter:label2\" content=\"Timp estimat pentru citire\" \/>\n\t<meta name=\"twitter:data2\" content=\"1 minut\" \/>\n<script type=\"application\/ld+json\" class=\"yoast-schema-graph\">{\"@context\":\"https:\\\/\\\/schema.org\",\"@graph\":[{\"@type\":\"Article\",\"@id\":\"https:\\\/\\\/www.btv.md\\\/ro\\\/renato-usatii-a-daruit-peste-8-mii-de-lalele-femeilor-din-balti\\\/#article\",\"isPartOf\":{\"@id\":\"https:\\\/\\\/www.btv.md\\\/ro\\\/renato-usatii-a-daruit-peste-8-mii-de-lalele-femeilor-din-balti\\\/\"},\"author\":{\"name\":\"admin\",\"@id\":\"https:\\\/\\\/www.btv.md\\\/#\\\/schema\\\/person\\\/8fadce81561b3ce2c34c46dadc4ccbf2\"},\"headline\":\"RENATO USAT\u00ceI A D\u0102RUIT PESTE 8 MII DE LALELE FEMEILOR DIN B\u0102L\u021aI\",\"datePublished\":\"2016-03-09T11:41:06+00:00\",\"dateModified\":\"2016-03-09T13:17:16+00:00\",\"mainEntityOfPage\":{\"@id\":\"https:\\\/\\\/www.btv.md\\\/ro\\\/renato-usatii-a-daruit-peste-8-mii-de-lalele-femeilor-din-balti\\\/\"},\"wordCount\":256,\"image\":{\"@id\":\"https:\\\/\\\/www.btv.md\\\/ro\\\/renato-usatii-a-daruit-peste-8-mii-de-lalele-femeilor-din-balti\\\/#primaryimage\"},\"thumbnailUrl\":\"https:\\\/\\\/www.btv.md\\\/wp-content\\\/uploads\\\/2016\\\/03\\\/FLORI-RENAT.png\",\"articleSection\":[\"Ora\u0219\"],\"inLanguage\":\"ro-RO\"},{\"@type\":\"WebPage\",\"@id\":\"https:\\\/\\\/www.btv.md\\\/ro\\\/renato-usatii-a-daruit-peste-8-mii-de-lalele-femeilor-din-balti\\\/\",\"url\":\"https:\\\/\\\/www.btv.md\\\/ro\\\/renato-usatii-a-daruit-peste-8-mii-de-lalele-femeilor-din-balti\\\/\",\"name\":\"RENATO USAT\u00ceI A D\u0102RUIT PESTE 8 MII DE LALELE FEMEILOR DIN B\u0102L\u021aI - BTV\",\"isPartOf\":{\"@id\":\"https:\\\/\\\/www.btv.md\\\/#website\"},\"primaryImageOfPage\":{\"@id\":\"https:\\\/\\\/www.btv.md\\\/ro\\\/renato-usatii-a-daruit-peste-8-mii-de-lalele-femeilor-din-balti\\\/#primaryimage\"},\"image\":{\"@id\":\"https:\\\/\\\/www.btv.md\\\/ro\\\/renato-usatii-a-daruit-peste-8-mii-de-lalele-femeilor-din-balti\\\/#primaryimage\"},\"thumbnailUrl\":\"https:\\\/\\\/www.btv.md\\\/wp-content\\\/uploads\\\/2016\\\/03\\\/FLORI-RENAT.png\",\"datePublished\":\"2016-03-09T11:41:06+00:00\",\"dateModified\":\"2016-03-09T13:17:16+00:00\",\"author\":{\"@id\":\"https:\\\/\\\/www.btv.md\\\/#\\\/schema\\\/person\\\/8fadce81561b3ce2c34c46dadc4ccbf2\"},\"inLanguage\":\"ro-RO\",\"potentialAction\":[{\"@type\":\"ReadAction\",\"target\":[\"https:\\\/\\\/www.btv.md\\\/ro\\\/renato-usatii-a-daruit-peste-8-mii-de-lalele-femeilor-din-balti\\\/\"]}]},{\"@type\":\"ImageObject\",\"inLanguage\":\"ro-RO\",\"@id\":\"https:\\\/\\\/www.btv.md\\\/ro\\\/renato-usatii-a-daruit-peste-8-mii-de-lalele-femeilor-din-balti\\\/#primaryimage\",\"url\":\"https:\\\/\\\/www.btv.md\\\/wp-content\\\/uploads\\\/2016\\\/03\\\/FLORI-RENAT.png\",\"contentUrl\":\"https:\\\/\\\/www.btv.md\\\/wp-content\\\/uploads\\\/2016\\\/03\\\/FLORI-RENAT.png\",\"width\":1023,\"height\":585},{\"@type\":\"WebSite\",\"@id\":\"https:\\\/\\\/www.btv.md\\\/#website\",\"url\":\"https:\\\/\\\/www.btv.md\\\/\",\"name\":\"BTV\",\"description\":\"\u0411\u0435\u043b\u044c\u0446\u043a\u043e\u0435 \u0442\u0435\u043b\u0435\u0432\u0438\u0434\u0435\u043d\u0438\u0435\",\"potentialAction\":[{\"@type\":\"SearchAction\",\"target\":{\"@type\":\"EntryPoint\",\"urlTemplate\":\"https:\\\/\\\/www.btv.md\\\/?s={search_term_string}\"},\"query-input\":{\"@type\":\"PropertyValueSpecification\",\"valueRequired\":true,\"valueName\":\"search_term_string\"}}],\"inLanguage\":\"ro-RO\"},{\"@type\":\"Person\",\"@id\":\"https:\\\/\\\/www.btv.md\\\/#\\\/schema\\\/person\\\/8fadce81561b3ce2c34c46dadc4ccbf2\",\"name\":\"admin\"}]}<\/script>\n<!-- \/ Yoast SEO plugin. -->","yoast_head_json":{"title":"RENATO USAT\u00ceI A D\u0102RUIT PESTE 8 MII DE LALELE FEMEILOR DIN B\u0102L\u021aI - BTV","robots":{"index":"index","follow":"follow","max-snippet":"max-snippet:-1","max-image-preview":"max-image-preview:large","max-video-preview":"max-video-preview:-1"},"canonical":"https:\/\/www.btv.md\/ro\/renato-usatii-a-daruit-peste-8-mii-de-lalele-femeilor-din-balti\/","og_locale":"ro_RO","og_type":"article","og_title":"RENATO USAT\u00ceI A D\u0102RUIT PESTE 8 MII DE LALELE FEMEILOR DIN B\u0102L\u021aI - BTV","og_description":"Primarul de B\u0103l\u021bi, Renato Usat\u00eei \u0219i activi\u0219tii Partidului Nostru au felicitat femeile cu ocazia zilei de 8 martie. Au primit \u00een dar flori at\u00e2t doamnele \u0219i domni\u0219oarele din Pia\u021ba Vasile Alecsandri din B\u0103l\u021bi, c\u00e2t \u0219i cele din alte zone ale municipiului. Astfel, reprezentantele sexului frumos s-au ales cu lalele, m\u0103r\u021bi\u0219oare, felicit\u0103ri \u0219i caledare. \u00cen acest [&hellip;]","og_url":"https:\/\/www.btv.md\/ro\/renato-usatii-a-daruit-peste-8-mii-de-lalele-femeilor-din-balti\/","og_site_name":"BTV","article_publisher":"https:\/\/www.facebook.com\/btvmoldova\/","article_published_time":"2016-03-09T11:41:06+00:00","article_modified_time":"2016-03-09T13:17:16+00:00","og_image":[{"width":1023,"height":585,"url":"https:\/\/www.btv.md\/wp-content\/uploads\/2016\/03\/FLORI-RENAT.png","type":"image\/png"}],"author":"admin","twitter_misc":{"Scris de":"admin","Timp estimat pentru citire":"1 minut"},"schema":{"@context":"https:\/\/schema.org","@graph":[{"@type":"Article","@id":"https:\/\/www.btv.md\/ro\/renato-usatii-a-daruit-peste-8-mii-de-lalele-femeilor-din-balti\/#article","isPartOf":{"@id":"https:\/\/www.btv.md\/ro\/renato-usatii-a-daruit-peste-8-mii-de-lalele-femeilor-din-balti\/"},"author":{"name":"admin","@id":"https:\/\/www.btv.md\/#\/schema\/person\/8fadce81561b3ce2c34c46dadc4ccbf2"},"headline":"RENATO USAT\u00ceI A D\u0102RUIT PESTE 8 MII DE LALELE FEMEILOR DIN B\u0102L\u021aI","datePublished":"2016-03-09T11:41:06+00:00","dateModified":"2016-03-09T13:17:16+00:00","mainEntityOfPage":{"@id":"https:\/\/www.btv.md\/ro\/renato-usatii-a-daruit-peste-8-mii-de-lalele-femeilor-din-balti\/"},"wordCount":256,"image":{"@id":"https:\/\/www.btv.md\/ro\/renato-usatii-a-daruit-peste-8-mii-de-lalele-femeilor-din-balti\/#primaryimage"},"thumbnailUrl":"https:\/\/www.btv.md\/wp-content\/uploads\/2016\/03\/FLORI-RENAT.png","articleSection":["Ora\u0219"],"inLanguage":"ro-RO"},{"@type":"WebPage","@id":"https:\/\/www.btv.md\/ro\/renato-usatii-a-daruit-peste-8-mii-de-lalele-femeilor-din-balti\/","url":"https:\/\/www.btv.md\/ro\/renato-usatii-a-daruit-peste-8-mii-de-lalele-femeilor-din-balti\/","name":"RENATO USAT\u00ceI A D\u0102RUIT PESTE 8 MII DE LALELE FEMEILOR DIN B\u0102L\u021aI - BTV","isPartOf":{"@id":"https:\/\/www.btv.md\/#website"},"primaryImageOfPage":{"@id":"https:\/\/www.btv.md\/ro\/renato-usatii-a-daruit-peste-8-mii-de-lalele-femeilor-din-balti\/#primaryimage"},"image":{"@id":"https:\/\/www.btv.md\/ro\/renato-usatii-a-daruit-peste-8-mii-de-lalele-femeilor-din-balti\/#primaryimage"},"thumbnailUrl":"https:\/\/www.btv.md\/wp-content\/uploads\/2016\/03\/FLORI-RENAT.png","datePublished":"2016-03-09T11:41:06+00:00","dateModified":"2016-03-09T13:17:16+00:00","author":{"@id":"https:\/\/www.btv.md\/#\/schema\/person\/8fadce81561b3ce2c34c46dadc4ccbf2"},"inLanguage":"ro-RO","potentialAction":[{"@type":"ReadAction","target":["https:\/\/www.btv.md\/ro\/renato-usatii-a-daruit-peste-8-mii-de-lalele-femeilor-din-balti\/"]}]},{"@type":"ImageObject","inLanguage":"ro-RO","@id":"https:\/\/www.btv.md\/ro\/renato-usatii-a-daruit-peste-8-mii-de-lalele-femeilor-din-balti\/#primaryimage","url":"https:\/\/www.btv.md\/wp-content\/uploads\/2016\/03\/FLORI-RENAT.png","contentUrl":"https:\/\/www.btv.md\/wp-content\/uploads\/2016\/03\/FLORI-RENAT.png","width":1023,"height":585},{"@type":"WebSite","@id":"https:\/\/www.btv.md\/#website","url":"https:\/\/www.btv.md\/","name":"BTV","description":"\u0411\u0435\u043b\u044c\u0446\u043a\u043e\u0435 \u0442\u0435\u043b\u0435\u0432\u0438\u0434\u0435\u043d\u0438\u0435","potentialAction":[{"@type":"SearchAction","target":{"@type":"EntryPoint","urlTemplate":"https:\/\/www.btv.md\/?s={search_term_string}"},"query-input":{"@type":"PropertyValueSpecification","valueRequired":true,"valueName":"search_term_string"}}],"inLanguage":"ro-RO"},{"@type":"Person","@id":"https:\/\/www.btv.md\/#\/schema\/person\/8fadce81561b3ce2c34c46dadc4ccbf2","name":"admin"}]}},"_links":{"self":[{"href":"https:\/\/www.btv.md\/ro\/wp-json\/wp\/v2\/posts\/8573","targetHints":{"allow":["GET"]}}],"collection":[{"href":"https:\/\/www.btv.md\/ro\/wp-json\/wp\/v2\/posts"}],"about":[{"href":"https:\/\/www.btv.md\/ro\/wp-json\/wp\/v2\/types\/post"}],"author":[{"embeddable":true,"href":"https:\/\/www.btv.md\/ro\/wp-json\/wp\/v2\/users\/4"}],"replies":[{"embeddable":true,"href":"https:\/\/www.btv.md\/ro\/wp-json\/wp\/v2\/comments?post=8573"}],"version-history":[{"count":0,"href":"https:\/\/www.btv.md\/ro\/wp-json\/wp\/v2\/posts\/8573\/revisions"}],"wp:featuredmedia":[{"embeddable":true,"href":"https:\/\/www.btv.md\/ro\/wp-json\/wp\/v2\/media\/8574"}],"wp:attachment":[{"href":"https:\/\/www.btv.md\/ro\/wp-json\/wp\/v2\/media?parent=8573"}],"wp:term":[{"taxonomy":"category","embeddable":true,"href":"https:\/\/www.btv.md\/ro\/wp-json\/wp\/v2\/categories?post=8573"},{"taxonomy":"post_tag","embeddable":true,"href":"https:\/\/www.btv.md\/ro\/wp-json\/wp\/v2\/tags?post=8573"}],"curies":[{"name":"wp","href":"https:\/\/api.w.org\/{rel}","templated":true}]}}