{"id":8580,"date":"2016-03-09T13:36:48","date_gmt":"2016-03-09T10:36:48","guid":{"rendered":"http:\/\/btv.md\/?p=8580"},"modified":"2016-03-09T13:36:48","modified_gmt":"2016-03-09T10:36:48","slug":"republica-moldova-a-mai-pierdut-un-dosar-la-cedo","status":"publish","type":"post","link":"https:\/\/www.btv.md\/ro\/republica-moldova-a-mai-pierdut-un-dosar-la-cedo\/","title":{"rendered":"REPUBLICA MOLDOVA A MAI PIERDUT UN DOSAR LA CEDO"},"content":{"rendered":"<p><strong>Republica Moldova a mai pierdut un dosar la Curtea European\u0103 pentru Drepturile Omului. Este cazul cet\u0103\u021beanului Republicii Moldova, Oleg Morari  care  a fost condamnat pentru ob\u021binerea un pa\u0219aport rom\u00e2nesc fals. Condamnarea sa a fost bazat\u0103 pe probe ob\u021binute \u00een timpul unei opera\u021biuni sub acoperire efectuate de poli\u021bie. \u00cen opinia Cur\u021bii, reclamantul a fost provocat s\u0103 comit\u0103 fapta penal\u0103, pentru care a fost condamnat.<\/strong><\/p>\n<p>Potrvit informa\u021biilor publicate pe site-ul Juri\u0219tilor pentru drepturile omului \u00een ianuarie 2008, poli\u021bia din municipiului B\u0103l\u021bi a plasat un anun\u021b \u00eentr-un ziar cu privire la solicitarea ajutorului \u00een ob\u021binerea pa\u0219apoartelor rom\u00e2ne\u0219ti, la care reclamantul a r\u0103spuns cu un apel telefonic. Ca urmare a acelui apel, reclamantul s-a \u00eent\u00e2lnit cu un agent sub acoperire. Dup\u0103 \u00eentrevedere  cei doi  au c\u0103zut de acord s\u0103 se anun\u021be reciproc \u00een cazul \u00een care g\u0103sesc o modalitate mai u\u0219oar\u0103 de a ob\u021bine pa\u0219aportul. Dup\u0103 ce a fost sunat peste c\u00e2teva s\u0103pt\u0103m\u00e2ni de agentul sub acoperire, Oleg Morari i-a r\u0103spuns c\u0103 a g\u0103sit o persoan\u0103 care i-ar putea ajuta s\u0103 ob\u021bin\u0103 actele de identitate. Poli\u021bistul a refuzat s\u0103 contacteze persoana care presta servicii de ob\u021binerea a pa\u0219apoartelor rom\u00e2ne\u0219ti. \u00cen schimb, agentul sub acoperire i-a propus reclamatului ca persoana responsabil\u0103 falsificarea actelor de identitate s\u0103 fie sunat\u0103 de un coleg \u0219i s\u0103 ac\u021bioneze \u00een calitate de intermediar \u00een acest aranjament.<\/p>\n<p>La realizarea tranzac\u021biei din aprilie 2008, reclamantul a fost re\u021binut de poli\u021bie.<\/p>\n<p>Prima instan\u021b\u0103 nu a luat \u00een considerare argumentele reclamantului cu privire la \u00eenscenarea ac\u021biunilor. Celelalte dou\u0103 instan\u021be superioare, care au examinat apelul \u0219i recursul \u00een martie 2009 \u0219i iulie 2009 au examinat afirma\u021biile lui Morari drept o provocare din partea sa. Curtea de Apel \u0219i Curtea Suprem\u0103 de Justi\u021bie \u0219i-au argumenta deciziile  pe motiv c\u0103 Oleg Morari a fost primul care a telefonat pe num\u0103rul indicat \u00een anun\u021bul din ziar. Instan\u021bele au refuzat de a audia agen\u021bii sub acoperire.<\/p>\n<p>\u00cen opinia Cur\u021bii era primordial, \u00een circumstan\u021bele din spe\u021b\u0103, de a audia agen\u021bii provocatori, pentru a examina \u00een mod corespunz\u0103tor chestiunea provoc\u0103rii invocat\u0103 de reclamant. Totu\u0219i instan\u021bele na\u021bionale au omis aceast\u0103 audiere. Curtea a reamintit, c\u0103 cerin\u021ba general\u0103 este ca agen\u021bii sub acoperire \u0219i alte persoane ce pot m\u0103rturisi \u00een privin\u021ba provoc\u0103rii trebuie audia\u021bi \u00een instan\u021b\u0103 \u0219i intervieva\u021bi de ap\u0103rare, sau cel pu\u021bin omisiunea audierii trebuie motivat\u0103 detaliat.<\/p>\n<p>Curtea a acordat reclamantului cu titlul de prejudiciu moral suma de trei mii 500 de euro \u0219i peste 1800 de euro pentru  costuri \u0219i cheltuieli.<\/p>\n<p><iframe width=\"420\" height=\"315\" data-src=\"https:\/\/www.youtube.com\/embed\/6whuQSvyUA0\" frameborder=\"0\" allowfullscreen src=\"data:image\/svg+xml;base64,PHN2ZyB3aWR0aD0iMSIgaGVpZ2h0PSIxIiB4bWxucz0iaHR0cDovL3d3dy53My5vcmcvMjAwMC9zdmciPjwvc3ZnPg==\" class=\"lazyload\" data-load-mode=\"1\"><\/iframe><\/p>\n","protected":false},"excerpt":{"rendered":"<p>Republica Moldova a mai pierdut un dosar la Curtea European\u0103 pentru Drepturile Omului. Este cazul cet\u0103\u021beanului Republicii Moldova, Oleg Morari care a fost condamnat pentru ob\u021binerea un pa\u0219aport rom\u00e2nesc fals. Condamnarea sa a fost bazat\u0103 pe probe ob\u021binute \u00een timpul unei opera\u021biuni sub acoperire efectuate de poli\u021bie. \u00cen opinia Cur\u021bii, reclamantul a fost provocat s\u0103 [&hellip;]<\/p>\n","protected":false},"author":4,"featured_media":8581,"comment_status":"closed","ping_status":"closed","sticky":false,"template":"","format":"standard","meta":{"footnotes":""},"categories":[6349],"tags":[],"class_list":["post-8580","post","type-post","status-publish","format-standard","has-post-thumbnail","hentry","category-social"],"yoast_head":"<!-- This site is optimized with the Yoast SEO plugin v27.4 - https:\/\/yoast.com\/product\/yoast-seo-wordpress\/ -->\n<title>REPUBLICA MOLDOVA A MAI PIERDUT UN DOSAR LA CEDO - BTV<\/title>\n<meta name=\"robots\" content=\"index, follow, max-snippet:-1, max-image-preview:large, max-video-preview:-1\" \/>\n<link rel=\"canonical\" href=\"https:\/\/www.btv.md\/ro\/republica-moldova-a-mai-pierdut-un-dosar-la-cedo\/\" \/>\n<meta property=\"og:locale\" content=\"ro_RO\" \/>\n<meta property=\"og:type\" content=\"article\" \/>\n<meta property=\"og:title\" content=\"REPUBLICA MOLDOVA A MAI PIERDUT UN DOSAR LA CEDO - BTV\" \/>\n<meta property=\"og:description\" content=\"Republica Moldova a mai pierdut un dosar la Curtea European\u0103 pentru Drepturile Omului. Este cazul cet\u0103\u021beanului Republicii Moldova, Oleg Morari care a fost condamnat pentru ob\u021binerea un pa\u0219aport rom\u00e2nesc fals. Condamnarea sa a fost bazat\u0103 pe probe ob\u021binute \u00een timpul unei opera\u021biuni sub acoperire efectuate de poli\u021bie. \u00cen opinia Cur\u021bii, reclamantul a fost provocat s\u0103 [&hellip;]\" \/>\n<meta property=\"og:url\" content=\"https:\/\/www.btv.md\/ro\/republica-moldova-a-mai-pierdut-un-dosar-la-cedo\/\" \/>\n<meta property=\"og:site_name\" content=\"BTV\" \/>\n<meta property=\"article:publisher\" content=\"https:\/\/www.facebook.com\/btvmoldova\/\" \/>\n<meta property=\"article:published_time\" content=\"2016-03-09T10:36:48+00:00\" \/>\n<meta property=\"og:image\" content=\"https:\/\/www.btv.md\/wp-content\/uploads\/2016\/03\/media_139765101203154500.jpg\" \/>\n\t<meta property=\"og:image:width\" content=\"619\" \/>\n\t<meta property=\"og:image:height\" content=\"429\" \/>\n\t<meta property=\"og:image:type\" content=\"image\/jpeg\" \/>\n<meta name=\"author\" content=\"admin\" \/>\n<meta name=\"twitter:label1\" content=\"Scris de\" \/>\n\t<meta name=\"twitter:data1\" content=\"admin\" \/>\n\t<meta name=\"twitter:label2\" content=\"Timp estimat pentru citire\" \/>\n\t<meta name=\"twitter:data2\" content=\"2 minute\" \/>\n<script type=\"application\/ld+json\" class=\"yoast-schema-graph\">{\"@context\":\"https:\\\/\\\/schema.org\",\"@graph\":[{\"@type\":\"Article\",\"@id\":\"https:\\\/\\\/www.btv.md\\\/ro\\\/republica-moldova-a-mai-pierdut-un-dosar-la-cedo\\\/#article\",\"isPartOf\":{\"@id\":\"https:\\\/\\\/www.btv.md\\\/ro\\\/republica-moldova-a-mai-pierdut-un-dosar-la-cedo\\\/\"},\"author\":{\"name\":\"admin\",\"@id\":\"https:\\\/\\\/www.btv.md\\\/#\\\/schema\\\/person\\\/8fadce81561b3ce2c34c46dadc4ccbf2\"},\"headline\":\"REPUBLICA MOLDOVA A MAI PIERDUT UN DOSAR LA CEDO\",\"datePublished\":\"2016-03-09T10:36:48+00:00\",\"mainEntityOfPage\":{\"@id\":\"https:\\\/\\\/www.btv.md\\\/ro\\\/republica-moldova-a-mai-pierdut-un-dosar-la-cedo\\\/\"},\"wordCount\":469,\"image\":{\"@id\":\"https:\\\/\\\/www.btv.md\\\/ro\\\/republica-moldova-a-mai-pierdut-un-dosar-la-cedo\\\/#primaryimage\"},\"thumbnailUrl\":\"https:\\\/\\\/www.btv.md\\\/wp-content\\\/uploads\\\/2016\\\/03\\\/media_139765101203154500.jpg\",\"articleSection\":[\"Social\"],\"inLanguage\":\"ro-RO\"},{\"@type\":\"WebPage\",\"@id\":\"https:\\\/\\\/www.btv.md\\\/ro\\\/republica-moldova-a-mai-pierdut-un-dosar-la-cedo\\\/\",\"url\":\"https:\\\/\\\/www.btv.md\\\/ro\\\/republica-moldova-a-mai-pierdut-un-dosar-la-cedo\\\/\",\"name\":\"REPUBLICA MOLDOVA A MAI PIERDUT UN DOSAR LA CEDO - BTV\",\"isPartOf\":{\"@id\":\"https:\\\/\\\/www.btv.md\\\/#website\"},\"primaryImageOfPage\":{\"@id\":\"https:\\\/\\\/www.btv.md\\\/ro\\\/republica-moldova-a-mai-pierdut-un-dosar-la-cedo\\\/#primaryimage\"},\"image\":{\"@id\":\"https:\\\/\\\/www.btv.md\\\/ro\\\/republica-moldova-a-mai-pierdut-un-dosar-la-cedo\\\/#primaryimage\"},\"thumbnailUrl\":\"https:\\\/\\\/www.btv.md\\\/wp-content\\\/uploads\\\/2016\\\/03\\\/media_139765101203154500.jpg\",\"datePublished\":\"2016-03-09T10:36:48+00:00\",\"author\":{\"@id\":\"https:\\\/\\\/www.btv.md\\\/#\\\/schema\\\/person\\\/8fadce81561b3ce2c34c46dadc4ccbf2\"},\"inLanguage\":\"ro-RO\",\"potentialAction\":[{\"@type\":\"ReadAction\",\"target\":[\"https:\\\/\\\/www.btv.md\\\/ro\\\/republica-moldova-a-mai-pierdut-un-dosar-la-cedo\\\/\"]}]},{\"@type\":\"ImageObject\",\"inLanguage\":\"ro-RO\",\"@id\":\"https:\\\/\\\/www.btv.md\\\/ro\\\/republica-moldova-a-mai-pierdut-un-dosar-la-cedo\\\/#primaryimage\",\"url\":\"https:\\\/\\\/www.btv.md\\\/wp-content\\\/uploads\\\/2016\\\/03\\\/media_139765101203154500.jpg\",\"contentUrl\":\"https:\\\/\\\/www.btv.md\\\/wp-content\\\/uploads\\\/2016\\\/03\\\/media_139765101203154500.jpg\",\"width\":619,\"height\":429,\"caption\":\"www.realitatea.md\"},{\"@type\":\"WebSite\",\"@id\":\"https:\\\/\\\/www.btv.md\\\/#website\",\"url\":\"https:\\\/\\\/www.btv.md\\\/\",\"name\":\"BTV\",\"description\":\"\u0411\u0435\u043b\u044c\u0446\u043a\u043e\u0435 \u0442\u0435\u043b\u0435\u0432\u0438\u0434\u0435\u043d\u0438\u0435\",\"potentialAction\":[{\"@type\":\"SearchAction\",\"target\":{\"@type\":\"EntryPoint\",\"urlTemplate\":\"https:\\\/\\\/www.btv.md\\\/?s={search_term_string}\"},\"query-input\":{\"@type\":\"PropertyValueSpecification\",\"valueRequired\":true,\"valueName\":\"search_term_string\"}}],\"inLanguage\":\"ro-RO\"},{\"@type\":\"Person\",\"@id\":\"https:\\\/\\\/www.btv.md\\\/#\\\/schema\\\/person\\\/8fadce81561b3ce2c34c46dadc4ccbf2\",\"name\":\"admin\"}]}<\/script>\n<!-- \/ Yoast SEO plugin. -->","yoast_head_json":{"title":"REPUBLICA MOLDOVA A MAI PIERDUT UN DOSAR LA CEDO - BTV","robots":{"index":"index","follow":"follow","max-snippet":"max-snippet:-1","max-image-preview":"max-image-preview:large","max-video-preview":"max-video-preview:-1"},"canonical":"https:\/\/www.btv.md\/ro\/republica-moldova-a-mai-pierdut-un-dosar-la-cedo\/","og_locale":"ro_RO","og_type":"article","og_title":"REPUBLICA MOLDOVA A MAI PIERDUT UN DOSAR LA CEDO - BTV","og_description":"Republica Moldova a mai pierdut un dosar la Curtea European\u0103 pentru Drepturile Omului. Este cazul cet\u0103\u021beanului Republicii Moldova, Oleg Morari care a fost condamnat pentru ob\u021binerea un pa\u0219aport rom\u00e2nesc fals. Condamnarea sa a fost bazat\u0103 pe probe ob\u021binute \u00een timpul unei opera\u021biuni sub acoperire efectuate de poli\u021bie. \u00cen opinia Cur\u021bii, reclamantul a fost provocat s\u0103 [&hellip;]","og_url":"https:\/\/www.btv.md\/ro\/republica-moldova-a-mai-pierdut-un-dosar-la-cedo\/","og_site_name":"BTV","article_publisher":"https:\/\/www.facebook.com\/btvmoldova\/","article_published_time":"2016-03-09T10:36:48+00:00","og_image":[{"width":619,"height":429,"url":"https:\/\/www.btv.md\/wp-content\/uploads\/2016\/03\/media_139765101203154500.jpg","type":"image\/jpeg"}],"author":"admin","twitter_misc":{"Scris de":"admin","Timp estimat pentru citire":"2 minute"},"schema":{"@context":"https:\/\/schema.org","@graph":[{"@type":"Article","@id":"https:\/\/www.btv.md\/ro\/republica-moldova-a-mai-pierdut-un-dosar-la-cedo\/#article","isPartOf":{"@id":"https:\/\/www.btv.md\/ro\/republica-moldova-a-mai-pierdut-un-dosar-la-cedo\/"},"author":{"name":"admin","@id":"https:\/\/www.btv.md\/#\/schema\/person\/8fadce81561b3ce2c34c46dadc4ccbf2"},"headline":"REPUBLICA MOLDOVA A MAI PIERDUT UN DOSAR LA CEDO","datePublished":"2016-03-09T10:36:48+00:00","mainEntityOfPage":{"@id":"https:\/\/www.btv.md\/ro\/republica-moldova-a-mai-pierdut-un-dosar-la-cedo\/"},"wordCount":469,"image":{"@id":"https:\/\/www.btv.md\/ro\/republica-moldova-a-mai-pierdut-un-dosar-la-cedo\/#primaryimage"},"thumbnailUrl":"https:\/\/www.btv.md\/wp-content\/uploads\/2016\/03\/media_139765101203154500.jpg","articleSection":["Social"],"inLanguage":"ro-RO"},{"@type":"WebPage","@id":"https:\/\/www.btv.md\/ro\/republica-moldova-a-mai-pierdut-un-dosar-la-cedo\/","url":"https:\/\/www.btv.md\/ro\/republica-moldova-a-mai-pierdut-un-dosar-la-cedo\/","name":"REPUBLICA MOLDOVA A MAI PIERDUT UN DOSAR LA CEDO - BTV","isPartOf":{"@id":"https:\/\/www.btv.md\/#website"},"primaryImageOfPage":{"@id":"https:\/\/www.btv.md\/ro\/republica-moldova-a-mai-pierdut-un-dosar-la-cedo\/#primaryimage"},"image":{"@id":"https:\/\/www.btv.md\/ro\/republica-moldova-a-mai-pierdut-un-dosar-la-cedo\/#primaryimage"},"thumbnailUrl":"https:\/\/www.btv.md\/wp-content\/uploads\/2016\/03\/media_139765101203154500.jpg","datePublished":"2016-03-09T10:36:48+00:00","author":{"@id":"https:\/\/www.btv.md\/#\/schema\/person\/8fadce81561b3ce2c34c46dadc4ccbf2"},"inLanguage":"ro-RO","potentialAction":[{"@type":"ReadAction","target":["https:\/\/www.btv.md\/ro\/republica-moldova-a-mai-pierdut-un-dosar-la-cedo\/"]}]},{"@type":"ImageObject","inLanguage":"ro-RO","@id":"https:\/\/www.btv.md\/ro\/republica-moldova-a-mai-pierdut-un-dosar-la-cedo\/#primaryimage","url":"https:\/\/www.btv.md\/wp-content\/uploads\/2016\/03\/media_139765101203154500.jpg","contentUrl":"https:\/\/www.btv.md\/wp-content\/uploads\/2016\/03\/media_139765101203154500.jpg","width":619,"height":429,"caption":"www.realitatea.md"},{"@type":"WebSite","@id":"https:\/\/www.btv.md\/#website","url":"https:\/\/www.btv.md\/","name":"BTV","description":"\u0411\u0435\u043b\u044c\u0446\u043a\u043e\u0435 \u0442\u0435\u043b\u0435\u0432\u0438\u0434\u0435\u043d\u0438\u0435","potentialAction":[{"@type":"SearchAction","target":{"@type":"EntryPoint","urlTemplate":"https:\/\/www.btv.md\/?s={search_term_string}"},"query-input":{"@type":"PropertyValueSpecification","valueRequired":true,"valueName":"search_term_string"}}],"inLanguage":"ro-RO"},{"@type":"Person","@id":"https:\/\/www.btv.md\/#\/schema\/person\/8fadce81561b3ce2c34c46dadc4ccbf2","name":"admin"}]}},"_links":{"self":[{"href":"https:\/\/www.btv.md\/ro\/wp-json\/wp\/v2\/posts\/8580","targetHints":{"allow":["GET"]}}],"collection":[{"href":"https:\/\/www.btv.md\/ro\/wp-json\/wp\/v2\/posts"}],"about":[{"href":"https:\/\/www.btv.md\/ro\/wp-json\/wp\/v2\/types\/post"}],"author":[{"embeddable":true,"href":"https:\/\/www.btv.md\/ro\/wp-json\/wp\/v2\/users\/4"}],"replies":[{"embeddable":true,"href":"https:\/\/www.btv.md\/ro\/wp-json\/wp\/v2\/comments?post=8580"}],"version-history":[{"count":0,"href":"https:\/\/www.btv.md\/ro\/wp-json\/wp\/v2\/posts\/8580\/revisions"}],"wp:featuredmedia":[{"embeddable":true,"href":"https:\/\/www.btv.md\/ro\/wp-json\/wp\/v2\/media\/8581"}],"wp:attachment":[{"href":"https:\/\/www.btv.md\/ro\/wp-json\/wp\/v2\/media?parent=8580"}],"wp:term":[{"taxonomy":"category","embeddable":true,"href":"https:\/\/www.btv.md\/ro\/wp-json\/wp\/v2\/categories?post=8580"},{"taxonomy":"post_tag","embeddable":true,"href":"https:\/\/www.btv.md\/ro\/wp-json\/wp\/v2\/tags?post=8580"}],"curies":[{"name":"wp","href":"https:\/\/api.w.org\/{rel}","templated":true}]}}