{"id":8586,"date":"2016-03-09T14:10:16","date_gmt":"2016-03-09T11:10:16","guid":{"rendered":"http:\/\/btv.md\/?p=8586"},"modified":"2016-03-09T14:10:16","modified_gmt":"2016-03-09T11:10:16","slug":"batalie-pentru-gestionarea-fondului-rutier","status":"publish","type":"post","link":"https:\/\/www.btv.md\/ro\/batalie-pentru-gestionarea-fondului-rutier\/","title":{"rendered":"B\u0102T\u0102LIE PENTRU  GESTIONAREA  FONDULUI  RUTIER"},"content":{"rendered":"<p><strong>B\u0103t\u0103lie dur\u0103 \u00eentre autorit\u0103\u021bile centrale \u0219i cele locale privind modul de distribuire a resurselor din Fondul Rutier. La mijloc sunt miliarde de lei, noteaz\u0103 mold-street.com citat de <a href=\"http:\/\/unimedia.info\/stiri\/batalie-intre-autoritatile-locale-si-cele-centrale-pentru-gestionarea-fondului-rutier-110908.html\" target=\"_blank\"> UNIMEDIA<\/a>.<\/strong><\/p>\n<p>Congresul Autorit\u0103\u021bilor Locale (CALM) critic\u0103 dur atitudinea Ministerului Transporturilor \u0219i Infrastructurii Drumurilor \u00een privin\u021ba administr\u0103rii banilor ce sunt destina\u021bi repara\u021biei \u0219i \u00eentre\u021binerii drumurilor.<\/p>\n<p>\u201e<em>De\u0219i MTID opereaz\u0103 cu no\u021biuni de echitate \u0219i corectitudine \u00een distribuirea Fondului Rutier, \u00een realitate, modelul propus este profund injust. Acesta prevede c\u0103 doar 10% din tot fondul va  ajunge \u00een satele \u0219i ora\u0219ele noastre. \u00cen rest 20% vor merge c\u0103tre raioane \u0219i &#8230; aten\u021bie! 70% vor fi administrate de MTID<\/em>\u201d, se arat\u0103 \u00eentr-o declara\u021bie a CALM. <\/p>\n<p>\u00cen replic\u0103 Ministerul a emis o not\u0103 \u00een care \u00ee\u0219i exprim\u0103 pozi\u021bia fa\u021b\u0103 de aceast\u0103 chestiune, not\u00e2nd c\u0103 opiniile exprimate de c\u0103tre conducerea CALM sunt speculative \u0219i denot\u0103 o abordare \u201eunilateral\u0103\u201d. <\/p>\n","protected":false},"excerpt":{"rendered":"<p>B\u0103t\u0103lie dur\u0103 \u00eentre autorit\u0103\u021bile centrale \u0219i cele locale privind modul de distribuire a resurselor din Fondul Rutier. La mijloc sunt miliarde de lei, noteaz\u0103 mold-street.com citat de UNIMEDIA. Congresul Autorit\u0103\u021bilor Locale (CALM) critic\u0103 dur atitudinea Ministerului Transporturilor \u0219i Infrastructurii Drumurilor \u00een privin\u021ba administr\u0103rii banilor ce sunt destina\u021bi repara\u021biei \u0219i \u00eentre\u021binerii drumurilor. \u201eDe\u0219i MTID opereaz\u0103 cu [&hellip;]<\/p>\n","protected":false},"author":4,"featured_media":8587,"comment_status":"closed","ping_status":"closed","sticky":false,"template":"","format":"standard","meta":{"footnotes":""},"categories":[6349],"tags":[],"class_list":["post-8586","post","type-post","status-publish","format-standard","has-post-thumbnail","hentry","category-social"],"yoast_head":"<!-- This site is optimized with the Yoast SEO plugin v27.4 - https:\/\/yoast.com\/product\/yoast-seo-wordpress\/ -->\n<title>B\u0102T\u0102LIE PENTRU GESTIONAREA FONDULUI RUTIER  - BTV<\/title>\n<meta name=\"robots\" content=\"index, follow, max-snippet:-1, max-image-preview:large, max-video-preview:-1\" \/>\n<link rel=\"canonical\" href=\"https:\/\/www.btv.md\/ro\/batalie-pentru-gestionarea-fondului-rutier\/\" \/>\n<meta property=\"og:locale\" content=\"ro_RO\" \/>\n<meta property=\"og:type\" content=\"article\" \/>\n<meta property=\"og:title\" content=\"B\u0102T\u0102LIE PENTRU GESTIONAREA FONDULUI RUTIER  - BTV\" \/>\n<meta property=\"og:description\" content=\"B\u0103t\u0103lie dur\u0103 \u00eentre autorit\u0103\u021bile centrale \u0219i cele locale privind modul de distribuire a resurselor din Fondul Rutier. La mijloc sunt miliarde de lei, noteaz\u0103 mold-street.com citat de UNIMEDIA. Congresul Autorit\u0103\u021bilor Locale (CALM) critic\u0103 dur atitudinea Ministerului Transporturilor \u0219i Infrastructurii Drumurilor \u00een privin\u021ba administr\u0103rii banilor ce sunt destina\u021bi repara\u021biei \u0219i \u00eentre\u021binerii drumurilor. \u201eDe\u0219i MTID opereaz\u0103 cu [&hellip;]\" \/>\n<meta property=\"og:url\" content=\"https:\/\/www.btv.md\/ro\/batalie-pentru-gestionarea-fondului-rutier\/\" \/>\n<meta property=\"og:site_name\" content=\"BTV\" \/>\n<meta property=\"article:publisher\" content=\"https:\/\/www.facebook.com\/btvmoldova\/\" \/>\n<meta property=\"article:published_time\" content=\"2016-03-09T11:10:16+00:00\" \/>\n<meta property=\"og:image\" content=\"https:\/\/www.btv.md\/wp-content\/uploads\/2016\/03\/batalie-intre-autoritatile-locale-si-cele-centrale-pentru-gestionarea-fodului-rutier-1457501418.jpg\" \/>\n\t<meta property=\"og:image:width\" content=\"700\" \/>\n\t<meta property=\"og:image:height\" content=\"466\" \/>\n\t<meta property=\"og:image:type\" content=\"image\/jpeg\" \/>\n<meta name=\"author\" content=\"admin\" \/>\n<meta name=\"twitter:label1\" content=\"Scris de\" \/>\n\t<meta name=\"twitter:data1\" content=\"admin\" \/>\n\t<meta name=\"twitter:label2\" content=\"Timp estimat pentru citire\" \/>\n\t<meta name=\"twitter:data2\" content=\"1 minut\" \/>\n<script type=\"application\/ld+json\" class=\"yoast-schema-graph\">{\"@context\":\"https:\\\/\\\/schema.org\",\"@graph\":[{\"@type\":\"Article\",\"@id\":\"https:\\\/\\\/www.btv.md\\\/ro\\\/batalie-pentru-gestionarea-fondului-rutier\\\/#article\",\"isPartOf\":{\"@id\":\"https:\\\/\\\/www.btv.md\\\/ro\\\/batalie-pentru-gestionarea-fondului-rutier\\\/\"},\"author\":{\"name\":\"admin\",\"@id\":\"https:\\\/\\\/www.btv.md\\\/#\\\/schema\\\/person\\\/8fadce81561b3ce2c34c46dadc4ccbf2\"},\"headline\":\"B\u0102T\u0102LIE PENTRU GESTIONAREA FONDULUI RUTIER\",\"datePublished\":\"2016-03-09T11:10:16+00:00\",\"mainEntityOfPage\":{\"@id\":\"https:\\\/\\\/www.btv.md\\\/ro\\\/batalie-pentru-gestionarea-fondului-rutier\\\/\"},\"wordCount\":161,\"image\":{\"@id\":\"https:\\\/\\\/www.btv.md\\\/ro\\\/batalie-pentru-gestionarea-fondului-rutier\\\/#primaryimage\"},\"thumbnailUrl\":\"https:\\\/\\\/www.btv.md\\\/wp-content\\\/uploads\\\/2016\\\/03\\\/batalie-intre-autoritatile-locale-si-cele-centrale-pentru-gestionarea-fodului-rutier-1457501418.jpg\",\"articleSection\":[\"Social\"],\"inLanguage\":\"ro-RO\"},{\"@type\":\"WebPage\",\"@id\":\"https:\\\/\\\/www.btv.md\\\/ro\\\/batalie-pentru-gestionarea-fondului-rutier\\\/\",\"url\":\"https:\\\/\\\/www.btv.md\\\/ro\\\/batalie-pentru-gestionarea-fondului-rutier\\\/\",\"name\":\"B\u0102T\u0102LIE PENTRU GESTIONAREA FONDULUI RUTIER - BTV\",\"isPartOf\":{\"@id\":\"https:\\\/\\\/www.btv.md\\\/#website\"},\"primaryImageOfPage\":{\"@id\":\"https:\\\/\\\/www.btv.md\\\/ro\\\/batalie-pentru-gestionarea-fondului-rutier\\\/#primaryimage\"},\"image\":{\"@id\":\"https:\\\/\\\/www.btv.md\\\/ro\\\/batalie-pentru-gestionarea-fondului-rutier\\\/#primaryimage\"},\"thumbnailUrl\":\"https:\\\/\\\/www.btv.md\\\/wp-content\\\/uploads\\\/2016\\\/03\\\/batalie-intre-autoritatile-locale-si-cele-centrale-pentru-gestionarea-fodului-rutier-1457501418.jpg\",\"datePublished\":\"2016-03-09T11:10:16+00:00\",\"author\":{\"@id\":\"https:\\\/\\\/www.btv.md\\\/#\\\/schema\\\/person\\\/8fadce81561b3ce2c34c46dadc4ccbf2\"},\"inLanguage\":\"ro-RO\",\"potentialAction\":[{\"@type\":\"ReadAction\",\"target\":[\"https:\\\/\\\/www.btv.md\\\/ro\\\/batalie-pentru-gestionarea-fondului-rutier\\\/\"]}]},{\"@type\":\"ImageObject\",\"inLanguage\":\"ro-RO\",\"@id\":\"https:\\\/\\\/www.btv.md\\\/ro\\\/batalie-pentru-gestionarea-fondului-rutier\\\/#primaryimage\",\"url\":\"https:\\\/\\\/www.btv.md\\\/wp-content\\\/uploads\\\/2016\\\/03\\\/batalie-intre-autoritatile-locale-si-cele-centrale-pentru-gestionarea-fodului-rutier-1457501418.jpg\",\"contentUrl\":\"https:\\\/\\\/www.btv.md\\\/wp-content\\\/uploads\\\/2016\\\/03\\\/batalie-intre-autoritatile-locale-si-cele-centrale-pentru-gestionarea-fodului-rutier-1457501418.jpg\",\"width\":700,\"height\":466,\"caption\":\"unimedia.info\"},{\"@type\":\"WebSite\",\"@id\":\"https:\\\/\\\/www.btv.md\\\/#website\",\"url\":\"https:\\\/\\\/www.btv.md\\\/\",\"name\":\"BTV\",\"description\":\"\u0411\u0435\u043b\u044c\u0446\u043a\u043e\u0435 \u0442\u0435\u043b\u0435\u0432\u0438\u0434\u0435\u043d\u0438\u0435\",\"potentialAction\":[{\"@type\":\"SearchAction\",\"target\":{\"@type\":\"EntryPoint\",\"urlTemplate\":\"https:\\\/\\\/www.btv.md\\\/?s={search_term_string}\"},\"query-input\":{\"@type\":\"PropertyValueSpecification\",\"valueRequired\":true,\"valueName\":\"search_term_string\"}}],\"inLanguage\":\"ro-RO\"},{\"@type\":\"Person\",\"@id\":\"https:\\\/\\\/www.btv.md\\\/#\\\/schema\\\/person\\\/8fadce81561b3ce2c34c46dadc4ccbf2\",\"name\":\"admin\"}]}<\/script>\n<!-- \/ Yoast SEO plugin. -->","yoast_head_json":{"title":"B\u0102T\u0102LIE PENTRU GESTIONAREA FONDULUI RUTIER  - BTV","robots":{"index":"index","follow":"follow","max-snippet":"max-snippet:-1","max-image-preview":"max-image-preview:large","max-video-preview":"max-video-preview:-1"},"canonical":"https:\/\/www.btv.md\/ro\/batalie-pentru-gestionarea-fondului-rutier\/","og_locale":"ro_RO","og_type":"article","og_title":"B\u0102T\u0102LIE PENTRU GESTIONAREA FONDULUI RUTIER  - BTV","og_description":"B\u0103t\u0103lie dur\u0103 \u00eentre autorit\u0103\u021bile centrale \u0219i cele locale privind modul de distribuire a resurselor din Fondul Rutier. La mijloc sunt miliarde de lei, noteaz\u0103 mold-street.com citat de UNIMEDIA. Congresul Autorit\u0103\u021bilor Locale (CALM) critic\u0103 dur atitudinea Ministerului Transporturilor \u0219i Infrastructurii Drumurilor \u00een privin\u021ba administr\u0103rii banilor ce sunt destina\u021bi repara\u021biei \u0219i \u00eentre\u021binerii drumurilor. \u201eDe\u0219i MTID opereaz\u0103 cu [&hellip;]","og_url":"https:\/\/www.btv.md\/ro\/batalie-pentru-gestionarea-fondului-rutier\/","og_site_name":"BTV","article_publisher":"https:\/\/www.facebook.com\/btvmoldova\/","article_published_time":"2016-03-09T11:10:16+00:00","og_image":[{"width":700,"height":466,"url":"https:\/\/www.btv.md\/wp-content\/uploads\/2016\/03\/batalie-intre-autoritatile-locale-si-cele-centrale-pentru-gestionarea-fodului-rutier-1457501418.jpg","type":"image\/jpeg"}],"author":"admin","twitter_misc":{"Scris de":"admin","Timp estimat pentru citire":"1 minut"},"schema":{"@context":"https:\/\/schema.org","@graph":[{"@type":"Article","@id":"https:\/\/www.btv.md\/ro\/batalie-pentru-gestionarea-fondului-rutier\/#article","isPartOf":{"@id":"https:\/\/www.btv.md\/ro\/batalie-pentru-gestionarea-fondului-rutier\/"},"author":{"name":"admin","@id":"https:\/\/www.btv.md\/#\/schema\/person\/8fadce81561b3ce2c34c46dadc4ccbf2"},"headline":"B\u0102T\u0102LIE PENTRU GESTIONAREA FONDULUI RUTIER","datePublished":"2016-03-09T11:10:16+00:00","mainEntityOfPage":{"@id":"https:\/\/www.btv.md\/ro\/batalie-pentru-gestionarea-fondului-rutier\/"},"wordCount":161,"image":{"@id":"https:\/\/www.btv.md\/ro\/batalie-pentru-gestionarea-fondului-rutier\/#primaryimage"},"thumbnailUrl":"https:\/\/www.btv.md\/wp-content\/uploads\/2016\/03\/batalie-intre-autoritatile-locale-si-cele-centrale-pentru-gestionarea-fodului-rutier-1457501418.jpg","articleSection":["Social"],"inLanguage":"ro-RO"},{"@type":"WebPage","@id":"https:\/\/www.btv.md\/ro\/batalie-pentru-gestionarea-fondului-rutier\/","url":"https:\/\/www.btv.md\/ro\/batalie-pentru-gestionarea-fondului-rutier\/","name":"B\u0102T\u0102LIE PENTRU GESTIONAREA FONDULUI RUTIER - BTV","isPartOf":{"@id":"https:\/\/www.btv.md\/#website"},"primaryImageOfPage":{"@id":"https:\/\/www.btv.md\/ro\/batalie-pentru-gestionarea-fondului-rutier\/#primaryimage"},"image":{"@id":"https:\/\/www.btv.md\/ro\/batalie-pentru-gestionarea-fondului-rutier\/#primaryimage"},"thumbnailUrl":"https:\/\/www.btv.md\/wp-content\/uploads\/2016\/03\/batalie-intre-autoritatile-locale-si-cele-centrale-pentru-gestionarea-fodului-rutier-1457501418.jpg","datePublished":"2016-03-09T11:10:16+00:00","author":{"@id":"https:\/\/www.btv.md\/#\/schema\/person\/8fadce81561b3ce2c34c46dadc4ccbf2"},"inLanguage":"ro-RO","potentialAction":[{"@type":"ReadAction","target":["https:\/\/www.btv.md\/ro\/batalie-pentru-gestionarea-fondului-rutier\/"]}]},{"@type":"ImageObject","inLanguage":"ro-RO","@id":"https:\/\/www.btv.md\/ro\/batalie-pentru-gestionarea-fondului-rutier\/#primaryimage","url":"https:\/\/www.btv.md\/wp-content\/uploads\/2016\/03\/batalie-intre-autoritatile-locale-si-cele-centrale-pentru-gestionarea-fodului-rutier-1457501418.jpg","contentUrl":"https:\/\/www.btv.md\/wp-content\/uploads\/2016\/03\/batalie-intre-autoritatile-locale-si-cele-centrale-pentru-gestionarea-fodului-rutier-1457501418.jpg","width":700,"height":466,"caption":"unimedia.info"},{"@type":"WebSite","@id":"https:\/\/www.btv.md\/#website","url":"https:\/\/www.btv.md\/","name":"BTV","description":"\u0411\u0435\u043b\u044c\u0446\u043a\u043e\u0435 \u0442\u0435\u043b\u0435\u0432\u0438\u0434\u0435\u043d\u0438\u0435","potentialAction":[{"@type":"SearchAction","target":{"@type":"EntryPoint","urlTemplate":"https:\/\/www.btv.md\/?s={search_term_string}"},"query-input":{"@type":"PropertyValueSpecification","valueRequired":true,"valueName":"search_term_string"}}],"inLanguage":"ro-RO"},{"@type":"Person","@id":"https:\/\/www.btv.md\/#\/schema\/person\/8fadce81561b3ce2c34c46dadc4ccbf2","name":"admin"}]}},"_links":{"self":[{"href":"https:\/\/www.btv.md\/ro\/wp-json\/wp\/v2\/posts\/8586","targetHints":{"allow":["GET"]}}],"collection":[{"href":"https:\/\/www.btv.md\/ro\/wp-json\/wp\/v2\/posts"}],"about":[{"href":"https:\/\/www.btv.md\/ro\/wp-json\/wp\/v2\/types\/post"}],"author":[{"embeddable":true,"href":"https:\/\/www.btv.md\/ro\/wp-json\/wp\/v2\/users\/4"}],"replies":[{"embeddable":true,"href":"https:\/\/www.btv.md\/ro\/wp-json\/wp\/v2\/comments?post=8586"}],"version-history":[{"count":0,"href":"https:\/\/www.btv.md\/ro\/wp-json\/wp\/v2\/posts\/8586\/revisions"}],"wp:featuredmedia":[{"embeddable":true,"href":"https:\/\/www.btv.md\/ro\/wp-json\/wp\/v2\/media\/8587"}],"wp:attachment":[{"href":"https:\/\/www.btv.md\/ro\/wp-json\/wp\/v2\/media?parent=8586"}],"wp:term":[{"taxonomy":"category","embeddable":true,"href":"https:\/\/www.btv.md\/ro\/wp-json\/wp\/v2\/categories?post=8586"},{"taxonomy":"post_tag","embeddable":true,"href":"https:\/\/www.btv.md\/ro\/wp-json\/wp\/v2\/tags?post=8586"}],"curies":[{"name":"wp","href":"https:\/\/api.w.org\/{rel}","templated":true}]}}