{"id":8589,"date":"2016-03-09T14:15:13","date_gmt":"2016-03-09T11:15:13","guid":{"rendered":"http:\/\/btv.md\/?p=8589"},"modified":"2016-03-09T14:15:13","modified_gmt":"2016-03-09T11:15:13","slug":"baiatul-unui-parlamentar-care-si-a-omorat-fratele-este-de-negasit","status":"publish","type":"post","link":"https:\/\/www.btv.md\/ro\/baiatul-unui-parlamentar-care-si-a-omorat-fratele-este-de-negasit\/","title":{"rendered":"B\u0102IATUL  UNUI  PARLAMENTAR  CARE \u0218I-A  OMOR\u00c2T  FRATELE  ESTE  DE  NEG\u0102SIT"},"content":{"rendered":"<p><strong>La mai bine de dou\u0103 zile de la producerea tragediei din familia deputatului Nae-Simion Ple\u0219ca, Sorin, fiul cel mic al parlamentarului, care \u00een seara zilei de 7 martie \u0219i-a \u00eempu\u0219cat mortal fratele mai mare, este de neg\u0103sit, transmite <a href=\"http:\/\/unimedia.info\/stiri\/foto-fiul-cel-mic-al-deputatului-nae-simion-plesca--de-negasit-sorinel--tu-nu-esti-vinovat--vino-acasa-110912.html\" target=\"_blank\"> UNIMEDIA<\/a>.<\/strong><\/p>\n<p>Deputatul a scris un mesaj pe pagina sa de Facebook \u00een care \u00ee\u0219i \u00eendeamn\u0103 feciorul s\u0103 vin\u0103 acas\u0103. <\/p>\n<p>\u201e<em>Sorinel! Scumpul \u0219i iubitul nostru fecior, unica noastr\u0103 speran\u021b\u0103, sprijin \u0219i sens de a tr\u0103i. \u00cen via\u021b\u0103 se \u00eent\u00e2mpl\u0103 multe accidente din neaten\u021bie, din \u00eent\u00e2mplare \u0219i \u0219tim bine c\u0103 tu nu e\u0219ti vinovat. <\/p>\n<p>D\u0103nu\u021b nu-i sup\u0103rat pe tine \u0219i noi nici nu ne g\u00e2ndim s\u0103 ne sup\u0103r\u0103m, c\u0103 nu e\u0219ti vinovat, c\u0103 a fost un ceas r\u0103u, de care nimeni nu poate fugi. <\/p>\n<p>Vino, scumpul nostru feciora\u0219, ca to\u021bi trei s\u0103-l petrecem pe D\u0103nu\u021bul nostru scump \u0219i iubit, pe ultimul drum. El \u0219tii bine c\u00eet te-a iubit \u0219i nu po\u021bi s\u0103 nu vii. <\/p>\n<p>Tu e\u0219ti de azi pentru am\u00e2ndoi sprijinul \u0219i sensul pentru care mai putem tr\u0103i. F\u0103r\u0103 tine via\u021ba noastr\u0103 nu are sens. Nu ne l\u0103sa singuri \u0219i pierdu\u021bi! <\/p>\n<p>\u0218tiu c\u00e2t ne iube\u0219ti \u0219i tu \u0219tii c\u00e2t te iubim noi, la fel ca \u00eentotdeauna.  <\/p>\n<p>\u00cempreun\u0103 doar cu tine vom rezista. <\/p>\n<p>Vino f\u0103r\u0103 fric\u0103, c\u0103 nu e\u0219ti vinovat. <\/p>\n<p>Te a\u0219tept\u0103m cu drag scumpul nostru: mama, tata \u0219i D\u0103nu\u021b<\/em>\u201d, a scris Nae-Simion Ple\u0219ca.<\/p>\n<p>Amintim c\u0103 fiul deputatului Nae-Simion Ple\u0219ca din actualul Parlament a fost \u00eempu\u0219cat mortal luni seara de c\u0103tre fratele s\u0103u mai mic.  <\/p>\n<p>Totul s-a \u00eent\u00e2mplat \u00een jurul orei 21, \u00een apartamentul deputatului de pe strada Sfatul \u021a\u0103rii din Centrul capitalei.<br \/>\nProcurorii au deschis un dosar penal pentru omor inten\u0163ionat \u00een cazul fiului mai mic al deputatului, iar la moment acesta este c\u0103utat de poli\u021bie.<\/p>\n<p>Mar\u021bi diminea\u021b\u0103, \u00een jurul ore 9, automobilul cu care a fugit fiul mai mic a lui Nae-Simion Ple\u0219ca a fost depistat abandonat pe un c\u00e2mp la ie\u0219irea din ora\u015ful B\u0103l\u021bi. Cei care lucreaz\u0103 \u00een zon\u0103 spun c\u0103 nu au auzit nimic suspect.<\/p>\n","protected":false},"excerpt":{"rendered":"<p>La mai bine de dou\u0103 zile de la producerea tragediei din familia deputatului Nae-Simion Ple\u0219ca, Sorin, fiul cel mic al parlamentarului, care \u00een seara zilei de 7 martie \u0219i-a \u00eempu\u0219cat mortal fratele mai mare, este de neg\u0103sit, transmite UNIMEDIA. Deputatul a scris un mesaj pe pagina sa de Facebook \u00een care \u00ee\u0219i \u00eendeamn\u0103 feciorul s\u0103 [&hellip;]<\/p>\n","protected":false},"author":4,"featured_media":8591,"comment_status":"closed","ping_status":"closed","sticky":false,"template":"","format":"standard","meta":{"footnotes":""},"categories":[6351],"tags":[],"class_list":["post-8589","post","type-post","status-publish","format-standard","has-post-thumbnail","hentry","category-incidente"],"yoast_head":"<!-- This site is optimized with the Yoast SEO plugin v27.4 - https:\/\/yoast.com\/product\/yoast-seo-wordpress\/ -->\n<title>B\u0102IATUL UNUI PARLAMENTAR CARE \u0218I-A OMOR\u00c2T FRATELE ESTE DE NEG\u0102SIT - BTV<\/title>\n<meta name=\"robots\" content=\"index, follow, max-snippet:-1, max-image-preview:large, max-video-preview:-1\" \/>\n<link rel=\"canonical\" href=\"https:\/\/www.btv.md\/ro\/baiatul-unui-parlamentar-care-si-a-omorat-fratele-este-de-negasit\/\" \/>\n<meta property=\"og:locale\" content=\"ro_RO\" \/>\n<meta property=\"og:type\" content=\"article\" \/>\n<meta property=\"og:title\" content=\"B\u0102IATUL UNUI PARLAMENTAR CARE \u0218I-A OMOR\u00c2T FRATELE ESTE DE NEG\u0102SIT - BTV\" \/>\n<meta property=\"og:description\" content=\"La mai bine de dou\u0103 zile de la producerea tragediei din familia deputatului Nae-Simion Ple\u0219ca, Sorin, fiul cel mic al parlamentarului, care \u00een seara zilei de 7 martie \u0219i-a \u00eempu\u0219cat mortal fratele mai mare, este de neg\u0103sit, transmite UNIMEDIA. Deputatul a scris un mesaj pe pagina sa de Facebook \u00een care \u00ee\u0219i \u00eendeamn\u0103 feciorul s\u0103 [&hellip;]\" \/>\n<meta property=\"og:url\" content=\"https:\/\/www.btv.md\/ro\/baiatul-unui-parlamentar-care-si-a-omorat-fratele-este-de-negasit\/\" \/>\n<meta property=\"og:site_name\" content=\"BTV\" \/>\n<meta property=\"article:publisher\" content=\"https:\/\/www.facebook.com\/btvmoldova\/\" \/>\n<meta property=\"article:published_time\" content=\"2016-03-09T11:15:13+00:00\" \/>\n<meta property=\"og:image\" content=\"https:\/\/www.btv.md\/wp-content\/uploads\/2016\/03\/big-noi-detalii-in-dosarul-incidentului-din-casa-deputatului-nae-simion-plesca.jpg\" \/>\n\t<meta property=\"og:image:width\" content=\"530\" \/>\n\t<meta property=\"og:image:height\" content=\"298\" \/>\n\t<meta property=\"og:image:type\" content=\"image\/jpeg\" \/>\n<meta name=\"author\" content=\"admin\" \/>\n<meta name=\"twitter:label1\" content=\"Scris de\" \/>\n\t<meta name=\"twitter:data1\" content=\"admin\" \/>\n\t<meta name=\"twitter:label2\" content=\"Timp estimat pentru citire\" \/>\n\t<meta name=\"twitter:data2\" content=\"2 minute\" \/>\n<script type=\"application\/ld+json\" class=\"yoast-schema-graph\">{\"@context\":\"https:\\\/\\\/schema.org\",\"@graph\":[{\"@type\":\"Article\",\"@id\":\"https:\\\/\\\/www.btv.md\\\/ro\\\/baiatul-unui-parlamentar-care-si-a-omorat-fratele-este-de-negasit\\\/#article\",\"isPartOf\":{\"@id\":\"https:\\\/\\\/www.btv.md\\\/ro\\\/baiatul-unui-parlamentar-care-si-a-omorat-fratele-este-de-negasit\\\/\"},\"author\":{\"name\":\"admin\",\"@id\":\"https:\\\/\\\/www.btv.md\\\/#\\\/schema\\\/person\\\/8fadce81561b3ce2c34c46dadc4ccbf2\"},\"headline\":\"B\u0102IATUL UNUI PARLAMENTAR CARE \u0218I-A OMOR\u00c2T FRATELE ESTE DE NEG\u0102SIT\",\"datePublished\":\"2016-03-09T11:15:13+00:00\",\"mainEntityOfPage\":{\"@id\":\"https:\\\/\\\/www.btv.md\\\/ro\\\/baiatul-unui-parlamentar-care-si-a-omorat-fratele-este-de-negasit\\\/\"},\"wordCount\":386,\"image\":{\"@id\":\"https:\\\/\\\/www.btv.md\\\/ro\\\/baiatul-unui-parlamentar-care-si-a-omorat-fratele-este-de-negasit\\\/#primaryimage\"},\"thumbnailUrl\":\"https:\\\/\\\/www.btv.md\\\/wp-content\\\/uploads\\\/2016\\\/03\\\/big-noi-detalii-in-dosarul-incidentului-din-casa-deputatului-nae-simion-plesca.jpg\",\"articleSection\":[\"Incidente\"],\"inLanguage\":\"ro-RO\"},{\"@type\":\"WebPage\",\"@id\":\"https:\\\/\\\/www.btv.md\\\/ro\\\/baiatul-unui-parlamentar-care-si-a-omorat-fratele-este-de-negasit\\\/\",\"url\":\"https:\\\/\\\/www.btv.md\\\/ro\\\/baiatul-unui-parlamentar-care-si-a-omorat-fratele-este-de-negasit\\\/\",\"name\":\"B\u0102IATUL UNUI PARLAMENTAR CARE \u0218I-A OMOR\u00c2T FRATELE ESTE DE NEG\u0102SIT - BTV\",\"isPartOf\":{\"@id\":\"https:\\\/\\\/www.btv.md\\\/#website\"},\"primaryImageOfPage\":{\"@id\":\"https:\\\/\\\/www.btv.md\\\/ro\\\/baiatul-unui-parlamentar-care-si-a-omorat-fratele-este-de-negasit\\\/#primaryimage\"},\"image\":{\"@id\":\"https:\\\/\\\/www.btv.md\\\/ro\\\/baiatul-unui-parlamentar-care-si-a-omorat-fratele-este-de-negasit\\\/#primaryimage\"},\"thumbnailUrl\":\"https:\\\/\\\/www.btv.md\\\/wp-content\\\/uploads\\\/2016\\\/03\\\/big-noi-detalii-in-dosarul-incidentului-din-casa-deputatului-nae-simion-plesca.jpg\",\"datePublished\":\"2016-03-09T11:15:13+00:00\",\"author\":{\"@id\":\"https:\\\/\\\/www.btv.md\\\/#\\\/schema\\\/person\\\/8fadce81561b3ce2c34c46dadc4ccbf2\"},\"inLanguage\":\"ro-RO\",\"potentialAction\":[{\"@type\":\"ReadAction\",\"target\":[\"https:\\\/\\\/www.btv.md\\\/ro\\\/baiatul-unui-parlamentar-care-si-a-omorat-fratele-este-de-negasit\\\/\"]}]},{\"@type\":\"ImageObject\",\"inLanguage\":\"ro-RO\",\"@id\":\"https:\\\/\\\/www.btv.md\\\/ro\\\/baiatul-unui-parlamentar-care-si-a-omorat-fratele-este-de-negasit\\\/#primaryimage\",\"url\":\"https:\\\/\\\/www.btv.md\\\/wp-content\\\/uploads\\\/2016\\\/03\\\/big-noi-detalii-in-dosarul-incidentului-din-casa-deputatului-nae-simion-plesca.jpg\",\"contentUrl\":\"https:\\\/\\\/www.btv.md\\\/wp-content\\\/uploads\\\/2016\\\/03\\\/big-noi-detalii-in-dosarul-incidentului-din-casa-deputatului-nae-simion-plesca.jpg\",\"width\":530,\"height\":298,\"caption\":\"www.trm.md\"},{\"@type\":\"WebSite\",\"@id\":\"https:\\\/\\\/www.btv.md\\\/#website\",\"url\":\"https:\\\/\\\/www.btv.md\\\/\",\"name\":\"BTV\",\"description\":\"\u0411\u0435\u043b\u044c\u0446\u043a\u043e\u0435 \u0442\u0435\u043b\u0435\u0432\u0438\u0434\u0435\u043d\u0438\u0435\",\"potentialAction\":[{\"@type\":\"SearchAction\",\"target\":{\"@type\":\"EntryPoint\",\"urlTemplate\":\"https:\\\/\\\/www.btv.md\\\/?s={search_term_string}\"},\"query-input\":{\"@type\":\"PropertyValueSpecification\",\"valueRequired\":true,\"valueName\":\"search_term_string\"}}],\"inLanguage\":\"ro-RO\"},{\"@type\":\"Person\",\"@id\":\"https:\\\/\\\/www.btv.md\\\/#\\\/schema\\\/person\\\/8fadce81561b3ce2c34c46dadc4ccbf2\",\"name\":\"admin\"}]}<\/script>\n<!-- \/ Yoast SEO plugin. -->","yoast_head_json":{"title":"B\u0102IATUL UNUI PARLAMENTAR CARE \u0218I-A OMOR\u00c2T FRATELE ESTE DE NEG\u0102SIT - BTV","robots":{"index":"index","follow":"follow","max-snippet":"max-snippet:-1","max-image-preview":"max-image-preview:large","max-video-preview":"max-video-preview:-1"},"canonical":"https:\/\/www.btv.md\/ro\/baiatul-unui-parlamentar-care-si-a-omorat-fratele-este-de-negasit\/","og_locale":"ro_RO","og_type":"article","og_title":"B\u0102IATUL UNUI PARLAMENTAR CARE \u0218I-A OMOR\u00c2T FRATELE ESTE DE NEG\u0102SIT - BTV","og_description":"La mai bine de dou\u0103 zile de la producerea tragediei din familia deputatului Nae-Simion Ple\u0219ca, Sorin, fiul cel mic al parlamentarului, care \u00een seara zilei de 7 martie \u0219i-a \u00eempu\u0219cat mortal fratele mai mare, este de neg\u0103sit, transmite UNIMEDIA. Deputatul a scris un mesaj pe pagina sa de Facebook \u00een care \u00ee\u0219i \u00eendeamn\u0103 feciorul s\u0103 [&hellip;]","og_url":"https:\/\/www.btv.md\/ro\/baiatul-unui-parlamentar-care-si-a-omorat-fratele-este-de-negasit\/","og_site_name":"BTV","article_publisher":"https:\/\/www.facebook.com\/btvmoldova\/","article_published_time":"2016-03-09T11:15:13+00:00","og_image":[{"width":530,"height":298,"url":"https:\/\/www.btv.md\/wp-content\/uploads\/2016\/03\/big-noi-detalii-in-dosarul-incidentului-din-casa-deputatului-nae-simion-plesca.jpg","type":"image\/jpeg"}],"author":"admin","twitter_misc":{"Scris de":"admin","Timp estimat pentru citire":"2 minute"},"schema":{"@context":"https:\/\/schema.org","@graph":[{"@type":"Article","@id":"https:\/\/www.btv.md\/ro\/baiatul-unui-parlamentar-care-si-a-omorat-fratele-este-de-negasit\/#article","isPartOf":{"@id":"https:\/\/www.btv.md\/ro\/baiatul-unui-parlamentar-care-si-a-omorat-fratele-este-de-negasit\/"},"author":{"name":"admin","@id":"https:\/\/www.btv.md\/#\/schema\/person\/8fadce81561b3ce2c34c46dadc4ccbf2"},"headline":"B\u0102IATUL UNUI PARLAMENTAR CARE \u0218I-A OMOR\u00c2T FRATELE ESTE DE NEG\u0102SIT","datePublished":"2016-03-09T11:15:13+00:00","mainEntityOfPage":{"@id":"https:\/\/www.btv.md\/ro\/baiatul-unui-parlamentar-care-si-a-omorat-fratele-este-de-negasit\/"},"wordCount":386,"image":{"@id":"https:\/\/www.btv.md\/ro\/baiatul-unui-parlamentar-care-si-a-omorat-fratele-este-de-negasit\/#primaryimage"},"thumbnailUrl":"https:\/\/www.btv.md\/wp-content\/uploads\/2016\/03\/big-noi-detalii-in-dosarul-incidentului-din-casa-deputatului-nae-simion-plesca.jpg","articleSection":["Incidente"],"inLanguage":"ro-RO"},{"@type":"WebPage","@id":"https:\/\/www.btv.md\/ro\/baiatul-unui-parlamentar-care-si-a-omorat-fratele-este-de-negasit\/","url":"https:\/\/www.btv.md\/ro\/baiatul-unui-parlamentar-care-si-a-omorat-fratele-este-de-negasit\/","name":"B\u0102IATUL UNUI PARLAMENTAR CARE \u0218I-A OMOR\u00c2T FRATELE ESTE DE NEG\u0102SIT - BTV","isPartOf":{"@id":"https:\/\/www.btv.md\/#website"},"primaryImageOfPage":{"@id":"https:\/\/www.btv.md\/ro\/baiatul-unui-parlamentar-care-si-a-omorat-fratele-este-de-negasit\/#primaryimage"},"image":{"@id":"https:\/\/www.btv.md\/ro\/baiatul-unui-parlamentar-care-si-a-omorat-fratele-este-de-negasit\/#primaryimage"},"thumbnailUrl":"https:\/\/www.btv.md\/wp-content\/uploads\/2016\/03\/big-noi-detalii-in-dosarul-incidentului-din-casa-deputatului-nae-simion-plesca.jpg","datePublished":"2016-03-09T11:15:13+00:00","author":{"@id":"https:\/\/www.btv.md\/#\/schema\/person\/8fadce81561b3ce2c34c46dadc4ccbf2"},"inLanguage":"ro-RO","potentialAction":[{"@type":"ReadAction","target":["https:\/\/www.btv.md\/ro\/baiatul-unui-parlamentar-care-si-a-omorat-fratele-este-de-negasit\/"]}]},{"@type":"ImageObject","inLanguage":"ro-RO","@id":"https:\/\/www.btv.md\/ro\/baiatul-unui-parlamentar-care-si-a-omorat-fratele-este-de-negasit\/#primaryimage","url":"https:\/\/www.btv.md\/wp-content\/uploads\/2016\/03\/big-noi-detalii-in-dosarul-incidentului-din-casa-deputatului-nae-simion-plesca.jpg","contentUrl":"https:\/\/www.btv.md\/wp-content\/uploads\/2016\/03\/big-noi-detalii-in-dosarul-incidentului-din-casa-deputatului-nae-simion-plesca.jpg","width":530,"height":298,"caption":"www.trm.md"},{"@type":"WebSite","@id":"https:\/\/www.btv.md\/#website","url":"https:\/\/www.btv.md\/","name":"BTV","description":"\u0411\u0435\u043b\u044c\u0446\u043a\u043e\u0435 \u0442\u0435\u043b\u0435\u0432\u0438\u0434\u0435\u043d\u0438\u0435","potentialAction":[{"@type":"SearchAction","target":{"@type":"EntryPoint","urlTemplate":"https:\/\/www.btv.md\/?s={search_term_string}"},"query-input":{"@type":"PropertyValueSpecification","valueRequired":true,"valueName":"search_term_string"}}],"inLanguage":"ro-RO"},{"@type":"Person","@id":"https:\/\/www.btv.md\/#\/schema\/person\/8fadce81561b3ce2c34c46dadc4ccbf2","name":"admin"}]}},"_links":{"self":[{"href":"https:\/\/www.btv.md\/ro\/wp-json\/wp\/v2\/posts\/8589","targetHints":{"allow":["GET"]}}],"collection":[{"href":"https:\/\/www.btv.md\/ro\/wp-json\/wp\/v2\/posts"}],"about":[{"href":"https:\/\/www.btv.md\/ro\/wp-json\/wp\/v2\/types\/post"}],"author":[{"embeddable":true,"href":"https:\/\/www.btv.md\/ro\/wp-json\/wp\/v2\/users\/4"}],"replies":[{"embeddable":true,"href":"https:\/\/www.btv.md\/ro\/wp-json\/wp\/v2\/comments?post=8589"}],"version-history":[{"count":0,"href":"https:\/\/www.btv.md\/ro\/wp-json\/wp\/v2\/posts\/8589\/revisions"}],"wp:featuredmedia":[{"embeddable":true,"href":"https:\/\/www.btv.md\/ro\/wp-json\/wp\/v2\/media\/8591"}],"wp:attachment":[{"href":"https:\/\/www.btv.md\/ro\/wp-json\/wp\/v2\/media?parent=8589"}],"wp:term":[{"taxonomy":"category","embeddable":true,"href":"https:\/\/www.btv.md\/ro\/wp-json\/wp\/v2\/categories?post=8589"},{"taxonomy":"post_tag","embeddable":true,"href":"https:\/\/www.btv.md\/ro\/wp-json\/wp\/v2\/tags?post=8589"}],"curies":[{"name":"wp","href":"https:\/\/api.w.org\/{rel}","templated":true}]}}