{"id":8593,"date":"2016-03-09T14:18:10","date_gmt":"2016-03-09T11:18:10","guid":{"rendered":"http:\/\/btv.md\/?p=8593"},"modified":"2016-03-09T14:18:10","modified_gmt":"2016-03-09T11:18:10","slug":"alegeri-prezidentiale-in-vara-sau-la-toamna","status":"publish","type":"post","link":"https:\/\/www.btv.md\/ro\/alegeri-prezidentiale-in-vara-sau-la-toamna\/","title":{"rendered":"ALEGERI  PREZIDEN\u021aIALE,  \u00ceN  VAR\u0102  SAU  LA  TOAMN\u0102"},"content":{"rendered":"<p><strong>Parlamentarii au p\u0103reri \u00eemp\u0103r\u0163ite cu privire la termenul \u00een care ar urma s\u0103 fie organizate alegerile preziden\u0163iale. Asta dup\u0103 ce s\u0103pt\u0103m\u00e2na trecut\u0103 Curtea Constitu\u0163ional\u0103 a decis c\u0103 \u015feful statului va fi ales prin vot direct de cet\u0103\u0163eni. \u00cen timp ce deputa\u0163ii din PD \u015fi PLDM cred c\u0103 pre\u015fedintele ar putea fi ales \u00een toamn\u0103, comuni\u015ftii \u015fi sociali\u015ftii sus\u0163in c\u0103 scrutinul ar putea fi organizat deja \u00een luna iunie. \u00centre timp, Parlamentul urmeaz\u0103 s\u0103 opereze modific\u0103ri la Codul Electoral, noteaz\u0103 <a href=\"http:\/\/jurnaltv.md\/ro\/news\/2016\/3\/7\/prezidentialele-in-vara-sau-la-toamna-10197905\/\" target=\"_blank\">Jurnal.md<\/a>.<\/strong><\/p>\n<p>Pe de alt\u0103 parte, sociali\u015ftii \u015fi comuni\u015ftii cred c\u0103 modific\u0103rile la Codul Electoral pot fi operate \u00eentr-un termen mult mai restr\u00e2ns, astfel \u00eenc\u00e2t alegerile s\u0103 fie organizate deja \u00een var\u0103.<\/p>\n<p>Pre\u015fedintele interimar al Comisiei Electorale Centrale, Iurie Ciocan, sus\u0163ine c\u0103 preg\u0103tirile pentru scrutin vor \u00eencepe atunci c\u00e2nd Parlamentul va anun\u0163a data alegerilor.<\/p>\n<p>Pentru un al doilea tur ar mai fi nevoie de aproximativ 25 de milioane. Nu este clar cine ar asigura interimatul func\u021biei dup\u0103 23 martie, c\u00e2nd expir\u0103 mandatul lui Nicolae Timofti. \u00cen articolul 80 al Constitu\u021biei se spune c\u0103 pre\u015fedintele Republicii Moldova \u00ee\u015fi exercit\u0103 mandatul p\u00e2n\u0103 la depunerea jur\u0103m\u00e2ntului de c\u0103tre pre\u015fedintele nou ales. Articolul 90, \u00eens\u0103, stipuleaz\u0103 c\u0103 \u00een caz de expirare a mandatului intervine vacan\u021ba func\u021biei, iar interimatul, potrivit articolului 91, este asigurat de pre\u0219edintele Parlamentului. <\/p>\n","protected":false},"excerpt":{"rendered":"<p>Parlamentarii au p\u0103reri \u00eemp\u0103r\u0163ite cu privire la termenul \u00een care ar urma s\u0103 fie organizate alegerile preziden\u0163iale. Asta dup\u0103 ce s\u0103pt\u0103m\u00e2na trecut\u0103 Curtea Constitu\u0163ional\u0103 a decis c\u0103 \u015feful statului va fi ales prin vot direct de cet\u0103\u0163eni. \u00cen timp ce deputa\u0163ii din PD \u015fi PLDM cred c\u0103 pre\u015fedintele ar putea fi ales \u00een toamn\u0103, comuni\u015ftii [&hellip;]<\/p>\n","protected":false},"author":4,"featured_media":8594,"comment_status":"closed","ping_status":"closed","sticky":false,"template":"","format":"standard","meta":{"footnotes":""},"categories":[6368],"tags":[],"class_list":["post-8593","post","type-post","status-publish","format-standard","has-post-thumbnail","hentry","category-politica-ro"],"yoast_head":"<!-- This site is optimized with the Yoast SEO plugin v27.4 - https:\/\/yoast.com\/product\/yoast-seo-wordpress\/ -->\n<title>ALEGERI PREZIDEN\u021aIALE, \u00ceN VAR\u0102 SAU LA TOAMN\u0102  - BTV<\/title>\n<meta name=\"robots\" content=\"index, follow, max-snippet:-1, max-image-preview:large, max-video-preview:-1\" \/>\n<link rel=\"canonical\" href=\"https:\/\/www.btv.md\/ro\/alegeri-prezidentiale-in-vara-sau-la-toamna\/\" \/>\n<meta property=\"og:locale\" content=\"ro_RO\" \/>\n<meta property=\"og:type\" content=\"article\" \/>\n<meta property=\"og:title\" content=\"ALEGERI PREZIDEN\u021aIALE, \u00ceN VAR\u0102 SAU LA TOAMN\u0102  - BTV\" \/>\n<meta property=\"og:description\" content=\"Parlamentarii au p\u0103reri \u00eemp\u0103r\u0163ite cu privire la termenul \u00een care ar urma s\u0103 fie organizate alegerile preziden\u0163iale. Asta dup\u0103 ce s\u0103pt\u0103m\u00e2na trecut\u0103 Curtea Constitu\u0163ional\u0103 a decis c\u0103 \u015feful statului va fi ales prin vot direct de cet\u0103\u0163eni. \u00cen timp ce deputa\u0163ii din PD \u015fi PLDM cred c\u0103 pre\u015fedintele ar putea fi ales \u00een toamn\u0103, comuni\u015ftii [&hellip;]\" \/>\n<meta property=\"og:url\" content=\"https:\/\/www.btv.md\/ro\/alegeri-prezidentiale-in-vara-sau-la-toamna\/\" \/>\n<meta property=\"og:site_name\" content=\"BTV\" \/>\n<meta property=\"article:publisher\" content=\"https:\/\/www.facebook.com\/btvmoldova\/\" \/>\n<meta property=\"article:published_time\" content=\"2016-03-09T11:18:10+00:00\" \/>\n<meta property=\"og:image\" content=\"https:\/\/www.btv.md\/wp-content\/uploads\/2016\/03\/big-prezidentialele-in-vara-sau-la-toamna-deputatii-au-pareri-impartite-privind-termenul-de-organizare-a-alegerilor.jpg\" \/>\n\t<meta property=\"og:image:width\" content=\"460\" \/>\n\t<meta property=\"og:image:height\" content=\"270\" \/>\n\t<meta property=\"og:image:type\" content=\"image\/jpeg\" \/>\n<meta name=\"author\" content=\"admin\" \/>\n<meta name=\"twitter:label1\" content=\"Scris de\" \/>\n\t<meta name=\"twitter:data1\" content=\"admin\" \/>\n\t<meta name=\"twitter:label2\" content=\"Timp estimat pentru citire\" \/>\n\t<meta name=\"twitter:data2\" content=\"1 minut\" \/>\n<script type=\"application\/ld+json\" class=\"yoast-schema-graph\">{\"@context\":\"https:\\\/\\\/schema.org\",\"@graph\":[{\"@type\":\"Article\",\"@id\":\"https:\\\/\\\/www.btv.md\\\/ro\\\/alegeri-prezidentiale-in-vara-sau-la-toamna\\\/#article\",\"isPartOf\":{\"@id\":\"https:\\\/\\\/www.btv.md\\\/ro\\\/alegeri-prezidentiale-in-vara-sau-la-toamna\\\/\"},\"author\":{\"name\":\"admin\",\"@id\":\"https:\\\/\\\/www.btv.md\\\/#\\\/schema\\\/person\\\/8fadce81561b3ce2c34c46dadc4ccbf2\"},\"headline\":\"ALEGERI PREZIDEN\u021aIALE, \u00ceN VAR\u0102 SAU LA TOAMN\u0102\",\"datePublished\":\"2016-03-09T11:18:10+00:00\",\"mainEntityOfPage\":{\"@id\":\"https:\\\/\\\/www.btv.md\\\/ro\\\/alegeri-prezidentiale-in-vara-sau-la-toamna\\\/\"},\"wordCount\":251,\"image\":{\"@id\":\"https:\\\/\\\/www.btv.md\\\/ro\\\/alegeri-prezidentiale-in-vara-sau-la-toamna\\\/#primaryimage\"},\"thumbnailUrl\":\"https:\\\/\\\/www.btv.md\\\/wp-content\\\/uploads\\\/2016\\\/03\\\/big-prezidentialele-in-vara-sau-la-toamna-deputatii-au-pareri-impartite-privind-termenul-de-organizare-a-alegerilor.jpg\",\"articleSection\":[\"Politic\u0103\"],\"inLanguage\":\"ro-RO\"},{\"@type\":\"WebPage\",\"@id\":\"https:\\\/\\\/www.btv.md\\\/ro\\\/alegeri-prezidentiale-in-vara-sau-la-toamna\\\/\",\"url\":\"https:\\\/\\\/www.btv.md\\\/ro\\\/alegeri-prezidentiale-in-vara-sau-la-toamna\\\/\",\"name\":\"ALEGERI PREZIDEN\u021aIALE, \u00ceN VAR\u0102 SAU LA TOAMN\u0102 - BTV\",\"isPartOf\":{\"@id\":\"https:\\\/\\\/www.btv.md\\\/#website\"},\"primaryImageOfPage\":{\"@id\":\"https:\\\/\\\/www.btv.md\\\/ro\\\/alegeri-prezidentiale-in-vara-sau-la-toamna\\\/#primaryimage\"},\"image\":{\"@id\":\"https:\\\/\\\/www.btv.md\\\/ro\\\/alegeri-prezidentiale-in-vara-sau-la-toamna\\\/#primaryimage\"},\"thumbnailUrl\":\"https:\\\/\\\/www.btv.md\\\/wp-content\\\/uploads\\\/2016\\\/03\\\/big-prezidentialele-in-vara-sau-la-toamna-deputatii-au-pareri-impartite-privind-termenul-de-organizare-a-alegerilor.jpg\",\"datePublished\":\"2016-03-09T11:18:10+00:00\",\"author\":{\"@id\":\"https:\\\/\\\/www.btv.md\\\/#\\\/schema\\\/person\\\/8fadce81561b3ce2c34c46dadc4ccbf2\"},\"inLanguage\":\"ro-RO\",\"potentialAction\":[{\"@type\":\"ReadAction\",\"target\":[\"https:\\\/\\\/www.btv.md\\\/ro\\\/alegeri-prezidentiale-in-vara-sau-la-toamna\\\/\"]}]},{\"@type\":\"ImageObject\",\"inLanguage\":\"ro-RO\",\"@id\":\"https:\\\/\\\/www.btv.md\\\/ro\\\/alegeri-prezidentiale-in-vara-sau-la-toamna\\\/#primaryimage\",\"url\":\"https:\\\/\\\/www.btv.md\\\/wp-content\\\/uploads\\\/2016\\\/03\\\/big-prezidentialele-in-vara-sau-la-toamna-deputatii-au-pareri-impartite-privind-termenul-de-organizare-a-alegerilor.jpg\",\"contentUrl\":\"https:\\\/\\\/www.btv.md\\\/wp-content\\\/uploads\\\/2016\\\/03\\\/big-prezidentialele-in-vara-sau-la-toamna-deputatii-au-pareri-impartite-privind-termenul-de-organizare-a-alegerilor.jpg\",\"width\":460,\"height\":270,\"caption\":\"www.jurnal.md\"},{\"@type\":\"WebSite\",\"@id\":\"https:\\\/\\\/www.btv.md\\\/#website\",\"url\":\"https:\\\/\\\/www.btv.md\\\/\",\"name\":\"BTV\",\"description\":\"\u0411\u0435\u043b\u044c\u0446\u043a\u043e\u0435 \u0442\u0435\u043b\u0435\u0432\u0438\u0434\u0435\u043d\u0438\u0435\",\"potentialAction\":[{\"@type\":\"SearchAction\",\"target\":{\"@type\":\"EntryPoint\",\"urlTemplate\":\"https:\\\/\\\/www.btv.md\\\/?s={search_term_string}\"},\"query-input\":{\"@type\":\"PropertyValueSpecification\",\"valueRequired\":true,\"valueName\":\"search_term_string\"}}],\"inLanguage\":\"ro-RO\"},{\"@type\":\"Person\",\"@id\":\"https:\\\/\\\/www.btv.md\\\/#\\\/schema\\\/person\\\/8fadce81561b3ce2c34c46dadc4ccbf2\",\"name\":\"admin\"}]}<\/script>\n<!-- \/ Yoast SEO plugin. -->","yoast_head_json":{"title":"ALEGERI PREZIDEN\u021aIALE, \u00ceN VAR\u0102 SAU LA TOAMN\u0102  - BTV","robots":{"index":"index","follow":"follow","max-snippet":"max-snippet:-1","max-image-preview":"max-image-preview:large","max-video-preview":"max-video-preview:-1"},"canonical":"https:\/\/www.btv.md\/ro\/alegeri-prezidentiale-in-vara-sau-la-toamna\/","og_locale":"ro_RO","og_type":"article","og_title":"ALEGERI PREZIDEN\u021aIALE, \u00ceN VAR\u0102 SAU LA TOAMN\u0102  - BTV","og_description":"Parlamentarii au p\u0103reri \u00eemp\u0103r\u0163ite cu privire la termenul \u00een care ar urma s\u0103 fie organizate alegerile preziden\u0163iale. Asta dup\u0103 ce s\u0103pt\u0103m\u00e2na trecut\u0103 Curtea Constitu\u0163ional\u0103 a decis c\u0103 \u015feful statului va fi ales prin vot direct de cet\u0103\u0163eni. \u00cen timp ce deputa\u0163ii din PD \u015fi PLDM cred c\u0103 pre\u015fedintele ar putea fi ales \u00een toamn\u0103, comuni\u015ftii [&hellip;]","og_url":"https:\/\/www.btv.md\/ro\/alegeri-prezidentiale-in-vara-sau-la-toamna\/","og_site_name":"BTV","article_publisher":"https:\/\/www.facebook.com\/btvmoldova\/","article_published_time":"2016-03-09T11:18:10+00:00","og_image":[{"width":460,"height":270,"url":"https:\/\/www.btv.md\/wp-content\/uploads\/2016\/03\/big-prezidentialele-in-vara-sau-la-toamna-deputatii-au-pareri-impartite-privind-termenul-de-organizare-a-alegerilor.jpg","type":"image\/jpeg"}],"author":"admin","twitter_misc":{"Scris de":"admin","Timp estimat pentru citire":"1 minut"},"schema":{"@context":"https:\/\/schema.org","@graph":[{"@type":"Article","@id":"https:\/\/www.btv.md\/ro\/alegeri-prezidentiale-in-vara-sau-la-toamna\/#article","isPartOf":{"@id":"https:\/\/www.btv.md\/ro\/alegeri-prezidentiale-in-vara-sau-la-toamna\/"},"author":{"name":"admin","@id":"https:\/\/www.btv.md\/#\/schema\/person\/8fadce81561b3ce2c34c46dadc4ccbf2"},"headline":"ALEGERI PREZIDEN\u021aIALE, \u00ceN VAR\u0102 SAU LA TOAMN\u0102","datePublished":"2016-03-09T11:18:10+00:00","mainEntityOfPage":{"@id":"https:\/\/www.btv.md\/ro\/alegeri-prezidentiale-in-vara-sau-la-toamna\/"},"wordCount":251,"image":{"@id":"https:\/\/www.btv.md\/ro\/alegeri-prezidentiale-in-vara-sau-la-toamna\/#primaryimage"},"thumbnailUrl":"https:\/\/www.btv.md\/wp-content\/uploads\/2016\/03\/big-prezidentialele-in-vara-sau-la-toamna-deputatii-au-pareri-impartite-privind-termenul-de-organizare-a-alegerilor.jpg","articleSection":["Politic\u0103"],"inLanguage":"ro-RO"},{"@type":"WebPage","@id":"https:\/\/www.btv.md\/ro\/alegeri-prezidentiale-in-vara-sau-la-toamna\/","url":"https:\/\/www.btv.md\/ro\/alegeri-prezidentiale-in-vara-sau-la-toamna\/","name":"ALEGERI PREZIDEN\u021aIALE, \u00ceN VAR\u0102 SAU LA TOAMN\u0102 - BTV","isPartOf":{"@id":"https:\/\/www.btv.md\/#website"},"primaryImageOfPage":{"@id":"https:\/\/www.btv.md\/ro\/alegeri-prezidentiale-in-vara-sau-la-toamna\/#primaryimage"},"image":{"@id":"https:\/\/www.btv.md\/ro\/alegeri-prezidentiale-in-vara-sau-la-toamna\/#primaryimage"},"thumbnailUrl":"https:\/\/www.btv.md\/wp-content\/uploads\/2016\/03\/big-prezidentialele-in-vara-sau-la-toamna-deputatii-au-pareri-impartite-privind-termenul-de-organizare-a-alegerilor.jpg","datePublished":"2016-03-09T11:18:10+00:00","author":{"@id":"https:\/\/www.btv.md\/#\/schema\/person\/8fadce81561b3ce2c34c46dadc4ccbf2"},"inLanguage":"ro-RO","potentialAction":[{"@type":"ReadAction","target":["https:\/\/www.btv.md\/ro\/alegeri-prezidentiale-in-vara-sau-la-toamna\/"]}]},{"@type":"ImageObject","inLanguage":"ro-RO","@id":"https:\/\/www.btv.md\/ro\/alegeri-prezidentiale-in-vara-sau-la-toamna\/#primaryimage","url":"https:\/\/www.btv.md\/wp-content\/uploads\/2016\/03\/big-prezidentialele-in-vara-sau-la-toamna-deputatii-au-pareri-impartite-privind-termenul-de-organizare-a-alegerilor.jpg","contentUrl":"https:\/\/www.btv.md\/wp-content\/uploads\/2016\/03\/big-prezidentialele-in-vara-sau-la-toamna-deputatii-au-pareri-impartite-privind-termenul-de-organizare-a-alegerilor.jpg","width":460,"height":270,"caption":"www.jurnal.md"},{"@type":"WebSite","@id":"https:\/\/www.btv.md\/#website","url":"https:\/\/www.btv.md\/","name":"BTV","description":"\u0411\u0435\u043b\u044c\u0446\u043a\u043e\u0435 \u0442\u0435\u043b\u0435\u0432\u0438\u0434\u0435\u043d\u0438\u0435","potentialAction":[{"@type":"SearchAction","target":{"@type":"EntryPoint","urlTemplate":"https:\/\/www.btv.md\/?s={search_term_string}"},"query-input":{"@type":"PropertyValueSpecification","valueRequired":true,"valueName":"search_term_string"}}],"inLanguage":"ro-RO"},{"@type":"Person","@id":"https:\/\/www.btv.md\/#\/schema\/person\/8fadce81561b3ce2c34c46dadc4ccbf2","name":"admin"}]}},"_links":{"self":[{"href":"https:\/\/www.btv.md\/ro\/wp-json\/wp\/v2\/posts\/8593","targetHints":{"allow":["GET"]}}],"collection":[{"href":"https:\/\/www.btv.md\/ro\/wp-json\/wp\/v2\/posts"}],"about":[{"href":"https:\/\/www.btv.md\/ro\/wp-json\/wp\/v2\/types\/post"}],"author":[{"embeddable":true,"href":"https:\/\/www.btv.md\/ro\/wp-json\/wp\/v2\/users\/4"}],"replies":[{"embeddable":true,"href":"https:\/\/www.btv.md\/ro\/wp-json\/wp\/v2\/comments?post=8593"}],"version-history":[{"count":0,"href":"https:\/\/www.btv.md\/ro\/wp-json\/wp\/v2\/posts\/8593\/revisions"}],"wp:featuredmedia":[{"embeddable":true,"href":"https:\/\/www.btv.md\/ro\/wp-json\/wp\/v2\/media\/8594"}],"wp:attachment":[{"href":"https:\/\/www.btv.md\/ro\/wp-json\/wp\/v2\/media?parent=8593"}],"wp:term":[{"taxonomy":"category","embeddable":true,"href":"https:\/\/www.btv.md\/ro\/wp-json\/wp\/v2\/categories?post=8593"},{"taxonomy":"post_tag","embeddable":true,"href":"https:\/\/www.btv.md\/ro\/wp-json\/wp\/v2\/tags?post=8593"}],"curies":[{"name":"wp","href":"https:\/\/api.w.org\/{rel}","templated":true}]}}