{"id":8596,"date":"2016-03-09T14:20:40","date_gmt":"2016-03-09T11:20:40","guid":{"rendered":"http:\/\/btv.md\/?p=8596"},"modified":"2016-03-09T14:20:40","modified_gmt":"2016-03-09T11:20:40","slug":"noua-moldovenii-deportati-din-rusia-si-europa","status":"publish","type":"post","link":"https:\/\/www.btv.md\/ro\/noua-moldovenii-deportati-din-rusia-si-europa\/","title":{"rendered":"NOU\u0102  MOLDOVENII DEPORTA\u021aI  DIN  RUSIA  \u0218I  EUROPA"},"content":{"rendered":"<p><strong>\u00cen ultimele 24 de ore, \u0219apte cet\u0103\u021beni ai Republicii Moldova au fost deporta\u021bi din Rusia. Totodat\u0103, \u00een aceea\u0219i perioad\u0103, au fost expulza\u021bi din Uniunea European\u0103 doi cona\u021bionali de-ai no\u0219tri, relateaz\u0103 <a href=\"http:\/\/www.noi.md\/md\/news_id\/80356\" target=\"_blank\">noi.md<\/a>.<\/strong><\/p>\n<p>Pe 8 martie, al\u021bi doi cet\u0103\u021beni moldoveni au \u00eencercat s\u0103 \u00eencalce frontiera de stat. Poli\u021bi\u0219tii de frontier\u0103 au contracarat aceste tentative. A fost depistat, de asemenea, un pasager care a \u00eencercat s\u0103 intersecteze frontiera cu acte de c\u0103l\u0103torie false.<\/p>\n<p>Angaja\u021bii Poli\u0163iei de Frontier\u0103 au re\u021binut o persoan\u0103 aflat\u0103 \u00een conflict cu legea. \u00cen afar\u0103 de aceasta, a fost depistat un mijloc de transport dat \u00een consemn la frontier\u0103. Pentru c\u00ee\u021biva moldoveni a fost interzis accesul \u00een alte \u021b\u0103ri. Astfel, patru cet\u0103\u021beni ai RM nu au reu\u0219it s\u0103 intre \u00een Rusia, iar trei persoane \u2013 \u00een Uniunea European\u0103.<\/p>\n","protected":false},"excerpt":{"rendered":"<p>\u00cen ultimele 24 de ore, \u0219apte cet\u0103\u021beni ai Republicii Moldova au fost deporta\u021bi din Rusia. Totodat\u0103, \u00een aceea\u0219i perioad\u0103, au fost expulza\u021bi din Uniunea European\u0103 doi cona\u021bionali de-ai no\u0219tri, relateaz\u0103 noi.md. Pe 8 martie, al\u021bi doi cet\u0103\u021beni moldoveni au \u00eencercat s\u0103 \u00eencalce frontiera de stat. Poli\u021bi\u0219tii de frontier\u0103 au contracarat aceste tentative. A fost depistat, [&hellip;]<\/p>\n","protected":false},"author":4,"featured_media":8597,"comment_status":"closed","ping_status":"closed","sticky":false,"template":"","format":"standard","meta":{"footnotes":""},"categories":[6349],"tags":[],"class_list":["post-8596","post","type-post","status-publish","format-standard","has-post-thumbnail","hentry","category-social"],"yoast_head":"<!-- This site is optimized with the Yoast SEO plugin v27.4 - https:\/\/yoast.com\/product\/yoast-seo-wordpress\/ -->\n<title>NOU\u0102 MOLDOVENII DEPORTA\u021aI DIN RUSIA \u0218I EUROPA - BTV<\/title>\n<meta name=\"robots\" content=\"index, follow, max-snippet:-1, max-image-preview:large, max-video-preview:-1\" \/>\n<link rel=\"canonical\" href=\"https:\/\/www.btv.md\/ro\/noua-moldovenii-deportati-din-rusia-si-europa\/\" \/>\n<meta property=\"og:locale\" content=\"ro_RO\" \/>\n<meta property=\"og:type\" content=\"article\" \/>\n<meta property=\"og:title\" content=\"NOU\u0102 MOLDOVENII DEPORTA\u021aI DIN RUSIA \u0218I EUROPA - BTV\" \/>\n<meta property=\"og:description\" content=\"\u00cen ultimele 24 de ore, \u0219apte cet\u0103\u021beni ai Republicii Moldova au fost deporta\u021bi din Rusia. Totodat\u0103, \u00een aceea\u0219i perioad\u0103, au fost expulza\u021bi din Uniunea European\u0103 doi cona\u021bionali de-ai no\u0219tri, relateaz\u0103 noi.md. Pe 8 martie, al\u021bi doi cet\u0103\u021beni moldoveni au \u00eencercat s\u0103 \u00eencalce frontiera de stat. Poli\u021bi\u0219tii de frontier\u0103 au contracarat aceste tentative. A fost depistat, [&hellip;]\" \/>\n<meta property=\"og:url\" content=\"https:\/\/www.btv.md\/ro\/noua-moldovenii-deportati-din-rusia-si-europa\/\" \/>\n<meta property=\"og:site_name\" content=\"BTV\" \/>\n<meta property=\"article:publisher\" content=\"https:\/\/www.facebook.com\/btvmoldova\/\" \/>\n<meta property=\"article:published_time\" content=\"2016-03-09T11:20:40+00:00\" \/>\n<meta property=\"og:image\" content=\"https:\/\/www.btv.md\/wp-content\/uploads\/2016\/03\/466x10000_out__.jpg\" \/>\n\t<meta property=\"og:image:width\" content=\"466\" \/>\n\t<meta property=\"og:image:height\" content=\"307\" \/>\n\t<meta property=\"og:image:type\" content=\"image\/jpeg\" \/>\n<meta name=\"author\" content=\"admin\" \/>\n<meta name=\"twitter:label1\" content=\"Scris de\" \/>\n\t<meta name=\"twitter:data1\" content=\"admin\" \/>\n\t<meta name=\"twitter:label2\" content=\"Timp estimat pentru citire\" \/>\n\t<meta name=\"twitter:data2\" content=\"1 minut\" \/>\n<script type=\"application\/ld+json\" class=\"yoast-schema-graph\">{\"@context\":\"https:\\\/\\\/schema.org\",\"@graph\":[{\"@type\":\"Article\",\"@id\":\"https:\\\/\\\/www.btv.md\\\/ro\\\/noua-moldovenii-deportati-din-rusia-si-europa\\\/#article\",\"isPartOf\":{\"@id\":\"https:\\\/\\\/www.btv.md\\\/ro\\\/noua-moldovenii-deportati-din-rusia-si-europa\\\/\"},\"author\":{\"name\":\"admin\",\"@id\":\"https:\\\/\\\/www.btv.md\\\/#\\\/schema\\\/person\\\/8fadce81561b3ce2c34c46dadc4ccbf2\"},\"headline\":\"NOU\u0102 MOLDOVENII DEPORTA\u021aI DIN RUSIA \u0218I EUROPA\",\"datePublished\":\"2016-03-09T11:20:40+00:00\",\"mainEntityOfPage\":{\"@id\":\"https:\\\/\\\/www.btv.md\\\/ro\\\/noua-moldovenii-deportati-din-rusia-si-europa\\\/\"},\"wordCount\":152,\"image\":{\"@id\":\"https:\\\/\\\/www.btv.md\\\/ro\\\/noua-moldovenii-deportati-din-rusia-si-europa\\\/#primaryimage\"},\"thumbnailUrl\":\"https:\\\/\\\/www.btv.md\\\/wp-content\\\/uploads\\\/2016\\\/03\\\/466x10000_out__.jpg\",\"articleSection\":[\"Social\"],\"inLanguage\":\"ro-RO\"},{\"@type\":\"WebPage\",\"@id\":\"https:\\\/\\\/www.btv.md\\\/ro\\\/noua-moldovenii-deportati-din-rusia-si-europa\\\/\",\"url\":\"https:\\\/\\\/www.btv.md\\\/ro\\\/noua-moldovenii-deportati-din-rusia-si-europa\\\/\",\"name\":\"NOU\u0102 MOLDOVENII DEPORTA\u021aI DIN RUSIA \u0218I EUROPA - BTV\",\"isPartOf\":{\"@id\":\"https:\\\/\\\/www.btv.md\\\/#website\"},\"primaryImageOfPage\":{\"@id\":\"https:\\\/\\\/www.btv.md\\\/ro\\\/noua-moldovenii-deportati-din-rusia-si-europa\\\/#primaryimage\"},\"image\":{\"@id\":\"https:\\\/\\\/www.btv.md\\\/ro\\\/noua-moldovenii-deportati-din-rusia-si-europa\\\/#primaryimage\"},\"thumbnailUrl\":\"https:\\\/\\\/www.btv.md\\\/wp-content\\\/uploads\\\/2016\\\/03\\\/466x10000_out__.jpg\",\"datePublished\":\"2016-03-09T11:20:40+00:00\",\"author\":{\"@id\":\"https:\\\/\\\/www.btv.md\\\/#\\\/schema\\\/person\\\/8fadce81561b3ce2c34c46dadc4ccbf2\"},\"inLanguage\":\"ro-RO\",\"potentialAction\":[{\"@type\":\"ReadAction\",\"target\":[\"https:\\\/\\\/www.btv.md\\\/ro\\\/noua-moldovenii-deportati-din-rusia-si-europa\\\/\"]}]},{\"@type\":\"ImageObject\",\"inLanguage\":\"ro-RO\",\"@id\":\"https:\\\/\\\/www.btv.md\\\/ro\\\/noua-moldovenii-deportati-din-rusia-si-europa\\\/#primaryimage\",\"url\":\"https:\\\/\\\/www.btv.md\\\/wp-content\\\/uploads\\\/2016\\\/03\\\/466x10000_out__.jpg\",\"contentUrl\":\"https:\\\/\\\/www.btv.md\\\/wp-content\\\/uploads\\\/2016\\\/03\\\/466x10000_out__.jpg\",\"width\":466,\"height\":307,\"caption\":\"www.viza.md\"},{\"@type\":\"WebSite\",\"@id\":\"https:\\\/\\\/www.btv.md\\\/#website\",\"url\":\"https:\\\/\\\/www.btv.md\\\/\",\"name\":\"BTV\",\"description\":\"\u0411\u0435\u043b\u044c\u0446\u043a\u043e\u0435 \u0442\u0435\u043b\u0435\u0432\u0438\u0434\u0435\u043d\u0438\u0435\",\"potentialAction\":[{\"@type\":\"SearchAction\",\"target\":{\"@type\":\"EntryPoint\",\"urlTemplate\":\"https:\\\/\\\/www.btv.md\\\/?s={search_term_string}\"},\"query-input\":{\"@type\":\"PropertyValueSpecification\",\"valueRequired\":true,\"valueName\":\"search_term_string\"}}],\"inLanguage\":\"ro-RO\"},{\"@type\":\"Person\",\"@id\":\"https:\\\/\\\/www.btv.md\\\/#\\\/schema\\\/person\\\/8fadce81561b3ce2c34c46dadc4ccbf2\",\"name\":\"admin\"}]}<\/script>\n<!-- \/ Yoast SEO plugin. -->","yoast_head_json":{"title":"NOU\u0102 MOLDOVENII DEPORTA\u021aI DIN RUSIA \u0218I EUROPA - BTV","robots":{"index":"index","follow":"follow","max-snippet":"max-snippet:-1","max-image-preview":"max-image-preview:large","max-video-preview":"max-video-preview:-1"},"canonical":"https:\/\/www.btv.md\/ro\/noua-moldovenii-deportati-din-rusia-si-europa\/","og_locale":"ro_RO","og_type":"article","og_title":"NOU\u0102 MOLDOVENII DEPORTA\u021aI DIN RUSIA \u0218I EUROPA - BTV","og_description":"\u00cen ultimele 24 de ore, \u0219apte cet\u0103\u021beni ai Republicii Moldova au fost deporta\u021bi din Rusia. Totodat\u0103, \u00een aceea\u0219i perioad\u0103, au fost expulza\u021bi din Uniunea European\u0103 doi cona\u021bionali de-ai no\u0219tri, relateaz\u0103 noi.md. Pe 8 martie, al\u021bi doi cet\u0103\u021beni moldoveni au \u00eencercat s\u0103 \u00eencalce frontiera de stat. Poli\u021bi\u0219tii de frontier\u0103 au contracarat aceste tentative. A fost depistat, [&hellip;]","og_url":"https:\/\/www.btv.md\/ro\/noua-moldovenii-deportati-din-rusia-si-europa\/","og_site_name":"BTV","article_publisher":"https:\/\/www.facebook.com\/btvmoldova\/","article_published_time":"2016-03-09T11:20:40+00:00","og_image":[{"width":466,"height":307,"url":"https:\/\/www.btv.md\/wp-content\/uploads\/2016\/03\/466x10000_out__.jpg","type":"image\/jpeg"}],"author":"admin","twitter_misc":{"Scris de":"admin","Timp estimat pentru citire":"1 minut"},"schema":{"@context":"https:\/\/schema.org","@graph":[{"@type":"Article","@id":"https:\/\/www.btv.md\/ro\/noua-moldovenii-deportati-din-rusia-si-europa\/#article","isPartOf":{"@id":"https:\/\/www.btv.md\/ro\/noua-moldovenii-deportati-din-rusia-si-europa\/"},"author":{"name":"admin","@id":"https:\/\/www.btv.md\/#\/schema\/person\/8fadce81561b3ce2c34c46dadc4ccbf2"},"headline":"NOU\u0102 MOLDOVENII DEPORTA\u021aI DIN RUSIA \u0218I EUROPA","datePublished":"2016-03-09T11:20:40+00:00","mainEntityOfPage":{"@id":"https:\/\/www.btv.md\/ro\/noua-moldovenii-deportati-din-rusia-si-europa\/"},"wordCount":152,"image":{"@id":"https:\/\/www.btv.md\/ro\/noua-moldovenii-deportati-din-rusia-si-europa\/#primaryimage"},"thumbnailUrl":"https:\/\/www.btv.md\/wp-content\/uploads\/2016\/03\/466x10000_out__.jpg","articleSection":["Social"],"inLanguage":"ro-RO"},{"@type":"WebPage","@id":"https:\/\/www.btv.md\/ro\/noua-moldovenii-deportati-din-rusia-si-europa\/","url":"https:\/\/www.btv.md\/ro\/noua-moldovenii-deportati-din-rusia-si-europa\/","name":"NOU\u0102 MOLDOVENII DEPORTA\u021aI DIN RUSIA \u0218I EUROPA - BTV","isPartOf":{"@id":"https:\/\/www.btv.md\/#website"},"primaryImageOfPage":{"@id":"https:\/\/www.btv.md\/ro\/noua-moldovenii-deportati-din-rusia-si-europa\/#primaryimage"},"image":{"@id":"https:\/\/www.btv.md\/ro\/noua-moldovenii-deportati-din-rusia-si-europa\/#primaryimage"},"thumbnailUrl":"https:\/\/www.btv.md\/wp-content\/uploads\/2016\/03\/466x10000_out__.jpg","datePublished":"2016-03-09T11:20:40+00:00","author":{"@id":"https:\/\/www.btv.md\/#\/schema\/person\/8fadce81561b3ce2c34c46dadc4ccbf2"},"inLanguage":"ro-RO","potentialAction":[{"@type":"ReadAction","target":["https:\/\/www.btv.md\/ro\/noua-moldovenii-deportati-din-rusia-si-europa\/"]}]},{"@type":"ImageObject","inLanguage":"ro-RO","@id":"https:\/\/www.btv.md\/ro\/noua-moldovenii-deportati-din-rusia-si-europa\/#primaryimage","url":"https:\/\/www.btv.md\/wp-content\/uploads\/2016\/03\/466x10000_out__.jpg","contentUrl":"https:\/\/www.btv.md\/wp-content\/uploads\/2016\/03\/466x10000_out__.jpg","width":466,"height":307,"caption":"www.viza.md"},{"@type":"WebSite","@id":"https:\/\/www.btv.md\/#website","url":"https:\/\/www.btv.md\/","name":"BTV","description":"\u0411\u0435\u043b\u044c\u0446\u043a\u043e\u0435 \u0442\u0435\u043b\u0435\u0432\u0438\u0434\u0435\u043d\u0438\u0435","potentialAction":[{"@type":"SearchAction","target":{"@type":"EntryPoint","urlTemplate":"https:\/\/www.btv.md\/?s={search_term_string}"},"query-input":{"@type":"PropertyValueSpecification","valueRequired":true,"valueName":"search_term_string"}}],"inLanguage":"ro-RO"},{"@type":"Person","@id":"https:\/\/www.btv.md\/#\/schema\/person\/8fadce81561b3ce2c34c46dadc4ccbf2","name":"admin"}]}},"_links":{"self":[{"href":"https:\/\/www.btv.md\/ro\/wp-json\/wp\/v2\/posts\/8596","targetHints":{"allow":["GET"]}}],"collection":[{"href":"https:\/\/www.btv.md\/ro\/wp-json\/wp\/v2\/posts"}],"about":[{"href":"https:\/\/www.btv.md\/ro\/wp-json\/wp\/v2\/types\/post"}],"author":[{"embeddable":true,"href":"https:\/\/www.btv.md\/ro\/wp-json\/wp\/v2\/users\/4"}],"replies":[{"embeddable":true,"href":"https:\/\/www.btv.md\/ro\/wp-json\/wp\/v2\/comments?post=8596"}],"version-history":[{"count":0,"href":"https:\/\/www.btv.md\/ro\/wp-json\/wp\/v2\/posts\/8596\/revisions"}],"wp:featuredmedia":[{"embeddable":true,"href":"https:\/\/www.btv.md\/ro\/wp-json\/wp\/v2\/media\/8597"}],"wp:attachment":[{"href":"https:\/\/www.btv.md\/ro\/wp-json\/wp\/v2\/media?parent=8596"}],"wp:term":[{"taxonomy":"category","embeddable":true,"href":"https:\/\/www.btv.md\/ro\/wp-json\/wp\/v2\/categories?post=8596"},{"taxonomy":"post_tag","embeddable":true,"href":"https:\/\/www.btv.md\/ro\/wp-json\/wp\/v2\/tags?post=8596"}],"curies":[{"name":"wp","href":"https:\/\/api.w.org\/{rel}","templated":true}]}}