{"id":8612,"date":"2016-03-09T14:58:27","date_gmt":"2016-03-09T11:58:27","guid":{"rendered":"http:\/\/btv.md\/?p=8612"},"modified":"2016-03-09T14:58:27","modified_gmt":"2016-03-09T11:58:27","slug":"afla-ce-intrebari-vor-fi-discutate-la-sedinta-consiliului-municipal-balti","status":"publish","type":"post","link":"https:\/\/www.btv.md\/ro\/afla-ce-intrebari-vor-fi-discutate-la-sedinta-consiliului-municipal-balti\/","title":{"rendered":"Afl\u0103 ce \u00eentreb\u0103ri vor fi discutate la \u0218edin\u021ba Consiliului Municipal B\u0103l\u021bi"},"content":{"rendered":"<p><em>Anexa la dispozi\u021bia primarului nr. 100 din 04.03.2016<\/em><br \/>\n<strong><br \/>\nOrdinea de zi a \u015fedin\u0163ei II extraordinare a Consiliului municipal B\u0103l\u0163i din 11.03.2016<\/strong><\/p>\n<p><strong>1.\tDeclara\u021bia frac\u021biunii Consiliului mun. B\u0103l\u021bi \u201dPartidul Nostru\u201d.<\/strong><br \/>\n<em>Raportor  \u2013 Igor Basist\u0103i \u2013  pre\u0219edintele frac\u021biunii Consiliului mun. B\u0103l\u021bi \u201dPartidul Nostru\u201d.<\/em><\/p>\n<p><strong>2.\tCu privire la aderarea municipiului B\u0103l\u021bi la Conven\u021bia Primarilor.<\/strong><br \/>\n<em>Raportor  \u2013 Serghei Culibaba \u2013 inspector al Serviciului rela\u021bii externe \u0219i atragerea investi\u021biilor.<\/em><\/p>\n<p><strong>3.\tCu privire la aprobarea Planului de ac\u021biuni pentru energie durabil\u0103 B\u0103l\u021bi (PAEDU).<\/strong><br \/>\n<em>Raportor  \u2013 Serghei Culibaba \u2013 inspector al Serviciului rela\u021bii externe \u0219i atragerea investi\u021biilor.<\/em><br \/>\n<strong><br \/>\n4.\tCu privire la aprobarea proiectului Acordului de colaborare \u00eentre Institu\u021bia bugetar\u0103 de stat de \u00eenv\u0103\u021b\u0103m\u00eent superior \u201dUniversitatea de Stat de Ingenerie \u0219i Economie din regiunea Nijnii Novgorod\u201d (Federa\u021bia Rus\u0103) \u0219i Consiliul municipal B\u0103l\u021bi (Republica Moldova).<\/strong><br \/>\n<em>Raportor  \u2013 Angela Edu \u2013 specialist principal  al Serviciului rela\u021bii externe \u0219i atragerea investi\u021biilor.<\/em><\/p>\n<p><strong>5.\tCu privire la aprobarea proiectului Acordului de colaborare privind continuarea studiilor absolven\u021bilor institu\u021biilor de \u00eenv\u0103\u021b\u0103m\u00eent mediu \u0219i profesional din mun. B\u0103l\u021bi la Institu\u021bia de stat bugetar\u0103 federal\u0103 de \u00eenv\u0103\u021b\u0103m\u00eent superior\u201d Universitatea agrar\u0103 de stat din Sankt-Petersburg\u201d (IBFS \u00ceS UASSPb). <\/strong><br \/>\n<em>Raportor  \u2013 Angela Edu \u2013 specialist principal  al Serviciului rela\u021bii externe \u0219i atragerea investi\u021biilor.<\/em><\/p>\n<p><strong>6.\tCu privire la \u00eencorporarea \u00een serviciul militar \u00een termen, serviciul militar cu termen redus \u015fi serviciul civil (de alternativ\u0103) a recru\u0163ilor din mun. B\u0103l\u0163i \u00een prim\u0103vara-vara anului 2016.<\/strong><br \/>\n<em>Raportor  \u2013 Iurie Popa \u2013 \u0218ef al Serviciului civil \u015fi eviden\u0163a militar\u0103.<\/em><\/p>\n<p><strong>7.\t\u00centreb\u0103ri \u015fi interpel\u0103ri ale consilierilor.<\/strong><\/p>\n","protected":false},"excerpt":{"rendered":"<p>Anexa la dispozi\u021bia primarului nr. 100 din 04.03.2016 Ordinea de zi a \u015fedin\u0163ei II extraordinare a Consiliului municipal B\u0103l\u0163i din 11.03.2016 1. Declara\u021bia frac\u021biunii Consiliului mun. B\u0103l\u021bi \u201dPartidul Nostru\u201d. Raportor \u2013 Igor Basist\u0103i \u2013 pre\u0219edintele frac\u021biunii Consiliului mun. B\u0103l\u021bi \u201dPartidul Nostru\u201d. 2. Cu privire la aderarea municipiului B\u0103l\u021bi la Conven\u021bia Primarilor. Raportor \u2013 Serghei Culibaba [&hellip;]<\/p>\n","protected":false},"author":4,"featured_media":8613,"comment_status":"closed","ping_status":"closed","sticky":false,"template":"","format":"standard","meta":{"footnotes":""},"categories":[12],"tags":[],"class_list":["post-8612","post","type-post","status-publish","format-standard","has-post-thumbnail","hentry","category-balti"],"yoast_head":"<!-- This site is optimized with the Yoast SEO plugin v27.4 - https:\/\/yoast.com\/product\/yoast-seo-wordpress\/ -->\n<title>Afl\u0103 ce \u00eentreb\u0103ri vor fi discutate la \u0218edin\u021ba Consiliului Municipal B\u0103l\u021bi  - BTV<\/title>\n<meta name=\"robots\" content=\"index, follow, max-snippet:-1, max-image-preview:large, max-video-preview:-1\" \/>\n<link rel=\"canonical\" href=\"https:\/\/www.btv.md\/ro\/afla-ce-intrebari-vor-fi-discutate-la-sedinta-consiliului-municipal-balti\/\" \/>\n<meta property=\"og:locale\" content=\"ro_RO\" \/>\n<meta property=\"og:type\" content=\"article\" \/>\n<meta property=\"og:title\" content=\"Afl\u0103 ce \u00eentreb\u0103ri vor fi discutate la \u0218edin\u021ba Consiliului Municipal B\u0103l\u021bi  - BTV\" \/>\n<meta property=\"og:description\" content=\"Anexa la dispozi\u021bia primarului nr. 100 din 04.03.2016 Ordinea de zi a \u015fedin\u0163ei II extraordinare a Consiliului municipal B\u0103l\u0163i din 11.03.2016 1. Declara\u021bia frac\u021biunii Consiliului mun. B\u0103l\u021bi \u201dPartidul Nostru\u201d. Raportor \u2013 Igor Basist\u0103i \u2013 pre\u0219edintele frac\u021biunii Consiliului mun. B\u0103l\u021bi \u201dPartidul Nostru\u201d. 2. Cu privire la aderarea municipiului B\u0103l\u021bi la Conven\u021bia Primarilor. Raportor \u2013 Serghei Culibaba [&hellip;]\" \/>\n<meta property=\"og:url\" content=\"https:\/\/www.btv.md\/ro\/afla-ce-intrebari-vor-fi-discutate-la-sedinta-consiliului-municipal-balti\/\" \/>\n<meta property=\"og:site_name\" content=\"BTV\" \/>\n<meta property=\"article:publisher\" content=\"https:\/\/www.facebook.com\/btvmoldova\/\" \/>\n<meta property=\"article:published_time\" content=\"2016-03-09T11:58:27+00:00\" \/>\n<meta property=\"og:image\" content=\"https:\/\/www.btv.md\/wp-content\/uploads\/2016\/03\/25253_38780_1.jpg\" \/>\n\t<meta property=\"og:image:width\" content=\"1000\" \/>\n\t<meta property=\"og:image:height\" content=\"667\" \/>\n\t<meta property=\"og:image:type\" content=\"image\/jpeg\" \/>\n<meta name=\"author\" content=\"admin\" \/>\n<meta name=\"twitter:label1\" content=\"Scris de\" \/>\n\t<meta name=\"twitter:data1\" content=\"admin\" \/>\n\t<meta name=\"twitter:label2\" content=\"Timp estimat pentru citire\" \/>\n\t<meta name=\"twitter:data2\" content=\"1 minut\" \/>\n<script type=\"application\/ld+json\" class=\"yoast-schema-graph\">{\"@context\":\"https:\\\/\\\/schema.org\",\"@graph\":[{\"@type\":\"Article\",\"@id\":\"https:\\\/\\\/www.btv.md\\\/ro\\\/afla-ce-intrebari-vor-fi-discutate-la-sedinta-consiliului-municipal-balti\\\/#article\",\"isPartOf\":{\"@id\":\"https:\\\/\\\/www.btv.md\\\/ro\\\/afla-ce-intrebari-vor-fi-discutate-la-sedinta-consiliului-municipal-balti\\\/\"},\"author\":{\"name\":\"admin\",\"@id\":\"https:\\\/\\\/www.btv.md\\\/#\\\/schema\\\/person\\\/8fadce81561b3ce2c34c46dadc4ccbf2\"},\"headline\":\"Afl\u0103 ce \u00eentreb\u0103ri vor fi discutate la \u0218edin\u021ba Consiliului Municipal B\u0103l\u021bi\",\"datePublished\":\"2016-03-09T11:58:27+00:00\",\"mainEntityOfPage\":{\"@id\":\"https:\\\/\\\/www.btv.md\\\/ro\\\/afla-ce-intrebari-vor-fi-discutate-la-sedinta-consiliului-municipal-balti\\\/\"},\"wordCount\":282,\"image\":{\"@id\":\"https:\\\/\\\/www.btv.md\\\/ro\\\/afla-ce-intrebari-vor-fi-discutate-la-sedinta-consiliului-municipal-balti\\\/#primaryimage\"},\"thumbnailUrl\":\"https:\\\/\\\/www.btv.md\\\/wp-content\\\/uploads\\\/2016\\\/03\\\/25253_38780_1.jpg\",\"articleSection\":[\"\u0413\u043e\u0440\u043e\u0434\"],\"inLanguage\":\"ro-RO\"},{\"@type\":\"WebPage\",\"@id\":\"https:\\\/\\\/www.btv.md\\\/ro\\\/afla-ce-intrebari-vor-fi-discutate-la-sedinta-consiliului-municipal-balti\\\/\",\"url\":\"https:\\\/\\\/www.btv.md\\\/ro\\\/afla-ce-intrebari-vor-fi-discutate-la-sedinta-consiliului-municipal-balti\\\/\",\"name\":\"Afl\u0103 ce \u00eentreb\u0103ri vor fi discutate la \u0218edin\u021ba Consiliului Municipal B\u0103l\u021bi - BTV\",\"isPartOf\":{\"@id\":\"https:\\\/\\\/www.btv.md\\\/#website\"},\"primaryImageOfPage\":{\"@id\":\"https:\\\/\\\/www.btv.md\\\/ro\\\/afla-ce-intrebari-vor-fi-discutate-la-sedinta-consiliului-municipal-balti\\\/#primaryimage\"},\"image\":{\"@id\":\"https:\\\/\\\/www.btv.md\\\/ro\\\/afla-ce-intrebari-vor-fi-discutate-la-sedinta-consiliului-municipal-balti\\\/#primaryimage\"},\"thumbnailUrl\":\"https:\\\/\\\/www.btv.md\\\/wp-content\\\/uploads\\\/2016\\\/03\\\/25253_38780_1.jpg\",\"datePublished\":\"2016-03-09T11:58:27+00:00\",\"author\":{\"@id\":\"https:\\\/\\\/www.btv.md\\\/#\\\/schema\\\/person\\\/8fadce81561b3ce2c34c46dadc4ccbf2\"},\"inLanguage\":\"ro-RO\",\"potentialAction\":[{\"@type\":\"ReadAction\",\"target\":[\"https:\\\/\\\/www.btv.md\\\/ro\\\/afla-ce-intrebari-vor-fi-discutate-la-sedinta-consiliului-municipal-balti\\\/\"]}]},{\"@type\":\"ImageObject\",\"inLanguage\":\"ro-RO\",\"@id\":\"https:\\\/\\\/www.btv.md\\\/ro\\\/afla-ce-intrebari-vor-fi-discutate-la-sedinta-consiliului-municipal-balti\\\/#primaryimage\",\"url\":\"https:\\\/\\\/www.btv.md\\\/wp-content\\\/uploads\\\/2016\\\/03\\\/25253_38780_1.jpg\",\"contentUrl\":\"https:\\\/\\\/www.btv.md\\\/wp-content\\\/uploads\\\/2016\\\/03\\\/25253_38780_1.jpg\",\"width\":1000,\"height\":667,\"caption\":\"amfostacolo.ro\"},{\"@type\":\"WebSite\",\"@id\":\"https:\\\/\\\/www.btv.md\\\/#website\",\"url\":\"https:\\\/\\\/www.btv.md\\\/\",\"name\":\"BTV\",\"description\":\"\u0411\u0435\u043b\u044c\u0446\u043a\u043e\u0435 \u0442\u0435\u043b\u0435\u0432\u0438\u0434\u0435\u043d\u0438\u0435\",\"potentialAction\":[{\"@type\":\"SearchAction\",\"target\":{\"@type\":\"EntryPoint\",\"urlTemplate\":\"https:\\\/\\\/www.btv.md\\\/?s={search_term_string}\"},\"query-input\":{\"@type\":\"PropertyValueSpecification\",\"valueRequired\":true,\"valueName\":\"search_term_string\"}}],\"inLanguage\":\"ro-RO\"},{\"@type\":\"Person\",\"@id\":\"https:\\\/\\\/www.btv.md\\\/#\\\/schema\\\/person\\\/8fadce81561b3ce2c34c46dadc4ccbf2\",\"name\":\"admin\"}]}<\/script>\n<!-- \/ Yoast SEO plugin. -->","yoast_head_json":{"title":"Afl\u0103 ce \u00eentreb\u0103ri vor fi discutate la \u0218edin\u021ba Consiliului Municipal B\u0103l\u021bi  - BTV","robots":{"index":"index","follow":"follow","max-snippet":"max-snippet:-1","max-image-preview":"max-image-preview:large","max-video-preview":"max-video-preview:-1"},"canonical":"https:\/\/www.btv.md\/ro\/afla-ce-intrebari-vor-fi-discutate-la-sedinta-consiliului-municipal-balti\/","og_locale":"ro_RO","og_type":"article","og_title":"Afl\u0103 ce \u00eentreb\u0103ri vor fi discutate la \u0218edin\u021ba Consiliului Municipal B\u0103l\u021bi  - BTV","og_description":"Anexa la dispozi\u021bia primarului nr. 100 din 04.03.2016 Ordinea de zi a \u015fedin\u0163ei II extraordinare a Consiliului municipal B\u0103l\u0163i din 11.03.2016 1. Declara\u021bia frac\u021biunii Consiliului mun. B\u0103l\u021bi \u201dPartidul Nostru\u201d. Raportor \u2013 Igor Basist\u0103i \u2013 pre\u0219edintele frac\u021biunii Consiliului mun. B\u0103l\u021bi \u201dPartidul Nostru\u201d. 2. Cu privire la aderarea municipiului B\u0103l\u021bi la Conven\u021bia Primarilor. Raportor \u2013 Serghei Culibaba [&hellip;]","og_url":"https:\/\/www.btv.md\/ro\/afla-ce-intrebari-vor-fi-discutate-la-sedinta-consiliului-municipal-balti\/","og_site_name":"BTV","article_publisher":"https:\/\/www.facebook.com\/btvmoldova\/","article_published_time":"2016-03-09T11:58:27+00:00","og_image":[{"width":1000,"height":667,"url":"https:\/\/www.btv.md\/wp-content\/uploads\/2016\/03\/25253_38780_1.jpg","type":"image\/jpeg"}],"author":"admin","twitter_misc":{"Scris de":"admin","Timp estimat pentru citire":"1 minut"},"schema":{"@context":"https:\/\/schema.org","@graph":[{"@type":"Article","@id":"https:\/\/www.btv.md\/ro\/afla-ce-intrebari-vor-fi-discutate-la-sedinta-consiliului-municipal-balti\/#article","isPartOf":{"@id":"https:\/\/www.btv.md\/ro\/afla-ce-intrebari-vor-fi-discutate-la-sedinta-consiliului-municipal-balti\/"},"author":{"name":"admin","@id":"https:\/\/www.btv.md\/#\/schema\/person\/8fadce81561b3ce2c34c46dadc4ccbf2"},"headline":"Afl\u0103 ce \u00eentreb\u0103ri vor fi discutate la \u0218edin\u021ba Consiliului Municipal B\u0103l\u021bi","datePublished":"2016-03-09T11:58:27+00:00","mainEntityOfPage":{"@id":"https:\/\/www.btv.md\/ro\/afla-ce-intrebari-vor-fi-discutate-la-sedinta-consiliului-municipal-balti\/"},"wordCount":282,"image":{"@id":"https:\/\/www.btv.md\/ro\/afla-ce-intrebari-vor-fi-discutate-la-sedinta-consiliului-municipal-balti\/#primaryimage"},"thumbnailUrl":"https:\/\/www.btv.md\/wp-content\/uploads\/2016\/03\/25253_38780_1.jpg","articleSection":["\u0413\u043e\u0440\u043e\u0434"],"inLanguage":"ro-RO"},{"@type":"WebPage","@id":"https:\/\/www.btv.md\/ro\/afla-ce-intrebari-vor-fi-discutate-la-sedinta-consiliului-municipal-balti\/","url":"https:\/\/www.btv.md\/ro\/afla-ce-intrebari-vor-fi-discutate-la-sedinta-consiliului-municipal-balti\/","name":"Afl\u0103 ce \u00eentreb\u0103ri vor fi discutate la \u0218edin\u021ba Consiliului Municipal B\u0103l\u021bi - BTV","isPartOf":{"@id":"https:\/\/www.btv.md\/#website"},"primaryImageOfPage":{"@id":"https:\/\/www.btv.md\/ro\/afla-ce-intrebari-vor-fi-discutate-la-sedinta-consiliului-municipal-balti\/#primaryimage"},"image":{"@id":"https:\/\/www.btv.md\/ro\/afla-ce-intrebari-vor-fi-discutate-la-sedinta-consiliului-municipal-balti\/#primaryimage"},"thumbnailUrl":"https:\/\/www.btv.md\/wp-content\/uploads\/2016\/03\/25253_38780_1.jpg","datePublished":"2016-03-09T11:58:27+00:00","author":{"@id":"https:\/\/www.btv.md\/#\/schema\/person\/8fadce81561b3ce2c34c46dadc4ccbf2"},"inLanguage":"ro-RO","potentialAction":[{"@type":"ReadAction","target":["https:\/\/www.btv.md\/ro\/afla-ce-intrebari-vor-fi-discutate-la-sedinta-consiliului-municipal-balti\/"]}]},{"@type":"ImageObject","inLanguage":"ro-RO","@id":"https:\/\/www.btv.md\/ro\/afla-ce-intrebari-vor-fi-discutate-la-sedinta-consiliului-municipal-balti\/#primaryimage","url":"https:\/\/www.btv.md\/wp-content\/uploads\/2016\/03\/25253_38780_1.jpg","contentUrl":"https:\/\/www.btv.md\/wp-content\/uploads\/2016\/03\/25253_38780_1.jpg","width":1000,"height":667,"caption":"amfostacolo.ro"},{"@type":"WebSite","@id":"https:\/\/www.btv.md\/#website","url":"https:\/\/www.btv.md\/","name":"BTV","description":"\u0411\u0435\u043b\u044c\u0446\u043a\u043e\u0435 \u0442\u0435\u043b\u0435\u0432\u0438\u0434\u0435\u043d\u0438\u0435","potentialAction":[{"@type":"SearchAction","target":{"@type":"EntryPoint","urlTemplate":"https:\/\/www.btv.md\/?s={search_term_string}"},"query-input":{"@type":"PropertyValueSpecification","valueRequired":true,"valueName":"search_term_string"}}],"inLanguage":"ro-RO"},{"@type":"Person","@id":"https:\/\/www.btv.md\/#\/schema\/person\/8fadce81561b3ce2c34c46dadc4ccbf2","name":"admin"}]}},"_links":{"self":[{"href":"https:\/\/www.btv.md\/ro\/wp-json\/wp\/v2\/posts\/8612","targetHints":{"allow":["GET"]}}],"collection":[{"href":"https:\/\/www.btv.md\/ro\/wp-json\/wp\/v2\/posts"}],"about":[{"href":"https:\/\/www.btv.md\/ro\/wp-json\/wp\/v2\/types\/post"}],"author":[{"embeddable":true,"href":"https:\/\/www.btv.md\/ro\/wp-json\/wp\/v2\/users\/4"}],"replies":[{"embeddable":true,"href":"https:\/\/www.btv.md\/ro\/wp-json\/wp\/v2\/comments?post=8612"}],"version-history":[{"count":0,"href":"https:\/\/www.btv.md\/ro\/wp-json\/wp\/v2\/posts\/8612\/revisions"}],"wp:featuredmedia":[{"embeddable":true,"href":"https:\/\/www.btv.md\/ro\/wp-json\/wp\/v2\/media\/8613"}],"wp:attachment":[{"href":"https:\/\/www.btv.md\/ro\/wp-json\/wp\/v2\/media?parent=8612"}],"wp:term":[{"taxonomy":"category","embeddable":true,"href":"https:\/\/www.btv.md\/ro\/wp-json\/wp\/v2\/categories?post=8612"},{"taxonomy":"post_tag","embeddable":true,"href":"https:\/\/www.btv.md\/ro\/wp-json\/wp\/v2\/tags?post=8612"}],"curies":[{"name":"wp","href":"https:\/\/api.w.org\/{rel}","templated":true}]}}