{"id":8636,"date":"2016-03-09T20:31:32","date_gmt":"2016-03-09T17:31:32","guid":{"rendered":"http:\/\/btv.md\/?p=8636"},"modified":"2016-03-09T20:31:32","modified_gmt":"2016-03-09T17:31:32","slug":"de-ce-unor-romi-din-balti-le-a-fost-interzis-accesul-in-doua-localuri-de-agrement","status":"publish","type":"post","link":"https:\/\/www.btv.md\/ro\/de-ce-unor-romi-din-balti-le-a-fost-interzis-accesul-in-doua-localuri-de-agrement\/","title":{"rendered":"DE  CE  UNOR  ROMI  DIN  B\u0102L\u021aI  LE-A  FOST  INTERZIS  ACCESUL  \u00ceN  DOU\u0102  LOCALURI  DE  AGREMENT?"},"content":{"rendered":"<p><strong>Romii din B\u0103l\u021bi nu au acces \u00een localurile de agrement. Cel pu\u021bin asta sus\u021bin cei  care au venit s\u0103 protesteze miercuri, \u00een fa\u021ba prim\u0103riei.<\/p>\n<p>Romii spun c\u0103 au fost trata\u021bi cu grosol\u0103nie de angaja\u021bii a dou\u0103 localuri, amplasate chiar \u00een centrul ora\u0219ului.<\/strong><\/p>\n<p>\u201e<em>Angaja\u021bii localurilor Vernisaj \u0219i La havuz au refuzat s\u0103 deserveasc\u0103 romii. Aceast\u0103 ac\u021biune o consider\u0103m discriminatorie, iar mesajul nostru este urm\u0103torul: discriminarea izoleaz\u0103<\/em>\u201d.<\/p>\n<p>Printre cei care ar fi fost discrimina\u0163i este \u015fi mediatorul comunitar Aliona Ciurar, care sus\u021bine c\u0103 dispune de dovezi. Aceasta a men\u021bionat c\u0103 are la \u00eendem\u00e2n\u0103 material video \u0219i audio.<\/p>\n<p>De cealalt\u0103 parte, reprezentan\u021bii localurilor spun c\u0103 nu cunosc nimic despre cele \u00eent\u00e2mplate. Mai mult ca at\u00e2t, ei s-au ar\u0103tat nedumeri\u021bi de ac\u021biunile angaja\u021bilor, dar nu exclud faptul c\u0103 ar fi existat motive de-a interzice accesul romilor \u00een localuri. <\/p>\n<p>\u201e<em>Dac\u0103 cineva a fost dat afar\u0103, \u00eenseamn\u0103 c\u0103 au existat motive. Trebuie s\u0103 ave\u021bi un comportament adecvat \u0219i ve\u021bi fi deservi\u021bi. \u00censeamn\u0103 c\u0103 au fost motive precum furturi, \u00eenc\u0103ier\u0103ri<\/em>\u201d. <\/p>\n<p>\u201e<em>S\u0103 ar\u0103ta\u021bi mai bine cum elimin\u0103 gaz toxic \u00een \u00eenc\u0103pere \u0219i fur\u0103 din buzunare. Eu nu am nimic \u00eempotriva tuturor \u021biganilor, \u00eempotriva unora, desigur c\u0103 am. Nu au trecut face controlul \u0219i gata<\/em>\u201d.<\/p>\n<p>Romii \u00eendeamn\u0103 patronii s\u0103 nu vin\u0103 cu acuza\u021bii la adresa tuturor.<\/p>\n<p>Consultantul ONU \u00een documentarea cazurilor de discriminare, Natalia Duminic\u0103, spune c\u0103 nu este prima dat\u0103 c\u00e2nd romilor le este interzis accesul \u00een anumite localuri de agrement.<\/p>\n<p>\u201e<em>Nu este primul caz de acest gen. Au fost cazuri similare \u00een Soroca, R\u00e2\u0219cani \u0219i deja \u00een B\u0103l\u021bi. Conform legii 121, privind egalitatea de \u0219anse, se interzice discriminarea pe mai multe criterii, printre care cel etnic. C\u00e2nd vorbim despre un grup de victime se consider\u0103 form\u0103 grav\u0103 a discrimin\u0103rii<\/em>\u201d.<\/p>\n<p>Dup\u0103 ce au protestat \u00een fa\u021ba localurilor cu pricina, manifestan\u021bii au mers la Inspectoratul de Poli\u021bie B\u0103l\u021bi, unde au depus o pl\u00e2ngere. Ulterior, ace\u0219tia s-au \u00eendreptat spre procuratur\u0103.<\/p>\n<p>\u201e<em>Avem o pl\u00e2ngere cu care mergem \u0219i la procuratur\u0103, dup\u0103 care vom depune o sesizare \u0219i c\u0103tre administra\u021bia prim\u0103riei<\/em>\u201d. <\/p>\n<p>Romii spun c\u0103 sunt preg\u0103ti\u021bi de un proces \u00een instan\u021ba de judecat\u0103.<\/p>\n<p><iframe width=\"420\" height=\"315\" data-src=\"https:\/\/www.youtube.com\/embed\/lHKE2cRyQUg\" frameborder=\"0\" allowfullscreen src=\"data:image\/svg+xml;base64,PHN2ZyB3aWR0aD0iMSIgaGVpZ2h0PSIxIiB4bWxucz0iaHR0cDovL3d3dy53My5vcmcvMjAwMC9zdmciPjwvc3ZnPg==\" class=\"lazyload\" data-load-mode=\"1\"><\/iframe><\/p>\n","protected":false},"excerpt":{"rendered":"<p>Romii din B\u0103l\u021bi nu au acces \u00een localurile de agrement. Cel pu\u021bin asta sus\u021bin cei care au venit s\u0103 protesteze miercuri, \u00een fa\u021ba prim\u0103riei. Romii spun c\u0103 au fost trata\u021bi cu grosol\u0103nie de angaja\u021bii a dou\u0103 localuri, amplasate chiar \u00een centrul ora\u0219ului. \u201eAngaja\u021bii localurilor Vernisaj \u0219i La havuz au refuzat s\u0103 deserveasc\u0103 romii. Aceast\u0103 ac\u021biune [&hellip;]<\/p>\n","protected":false},"author":4,"featured_media":8637,"comment_status":"closed","ping_status":"closed","sticky":false,"template":"","format":"standard","meta":{"footnotes":""},"categories":[6353],"tags":[],"class_list":["post-8636","post","type-post","status-publish","format-standard","has-post-thumbnail","hentry","category-oras"],"yoast_head":"<!-- This site is optimized with the Yoast SEO plugin v27.4 - https:\/\/yoast.com\/product\/yoast-seo-wordpress\/ -->\n<title>DE CE UNOR ROMI DIN B\u0102L\u021aI LE-A FOST INTERZIS ACCESUL \u00ceN DOU\u0102 LOCALURI DE AGREMENT? - BTV<\/title>\n<meta name=\"robots\" content=\"index, follow, max-snippet:-1, max-image-preview:large, max-video-preview:-1\" \/>\n<link rel=\"canonical\" href=\"https:\/\/www.btv.md\/ro\/de-ce-unor-romi-din-balti-le-a-fost-interzis-accesul-in-doua-localuri-de-agrement\/\" \/>\n<meta property=\"og:locale\" content=\"ro_RO\" \/>\n<meta property=\"og:type\" content=\"article\" \/>\n<meta property=\"og:title\" content=\"DE CE UNOR ROMI DIN B\u0102L\u021aI LE-A FOST INTERZIS ACCESUL \u00ceN DOU\u0102 LOCALURI DE AGREMENT? - BTV\" \/>\n<meta property=\"og:description\" content=\"Romii din B\u0103l\u021bi nu au acces \u00een localurile de agrement. Cel pu\u021bin asta sus\u021bin cei care au venit s\u0103 protesteze miercuri, \u00een fa\u021ba prim\u0103riei. Romii spun c\u0103 au fost trata\u021bi cu grosol\u0103nie de angaja\u021bii a dou\u0103 localuri, amplasate chiar \u00een centrul ora\u0219ului. \u201eAngaja\u021bii localurilor Vernisaj \u0219i La havuz au refuzat s\u0103 deserveasc\u0103 romii. Aceast\u0103 ac\u021biune [&hellip;]\" \/>\n<meta property=\"og:url\" content=\"https:\/\/www.btv.md\/ro\/de-ce-unor-romi-din-balti-le-a-fost-interzis-accesul-in-doua-localuri-de-agrement\/\" \/>\n<meta property=\"og:site_name\" content=\"BTV\" \/>\n<meta property=\"article:publisher\" content=\"https:\/\/www.facebook.com\/btvmoldova\/\" \/>\n<meta property=\"article:published_time\" content=\"2016-03-09T17:31:32+00:00\" \/>\n<meta property=\"og:image\" content=\"https:\/\/www.btv.md\/wp-content\/uploads\/2016\/03\/romi-protest.png\" \/>\n\t<meta property=\"og:image:width\" content=\"1007\" \/>\n\t<meta property=\"og:image:height\" content=\"589\" \/>\n\t<meta property=\"og:image:type\" content=\"image\/png\" \/>\n<meta name=\"author\" content=\"admin\" \/>\n<meta name=\"twitter:label1\" content=\"Scris de\" \/>\n\t<meta name=\"twitter:data1\" content=\"admin\" \/>\n\t<meta name=\"twitter:label2\" content=\"Timp estimat pentru citire\" \/>\n\t<meta name=\"twitter:data2\" content=\"2 minute\" \/>\n<script type=\"application\/ld+json\" class=\"yoast-schema-graph\">{\"@context\":\"https:\\\/\\\/schema.org\",\"@graph\":[{\"@type\":\"Article\",\"@id\":\"https:\\\/\\\/www.btv.md\\\/ro\\\/de-ce-unor-romi-din-balti-le-a-fost-interzis-accesul-in-doua-localuri-de-agrement\\\/#article\",\"isPartOf\":{\"@id\":\"https:\\\/\\\/www.btv.md\\\/ro\\\/de-ce-unor-romi-din-balti-le-a-fost-interzis-accesul-in-doua-localuri-de-agrement\\\/\"},\"author\":{\"name\":\"admin\",\"@id\":\"https:\\\/\\\/www.btv.md\\\/#\\\/schema\\\/person\\\/8fadce81561b3ce2c34c46dadc4ccbf2\"},\"headline\":\"DE CE UNOR ROMI DIN B\u0102L\u021aI LE-A FOST INTERZIS ACCESUL \u00ceN DOU\u0102 LOCALURI DE AGREMENT?\",\"datePublished\":\"2016-03-09T17:31:32+00:00\",\"mainEntityOfPage\":{\"@id\":\"https:\\\/\\\/www.btv.md\\\/ro\\\/de-ce-unor-romi-din-balti-le-a-fost-interzis-accesul-in-doua-localuri-de-agrement\\\/\"},\"wordCount\":411,\"image\":{\"@id\":\"https:\\\/\\\/www.btv.md\\\/ro\\\/de-ce-unor-romi-din-balti-le-a-fost-interzis-accesul-in-doua-localuri-de-agrement\\\/#primaryimage\"},\"thumbnailUrl\":\"https:\\\/\\\/www.btv.md\\\/wp-content\\\/uploads\\\/2016\\\/03\\\/romi-protest.png\",\"articleSection\":[\"Ora\u0219\"],\"inLanguage\":\"ro-RO\"},{\"@type\":\"WebPage\",\"@id\":\"https:\\\/\\\/www.btv.md\\\/ro\\\/de-ce-unor-romi-din-balti-le-a-fost-interzis-accesul-in-doua-localuri-de-agrement\\\/\",\"url\":\"https:\\\/\\\/www.btv.md\\\/ro\\\/de-ce-unor-romi-din-balti-le-a-fost-interzis-accesul-in-doua-localuri-de-agrement\\\/\",\"name\":\"DE CE UNOR ROMI DIN B\u0102L\u021aI LE-A FOST INTERZIS ACCESUL \u00ceN DOU\u0102 LOCALURI DE AGREMENT? - BTV\",\"isPartOf\":{\"@id\":\"https:\\\/\\\/www.btv.md\\\/#website\"},\"primaryImageOfPage\":{\"@id\":\"https:\\\/\\\/www.btv.md\\\/ro\\\/de-ce-unor-romi-din-balti-le-a-fost-interzis-accesul-in-doua-localuri-de-agrement\\\/#primaryimage\"},\"image\":{\"@id\":\"https:\\\/\\\/www.btv.md\\\/ro\\\/de-ce-unor-romi-din-balti-le-a-fost-interzis-accesul-in-doua-localuri-de-agrement\\\/#primaryimage\"},\"thumbnailUrl\":\"https:\\\/\\\/www.btv.md\\\/wp-content\\\/uploads\\\/2016\\\/03\\\/romi-protest.png\",\"datePublished\":\"2016-03-09T17:31:32+00:00\",\"author\":{\"@id\":\"https:\\\/\\\/www.btv.md\\\/#\\\/schema\\\/person\\\/8fadce81561b3ce2c34c46dadc4ccbf2\"},\"inLanguage\":\"ro-RO\",\"potentialAction\":[{\"@type\":\"ReadAction\",\"target\":[\"https:\\\/\\\/www.btv.md\\\/ro\\\/de-ce-unor-romi-din-balti-le-a-fost-interzis-accesul-in-doua-localuri-de-agrement\\\/\"]}]},{\"@type\":\"ImageObject\",\"inLanguage\":\"ro-RO\",\"@id\":\"https:\\\/\\\/www.btv.md\\\/ro\\\/de-ce-unor-romi-din-balti-le-a-fost-interzis-accesul-in-doua-localuri-de-agrement\\\/#primaryimage\",\"url\":\"https:\\\/\\\/www.btv.md\\\/wp-content\\\/uploads\\\/2016\\\/03\\\/romi-protest.png\",\"contentUrl\":\"https:\\\/\\\/www.btv.md\\\/wp-content\\\/uploads\\\/2016\\\/03\\\/romi-protest.png\",\"width\":1007,\"height\":589},{\"@type\":\"WebSite\",\"@id\":\"https:\\\/\\\/www.btv.md\\\/#website\",\"url\":\"https:\\\/\\\/www.btv.md\\\/\",\"name\":\"BTV\",\"description\":\"\u0411\u0435\u043b\u044c\u0446\u043a\u043e\u0435 \u0442\u0435\u043b\u0435\u0432\u0438\u0434\u0435\u043d\u0438\u0435\",\"potentialAction\":[{\"@type\":\"SearchAction\",\"target\":{\"@type\":\"EntryPoint\",\"urlTemplate\":\"https:\\\/\\\/www.btv.md\\\/?s={search_term_string}\"},\"query-input\":{\"@type\":\"PropertyValueSpecification\",\"valueRequired\":true,\"valueName\":\"search_term_string\"}}],\"inLanguage\":\"ro-RO\"},{\"@type\":\"Person\",\"@id\":\"https:\\\/\\\/www.btv.md\\\/#\\\/schema\\\/person\\\/8fadce81561b3ce2c34c46dadc4ccbf2\",\"name\":\"admin\"}]}<\/script>\n<!-- \/ Yoast SEO plugin. -->","yoast_head_json":{"title":"DE CE UNOR ROMI DIN B\u0102L\u021aI LE-A FOST INTERZIS ACCESUL \u00ceN DOU\u0102 LOCALURI DE AGREMENT? - BTV","robots":{"index":"index","follow":"follow","max-snippet":"max-snippet:-1","max-image-preview":"max-image-preview:large","max-video-preview":"max-video-preview:-1"},"canonical":"https:\/\/www.btv.md\/ro\/de-ce-unor-romi-din-balti-le-a-fost-interzis-accesul-in-doua-localuri-de-agrement\/","og_locale":"ro_RO","og_type":"article","og_title":"DE CE UNOR ROMI DIN B\u0102L\u021aI LE-A FOST INTERZIS ACCESUL \u00ceN DOU\u0102 LOCALURI DE AGREMENT? - BTV","og_description":"Romii din B\u0103l\u021bi nu au acces \u00een localurile de agrement. Cel pu\u021bin asta sus\u021bin cei care au venit s\u0103 protesteze miercuri, \u00een fa\u021ba prim\u0103riei. Romii spun c\u0103 au fost trata\u021bi cu grosol\u0103nie de angaja\u021bii a dou\u0103 localuri, amplasate chiar \u00een centrul ora\u0219ului. \u201eAngaja\u021bii localurilor Vernisaj \u0219i La havuz au refuzat s\u0103 deserveasc\u0103 romii. Aceast\u0103 ac\u021biune [&hellip;]","og_url":"https:\/\/www.btv.md\/ro\/de-ce-unor-romi-din-balti-le-a-fost-interzis-accesul-in-doua-localuri-de-agrement\/","og_site_name":"BTV","article_publisher":"https:\/\/www.facebook.com\/btvmoldova\/","article_published_time":"2016-03-09T17:31:32+00:00","og_image":[{"width":1007,"height":589,"url":"https:\/\/www.btv.md\/wp-content\/uploads\/2016\/03\/romi-protest.png","type":"image\/png"}],"author":"admin","twitter_misc":{"Scris de":"admin","Timp estimat pentru citire":"2 minute"},"schema":{"@context":"https:\/\/schema.org","@graph":[{"@type":"Article","@id":"https:\/\/www.btv.md\/ro\/de-ce-unor-romi-din-balti-le-a-fost-interzis-accesul-in-doua-localuri-de-agrement\/#article","isPartOf":{"@id":"https:\/\/www.btv.md\/ro\/de-ce-unor-romi-din-balti-le-a-fost-interzis-accesul-in-doua-localuri-de-agrement\/"},"author":{"name":"admin","@id":"https:\/\/www.btv.md\/#\/schema\/person\/8fadce81561b3ce2c34c46dadc4ccbf2"},"headline":"DE CE UNOR ROMI DIN B\u0102L\u021aI LE-A FOST INTERZIS ACCESUL \u00ceN DOU\u0102 LOCALURI DE AGREMENT?","datePublished":"2016-03-09T17:31:32+00:00","mainEntityOfPage":{"@id":"https:\/\/www.btv.md\/ro\/de-ce-unor-romi-din-balti-le-a-fost-interzis-accesul-in-doua-localuri-de-agrement\/"},"wordCount":411,"image":{"@id":"https:\/\/www.btv.md\/ro\/de-ce-unor-romi-din-balti-le-a-fost-interzis-accesul-in-doua-localuri-de-agrement\/#primaryimage"},"thumbnailUrl":"https:\/\/www.btv.md\/wp-content\/uploads\/2016\/03\/romi-protest.png","articleSection":["Ora\u0219"],"inLanguage":"ro-RO"},{"@type":"WebPage","@id":"https:\/\/www.btv.md\/ro\/de-ce-unor-romi-din-balti-le-a-fost-interzis-accesul-in-doua-localuri-de-agrement\/","url":"https:\/\/www.btv.md\/ro\/de-ce-unor-romi-din-balti-le-a-fost-interzis-accesul-in-doua-localuri-de-agrement\/","name":"DE CE UNOR ROMI DIN B\u0102L\u021aI LE-A FOST INTERZIS ACCESUL \u00ceN DOU\u0102 LOCALURI DE AGREMENT? - BTV","isPartOf":{"@id":"https:\/\/www.btv.md\/#website"},"primaryImageOfPage":{"@id":"https:\/\/www.btv.md\/ro\/de-ce-unor-romi-din-balti-le-a-fost-interzis-accesul-in-doua-localuri-de-agrement\/#primaryimage"},"image":{"@id":"https:\/\/www.btv.md\/ro\/de-ce-unor-romi-din-balti-le-a-fost-interzis-accesul-in-doua-localuri-de-agrement\/#primaryimage"},"thumbnailUrl":"https:\/\/www.btv.md\/wp-content\/uploads\/2016\/03\/romi-protest.png","datePublished":"2016-03-09T17:31:32+00:00","author":{"@id":"https:\/\/www.btv.md\/#\/schema\/person\/8fadce81561b3ce2c34c46dadc4ccbf2"},"inLanguage":"ro-RO","potentialAction":[{"@type":"ReadAction","target":["https:\/\/www.btv.md\/ro\/de-ce-unor-romi-din-balti-le-a-fost-interzis-accesul-in-doua-localuri-de-agrement\/"]}]},{"@type":"ImageObject","inLanguage":"ro-RO","@id":"https:\/\/www.btv.md\/ro\/de-ce-unor-romi-din-balti-le-a-fost-interzis-accesul-in-doua-localuri-de-agrement\/#primaryimage","url":"https:\/\/www.btv.md\/wp-content\/uploads\/2016\/03\/romi-protest.png","contentUrl":"https:\/\/www.btv.md\/wp-content\/uploads\/2016\/03\/romi-protest.png","width":1007,"height":589},{"@type":"WebSite","@id":"https:\/\/www.btv.md\/#website","url":"https:\/\/www.btv.md\/","name":"BTV","description":"\u0411\u0435\u043b\u044c\u0446\u043a\u043e\u0435 \u0442\u0435\u043b\u0435\u0432\u0438\u0434\u0435\u043d\u0438\u0435","potentialAction":[{"@type":"SearchAction","target":{"@type":"EntryPoint","urlTemplate":"https:\/\/www.btv.md\/?s={search_term_string}"},"query-input":{"@type":"PropertyValueSpecification","valueRequired":true,"valueName":"search_term_string"}}],"inLanguage":"ro-RO"},{"@type":"Person","@id":"https:\/\/www.btv.md\/#\/schema\/person\/8fadce81561b3ce2c34c46dadc4ccbf2","name":"admin"}]}},"_links":{"self":[{"href":"https:\/\/www.btv.md\/ro\/wp-json\/wp\/v2\/posts\/8636","targetHints":{"allow":["GET"]}}],"collection":[{"href":"https:\/\/www.btv.md\/ro\/wp-json\/wp\/v2\/posts"}],"about":[{"href":"https:\/\/www.btv.md\/ro\/wp-json\/wp\/v2\/types\/post"}],"author":[{"embeddable":true,"href":"https:\/\/www.btv.md\/ro\/wp-json\/wp\/v2\/users\/4"}],"replies":[{"embeddable":true,"href":"https:\/\/www.btv.md\/ro\/wp-json\/wp\/v2\/comments?post=8636"}],"version-history":[{"count":0,"href":"https:\/\/www.btv.md\/ro\/wp-json\/wp\/v2\/posts\/8636\/revisions"}],"wp:featuredmedia":[{"embeddable":true,"href":"https:\/\/www.btv.md\/ro\/wp-json\/wp\/v2\/media\/8637"}],"wp:attachment":[{"href":"https:\/\/www.btv.md\/ro\/wp-json\/wp\/v2\/media?parent=8636"}],"wp:term":[{"taxonomy":"category","embeddable":true,"href":"https:\/\/www.btv.md\/ro\/wp-json\/wp\/v2\/categories?post=8636"},{"taxonomy":"post_tag","embeddable":true,"href":"https:\/\/www.btv.md\/ro\/wp-json\/wp\/v2\/tags?post=8636"}],"curies":[{"name":"wp","href":"https:\/\/api.w.org\/{rel}","templated":true}]}}