{"id":8672,"date":"2016-03-10T13:37:13","date_gmt":"2016-03-10T10:37:13","guid":{"rendered":"http:\/\/btv.md\/?p=8672"},"modified":"2016-03-10T13:37:13","modified_gmt":"2016-03-10T10:37:13","slug":"expert-in-drept-articolul-78-din-constitutie-trebuia-sa-fie-modificat-de-parlament","status":"publish","type":"post","link":"https:\/\/www.btv.md\/ro\/expert-in-drept-articolul-78-din-constitutie-trebuia-sa-fie-modificat-de-parlament\/","title":{"rendered":"EXPERT \u00ceN DREPT: ARTICOLUL 78 DIN CONSTITU\u021aIE TREBUIA S\u0102 FIE MODIFICAT DE PARLAMENT"},"content":{"rendered":"<p><strong>Articolul 78 din Constitu\u021bie cu privirea la alegerea \u0219efului statului trebuia s\u0103 fie modificat de Parlament, dar nu de magistra\u021bii Cur\u021bii Constitu\u021bionale. De aceast\u0103 p\u0103rere este expertul \u00een drept constitutional, Ion Ciobanu. Declara\u021bia a fost f\u0103cut \u00een cadrul emisiunii \u201e\u041b\u0438\u0446\u043e\u043c \u043a \u041b\u0438\u0446\u0443\u201d de la postul de televiziune BTV. Potrivit lui Ciobanu, \u00cenalta Curte \u0219i-a dep\u0103\u0219it atribu\u021biile constitu\u021bionale. El am mai ad\u0103ugat c\u0103 reprezentan\u021bii Cur\u021bii  trebuiau s\u0103 se opreasc\u0103 doar la declararea neconstitu\u021bionalit\u0103\u021bii  modific\u0103rii articolului 78, modificat \u00een anul 2000 de parlamentari, prin votul unei majorit\u0103\u021bi constitu\u021bionale.<\/strong><\/p>\n<p>\u201e<em>Era normal ca Curtea Constitu\u021bional\u0103, unica autoritate de juristic\u021bie constitu\u021bional\u0103 s\u0103 se opreasc\u0103 la declararea neconstitu\u021bionalit\u0103\u021bii \u0219i s\u0103 delege rolul ini\u021biativei legislative Parlamentului. Parlamentul trebuia s\u0103 intervin\u0103 cu modific\u0103ri ceea ce \u021bine de procedura de alegere a pre\u0219edintelui. Astfel, Curtea \u0219i-a asumat rolul de legiuitor. Acest lucru este imposibil conform legisla\u021biei actuale<\/em>\u201d, a declarat Ion Ciobanu.<\/p>\n<p>Amintim, \u00een data de 4 martie prin votul a patru judec\u0103tori a Cur\u021bii Constitu\u021bionale  s-a constatat c\u0103 modific\u0103rile operate \u00een anul 2000, la articolele 78 \u0219i 89 din Constitu\u021bie \u0219i anume faptul c\u0103 pre\u0219edintele s\u0103 nu mai fie ales de c\u0103tre popor, ci de Parlament, sunt neconstitu\u021bionale. <\/p>\n<p><iframe width=\"420\" height=\"315\" data-src=\"https:\/\/www.youtube.com\/embed\/PTSOCKoNhow\" frameborder=\"0\" allowfullscreen src=\"data:image\/svg+xml;base64,PHN2ZyB3aWR0aD0iMSIgaGVpZ2h0PSIxIiB4bWxucz0iaHR0cDovL3d3dy53My5vcmcvMjAwMC9zdmciPjwvc3ZnPg==\" class=\"lazyload\" data-load-mode=\"1\"><\/iframe><\/p>\n","protected":false},"excerpt":{"rendered":"<p>Articolul 78 din Constitu\u021bie cu privirea la alegerea \u0219efului statului trebuia s\u0103 fie modificat de Parlament, dar nu de magistra\u021bii Cur\u021bii Constitu\u021bionale. De aceast\u0103 p\u0103rere este expertul \u00een drept constitutional, Ion Ciobanu. Declara\u021bia a fost f\u0103cut \u00een cadrul emisiunii \u201e\u041b\u0438\u0446\u043e\u043c \u043a \u041b\u0438\u0446\u0443\u201d de la postul de televiziune BTV. Potrivit lui Ciobanu, \u00cenalta Curte \u0219i-a dep\u0103\u0219it [&hellip;]<\/p>\n","protected":false},"author":4,"featured_media":8673,"comment_status":"closed","ping_status":"closed","sticky":false,"template":"","format":"standard","meta":{"footnotes":""},"categories":[6353],"tags":[],"class_list":["post-8672","post","type-post","status-publish","format-standard","has-post-thumbnail","hentry","category-oras"],"yoast_head":"<!-- This site is optimized with the Yoast SEO plugin v27.4 - https:\/\/yoast.com\/product\/yoast-seo-wordpress\/ -->\n<title>EXPERT \u00ceN DREPT: ARTICOLUL 78 DIN CONSTITU\u021aIE TREBUIA S\u0102 FIE MODIFICAT DE PARLAMENT - BTV<\/title>\n<meta name=\"robots\" content=\"index, follow, max-snippet:-1, max-image-preview:large, max-video-preview:-1\" \/>\n<link rel=\"canonical\" href=\"https:\/\/www.btv.md\/ro\/expert-in-drept-articolul-78-din-constitutie-trebuia-sa-fie-modificat-de-parlament\/\" \/>\n<meta property=\"og:locale\" content=\"ro_RO\" \/>\n<meta property=\"og:type\" content=\"article\" \/>\n<meta property=\"og:title\" content=\"EXPERT \u00ceN DREPT: ARTICOLUL 78 DIN CONSTITU\u021aIE TREBUIA S\u0102 FIE MODIFICAT DE PARLAMENT - BTV\" \/>\n<meta property=\"og:description\" content=\"Articolul 78 din Constitu\u021bie cu privirea la alegerea \u0219efului statului trebuia s\u0103 fie modificat de Parlament, dar nu de magistra\u021bii Cur\u021bii Constitu\u021bionale. De aceast\u0103 p\u0103rere este expertul \u00een drept constitutional, Ion Ciobanu. Declara\u021bia a fost f\u0103cut \u00een cadrul emisiunii \u201e\u041b\u0438\u0446\u043e\u043c \u043a \u041b\u0438\u0446\u0443\u201d de la postul de televiziune BTV. Potrivit lui Ciobanu, \u00cenalta Curte \u0219i-a dep\u0103\u0219it [&hellip;]\" \/>\n<meta property=\"og:url\" content=\"https:\/\/www.btv.md\/ro\/expert-in-drept-articolul-78-din-constitutie-trebuia-sa-fie-modificat-de-parlament\/\" \/>\n<meta property=\"og:site_name\" content=\"BTV\" \/>\n<meta property=\"article:publisher\" content=\"https:\/\/www.facebook.com\/btvmoldova\/\" \/>\n<meta property=\"article:published_time\" content=\"2016-03-10T10:37:13+00:00\" \/>\n<meta property=\"og:image\" content=\"https:\/\/www.btv.md\/wp-content\/uploads\/2016\/03\/expert.png\" \/>\n\t<meta property=\"og:image:width\" content=\"1001\" \/>\n\t<meta property=\"og:image:height\" content=\"583\" \/>\n\t<meta property=\"og:image:type\" content=\"image\/png\" \/>\n<meta name=\"author\" content=\"admin\" \/>\n<meta name=\"twitter:label1\" content=\"Scris de\" \/>\n\t<meta name=\"twitter:data1\" content=\"admin\" \/>\n\t<meta name=\"twitter:label2\" content=\"Timp estimat pentru citire\" \/>\n\t<meta name=\"twitter:data2\" content=\"1 minut\" \/>\n<script type=\"application\/ld+json\" class=\"yoast-schema-graph\">{\"@context\":\"https:\\\/\\\/schema.org\",\"@graph\":[{\"@type\":\"Article\",\"@id\":\"https:\\\/\\\/www.btv.md\\\/ro\\\/expert-in-drept-articolul-78-din-constitutie-trebuia-sa-fie-modificat-de-parlament\\\/#article\",\"isPartOf\":{\"@id\":\"https:\\\/\\\/www.btv.md\\\/ro\\\/expert-in-drept-articolul-78-din-constitutie-trebuia-sa-fie-modificat-de-parlament\\\/\"},\"author\":{\"name\":\"admin\",\"@id\":\"https:\\\/\\\/www.btv.md\\\/#\\\/schema\\\/person\\\/8fadce81561b3ce2c34c46dadc4ccbf2\"},\"headline\":\"EXPERT \u00ceN DREPT: ARTICOLUL 78 DIN CONSTITU\u021aIE TREBUIA S\u0102 FIE MODIFICAT DE PARLAMENT\",\"datePublished\":\"2016-03-10T10:37:13+00:00\",\"mainEntityOfPage\":{\"@id\":\"https:\\\/\\\/www.btv.md\\\/ro\\\/expert-in-drept-articolul-78-din-constitutie-trebuia-sa-fie-modificat-de-parlament\\\/\"},\"wordCount\":250,\"image\":{\"@id\":\"https:\\\/\\\/www.btv.md\\\/ro\\\/expert-in-drept-articolul-78-din-constitutie-trebuia-sa-fie-modificat-de-parlament\\\/#primaryimage\"},\"thumbnailUrl\":\"https:\\\/\\\/www.btv.md\\\/wp-content\\\/uploads\\\/2016\\\/03\\\/expert.png\",\"articleSection\":[\"Ora\u0219\"],\"inLanguage\":\"ro-RO\"},{\"@type\":\"WebPage\",\"@id\":\"https:\\\/\\\/www.btv.md\\\/ro\\\/expert-in-drept-articolul-78-din-constitutie-trebuia-sa-fie-modificat-de-parlament\\\/\",\"url\":\"https:\\\/\\\/www.btv.md\\\/ro\\\/expert-in-drept-articolul-78-din-constitutie-trebuia-sa-fie-modificat-de-parlament\\\/\",\"name\":\"EXPERT \u00ceN DREPT: ARTICOLUL 78 DIN CONSTITU\u021aIE TREBUIA S\u0102 FIE MODIFICAT DE PARLAMENT - BTV\",\"isPartOf\":{\"@id\":\"https:\\\/\\\/www.btv.md\\\/#website\"},\"primaryImageOfPage\":{\"@id\":\"https:\\\/\\\/www.btv.md\\\/ro\\\/expert-in-drept-articolul-78-din-constitutie-trebuia-sa-fie-modificat-de-parlament\\\/#primaryimage\"},\"image\":{\"@id\":\"https:\\\/\\\/www.btv.md\\\/ro\\\/expert-in-drept-articolul-78-din-constitutie-trebuia-sa-fie-modificat-de-parlament\\\/#primaryimage\"},\"thumbnailUrl\":\"https:\\\/\\\/www.btv.md\\\/wp-content\\\/uploads\\\/2016\\\/03\\\/expert.png\",\"datePublished\":\"2016-03-10T10:37:13+00:00\",\"author\":{\"@id\":\"https:\\\/\\\/www.btv.md\\\/#\\\/schema\\\/person\\\/8fadce81561b3ce2c34c46dadc4ccbf2\"},\"inLanguage\":\"ro-RO\",\"potentialAction\":[{\"@type\":\"ReadAction\",\"target\":[\"https:\\\/\\\/www.btv.md\\\/ro\\\/expert-in-drept-articolul-78-din-constitutie-trebuia-sa-fie-modificat-de-parlament\\\/\"]}]},{\"@type\":\"ImageObject\",\"inLanguage\":\"ro-RO\",\"@id\":\"https:\\\/\\\/www.btv.md\\\/ro\\\/expert-in-drept-articolul-78-din-constitutie-trebuia-sa-fie-modificat-de-parlament\\\/#primaryimage\",\"url\":\"https:\\\/\\\/www.btv.md\\\/wp-content\\\/uploads\\\/2016\\\/03\\\/expert.png\",\"contentUrl\":\"https:\\\/\\\/www.btv.md\\\/wp-content\\\/uploads\\\/2016\\\/03\\\/expert.png\",\"width\":1001,\"height\":583},{\"@type\":\"WebSite\",\"@id\":\"https:\\\/\\\/www.btv.md\\\/#website\",\"url\":\"https:\\\/\\\/www.btv.md\\\/\",\"name\":\"BTV\",\"description\":\"\u0411\u0435\u043b\u044c\u0446\u043a\u043e\u0435 \u0442\u0435\u043b\u0435\u0432\u0438\u0434\u0435\u043d\u0438\u0435\",\"potentialAction\":[{\"@type\":\"SearchAction\",\"target\":{\"@type\":\"EntryPoint\",\"urlTemplate\":\"https:\\\/\\\/www.btv.md\\\/?s={search_term_string}\"},\"query-input\":{\"@type\":\"PropertyValueSpecification\",\"valueRequired\":true,\"valueName\":\"search_term_string\"}}],\"inLanguage\":\"ro-RO\"},{\"@type\":\"Person\",\"@id\":\"https:\\\/\\\/www.btv.md\\\/#\\\/schema\\\/person\\\/8fadce81561b3ce2c34c46dadc4ccbf2\",\"name\":\"admin\"}]}<\/script>\n<!-- \/ Yoast SEO plugin. -->","yoast_head_json":{"title":"EXPERT \u00ceN DREPT: ARTICOLUL 78 DIN CONSTITU\u021aIE TREBUIA S\u0102 FIE MODIFICAT DE PARLAMENT - BTV","robots":{"index":"index","follow":"follow","max-snippet":"max-snippet:-1","max-image-preview":"max-image-preview:large","max-video-preview":"max-video-preview:-1"},"canonical":"https:\/\/www.btv.md\/ro\/expert-in-drept-articolul-78-din-constitutie-trebuia-sa-fie-modificat-de-parlament\/","og_locale":"ro_RO","og_type":"article","og_title":"EXPERT \u00ceN DREPT: ARTICOLUL 78 DIN CONSTITU\u021aIE TREBUIA S\u0102 FIE MODIFICAT DE PARLAMENT - BTV","og_description":"Articolul 78 din Constitu\u021bie cu privirea la alegerea \u0219efului statului trebuia s\u0103 fie modificat de Parlament, dar nu de magistra\u021bii Cur\u021bii Constitu\u021bionale. De aceast\u0103 p\u0103rere este expertul \u00een drept constitutional, Ion Ciobanu. Declara\u021bia a fost f\u0103cut \u00een cadrul emisiunii \u201e\u041b\u0438\u0446\u043e\u043c \u043a \u041b\u0438\u0446\u0443\u201d de la postul de televiziune BTV. Potrivit lui Ciobanu, \u00cenalta Curte \u0219i-a dep\u0103\u0219it [&hellip;]","og_url":"https:\/\/www.btv.md\/ro\/expert-in-drept-articolul-78-din-constitutie-trebuia-sa-fie-modificat-de-parlament\/","og_site_name":"BTV","article_publisher":"https:\/\/www.facebook.com\/btvmoldova\/","article_published_time":"2016-03-10T10:37:13+00:00","og_image":[{"width":1001,"height":583,"url":"https:\/\/www.btv.md\/wp-content\/uploads\/2016\/03\/expert.png","type":"image\/png"}],"author":"admin","twitter_misc":{"Scris de":"admin","Timp estimat pentru citire":"1 minut"},"schema":{"@context":"https:\/\/schema.org","@graph":[{"@type":"Article","@id":"https:\/\/www.btv.md\/ro\/expert-in-drept-articolul-78-din-constitutie-trebuia-sa-fie-modificat-de-parlament\/#article","isPartOf":{"@id":"https:\/\/www.btv.md\/ro\/expert-in-drept-articolul-78-din-constitutie-trebuia-sa-fie-modificat-de-parlament\/"},"author":{"name":"admin","@id":"https:\/\/www.btv.md\/#\/schema\/person\/8fadce81561b3ce2c34c46dadc4ccbf2"},"headline":"EXPERT \u00ceN DREPT: ARTICOLUL 78 DIN CONSTITU\u021aIE TREBUIA S\u0102 FIE MODIFICAT DE PARLAMENT","datePublished":"2016-03-10T10:37:13+00:00","mainEntityOfPage":{"@id":"https:\/\/www.btv.md\/ro\/expert-in-drept-articolul-78-din-constitutie-trebuia-sa-fie-modificat-de-parlament\/"},"wordCount":250,"image":{"@id":"https:\/\/www.btv.md\/ro\/expert-in-drept-articolul-78-din-constitutie-trebuia-sa-fie-modificat-de-parlament\/#primaryimage"},"thumbnailUrl":"https:\/\/www.btv.md\/wp-content\/uploads\/2016\/03\/expert.png","articleSection":["Ora\u0219"],"inLanguage":"ro-RO"},{"@type":"WebPage","@id":"https:\/\/www.btv.md\/ro\/expert-in-drept-articolul-78-din-constitutie-trebuia-sa-fie-modificat-de-parlament\/","url":"https:\/\/www.btv.md\/ro\/expert-in-drept-articolul-78-din-constitutie-trebuia-sa-fie-modificat-de-parlament\/","name":"EXPERT \u00ceN DREPT: ARTICOLUL 78 DIN CONSTITU\u021aIE TREBUIA S\u0102 FIE MODIFICAT DE PARLAMENT - BTV","isPartOf":{"@id":"https:\/\/www.btv.md\/#website"},"primaryImageOfPage":{"@id":"https:\/\/www.btv.md\/ro\/expert-in-drept-articolul-78-din-constitutie-trebuia-sa-fie-modificat-de-parlament\/#primaryimage"},"image":{"@id":"https:\/\/www.btv.md\/ro\/expert-in-drept-articolul-78-din-constitutie-trebuia-sa-fie-modificat-de-parlament\/#primaryimage"},"thumbnailUrl":"https:\/\/www.btv.md\/wp-content\/uploads\/2016\/03\/expert.png","datePublished":"2016-03-10T10:37:13+00:00","author":{"@id":"https:\/\/www.btv.md\/#\/schema\/person\/8fadce81561b3ce2c34c46dadc4ccbf2"},"inLanguage":"ro-RO","potentialAction":[{"@type":"ReadAction","target":["https:\/\/www.btv.md\/ro\/expert-in-drept-articolul-78-din-constitutie-trebuia-sa-fie-modificat-de-parlament\/"]}]},{"@type":"ImageObject","inLanguage":"ro-RO","@id":"https:\/\/www.btv.md\/ro\/expert-in-drept-articolul-78-din-constitutie-trebuia-sa-fie-modificat-de-parlament\/#primaryimage","url":"https:\/\/www.btv.md\/wp-content\/uploads\/2016\/03\/expert.png","contentUrl":"https:\/\/www.btv.md\/wp-content\/uploads\/2016\/03\/expert.png","width":1001,"height":583},{"@type":"WebSite","@id":"https:\/\/www.btv.md\/#website","url":"https:\/\/www.btv.md\/","name":"BTV","description":"\u0411\u0435\u043b\u044c\u0446\u043a\u043e\u0435 \u0442\u0435\u043b\u0435\u0432\u0438\u0434\u0435\u043d\u0438\u0435","potentialAction":[{"@type":"SearchAction","target":{"@type":"EntryPoint","urlTemplate":"https:\/\/www.btv.md\/?s={search_term_string}"},"query-input":{"@type":"PropertyValueSpecification","valueRequired":true,"valueName":"search_term_string"}}],"inLanguage":"ro-RO"},{"@type":"Person","@id":"https:\/\/www.btv.md\/#\/schema\/person\/8fadce81561b3ce2c34c46dadc4ccbf2","name":"admin"}]}},"_links":{"self":[{"href":"https:\/\/www.btv.md\/ro\/wp-json\/wp\/v2\/posts\/8672","targetHints":{"allow":["GET"]}}],"collection":[{"href":"https:\/\/www.btv.md\/ro\/wp-json\/wp\/v2\/posts"}],"about":[{"href":"https:\/\/www.btv.md\/ro\/wp-json\/wp\/v2\/types\/post"}],"author":[{"embeddable":true,"href":"https:\/\/www.btv.md\/ro\/wp-json\/wp\/v2\/users\/4"}],"replies":[{"embeddable":true,"href":"https:\/\/www.btv.md\/ro\/wp-json\/wp\/v2\/comments?post=8672"}],"version-history":[{"count":0,"href":"https:\/\/www.btv.md\/ro\/wp-json\/wp\/v2\/posts\/8672\/revisions"}],"wp:featuredmedia":[{"embeddable":true,"href":"https:\/\/www.btv.md\/ro\/wp-json\/wp\/v2\/media\/8673"}],"wp:attachment":[{"href":"https:\/\/www.btv.md\/ro\/wp-json\/wp\/v2\/media?parent=8672"}],"wp:term":[{"taxonomy":"category","embeddable":true,"href":"https:\/\/www.btv.md\/ro\/wp-json\/wp\/v2\/categories?post=8672"},{"taxonomy":"post_tag","embeddable":true,"href":"https:\/\/www.btv.md\/ro\/wp-json\/wp\/v2\/tags?post=8672"}],"curies":[{"name":"wp","href":"https:\/\/api.w.org\/{rel}","templated":true}]}}