{"id":8684,"date":"2016-03-10T16:58:33","date_gmt":"2016-03-10T13:58:33","guid":{"rendered":"http:\/\/btv.md\/?p=8684"},"modified":"2016-03-10T16:58:33","modified_gmt":"2016-03-10T13:58:33","slug":"alegerile-prezidentiale-intre-boicot-si-rata-de-participare","status":"publish","type":"post","link":"https:\/\/www.btv.md\/ro\/alegerile-prezidentiale-intre-boicot-si-rata-de-participare\/","title":{"rendered":"ALEGERILE PREZIDEN\u021aIALE, \u00ceNTRE BOICOT \u0218I RATA DE PARTICIPARE"},"content":{"rendered":"<p><strong>Urm\u0103toarele alegerei preziden\u021biale ar putea fi boicotate sau la urnele de vot nu se va prezenta un num\u0103r suficient de cet\u0103\u021beni . Cel pu\u021bin asta sus\u021bin unii speciali\u0219ti \u00een drept constitu\u021bional. Potrivit lor, \u00een urma deciziei luate de Curtea Constitu\u021bional\u0103 cu privire la revenire la alegerea  a \u0218efului statului de c\u0103tre popor ar atrage dup\u0103 sine un \u0219ir de probeleme de ordin electoral.<\/strong><\/p>\n<p>\u201e<em>Am dat exemplu de un referendum care s-a soldat cu insucces, sub aspect legislativ. Referendumul din 1999 c\u00e2nd rigorile fa\u021b\u0103 de prezen\u021ba la urnele de vot erau mult mai mari. Decizia \u201epro\u201d urma s\u0103 fi luat\u0103 de 3\/5. Actualmente mai avem un alt exemplu, cel din 2010 care la fel a fost boicotat \u0219i care nu a fost validat, chiar dac\u0103 pragul era de 33,3 la sut\u0103 prezen\u021ba cet\u0103\u021benilor la urnaele de vot. O problem\u0103 serioas\u0103 ar fi prezen\u021ba cet\u0103\u021benilor la vot. O alt\u0103 problem\u0103 ar fi ce candida\u021bi \u00eenainta\u021bi pentru func\u021bia de pre\u0219edinte. O alt\u0103 problem\u0103 ar fi boicotarea alegerilor prin folosirea resurselor administrative<\/em>\u201d, a declarat Ion Ciobanu.   <\/p>\n<p>De asemenea Ion Ciobanu spune c\u0103 din cauza modific\u0103rii articolului 78 din Constitu\u021bie  cu privire la alegerea Pre\u0219edintelui Republicii Moldova,  urm\u0103torul scrutin electoral s-ar putea desf\u0103\u0219ura cu abateri. Ciobanu a precizat c\u0103, modficarea legii cu privire la alegerea \u0219eufului staului de c\u0103tre popor va atrage dup\u0103 sine \u0219i veche lege electoral\u0103 din acea perioad\u0103. <\/p>\n<p>\u201e<em>\u00cen cazul dat vorbim despre modific\u0103ri \u00een regulamentul Parlamentului. Modificarea Codului Electoral. Va fi ales candidatul direct, asta poate este bine. Asta r\u0103m\u00e2ne la latitudinea fiec\u0103rui cet\u0103\u021bean, dar va fi o oportunitate vot\u0103ri contra ambilor cndida\u021bi. Legea electoral\u0103 din 2000 este \u00eenvechit\u0103 \u0219i numai este actual\u0103 pentru ziua de azi<\/em>\u201d, a precizat expertul.  <\/p>\n<p>Pe site-ul politicon.md \u00een anul 2013 a fost publicat un articol a judec\u0103torului Cur\u021bii  Constitu\u021bionale, Veaceslav Zaporojan cu privire la pagubele material aduse \u00een urma modific\u0103rii articolului 78 din Constitu\u021bie.  Astfel, alegerile anticipate care s-au desf\u0103\u0219urat din anul 2001 p\u00e2n\u0103 \u00een anul 2010 a costat bugetul Republicii Moldova peste 90 de milioane de lei. <\/p>\n<p><iframe width=\"420\" height=\"315\" data-src=\"https:\/\/www.youtube.com\/embed\/y2MkxYR7ORM\" frameborder=\"0\" allowfullscreen src=\"data:image\/svg+xml;base64,PHN2ZyB3aWR0aD0iMSIgaGVpZ2h0PSIxIiB4bWxucz0iaHR0cDovL3d3dy53My5vcmcvMjAwMC9zdmciPjwvc3ZnPg==\" class=\"lazyload\" data-load-mode=\"1\"><\/iframe><\/p>\n","protected":false},"excerpt":{"rendered":"<p>Urm\u0103toarele alegerei preziden\u021biale ar putea fi boicotate sau la urnele de vot nu se va prezenta un num\u0103r suficient de cet\u0103\u021beni . Cel pu\u021bin asta sus\u021bin unii speciali\u0219ti \u00een drept constitu\u021bional. Potrivit lor, \u00een urma deciziei luate de Curtea Constitu\u021bional\u0103 cu privire la revenire la alegerea a \u0218efului statului de c\u0103tre popor ar atrage dup\u0103 [&hellip;]<\/p>\n","protected":false},"author":4,"featured_media":8685,"comment_status":"closed","ping_status":"closed","sticky":false,"template":"","format":"standard","meta":{"footnotes":""},"categories":[6353],"tags":[],"class_list":["post-8684","post","type-post","status-publish","format-standard","has-post-thumbnail","hentry","category-oras"],"yoast_head":"<!-- This site is optimized with the Yoast SEO plugin v27.4 - https:\/\/yoast.com\/product\/yoast-seo-wordpress\/ -->\n<title>ALEGERILE PREZIDEN\u021aIALE, \u00ceNTRE BOICOT \u0218I RATA DE PARTICIPARE  - BTV<\/title>\n<meta name=\"robots\" content=\"index, follow, max-snippet:-1, max-image-preview:large, max-video-preview:-1\" \/>\n<link rel=\"canonical\" href=\"https:\/\/www.btv.md\/ro\/alegerile-prezidentiale-intre-boicot-si-rata-de-participare\/\" \/>\n<meta property=\"og:locale\" content=\"ro_RO\" \/>\n<meta property=\"og:type\" content=\"article\" \/>\n<meta property=\"og:title\" content=\"ALEGERILE PREZIDEN\u021aIALE, \u00ceNTRE BOICOT \u0218I RATA DE PARTICIPARE  - BTV\" \/>\n<meta property=\"og:description\" content=\"Urm\u0103toarele alegerei preziden\u021biale ar putea fi boicotate sau la urnele de vot nu se va prezenta un num\u0103r suficient de cet\u0103\u021beni . Cel pu\u021bin asta sus\u021bin unii speciali\u0219ti \u00een drept constitu\u021bional. Potrivit lor, \u00een urma deciziei luate de Curtea Constitu\u021bional\u0103 cu privire la revenire la alegerea a \u0218efului statului de c\u0103tre popor ar atrage dup\u0103 [&hellip;]\" \/>\n<meta property=\"og:url\" content=\"https:\/\/www.btv.md\/ro\/alegerile-prezidentiale-intre-boicot-si-rata-de-participare\/\" \/>\n<meta property=\"og:site_name\" content=\"BTV\" \/>\n<meta property=\"article:publisher\" content=\"https:\/\/www.facebook.com\/btvmoldova\/\" \/>\n<meta property=\"article:published_time\" content=\"2016-03-10T13:58:33+00:00\" \/>\n<meta property=\"og:image\" content=\"https:\/\/www.btv.md\/wp-content\/uploads\/2016\/03\/alegeri.jpg\" \/>\n\t<meta property=\"og:image:width\" content=\"670\" \/>\n\t<meta property=\"og:image:height\" content=\"429\" \/>\n\t<meta property=\"og:image:type\" content=\"image\/jpeg\" \/>\n<meta name=\"author\" content=\"admin\" \/>\n<meta name=\"twitter:label1\" content=\"Scris de\" \/>\n\t<meta name=\"twitter:data1\" content=\"admin\" \/>\n\t<meta name=\"twitter:label2\" content=\"Timp estimat pentru citire\" \/>\n\t<meta name=\"twitter:data2\" content=\"2 minute\" \/>\n<script type=\"application\/ld+json\" class=\"yoast-schema-graph\">{\"@context\":\"https:\\\/\\\/schema.org\",\"@graph\":[{\"@type\":\"Article\",\"@id\":\"https:\\\/\\\/www.btv.md\\\/ro\\\/alegerile-prezidentiale-intre-boicot-si-rata-de-participare\\\/#article\",\"isPartOf\":{\"@id\":\"https:\\\/\\\/www.btv.md\\\/ro\\\/alegerile-prezidentiale-intre-boicot-si-rata-de-participare\\\/\"},\"author\":{\"name\":\"admin\",\"@id\":\"https:\\\/\\\/www.btv.md\\\/#\\\/schema\\\/person\\\/8fadce81561b3ce2c34c46dadc4ccbf2\"},\"headline\":\"ALEGERILE PREZIDEN\u021aIALE, \u00ceNTRE BOICOT \u0218I RATA DE PARTICIPARE\",\"datePublished\":\"2016-03-10T13:58:33+00:00\",\"mainEntityOfPage\":{\"@id\":\"https:\\\/\\\/www.btv.md\\\/ro\\\/alegerile-prezidentiale-intre-boicot-si-rata-de-participare\\\/\"},\"wordCount\":371,\"image\":{\"@id\":\"https:\\\/\\\/www.btv.md\\\/ro\\\/alegerile-prezidentiale-intre-boicot-si-rata-de-participare\\\/#primaryimage\"},\"thumbnailUrl\":\"https:\\\/\\\/www.btv.md\\\/wp-content\\\/uploads\\\/2016\\\/03\\\/alegeri.jpg\",\"articleSection\":[\"Ora\u0219\"],\"inLanguage\":\"ro-RO\"},{\"@type\":\"WebPage\",\"@id\":\"https:\\\/\\\/www.btv.md\\\/ro\\\/alegerile-prezidentiale-intre-boicot-si-rata-de-participare\\\/\",\"url\":\"https:\\\/\\\/www.btv.md\\\/ro\\\/alegerile-prezidentiale-intre-boicot-si-rata-de-participare\\\/\",\"name\":\"ALEGERILE PREZIDEN\u021aIALE, \u00ceNTRE BOICOT \u0218I RATA DE PARTICIPARE - BTV\",\"isPartOf\":{\"@id\":\"https:\\\/\\\/www.btv.md\\\/#website\"},\"primaryImageOfPage\":{\"@id\":\"https:\\\/\\\/www.btv.md\\\/ro\\\/alegerile-prezidentiale-intre-boicot-si-rata-de-participare\\\/#primaryimage\"},\"image\":{\"@id\":\"https:\\\/\\\/www.btv.md\\\/ro\\\/alegerile-prezidentiale-intre-boicot-si-rata-de-participare\\\/#primaryimage\"},\"thumbnailUrl\":\"https:\\\/\\\/www.btv.md\\\/wp-content\\\/uploads\\\/2016\\\/03\\\/alegeri.jpg\",\"datePublished\":\"2016-03-10T13:58:33+00:00\",\"author\":{\"@id\":\"https:\\\/\\\/www.btv.md\\\/#\\\/schema\\\/person\\\/8fadce81561b3ce2c34c46dadc4ccbf2\"},\"inLanguage\":\"ro-RO\",\"potentialAction\":[{\"@type\":\"ReadAction\",\"target\":[\"https:\\\/\\\/www.btv.md\\\/ro\\\/alegerile-prezidentiale-intre-boicot-si-rata-de-participare\\\/\"]}]},{\"@type\":\"ImageObject\",\"inLanguage\":\"ro-RO\",\"@id\":\"https:\\\/\\\/www.btv.md\\\/ro\\\/alegerile-prezidentiale-intre-boicot-si-rata-de-participare\\\/#primaryimage\",\"url\":\"https:\\\/\\\/www.btv.md\\\/wp-content\\\/uploads\\\/2016\\\/03\\\/alegeri.jpg\",\"contentUrl\":\"https:\\\/\\\/www.btv.md\\\/wp-content\\\/uploads\\\/2016\\\/03\\\/alegeri.jpg\",\"width\":670,\"height\":429,\"caption\":\"www.dcnews.ro\"},{\"@type\":\"WebSite\",\"@id\":\"https:\\\/\\\/www.btv.md\\\/#website\",\"url\":\"https:\\\/\\\/www.btv.md\\\/\",\"name\":\"BTV\",\"description\":\"\u0411\u0435\u043b\u044c\u0446\u043a\u043e\u0435 \u0442\u0435\u043b\u0435\u0432\u0438\u0434\u0435\u043d\u0438\u0435\",\"potentialAction\":[{\"@type\":\"SearchAction\",\"target\":{\"@type\":\"EntryPoint\",\"urlTemplate\":\"https:\\\/\\\/www.btv.md\\\/?s={search_term_string}\"},\"query-input\":{\"@type\":\"PropertyValueSpecification\",\"valueRequired\":true,\"valueName\":\"search_term_string\"}}],\"inLanguage\":\"ro-RO\"},{\"@type\":\"Person\",\"@id\":\"https:\\\/\\\/www.btv.md\\\/#\\\/schema\\\/person\\\/8fadce81561b3ce2c34c46dadc4ccbf2\",\"name\":\"admin\"}]}<\/script>\n<!-- \/ Yoast SEO plugin. -->","yoast_head_json":{"title":"ALEGERILE PREZIDEN\u021aIALE, \u00ceNTRE BOICOT \u0218I RATA DE PARTICIPARE  - BTV","robots":{"index":"index","follow":"follow","max-snippet":"max-snippet:-1","max-image-preview":"max-image-preview:large","max-video-preview":"max-video-preview:-1"},"canonical":"https:\/\/www.btv.md\/ro\/alegerile-prezidentiale-intre-boicot-si-rata-de-participare\/","og_locale":"ro_RO","og_type":"article","og_title":"ALEGERILE PREZIDEN\u021aIALE, \u00ceNTRE BOICOT \u0218I RATA DE PARTICIPARE  - BTV","og_description":"Urm\u0103toarele alegerei preziden\u021biale ar putea fi boicotate sau la urnele de vot nu se va prezenta un num\u0103r suficient de cet\u0103\u021beni . Cel pu\u021bin asta sus\u021bin unii speciali\u0219ti \u00een drept constitu\u021bional. Potrivit lor, \u00een urma deciziei luate de Curtea Constitu\u021bional\u0103 cu privire la revenire la alegerea a \u0218efului statului de c\u0103tre popor ar atrage dup\u0103 [&hellip;]","og_url":"https:\/\/www.btv.md\/ro\/alegerile-prezidentiale-intre-boicot-si-rata-de-participare\/","og_site_name":"BTV","article_publisher":"https:\/\/www.facebook.com\/btvmoldova\/","article_published_time":"2016-03-10T13:58:33+00:00","og_image":[{"width":670,"height":429,"url":"https:\/\/www.btv.md\/wp-content\/uploads\/2016\/03\/alegeri.jpg","type":"image\/jpeg"}],"author":"admin","twitter_misc":{"Scris de":"admin","Timp estimat pentru citire":"2 minute"},"schema":{"@context":"https:\/\/schema.org","@graph":[{"@type":"Article","@id":"https:\/\/www.btv.md\/ro\/alegerile-prezidentiale-intre-boicot-si-rata-de-participare\/#article","isPartOf":{"@id":"https:\/\/www.btv.md\/ro\/alegerile-prezidentiale-intre-boicot-si-rata-de-participare\/"},"author":{"name":"admin","@id":"https:\/\/www.btv.md\/#\/schema\/person\/8fadce81561b3ce2c34c46dadc4ccbf2"},"headline":"ALEGERILE PREZIDEN\u021aIALE, \u00ceNTRE BOICOT \u0218I RATA DE PARTICIPARE","datePublished":"2016-03-10T13:58:33+00:00","mainEntityOfPage":{"@id":"https:\/\/www.btv.md\/ro\/alegerile-prezidentiale-intre-boicot-si-rata-de-participare\/"},"wordCount":371,"image":{"@id":"https:\/\/www.btv.md\/ro\/alegerile-prezidentiale-intre-boicot-si-rata-de-participare\/#primaryimage"},"thumbnailUrl":"https:\/\/www.btv.md\/wp-content\/uploads\/2016\/03\/alegeri.jpg","articleSection":["Ora\u0219"],"inLanguage":"ro-RO"},{"@type":"WebPage","@id":"https:\/\/www.btv.md\/ro\/alegerile-prezidentiale-intre-boicot-si-rata-de-participare\/","url":"https:\/\/www.btv.md\/ro\/alegerile-prezidentiale-intre-boicot-si-rata-de-participare\/","name":"ALEGERILE PREZIDEN\u021aIALE, \u00ceNTRE BOICOT \u0218I RATA DE PARTICIPARE - BTV","isPartOf":{"@id":"https:\/\/www.btv.md\/#website"},"primaryImageOfPage":{"@id":"https:\/\/www.btv.md\/ro\/alegerile-prezidentiale-intre-boicot-si-rata-de-participare\/#primaryimage"},"image":{"@id":"https:\/\/www.btv.md\/ro\/alegerile-prezidentiale-intre-boicot-si-rata-de-participare\/#primaryimage"},"thumbnailUrl":"https:\/\/www.btv.md\/wp-content\/uploads\/2016\/03\/alegeri.jpg","datePublished":"2016-03-10T13:58:33+00:00","author":{"@id":"https:\/\/www.btv.md\/#\/schema\/person\/8fadce81561b3ce2c34c46dadc4ccbf2"},"inLanguage":"ro-RO","potentialAction":[{"@type":"ReadAction","target":["https:\/\/www.btv.md\/ro\/alegerile-prezidentiale-intre-boicot-si-rata-de-participare\/"]}]},{"@type":"ImageObject","inLanguage":"ro-RO","@id":"https:\/\/www.btv.md\/ro\/alegerile-prezidentiale-intre-boicot-si-rata-de-participare\/#primaryimage","url":"https:\/\/www.btv.md\/wp-content\/uploads\/2016\/03\/alegeri.jpg","contentUrl":"https:\/\/www.btv.md\/wp-content\/uploads\/2016\/03\/alegeri.jpg","width":670,"height":429,"caption":"www.dcnews.ro"},{"@type":"WebSite","@id":"https:\/\/www.btv.md\/#website","url":"https:\/\/www.btv.md\/","name":"BTV","description":"\u0411\u0435\u043b\u044c\u0446\u043a\u043e\u0435 \u0442\u0435\u043b\u0435\u0432\u0438\u0434\u0435\u043d\u0438\u0435","potentialAction":[{"@type":"SearchAction","target":{"@type":"EntryPoint","urlTemplate":"https:\/\/www.btv.md\/?s={search_term_string}"},"query-input":{"@type":"PropertyValueSpecification","valueRequired":true,"valueName":"search_term_string"}}],"inLanguage":"ro-RO"},{"@type":"Person","@id":"https:\/\/www.btv.md\/#\/schema\/person\/8fadce81561b3ce2c34c46dadc4ccbf2","name":"admin"}]}},"_links":{"self":[{"href":"https:\/\/www.btv.md\/ro\/wp-json\/wp\/v2\/posts\/8684","targetHints":{"allow":["GET"]}}],"collection":[{"href":"https:\/\/www.btv.md\/ro\/wp-json\/wp\/v2\/posts"}],"about":[{"href":"https:\/\/www.btv.md\/ro\/wp-json\/wp\/v2\/types\/post"}],"author":[{"embeddable":true,"href":"https:\/\/www.btv.md\/ro\/wp-json\/wp\/v2\/users\/4"}],"replies":[{"embeddable":true,"href":"https:\/\/www.btv.md\/ro\/wp-json\/wp\/v2\/comments?post=8684"}],"version-history":[{"count":0,"href":"https:\/\/www.btv.md\/ro\/wp-json\/wp\/v2\/posts\/8684\/revisions"}],"wp:featuredmedia":[{"embeddable":true,"href":"https:\/\/www.btv.md\/ro\/wp-json\/wp\/v2\/media\/8685"}],"wp:attachment":[{"href":"https:\/\/www.btv.md\/ro\/wp-json\/wp\/v2\/media?parent=8684"}],"wp:term":[{"taxonomy":"category","embeddable":true,"href":"https:\/\/www.btv.md\/ro\/wp-json\/wp\/v2\/categories?post=8684"},{"taxonomy":"post_tag","embeddable":true,"href":"https:\/\/www.btv.md\/ro\/wp-json\/wp\/v2\/tags?post=8684"}],"curies":[{"name":"wp","href":"https:\/\/api.w.org\/{rel}","templated":true}]}}