{"id":8695,"date":"2016-03-10T17:23:53","date_gmt":"2016-03-10T14:23:53","guid":{"rendered":"http:\/\/btv.md\/?p=8695"},"modified":"2016-03-10T17:23:53","modified_gmt":"2016-03-10T14:23:53","slug":"in-municipiul-balti-vor-fi-reparate-mai-multe-poduri","status":"publish","type":"post","link":"https:\/\/www.btv.md\/ro\/in-municipiul-balti-vor-fi-reparate-mai-multe-poduri\/","title":{"rendered":"\u00ceN  MUNICIPIUL  B\u0102L\u021aI  VOR  FI  REPARATE  MAI  MULTE  PODURI"},"content":{"rendered":"<p><strong>Dou\u0103 poduri grav avariate din municipiul B\u0103l\u021bi vor fi reparate \u00een acest an.  Autorit\u0103\u021bile vor aloca din fondul rutier peste 1 milion 360 de mii de lei. B\u0103l\u021benii salut\u0103 ini\u021biativa prim\u0103riei \u0219i spun c\u0103 aceste poduri nu au fost reparate aproape de 20 de ani.<\/strong><\/p>\n<p>Unul dintre podurile care va fi supus repara\u021biei se afl\u0103 pe strada Boris Glavan. Acesta trece peste calea ferat\u0103. B\u0103l\u021benii  spun c\u0103 din cauza gropilor de pe acest pod,  mul\u021bi din ei evit\u0103 s\u0103-l traverseze. <\/p>\n<p>\u0218i nici podul rutier de pe strada Babinschi, care de  asemenea urmeaz\u0103 s\u0103 fie renovat \u00een acest an,  nu se afl\u0103 \u00eentr-o stare mai bun\u0103. Oamenii spun c\u0103 zona destinat\u0103 pietonilor este grav avariat\u0103.<\/p>\n<p>Potrivit \u015feful Direc\u0163iei Gospod\u0103rie Comunal\u0103 a Prim\u0103ria B\u0103l\u0163i, Veaceslav Zincovschi, planul de reparare a acestor unit\u0103\u021bi este inclus \u00een proiectul lucr\u0103rilor de repara\u0163ie \u015fi \u00eentre\u0163inere a gospod\u0103riei drumurilor pentru anul 2016. <\/p>\n<p>\u00cen municipiul B\u0103l\u0163i sunt 14 poduri. Autorit\u0103\u0163ile locale afirm\u0103 c\u0103 cele mai multe dintre acestea au fost reparate \u00een ultimii ani.<\/p>\n<p><iframe width=\"420\" height=\"315\" data-src=\"https:\/\/www.youtube.com\/embed\/GvO1SIK1b5g\" frameborder=\"0\" allowfullscreen src=\"data:image\/svg+xml;base64,PHN2ZyB3aWR0aD0iMSIgaGVpZ2h0PSIxIiB4bWxucz0iaHR0cDovL3d3dy53My5vcmcvMjAwMC9zdmciPjwvc3ZnPg==\" class=\"lazyload\" data-load-mode=\"1\"><\/iframe><\/p>\n","protected":false},"excerpt":{"rendered":"<p>Dou\u0103 poduri grav avariate din municipiul B\u0103l\u021bi vor fi reparate \u00een acest an. Autorit\u0103\u021bile vor aloca din fondul rutier peste 1 milion 360 de mii de lei. B\u0103l\u021benii salut\u0103 ini\u021biativa prim\u0103riei \u0219i spun c\u0103 aceste poduri nu au fost reparate aproape de 20 de ani. Unul dintre podurile care va fi supus repara\u021biei se afl\u0103 [&hellip;]<\/p>\n","protected":false},"author":4,"featured_media":8696,"comment_status":"closed","ping_status":"closed","sticky":false,"template":"","format":"standard","meta":{"footnotes":""},"categories":[6353],"tags":[],"class_list":["post-8695","post","type-post","status-publish","format-standard","has-post-thumbnail","hentry","category-oras"],"yoast_head":"<!-- This site is optimized with the Yoast SEO plugin v27.4 - https:\/\/yoast.com\/product\/yoast-seo-wordpress\/ -->\n<title>\u00ceN MUNICIPIUL B\u0102L\u021aI VOR FI REPARATE MAI MULTE PODURI - BTV<\/title>\n<meta name=\"robots\" content=\"index, follow, max-snippet:-1, max-image-preview:large, max-video-preview:-1\" \/>\n<link rel=\"canonical\" href=\"https:\/\/www.btv.md\/ro\/in-municipiul-balti-vor-fi-reparate-mai-multe-poduri\/\" \/>\n<meta property=\"og:locale\" content=\"ro_RO\" \/>\n<meta property=\"og:type\" content=\"article\" \/>\n<meta property=\"og:title\" content=\"\u00ceN MUNICIPIUL B\u0102L\u021aI VOR FI REPARATE MAI MULTE PODURI - BTV\" \/>\n<meta property=\"og:description\" content=\"Dou\u0103 poduri grav avariate din municipiul B\u0103l\u021bi vor fi reparate \u00een acest an. Autorit\u0103\u021bile vor aloca din fondul rutier peste 1 milion 360 de mii de lei. B\u0103l\u021benii salut\u0103 ini\u021biativa prim\u0103riei \u0219i spun c\u0103 aceste poduri nu au fost reparate aproape de 20 de ani. Unul dintre podurile care va fi supus repara\u021biei se afl\u0103 [&hellip;]\" \/>\n<meta property=\"og:url\" content=\"https:\/\/www.btv.md\/ro\/in-municipiul-balti-vor-fi-reparate-mai-multe-poduri\/\" \/>\n<meta property=\"og:site_name\" content=\"BTV\" \/>\n<meta property=\"article:publisher\" content=\"https:\/\/www.facebook.com\/btvmoldova\/\" \/>\n<meta property=\"article:published_time\" content=\"2016-03-10T14:23:53+00:00\" \/>\n<meta property=\"og:image\" content=\"https:\/\/www.btv.md\/wp-content\/uploads\/2016\/03\/poduri.png\" \/>\n\t<meta property=\"og:image:width\" content=\"1023\" \/>\n\t<meta property=\"og:image:height\" content=\"591\" \/>\n\t<meta property=\"og:image:type\" content=\"image\/png\" \/>\n<meta name=\"author\" content=\"admin\" \/>\n<meta name=\"twitter:label1\" content=\"Scris de\" \/>\n\t<meta name=\"twitter:data1\" content=\"admin\" \/>\n\t<meta name=\"twitter:label2\" content=\"Timp estimat pentru citire\" \/>\n\t<meta name=\"twitter:data2\" content=\"1 minut\" \/>\n<script type=\"application\/ld+json\" class=\"yoast-schema-graph\">{\"@context\":\"https:\\\/\\\/schema.org\",\"@graph\":[{\"@type\":\"Article\",\"@id\":\"https:\\\/\\\/www.btv.md\\\/ro\\\/in-municipiul-balti-vor-fi-reparate-mai-multe-poduri\\\/#article\",\"isPartOf\":{\"@id\":\"https:\\\/\\\/www.btv.md\\\/ro\\\/in-municipiul-balti-vor-fi-reparate-mai-multe-poduri\\\/\"},\"author\":{\"name\":\"admin\",\"@id\":\"https:\\\/\\\/www.btv.md\\\/#\\\/schema\\\/person\\\/8fadce81561b3ce2c34c46dadc4ccbf2\"},\"headline\":\"\u00ceN MUNICIPIUL B\u0102L\u021aI VOR FI REPARATE MAI MULTE PODURI\",\"datePublished\":\"2016-03-10T14:23:53+00:00\",\"mainEntityOfPage\":{\"@id\":\"https:\\\/\\\/www.btv.md\\\/ro\\\/in-municipiul-balti-vor-fi-reparate-mai-multe-poduri\\\/\"},\"wordCount\":197,\"image\":{\"@id\":\"https:\\\/\\\/www.btv.md\\\/ro\\\/in-municipiul-balti-vor-fi-reparate-mai-multe-poduri\\\/#primaryimage\"},\"thumbnailUrl\":\"https:\\\/\\\/www.btv.md\\\/wp-content\\\/uploads\\\/2016\\\/03\\\/poduri.png\",\"articleSection\":[\"Ora\u0219\"],\"inLanguage\":\"ro-RO\"},{\"@type\":\"WebPage\",\"@id\":\"https:\\\/\\\/www.btv.md\\\/ro\\\/in-municipiul-balti-vor-fi-reparate-mai-multe-poduri\\\/\",\"url\":\"https:\\\/\\\/www.btv.md\\\/ro\\\/in-municipiul-balti-vor-fi-reparate-mai-multe-poduri\\\/\",\"name\":\"\u00ceN MUNICIPIUL B\u0102L\u021aI VOR FI REPARATE MAI MULTE PODURI - BTV\",\"isPartOf\":{\"@id\":\"https:\\\/\\\/www.btv.md\\\/#website\"},\"primaryImageOfPage\":{\"@id\":\"https:\\\/\\\/www.btv.md\\\/ro\\\/in-municipiul-balti-vor-fi-reparate-mai-multe-poduri\\\/#primaryimage\"},\"image\":{\"@id\":\"https:\\\/\\\/www.btv.md\\\/ro\\\/in-municipiul-balti-vor-fi-reparate-mai-multe-poduri\\\/#primaryimage\"},\"thumbnailUrl\":\"https:\\\/\\\/www.btv.md\\\/wp-content\\\/uploads\\\/2016\\\/03\\\/poduri.png\",\"datePublished\":\"2016-03-10T14:23:53+00:00\",\"author\":{\"@id\":\"https:\\\/\\\/www.btv.md\\\/#\\\/schema\\\/person\\\/8fadce81561b3ce2c34c46dadc4ccbf2\"},\"inLanguage\":\"ro-RO\",\"potentialAction\":[{\"@type\":\"ReadAction\",\"target\":[\"https:\\\/\\\/www.btv.md\\\/ro\\\/in-municipiul-balti-vor-fi-reparate-mai-multe-poduri\\\/\"]}]},{\"@type\":\"ImageObject\",\"inLanguage\":\"ro-RO\",\"@id\":\"https:\\\/\\\/www.btv.md\\\/ro\\\/in-municipiul-balti-vor-fi-reparate-mai-multe-poduri\\\/#primaryimage\",\"url\":\"https:\\\/\\\/www.btv.md\\\/wp-content\\\/uploads\\\/2016\\\/03\\\/poduri.png\",\"contentUrl\":\"https:\\\/\\\/www.btv.md\\\/wp-content\\\/uploads\\\/2016\\\/03\\\/poduri.png\",\"width\":1023,\"height\":591},{\"@type\":\"WebSite\",\"@id\":\"https:\\\/\\\/www.btv.md\\\/#website\",\"url\":\"https:\\\/\\\/www.btv.md\\\/\",\"name\":\"BTV\",\"description\":\"\u0411\u0435\u043b\u044c\u0446\u043a\u043e\u0435 \u0442\u0435\u043b\u0435\u0432\u0438\u0434\u0435\u043d\u0438\u0435\",\"potentialAction\":[{\"@type\":\"SearchAction\",\"target\":{\"@type\":\"EntryPoint\",\"urlTemplate\":\"https:\\\/\\\/www.btv.md\\\/?s={search_term_string}\"},\"query-input\":{\"@type\":\"PropertyValueSpecification\",\"valueRequired\":true,\"valueName\":\"search_term_string\"}}],\"inLanguage\":\"ro-RO\"},{\"@type\":\"Person\",\"@id\":\"https:\\\/\\\/www.btv.md\\\/#\\\/schema\\\/person\\\/8fadce81561b3ce2c34c46dadc4ccbf2\",\"name\":\"admin\"}]}<\/script>\n<!-- \/ Yoast SEO plugin. -->","yoast_head_json":{"title":"\u00ceN MUNICIPIUL B\u0102L\u021aI VOR FI REPARATE MAI MULTE PODURI - BTV","robots":{"index":"index","follow":"follow","max-snippet":"max-snippet:-1","max-image-preview":"max-image-preview:large","max-video-preview":"max-video-preview:-1"},"canonical":"https:\/\/www.btv.md\/ro\/in-municipiul-balti-vor-fi-reparate-mai-multe-poduri\/","og_locale":"ro_RO","og_type":"article","og_title":"\u00ceN MUNICIPIUL B\u0102L\u021aI VOR FI REPARATE MAI MULTE PODURI - BTV","og_description":"Dou\u0103 poduri grav avariate din municipiul B\u0103l\u021bi vor fi reparate \u00een acest an. Autorit\u0103\u021bile vor aloca din fondul rutier peste 1 milion 360 de mii de lei. B\u0103l\u021benii salut\u0103 ini\u021biativa prim\u0103riei \u0219i spun c\u0103 aceste poduri nu au fost reparate aproape de 20 de ani. Unul dintre podurile care va fi supus repara\u021biei se afl\u0103 [&hellip;]","og_url":"https:\/\/www.btv.md\/ro\/in-municipiul-balti-vor-fi-reparate-mai-multe-poduri\/","og_site_name":"BTV","article_publisher":"https:\/\/www.facebook.com\/btvmoldova\/","article_published_time":"2016-03-10T14:23:53+00:00","og_image":[{"width":1023,"height":591,"url":"https:\/\/www.btv.md\/wp-content\/uploads\/2016\/03\/poduri.png","type":"image\/png"}],"author":"admin","twitter_misc":{"Scris de":"admin","Timp estimat pentru citire":"1 minut"},"schema":{"@context":"https:\/\/schema.org","@graph":[{"@type":"Article","@id":"https:\/\/www.btv.md\/ro\/in-municipiul-balti-vor-fi-reparate-mai-multe-poduri\/#article","isPartOf":{"@id":"https:\/\/www.btv.md\/ro\/in-municipiul-balti-vor-fi-reparate-mai-multe-poduri\/"},"author":{"name":"admin","@id":"https:\/\/www.btv.md\/#\/schema\/person\/8fadce81561b3ce2c34c46dadc4ccbf2"},"headline":"\u00ceN MUNICIPIUL B\u0102L\u021aI VOR FI REPARATE MAI MULTE PODURI","datePublished":"2016-03-10T14:23:53+00:00","mainEntityOfPage":{"@id":"https:\/\/www.btv.md\/ro\/in-municipiul-balti-vor-fi-reparate-mai-multe-poduri\/"},"wordCount":197,"image":{"@id":"https:\/\/www.btv.md\/ro\/in-municipiul-balti-vor-fi-reparate-mai-multe-poduri\/#primaryimage"},"thumbnailUrl":"https:\/\/www.btv.md\/wp-content\/uploads\/2016\/03\/poduri.png","articleSection":["Ora\u0219"],"inLanguage":"ro-RO"},{"@type":"WebPage","@id":"https:\/\/www.btv.md\/ro\/in-municipiul-balti-vor-fi-reparate-mai-multe-poduri\/","url":"https:\/\/www.btv.md\/ro\/in-municipiul-balti-vor-fi-reparate-mai-multe-poduri\/","name":"\u00ceN MUNICIPIUL B\u0102L\u021aI VOR FI REPARATE MAI MULTE PODURI - BTV","isPartOf":{"@id":"https:\/\/www.btv.md\/#website"},"primaryImageOfPage":{"@id":"https:\/\/www.btv.md\/ro\/in-municipiul-balti-vor-fi-reparate-mai-multe-poduri\/#primaryimage"},"image":{"@id":"https:\/\/www.btv.md\/ro\/in-municipiul-balti-vor-fi-reparate-mai-multe-poduri\/#primaryimage"},"thumbnailUrl":"https:\/\/www.btv.md\/wp-content\/uploads\/2016\/03\/poduri.png","datePublished":"2016-03-10T14:23:53+00:00","author":{"@id":"https:\/\/www.btv.md\/#\/schema\/person\/8fadce81561b3ce2c34c46dadc4ccbf2"},"inLanguage":"ro-RO","potentialAction":[{"@type":"ReadAction","target":["https:\/\/www.btv.md\/ro\/in-municipiul-balti-vor-fi-reparate-mai-multe-poduri\/"]}]},{"@type":"ImageObject","inLanguage":"ro-RO","@id":"https:\/\/www.btv.md\/ro\/in-municipiul-balti-vor-fi-reparate-mai-multe-poduri\/#primaryimage","url":"https:\/\/www.btv.md\/wp-content\/uploads\/2016\/03\/poduri.png","contentUrl":"https:\/\/www.btv.md\/wp-content\/uploads\/2016\/03\/poduri.png","width":1023,"height":591},{"@type":"WebSite","@id":"https:\/\/www.btv.md\/#website","url":"https:\/\/www.btv.md\/","name":"BTV","description":"\u0411\u0435\u043b\u044c\u0446\u043a\u043e\u0435 \u0442\u0435\u043b\u0435\u0432\u0438\u0434\u0435\u043d\u0438\u0435","potentialAction":[{"@type":"SearchAction","target":{"@type":"EntryPoint","urlTemplate":"https:\/\/www.btv.md\/?s={search_term_string}"},"query-input":{"@type":"PropertyValueSpecification","valueRequired":true,"valueName":"search_term_string"}}],"inLanguage":"ro-RO"},{"@type":"Person","@id":"https:\/\/www.btv.md\/#\/schema\/person\/8fadce81561b3ce2c34c46dadc4ccbf2","name":"admin"}]}},"_links":{"self":[{"href":"https:\/\/www.btv.md\/ro\/wp-json\/wp\/v2\/posts\/8695","targetHints":{"allow":["GET"]}}],"collection":[{"href":"https:\/\/www.btv.md\/ro\/wp-json\/wp\/v2\/posts"}],"about":[{"href":"https:\/\/www.btv.md\/ro\/wp-json\/wp\/v2\/types\/post"}],"author":[{"embeddable":true,"href":"https:\/\/www.btv.md\/ro\/wp-json\/wp\/v2\/users\/4"}],"replies":[{"embeddable":true,"href":"https:\/\/www.btv.md\/ro\/wp-json\/wp\/v2\/comments?post=8695"}],"version-history":[{"count":0,"href":"https:\/\/www.btv.md\/ro\/wp-json\/wp\/v2\/posts\/8695\/revisions"}],"wp:featuredmedia":[{"embeddable":true,"href":"https:\/\/www.btv.md\/ro\/wp-json\/wp\/v2\/media\/8696"}],"wp:attachment":[{"href":"https:\/\/www.btv.md\/ro\/wp-json\/wp\/v2\/media?parent=8695"}],"wp:term":[{"taxonomy":"category","embeddable":true,"href":"https:\/\/www.btv.md\/ro\/wp-json\/wp\/v2\/categories?post=8695"},{"taxonomy":"post_tag","embeddable":true,"href":"https:\/\/www.btv.md\/ro\/wp-json\/wp\/v2\/tags?post=8695"}],"curies":[{"name":"wp","href":"https:\/\/api.w.org\/{rel}","templated":true}]}}