{"id":8708,"date":"2016-03-10T21:15:26","date_gmt":"2016-03-10T18:15:26","guid":{"rendered":"http:\/\/btv.md\/?p=8708"},"modified":"2016-03-10T21:15:26","modified_gmt":"2016-03-10T18:15:26","slug":"au-sustras-bunuri-din-locuinta-inchiriata-si-au-disparut-fara-urma","status":"publish","type":"post","link":"https:\/\/www.btv.md\/ro\/au-sustras-bunuri-din-locuinta-inchiriata-si-au-disparut-fara-urma\/","title":{"rendered":"Au sustras bunuri din locuin\u021ba \u00eenchiriat\u0103 \u0219i au disp\u0103rut f\u0103r\u0103 urm\u0103"},"content":{"rendered":"<p><strong>Au sustras bunuri din locuin\u021ba \u00eenchiriat\u0103 \u0219i au disp\u0103rut f\u0103r\u0103 urm\u0103. Este vorba de un cuplu t\u00e2n\u0103r din B\u0103l\u0163i.<\/p>\n<p>Cei doi au tras pe sfoar\u0103 proprietara casei, \u00eempofida faptului c\u0103 aceasta a fost deacord s\u0103 le dea locuin\u021ba doar pentru a pl\u0103ti cu regularitate serviciile comunale.<\/strong><\/p>\n<p>\u201e<em>\u00cen perioada lunilor ianuarie martie a anului curent, un cuplu originar din municipiul B\u0103l\u021bi, cu v\u00e2rsta de 22 de ani ambii, au \u00eenchiriat o cas\u0103 de locuit \u00een regiunea G\u0103rii de Nord. Ulterior, f\u0103r\u0103 a anun\u021ba proprietara imobilului, au plecat de la gazd\u0103, sustr\u0103g\u00e2nd obiecte \u00een valoare 10500 de lei. Proprietara a depus o pl\u00e2ngere la Inspectoratul de Poli\u021bie B\u0103l\u021bi, iar angaja\u021bii urmeaz\u0103 s\u0103 dovedeasc\u0103 vina suspec\u021bilor<\/em>\u201d.<\/p>\n<p>Notarul Svetlana Dimitriu, spune c\u0103 aceasta este consecin\u021ba situa\u021biei economice din \u021bar\u0103. Tot ea afirm\u0103 c\u0103 b\u0103l\u021benii evit\u0103 s\u0103 \u00eencheie un contract de loca\u021biune pentru a nu pl\u0103ti taxa de stat \u0219i serviciul notarial. <\/p>\n<p>\u201e<em>Legea cu privire la locuin\u021b\u0103 prevede forma scris\u0103 a contractului de loca\u021biune, adic\u0103 forma simpl\u0103 scris\u0103. Neap\u0103rat, dac\u0103 o persoan\u0103 transmite \u00een chirie o locuin\u021b\u0103, trebuie s\u0103 \u00eencheie un contract \u00een form\u0103 scris\u0103. Pentru siguran\u021ba p\u0103r\u021bilor \u0219i dac\u0103 ace\u0219tia doresc, se adreseaz\u0103 la notar<\/em>\u201d.<\/p>\n<p>De la \u00eenceputul anului au fost \u00eenregistrate c\u00e2teva cazuri similare. Dac\u0103 vor fi g\u0103si\u021bi vinova\u021bi, suspec\u021bii risc\u0103 amend\u0103 de p\u00e2n\u0103 la 20 de mii de lei sau \u00eenchisoare de p\u00e2n\u0103 la 4 ani.<\/p>\n<p><iframe width=\"420\" height=\"315\" data-src=\"https:\/\/www.youtube.com\/embed\/8zmmIt35xn8\" frameborder=\"0\" allowfullscreen src=\"data:image\/svg+xml;base64,PHN2ZyB3aWR0aD0iMSIgaGVpZ2h0PSIxIiB4bWxucz0iaHR0cDovL3d3dy53My5vcmcvMjAwMC9zdmciPjwvc3ZnPg==\" class=\"lazyload\" data-load-mode=\"1\"><\/iframe><\/p>\n","protected":false},"excerpt":{"rendered":"<p>Au sustras bunuri din locuin\u021ba \u00eenchiriat\u0103 \u0219i au disp\u0103rut f\u0103r\u0103 urm\u0103. Este vorba de un cuplu t\u00e2n\u0103r din B\u0103l\u0163i. Cei doi au tras pe sfoar\u0103 proprietara casei, \u00eempofida faptului c\u0103 aceasta a fost deacord s\u0103 le dea locuin\u021ba doar pentru a pl\u0103ti cu regularitate serviciile comunale. \u201e\u00cen perioada lunilor ianuarie martie a anului curent, un [&hellip;]<\/p>\n","protected":false},"author":4,"featured_media":8709,"comment_status":"closed","ping_status":"closed","sticky":false,"template":"","format":"standard","meta":{"footnotes":""},"categories":[6353],"tags":[],"class_list":["post-8708","post","type-post","status-publish","format-standard","has-post-thumbnail","hentry","category-oras"],"yoast_head":"<!-- This site is optimized with the Yoast SEO plugin v27.4 - https:\/\/yoast.com\/product\/yoast-seo-wordpress\/ -->\n<title>Au sustras bunuri din locuin\u021ba \u00eenchiriat\u0103 \u0219i au disp\u0103rut f\u0103r\u0103 urm\u0103 - BTV<\/title>\n<meta name=\"robots\" content=\"index, follow, max-snippet:-1, max-image-preview:large, max-video-preview:-1\" \/>\n<link rel=\"canonical\" href=\"https:\/\/www.btv.md\/ro\/au-sustras-bunuri-din-locuinta-inchiriata-si-au-disparut-fara-urma\/\" \/>\n<meta property=\"og:locale\" content=\"ro_RO\" \/>\n<meta property=\"og:type\" content=\"article\" \/>\n<meta property=\"og:title\" content=\"Au sustras bunuri din locuin\u021ba \u00eenchiriat\u0103 \u0219i au disp\u0103rut f\u0103r\u0103 urm\u0103 - BTV\" \/>\n<meta property=\"og:description\" content=\"Au sustras bunuri din locuin\u021ba \u00eenchiriat\u0103 \u0219i au disp\u0103rut f\u0103r\u0103 urm\u0103. Este vorba de un cuplu t\u00e2n\u0103r din B\u0103l\u0163i. Cei doi au tras pe sfoar\u0103 proprietara casei, \u00eempofida faptului c\u0103 aceasta a fost deacord s\u0103 le dea locuin\u021ba doar pentru a pl\u0103ti cu regularitate serviciile comunale. \u201e\u00cen perioada lunilor ianuarie martie a anului curent, un [&hellip;]\" \/>\n<meta property=\"og:url\" content=\"https:\/\/www.btv.md\/ro\/au-sustras-bunuri-din-locuinta-inchiriata-si-au-disparut-fara-urma\/\" \/>\n<meta property=\"og:site_name\" content=\"BTV\" \/>\n<meta property=\"article:publisher\" content=\"https:\/\/www.facebook.com\/btvmoldova\/\" \/>\n<meta property=\"article:published_time\" content=\"2016-03-10T18:15:26+00:00\" \/>\n<meta property=\"og:image\" content=\"https:\/\/www.btv.md\/wp-content\/uploads\/2016\/03\/chirie.png\" \/>\n\t<meta property=\"og:image:width\" content=\"1029\" \/>\n\t<meta property=\"og:image:height\" content=\"559\" \/>\n\t<meta property=\"og:image:type\" content=\"image\/png\" \/>\n<meta name=\"author\" content=\"admin\" \/>\n<meta name=\"twitter:label1\" content=\"Scris de\" \/>\n\t<meta name=\"twitter:data1\" content=\"admin\" \/>\n\t<meta name=\"twitter:label2\" content=\"Timp estimat pentru citire\" \/>\n\t<meta name=\"twitter:data2\" content=\"1 minut\" \/>\n<script type=\"application\/ld+json\" class=\"yoast-schema-graph\">{\"@context\":\"https:\\\/\\\/schema.org\",\"@graph\":[{\"@type\":\"Article\",\"@id\":\"https:\\\/\\\/www.btv.md\\\/ro\\\/au-sustras-bunuri-din-locuinta-inchiriata-si-au-disparut-fara-urma\\\/#article\",\"isPartOf\":{\"@id\":\"https:\\\/\\\/www.btv.md\\\/ro\\\/au-sustras-bunuri-din-locuinta-inchiriata-si-au-disparut-fara-urma\\\/\"},\"author\":{\"name\":\"admin\",\"@id\":\"https:\\\/\\\/www.btv.md\\\/#\\\/schema\\\/person\\\/8fadce81561b3ce2c34c46dadc4ccbf2\"},\"headline\":\"Au sustras bunuri din locuin\u021ba \u00eenchiriat\u0103 \u0219i au disp\u0103rut f\u0103r\u0103 urm\u0103\",\"datePublished\":\"2016-03-10T18:15:26+00:00\",\"mainEntityOfPage\":{\"@id\":\"https:\\\/\\\/www.btv.md\\\/ro\\\/au-sustras-bunuri-din-locuinta-inchiriata-si-au-disparut-fara-urma\\\/\"},\"wordCount\":276,\"image\":{\"@id\":\"https:\\\/\\\/www.btv.md\\\/ro\\\/au-sustras-bunuri-din-locuinta-inchiriata-si-au-disparut-fara-urma\\\/#primaryimage\"},\"thumbnailUrl\":\"https:\\\/\\\/www.btv.md\\\/wp-content\\\/uploads\\\/2016\\\/03\\\/chirie.png\",\"articleSection\":[\"Ora\u0219\"],\"inLanguage\":\"ro-RO\"},{\"@type\":\"WebPage\",\"@id\":\"https:\\\/\\\/www.btv.md\\\/ro\\\/au-sustras-bunuri-din-locuinta-inchiriata-si-au-disparut-fara-urma\\\/\",\"url\":\"https:\\\/\\\/www.btv.md\\\/ro\\\/au-sustras-bunuri-din-locuinta-inchiriata-si-au-disparut-fara-urma\\\/\",\"name\":\"Au sustras bunuri din locuin\u021ba \u00eenchiriat\u0103 \u0219i au disp\u0103rut f\u0103r\u0103 urm\u0103 - BTV\",\"isPartOf\":{\"@id\":\"https:\\\/\\\/www.btv.md\\\/#website\"},\"primaryImageOfPage\":{\"@id\":\"https:\\\/\\\/www.btv.md\\\/ro\\\/au-sustras-bunuri-din-locuinta-inchiriata-si-au-disparut-fara-urma\\\/#primaryimage\"},\"image\":{\"@id\":\"https:\\\/\\\/www.btv.md\\\/ro\\\/au-sustras-bunuri-din-locuinta-inchiriata-si-au-disparut-fara-urma\\\/#primaryimage\"},\"thumbnailUrl\":\"https:\\\/\\\/www.btv.md\\\/wp-content\\\/uploads\\\/2016\\\/03\\\/chirie.png\",\"datePublished\":\"2016-03-10T18:15:26+00:00\",\"author\":{\"@id\":\"https:\\\/\\\/www.btv.md\\\/#\\\/schema\\\/person\\\/8fadce81561b3ce2c34c46dadc4ccbf2\"},\"inLanguage\":\"ro-RO\",\"potentialAction\":[{\"@type\":\"ReadAction\",\"target\":[\"https:\\\/\\\/www.btv.md\\\/ro\\\/au-sustras-bunuri-din-locuinta-inchiriata-si-au-disparut-fara-urma\\\/\"]}]},{\"@type\":\"ImageObject\",\"inLanguage\":\"ro-RO\",\"@id\":\"https:\\\/\\\/www.btv.md\\\/ro\\\/au-sustras-bunuri-din-locuinta-inchiriata-si-au-disparut-fara-urma\\\/#primaryimage\",\"url\":\"https:\\\/\\\/www.btv.md\\\/wp-content\\\/uploads\\\/2016\\\/03\\\/chirie.png\",\"contentUrl\":\"https:\\\/\\\/www.btv.md\\\/wp-content\\\/uploads\\\/2016\\\/03\\\/chirie.png\",\"width\":1029,\"height\":559},{\"@type\":\"WebSite\",\"@id\":\"https:\\\/\\\/www.btv.md\\\/#website\",\"url\":\"https:\\\/\\\/www.btv.md\\\/\",\"name\":\"BTV\",\"description\":\"\u0411\u0435\u043b\u044c\u0446\u043a\u043e\u0435 \u0442\u0435\u043b\u0435\u0432\u0438\u0434\u0435\u043d\u0438\u0435\",\"potentialAction\":[{\"@type\":\"SearchAction\",\"target\":{\"@type\":\"EntryPoint\",\"urlTemplate\":\"https:\\\/\\\/www.btv.md\\\/?s={search_term_string}\"},\"query-input\":{\"@type\":\"PropertyValueSpecification\",\"valueRequired\":true,\"valueName\":\"search_term_string\"}}],\"inLanguage\":\"ro-RO\"},{\"@type\":\"Person\",\"@id\":\"https:\\\/\\\/www.btv.md\\\/#\\\/schema\\\/person\\\/8fadce81561b3ce2c34c46dadc4ccbf2\",\"name\":\"admin\"}]}<\/script>\n<!-- \/ Yoast SEO plugin. -->","yoast_head_json":{"title":"Au sustras bunuri din locuin\u021ba \u00eenchiriat\u0103 \u0219i au disp\u0103rut f\u0103r\u0103 urm\u0103 - BTV","robots":{"index":"index","follow":"follow","max-snippet":"max-snippet:-1","max-image-preview":"max-image-preview:large","max-video-preview":"max-video-preview:-1"},"canonical":"https:\/\/www.btv.md\/ro\/au-sustras-bunuri-din-locuinta-inchiriata-si-au-disparut-fara-urma\/","og_locale":"ro_RO","og_type":"article","og_title":"Au sustras bunuri din locuin\u021ba \u00eenchiriat\u0103 \u0219i au disp\u0103rut f\u0103r\u0103 urm\u0103 - BTV","og_description":"Au sustras bunuri din locuin\u021ba \u00eenchiriat\u0103 \u0219i au disp\u0103rut f\u0103r\u0103 urm\u0103. Este vorba de un cuplu t\u00e2n\u0103r din B\u0103l\u0163i. Cei doi au tras pe sfoar\u0103 proprietara casei, \u00eempofida faptului c\u0103 aceasta a fost deacord s\u0103 le dea locuin\u021ba doar pentru a pl\u0103ti cu regularitate serviciile comunale. \u201e\u00cen perioada lunilor ianuarie martie a anului curent, un [&hellip;]","og_url":"https:\/\/www.btv.md\/ro\/au-sustras-bunuri-din-locuinta-inchiriata-si-au-disparut-fara-urma\/","og_site_name":"BTV","article_publisher":"https:\/\/www.facebook.com\/btvmoldova\/","article_published_time":"2016-03-10T18:15:26+00:00","og_image":[{"width":1029,"height":559,"url":"https:\/\/www.btv.md\/wp-content\/uploads\/2016\/03\/chirie.png","type":"image\/png"}],"author":"admin","twitter_misc":{"Scris de":"admin","Timp estimat pentru citire":"1 minut"},"schema":{"@context":"https:\/\/schema.org","@graph":[{"@type":"Article","@id":"https:\/\/www.btv.md\/ro\/au-sustras-bunuri-din-locuinta-inchiriata-si-au-disparut-fara-urma\/#article","isPartOf":{"@id":"https:\/\/www.btv.md\/ro\/au-sustras-bunuri-din-locuinta-inchiriata-si-au-disparut-fara-urma\/"},"author":{"name":"admin","@id":"https:\/\/www.btv.md\/#\/schema\/person\/8fadce81561b3ce2c34c46dadc4ccbf2"},"headline":"Au sustras bunuri din locuin\u021ba \u00eenchiriat\u0103 \u0219i au disp\u0103rut f\u0103r\u0103 urm\u0103","datePublished":"2016-03-10T18:15:26+00:00","mainEntityOfPage":{"@id":"https:\/\/www.btv.md\/ro\/au-sustras-bunuri-din-locuinta-inchiriata-si-au-disparut-fara-urma\/"},"wordCount":276,"image":{"@id":"https:\/\/www.btv.md\/ro\/au-sustras-bunuri-din-locuinta-inchiriata-si-au-disparut-fara-urma\/#primaryimage"},"thumbnailUrl":"https:\/\/www.btv.md\/wp-content\/uploads\/2016\/03\/chirie.png","articleSection":["Ora\u0219"],"inLanguage":"ro-RO"},{"@type":"WebPage","@id":"https:\/\/www.btv.md\/ro\/au-sustras-bunuri-din-locuinta-inchiriata-si-au-disparut-fara-urma\/","url":"https:\/\/www.btv.md\/ro\/au-sustras-bunuri-din-locuinta-inchiriata-si-au-disparut-fara-urma\/","name":"Au sustras bunuri din locuin\u021ba \u00eenchiriat\u0103 \u0219i au disp\u0103rut f\u0103r\u0103 urm\u0103 - BTV","isPartOf":{"@id":"https:\/\/www.btv.md\/#website"},"primaryImageOfPage":{"@id":"https:\/\/www.btv.md\/ro\/au-sustras-bunuri-din-locuinta-inchiriata-si-au-disparut-fara-urma\/#primaryimage"},"image":{"@id":"https:\/\/www.btv.md\/ro\/au-sustras-bunuri-din-locuinta-inchiriata-si-au-disparut-fara-urma\/#primaryimage"},"thumbnailUrl":"https:\/\/www.btv.md\/wp-content\/uploads\/2016\/03\/chirie.png","datePublished":"2016-03-10T18:15:26+00:00","author":{"@id":"https:\/\/www.btv.md\/#\/schema\/person\/8fadce81561b3ce2c34c46dadc4ccbf2"},"inLanguage":"ro-RO","potentialAction":[{"@type":"ReadAction","target":["https:\/\/www.btv.md\/ro\/au-sustras-bunuri-din-locuinta-inchiriata-si-au-disparut-fara-urma\/"]}]},{"@type":"ImageObject","inLanguage":"ro-RO","@id":"https:\/\/www.btv.md\/ro\/au-sustras-bunuri-din-locuinta-inchiriata-si-au-disparut-fara-urma\/#primaryimage","url":"https:\/\/www.btv.md\/wp-content\/uploads\/2016\/03\/chirie.png","contentUrl":"https:\/\/www.btv.md\/wp-content\/uploads\/2016\/03\/chirie.png","width":1029,"height":559},{"@type":"WebSite","@id":"https:\/\/www.btv.md\/#website","url":"https:\/\/www.btv.md\/","name":"BTV","description":"\u0411\u0435\u043b\u044c\u0446\u043a\u043e\u0435 \u0442\u0435\u043b\u0435\u0432\u0438\u0434\u0435\u043d\u0438\u0435","potentialAction":[{"@type":"SearchAction","target":{"@type":"EntryPoint","urlTemplate":"https:\/\/www.btv.md\/?s={search_term_string}"},"query-input":{"@type":"PropertyValueSpecification","valueRequired":true,"valueName":"search_term_string"}}],"inLanguage":"ro-RO"},{"@type":"Person","@id":"https:\/\/www.btv.md\/#\/schema\/person\/8fadce81561b3ce2c34c46dadc4ccbf2","name":"admin"}]}},"_links":{"self":[{"href":"https:\/\/www.btv.md\/ro\/wp-json\/wp\/v2\/posts\/8708","targetHints":{"allow":["GET"]}}],"collection":[{"href":"https:\/\/www.btv.md\/ro\/wp-json\/wp\/v2\/posts"}],"about":[{"href":"https:\/\/www.btv.md\/ro\/wp-json\/wp\/v2\/types\/post"}],"author":[{"embeddable":true,"href":"https:\/\/www.btv.md\/ro\/wp-json\/wp\/v2\/users\/4"}],"replies":[{"embeddable":true,"href":"https:\/\/www.btv.md\/ro\/wp-json\/wp\/v2\/comments?post=8708"}],"version-history":[{"count":0,"href":"https:\/\/www.btv.md\/ro\/wp-json\/wp\/v2\/posts\/8708\/revisions"}],"wp:featuredmedia":[{"embeddable":true,"href":"https:\/\/www.btv.md\/ro\/wp-json\/wp\/v2\/media\/8709"}],"wp:attachment":[{"href":"https:\/\/www.btv.md\/ro\/wp-json\/wp\/v2\/media?parent=8708"}],"wp:term":[{"taxonomy":"category","embeddable":true,"href":"https:\/\/www.btv.md\/ro\/wp-json\/wp\/v2\/categories?post=8708"},{"taxonomy":"post_tag","embeddable":true,"href":"https:\/\/www.btv.md\/ro\/wp-json\/wp\/v2\/tags?post=8708"}],"curies":[{"name":"wp","href":"https:\/\/api.w.org\/{rel}","templated":true}]}}