{"id":8738,"date":"2016-03-11T13:04:03","date_gmt":"2016-03-11T10:04:03","guid":{"rendered":"http:\/\/btv.md\/?p=8738"},"modified":"2016-03-11T13:04:03","modified_gmt":"2016-03-11T10:04:03","slug":"o-posibila-micsorare-a-tarifelor-la-energie-pusa-la-indoiala","status":"publish","type":"post","link":"https:\/\/www.btv.md\/ro\/o-posibila-micsorare-a-tarifelor-la-energie-pusa-la-indoiala\/","title":{"rendered":"O  POSIBIL\u0102  MIC\u0218ORARE  A  TARIFELOR  LA  ENERGIE,  PUS\u0102  LA  \u00ceNDOIAL\u0102"},"content":{"rendered":"<p><strong>ANRE anun\u021b\u0103  convocarea unei \u0219edin\u021be publice la care va fi examinat proiectul de actualizare a tarifelor reglementate pentru serviciile de distribu\u0163ie \u015fi furnizare a energiei electrice livrat\u0103 consumatorilor finali de c\u0103tre \u00eentreprinderile RED Union Fenosa, Gas Natural Fenosa Furnizare Energie, RED Nord, RED Nord &#8211; Vest si FEE-NORD. <\/strong><\/p>\n<p>Potrivit Mold-Street, citat de <a href=\"http:\/\/unimedia.info\/politic\" target=\"_blank\">UNIMEDIA<\/a>, decizia ANRE vine la o s\u0103pt\u0103m\u00e2n\u0103 dup\u0103 anun\u0163ul premierului Pavel Filip privind o eventual\u0103 ieftinire cu 10% a tarifelor finale pentru consumatori, ca urmare a reducerii pre\u0163ului de achizi\u0163ie a energiei electrice.<\/p>\n<p>Autoritatea \u00eens\u0103 \u00ee\u015fi argumenteaz\u0103 graba cu care vrea s\u0103 actualizeze tarifele prin faptul c\u0103 este obligat\u0103 de legisla\u0163ia \u00een vigoare ca \u201enu mai t\u00e2rziu de 1 aprilie, s\u0103 aprobe \u0219i s\u0103 publice tarifele noi \u00een Monitorul Oficial al Republicii Moldova&#8221;, argument despre care \u00een anii preceden\u0163i nu \u00ee\u015fi amintea. <\/p>\n<p>\u00cen acela\u015fi timp datele prezentate de ANRE pun sub semnul \u00eentreb\u0103rii o posbil\u0103 sc\u0103dere a tarifelor, iar dac\u0103 vor fi incluse toate devierile financiare ar putea avea loc chiar o majorare.<\/p>\n<p>Astfel \u00een nota informativ\u0103 a ANRE la proiectul de actualizare a tarifelor de distribu\u021bie \u015fi furnizare a energiei electrice \u00een anul 2016 sunt prezenta\u0163i principalii factori care, \u00een conformitate cu prevederile metodologiilor tarifare, au determinat necesitatea revizuirii tarifelor.<\/p>\n<p>Pre\u0163ul real de procurare scade cu doar 12%.<\/p>\n<p>Primul factor invocat de ANRE este diminuarea pre\u021bului de procurare a energiei electrice din import. Astfel s\u0103pt\u0103m\u00e2na trecut\u0103 furnizorii de ultim\u0103 op\u021biune \u0219i operatorii re\u021belelor de distribu\u021bie au semnat noi contracte de procurare a energiei electrice de la furnizorul Energocom la pre\u021buri mai mici, \u00eencep\u00e2nd cu 1 martie curent, de 6,0 cen\u0163i americani pentru un kWh, iar \u00eencep\u00e2nd cu 1 aprilie de 4,8995 \u00a2\/kWh, diminu\u0103ri de 11,7% \u0219i respectiv 27,9% fa\u021b\u0103 de 6,795 \u00a2\/kWh pre\u021b inclus \u00een tariful actual.<\/p>\n<p>\u00cen acela\u015fi timp, ANRE aminte\u015fte de evolu\u021bia cursului de schimb mediu anual al monedei na\u021bionale fa\u021b\u0103 de dolar aplicat \u00een calcule, implicit la procurarea energiei. Astfel, tarifele \u00een vigoare au fost determinate reie\u0219ind din cursul de schimb de 18,88 lei pentru un dolar, iar \u00een perioada de la \u00eenceputul anului \u00een curs aceasta s-a devalorizat cu 6,9% \u015fi a constituit 20,18 lei pentru un dolar.<\/p>\n<p>\u00cen consecin\u0163\u0103 pre\u021bul mediu real de procurare a curentului de la surse se va reduce de la 1 aprilie 2016 cu doar 12% \u015fi nu cu 28% &#8211; de la 132 de bani inclus \u00een structura tarifului \u00een vigoare p\u00e2n\u0103 la 116 bani\/kWh calculat pentru anul 2016, relev\u0103 datele ANRE.<\/p>\n","protected":false},"excerpt":{"rendered":"<p>ANRE anun\u021b\u0103 convocarea unei \u0219edin\u021be publice la care va fi examinat proiectul de actualizare a tarifelor reglementate pentru serviciile de distribu\u0163ie \u015fi furnizare a energiei electrice livrat\u0103 consumatorilor finali de c\u0103tre \u00eentreprinderile RED Union Fenosa, Gas Natural Fenosa Furnizare Energie, RED Nord, RED Nord &#8211; Vest si FEE-NORD. Potrivit Mold-Street, citat de UNIMEDIA, decizia ANRE [&hellip;]<\/p>\n","protected":false},"author":4,"featured_media":8739,"comment_status":"closed","ping_status":"closed","sticky":false,"template":"","format":"standard","meta":{"footnotes":""},"categories":[6349],"tags":[],"class_list":["post-8738","post","type-post","status-publish","format-standard","has-post-thumbnail","hentry","category-social"],"yoast_head":"<!-- This site is optimized with the Yoast SEO plugin v27.4 - https:\/\/yoast.com\/product\/yoast-seo-wordpress\/ -->\n<title>O POSIBIL\u0102 MIC\u0218ORARE A TARIFELOR LA ENERGIE, PUS\u0102 LA \u00ceNDOIAL\u0102 - BTV<\/title>\n<meta name=\"robots\" content=\"index, follow, max-snippet:-1, max-image-preview:large, max-video-preview:-1\" \/>\n<link rel=\"canonical\" href=\"https:\/\/www.btv.md\/ro\/o-posibila-micsorare-a-tarifelor-la-energie-pusa-la-indoiala\/\" \/>\n<meta property=\"og:locale\" content=\"ro_RO\" \/>\n<meta property=\"og:type\" content=\"article\" \/>\n<meta property=\"og:title\" content=\"O POSIBIL\u0102 MIC\u0218ORARE A TARIFELOR LA ENERGIE, PUS\u0102 LA \u00ceNDOIAL\u0102 - BTV\" \/>\n<meta property=\"og:description\" content=\"ANRE anun\u021b\u0103 convocarea unei \u0219edin\u021be publice la care va fi examinat proiectul de actualizare a tarifelor reglementate pentru serviciile de distribu\u0163ie \u015fi furnizare a energiei electrice livrat\u0103 consumatorilor finali de c\u0103tre \u00eentreprinderile RED Union Fenosa, Gas Natural Fenosa Furnizare Energie, RED Nord, RED Nord &#8211; Vest si FEE-NORD. Potrivit Mold-Street, citat de UNIMEDIA, decizia ANRE [&hellip;]\" \/>\n<meta property=\"og:url\" content=\"https:\/\/www.btv.md\/ro\/o-posibila-micsorare-a-tarifelor-la-energie-pusa-la-indoiala\/\" \/>\n<meta property=\"og:site_name\" content=\"BTV\" \/>\n<meta property=\"article:publisher\" content=\"https:\/\/www.facebook.com\/btvmoldova\/\" \/>\n<meta property=\"article:published_time\" content=\"2016-03-11T10:04:03+00:00\" \/>\n<meta property=\"og:image\" content=\"https:\/\/www.btv.md\/wp-content\/uploads\/2016\/03\/o-posibila-reducere-a-tarifelor-la-energie-pusa-la-indoiala-de-anre-1457592696.jpg\" \/>\n\t<meta property=\"og:image:width\" content=\"700\" \/>\n\t<meta property=\"og:image:height\" content=\"394\" \/>\n\t<meta property=\"og:image:type\" content=\"image\/jpeg\" \/>\n<meta name=\"author\" content=\"admin\" \/>\n<meta name=\"twitter:label1\" content=\"Scris de\" \/>\n\t<meta name=\"twitter:data1\" content=\"admin\" \/>\n\t<meta name=\"twitter:label2\" content=\"Timp estimat pentru citire\" \/>\n\t<meta name=\"twitter:data2\" content=\"2 minute\" \/>\n<script type=\"application\/ld+json\" class=\"yoast-schema-graph\">{\"@context\":\"https:\\\/\\\/schema.org\",\"@graph\":[{\"@type\":\"Article\",\"@id\":\"https:\\\/\\\/www.btv.md\\\/ro\\\/o-posibila-micsorare-a-tarifelor-la-energie-pusa-la-indoiala\\\/#article\",\"isPartOf\":{\"@id\":\"https:\\\/\\\/www.btv.md\\\/ro\\\/o-posibila-micsorare-a-tarifelor-la-energie-pusa-la-indoiala\\\/\"},\"author\":{\"name\":\"admin\",\"@id\":\"https:\\\/\\\/www.btv.md\\\/#\\\/schema\\\/person\\\/8fadce81561b3ce2c34c46dadc4ccbf2\"},\"headline\":\"O POSIBIL\u0102 MIC\u0218ORARE A TARIFELOR LA ENERGIE, PUS\u0102 LA \u00ceNDOIAL\u0102\",\"datePublished\":\"2016-03-11T10:04:03+00:00\",\"mainEntityOfPage\":{\"@id\":\"https:\\\/\\\/www.btv.md\\\/ro\\\/o-posibila-micsorare-a-tarifelor-la-energie-pusa-la-indoiala\\\/\"},\"wordCount\":433,\"image\":{\"@id\":\"https:\\\/\\\/www.btv.md\\\/ro\\\/o-posibila-micsorare-a-tarifelor-la-energie-pusa-la-indoiala\\\/#primaryimage\"},\"thumbnailUrl\":\"https:\\\/\\\/www.btv.md\\\/wp-content\\\/uploads\\\/2016\\\/03\\\/o-posibila-reducere-a-tarifelor-la-energie-pusa-la-indoiala-de-anre-1457592696.jpg\",\"articleSection\":[\"Social\"],\"inLanguage\":\"ro-RO\"},{\"@type\":\"WebPage\",\"@id\":\"https:\\\/\\\/www.btv.md\\\/ro\\\/o-posibila-micsorare-a-tarifelor-la-energie-pusa-la-indoiala\\\/\",\"url\":\"https:\\\/\\\/www.btv.md\\\/ro\\\/o-posibila-micsorare-a-tarifelor-la-energie-pusa-la-indoiala\\\/\",\"name\":\"O POSIBIL\u0102 MIC\u0218ORARE A TARIFELOR LA ENERGIE, PUS\u0102 LA \u00ceNDOIAL\u0102 - BTV\",\"isPartOf\":{\"@id\":\"https:\\\/\\\/www.btv.md\\\/#website\"},\"primaryImageOfPage\":{\"@id\":\"https:\\\/\\\/www.btv.md\\\/ro\\\/o-posibila-micsorare-a-tarifelor-la-energie-pusa-la-indoiala\\\/#primaryimage\"},\"image\":{\"@id\":\"https:\\\/\\\/www.btv.md\\\/ro\\\/o-posibila-micsorare-a-tarifelor-la-energie-pusa-la-indoiala\\\/#primaryimage\"},\"thumbnailUrl\":\"https:\\\/\\\/www.btv.md\\\/wp-content\\\/uploads\\\/2016\\\/03\\\/o-posibila-reducere-a-tarifelor-la-energie-pusa-la-indoiala-de-anre-1457592696.jpg\",\"datePublished\":\"2016-03-11T10:04:03+00:00\",\"author\":{\"@id\":\"https:\\\/\\\/www.btv.md\\\/#\\\/schema\\\/person\\\/8fadce81561b3ce2c34c46dadc4ccbf2\"},\"inLanguage\":\"ro-RO\",\"potentialAction\":[{\"@type\":\"ReadAction\",\"target\":[\"https:\\\/\\\/www.btv.md\\\/ro\\\/o-posibila-micsorare-a-tarifelor-la-energie-pusa-la-indoiala\\\/\"]}]},{\"@type\":\"ImageObject\",\"inLanguage\":\"ro-RO\",\"@id\":\"https:\\\/\\\/www.btv.md\\\/ro\\\/o-posibila-micsorare-a-tarifelor-la-energie-pusa-la-indoiala\\\/#primaryimage\",\"url\":\"https:\\\/\\\/www.btv.md\\\/wp-content\\\/uploads\\\/2016\\\/03\\\/o-posibila-reducere-a-tarifelor-la-energie-pusa-la-indoiala-de-anre-1457592696.jpg\",\"contentUrl\":\"https:\\\/\\\/www.btv.md\\\/wp-content\\\/uploads\\\/2016\\\/03\\\/o-posibila-reducere-a-tarifelor-la-energie-pusa-la-indoiala-de-anre-1457592696.jpg\",\"width\":700,\"height\":394,\"caption\":\"rtr.md\"},{\"@type\":\"WebSite\",\"@id\":\"https:\\\/\\\/www.btv.md\\\/#website\",\"url\":\"https:\\\/\\\/www.btv.md\\\/\",\"name\":\"BTV\",\"description\":\"\u0411\u0435\u043b\u044c\u0446\u043a\u043e\u0435 \u0442\u0435\u043b\u0435\u0432\u0438\u0434\u0435\u043d\u0438\u0435\",\"potentialAction\":[{\"@type\":\"SearchAction\",\"target\":{\"@type\":\"EntryPoint\",\"urlTemplate\":\"https:\\\/\\\/www.btv.md\\\/?s={search_term_string}\"},\"query-input\":{\"@type\":\"PropertyValueSpecification\",\"valueRequired\":true,\"valueName\":\"search_term_string\"}}],\"inLanguage\":\"ro-RO\"},{\"@type\":\"Person\",\"@id\":\"https:\\\/\\\/www.btv.md\\\/#\\\/schema\\\/person\\\/8fadce81561b3ce2c34c46dadc4ccbf2\",\"name\":\"admin\"}]}<\/script>\n<!-- \/ Yoast SEO plugin. -->","yoast_head_json":{"title":"O POSIBIL\u0102 MIC\u0218ORARE A TARIFELOR LA ENERGIE, PUS\u0102 LA \u00ceNDOIAL\u0102 - BTV","robots":{"index":"index","follow":"follow","max-snippet":"max-snippet:-1","max-image-preview":"max-image-preview:large","max-video-preview":"max-video-preview:-1"},"canonical":"https:\/\/www.btv.md\/ro\/o-posibila-micsorare-a-tarifelor-la-energie-pusa-la-indoiala\/","og_locale":"ro_RO","og_type":"article","og_title":"O POSIBIL\u0102 MIC\u0218ORARE A TARIFELOR LA ENERGIE, PUS\u0102 LA \u00ceNDOIAL\u0102 - BTV","og_description":"ANRE anun\u021b\u0103 convocarea unei \u0219edin\u021be publice la care va fi examinat proiectul de actualizare a tarifelor reglementate pentru serviciile de distribu\u0163ie \u015fi furnizare a energiei electrice livrat\u0103 consumatorilor finali de c\u0103tre \u00eentreprinderile RED Union Fenosa, Gas Natural Fenosa Furnizare Energie, RED Nord, RED Nord &#8211; Vest si FEE-NORD. Potrivit Mold-Street, citat de UNIMEDIA, decizia ANRE [&hellip;]","og_url":"https:\/\/www.btv.md\/ro\/o-posibila-micsorare-a-tarifelor-la-energie-pusa-la-indoiala\/","og_site_name":"BTV","article_publisher":"https:\/\/www.facebook.com\/btvmoldova\/","article_published_time":"2016-03-11T10:04:03+00:00","og_image":[{"width":700,"height":394,"url":"https:\/\/www.btv.md\/wp-content\/uploads\/2016\/03\/o-posibila-reducere-a-tarifelor-la-energie-pusa-la-indoiala-de-anre-1457592696.jpg","type":"image\/jpeg"}],"author":"admin","twitter_misc":{"Scris de":"admin","Timp estimat pentru citire":"2 minute"},"schema":{"@context":"https:\/\/schema.org","@graph":[{"@type":"Article","@id":"https:\/\/www.btv.md\/ro\/o-posibila-micsorare-a-tarifelor-la-energie-pusa-la-indoiala\/#article","isPartOf":{"@id":"https:\/\/www.btv.md\/ro\/o-posibila-micsorare-a-tarifelor-la-energie-pusa-la-indoiala\/"},"author":{"name":"admin","@id":"https:\/\/www.btv.md\/#\/schema\/person\/8fadce81561b3ce2c34c46dadc4ccbf2"},"headline":"O POSIBIL\u0102 MIC\u0218ORARE A TARIFELOR LA ENERGIE, PUS\u0102 LA \u00ceNDOIAL\u0102","datePublished":"2016-03-11T10:04:03+00:00","mainEntityOfPage":{"@id":"https:\/\/www.btv.md\/ro\/o-posibila-micsorare-a-tarifelor-la-energie-pusa-la-indoiala\/"},"wordCount":433,"image":{"@id":"https:\/\/www.btv.md\/ro\/o-posibila-micsorare-a-tarifelor-la-energie-pusa-la-indoiala\/#primaryimage"},"thumbnailUrl":"https:\/\/www.btv.md\/wp-content\/uploads\/2016\/03\/o-posibila-reducere-a-tarifelor-la-energie-pusa-la-indoiala-de-anre-1457592696.jpg","articleSection":["Social"],"inLanguage":"ro-RO"},{"@type":"WebPage","@id":"https:\/\/www.btv.md\/ro\/o-posibila-micsorare-a-tarifelor-la-energie-pusa-la-indoiala\/","url":"https:\/\/www.btv.md\/ro\/o-posibila-micsorare-a-tarifelor-la-energie-pusa-la-indoiala\/","name":"O POSIBIL\u0102 MIC\u0218ORARE A TARIFELOR LA ENERGIE, PUS\u0102 LA \u00ceNDOIAL\u0102 - BTV","isPartOf":{"@id":"https:\/\/www.btv.md\/#website"},"primaryImageOfPage":{"@id":"https:\/\/www.btv.md\/ro\/o-posibila-micsorare-a-tarifelor-la-energie-pusa-la-indoiala\/#primaryimage"},"image":{"@id":"https:\/\/www.btv.md\/ro\/o-posibila-micsorare-a-tarifelor-la-energie-pusa-la-indoiala\/#primaryimage"},"thumbnailUrl":"https:\/\/www.btv.md\/wp-content\/uploads\/2016\/03\/o-posibila-reducere-a-tarifelor-la-energie-pusa-la-indoiala-de-anre-1457592696.jpg","datePublished":"2016-03-11T10:04:03+00:00","author":{"@id":"https:\/\/www.btv.md\/#\/schema\/person\/8fadce81561b3ce2c34c46dadc4ccbf2"},"inLanguage":"ro-RO","potentialAction":[{"@type":"ReadAction","target":["https:\/\/www.btv.md\/ro\/o-posibila-micsorare-a-tarifelor-la-energie-pusa-la-indoiala\/"]}]},{"@type":"ImageObject","inLanguage":"ro-RO","@id":"https:\/\/www.btv.md\/ro\/o-posibila-micsorare-a-tarifelor-la-energie-pusa-la-indoiala\/#primaryimage","url":"https:\/\/www.btv.md\/wp-content\/uploads\/2016\/03\/o-posibila-reducere-a-tarifelor-la-energie-pusa-la-indoiala-de-anre-1457592696.jpg","contentUrl":"https:\/\/www.btv.md\/wp-content\/uploads\/2016\/03\/o-posibila-reducere-a-tarifelor-la-energie-pusa-la-indoiala-de-anre-1457592696.jpg","width":700,"height":394,"caption":"rtr.md"},{"@type":"WebSite","@id":"https:\/\/www.btv.md\/#website","url":"https:\/\/www.btv.md\/","name":"BTV","description":"\u0411\u0435\u043b\u044c\u0446\u043a\u043e\u0435 \u0442\u0435\u043b\u0435\u0432\u0438\u0434\u0435\u043d\u0438\u0435","potentialAction":[{"@type":"SearchAction","target":{"@type":"EntryPoint","urlTemplate":"https:\/\/www.btv.md\/?s={search_term_string}"},"query-input":{"@type":"PropertyValueSpecification","valueRequired":true,"valueName":"search_term_string"}}],"inLanguage":"ro-RO"},{"@type":"Person","@id":"https:\/\/www.btv.md\/#\/schema\/person\/8fadce81561b3ce2c34c46dadc4ccbf2","name":"admin"}]}},"_links":{"self":[{"href":"https:\/\/www.btv.md\/ro\/wp-json\/wp\/v2\/posts\/8738","targetHints":{"allow":["GET"]}}],"collection":[{"href":"https:\/\/www.btv.md\/ro\/wp-json\/wp\/v2\/posts"}],"about":[{"href":"https:\/\/www.btv.md\/ro\/wp-json\/wp\/v2\/types\/post"}],"author":[{"embeddable":true,"href":"https:\/\/www.btv.md\/ro\/wp-json\/wp\/v2\/users\/4"}],"replies":[{"embeddable":true,"href":"https:\/\/www.btv.md\/ro\/wp-json\/wp\/v2\/comments?post=8738"}],"version-history":[{"count":0,"href":"https:\/\/www.btv.md\/ro\/wp-json\/wp\/v2\/posts\/8738\/revisions"}],"wp:featuredmedia":[{"embeddable":true,"href":"https:\/\/www.btv.md\/ro\/wp-json\/wp\/v2\/media\/8739"}],"wp:attachment":[{"href":"https:\/\/www.btv.md\/ro\/wp-json\/wp\/v2\/media?parent=8738"}],"wp:term":[{"taxonomy":"category","embeddable":true,"href":"https:\/\/www.btv.md\/ro\/wp-json\/wp\/v2\/categories?post=8738"},{"taxonomy":"post_tag","embeddable":true,"href":"https:\/\/www.btv.md\/ro\/wp-json\/wp\/v2\/tags?post=8738"}],"curies":[{"name":"wp","href":"https:\/\/api.w.org\/{rel}","templated":true}]}}