{"id":8741,"date":"2016-03-11T13:06:21","date_gmt":"2016-03-11T10:06:21","guid":{"rendered":"http:\/\/btv.md\/?p=8741"},"modified":"2016-03-11T13:06:21","modified_gmt":"2016-03-11T10:06:21","slug":"impozit-pentru-casele-de-lux-in-republica-moldova","status":"publish","type":"post","link":"https:\/\/www.btv.md\/ro\/impozit-pentru-casele-de-lux-in-republica-moldova\/","title":{"rendered":"IMPOZIT  PENTRU  CASELE  DE  LUX  \u00ceN  REPUBLICA  MOLDOVA"},"content":{"rendered":"<p><strong>Autorit\u0103\u021bile din R. Moldova vor s\u0103 introduc\u0103 \u00een anul curent un impozit suplimentar \u201epentru avere\u201d. Acesta va fi aplicat persoanelor fizice care de\u021bin locuin\u021be mai mari de 120 de metri p\u0103tra\u021bi \u0219i au o valoare cadastral\u0103 ce dep\u0103\u0219e\u0219ete 1,5 milioane de lei, noteaz\u0103 <a href=\"http:\/\/www.ziarulnational.md\/noutate-impozit-pentru-lux-in-r-moldova-cat-vor-plati-anual-proprietarii-caselor-mai-mari-de-120-de-metri-patrati\/\" target=\"_blank\">Ziarul Na\u021bional<\/a>.<\/strong><\/p>\n<p>Ministrul Finan\u021belor, Octavian Arma\u0219u, a precizat c\u0103 \u201etaxa pe avere\u201d se va pl\u0103ti anual \u0219i va fi \u00een m\u0103rime de 0,08% din valoarea cadastral\u0103 a bunului imobil. <\/p>\n<p>\u201e<em>Cui \u00eei apar\u021bine imobilul la data de 1 noiembrie a fiec\u0103rui an, acela va fi \u0219i pl\u0103titorul de impozite<\/em>\u201d, a ad\u0103ugat Arma\u0219u. Nu se va lua \u00een considera\u021bie cum a ajuns casa de lux \u00een proprietatea persoanei, fie a fost construit\u0103, donat\u0103 sau cump\u0103rat\u0103. <\/p>\n<p>Potrivit calculelor preliminare ale autorit\u0103\u021bilor, \u00een anul curent ar putea fi colectate \u00eentre 50 \u0219i 100 de milioane de lei din acest impozit. <\/p>\n<p>\u201e<em>Noi \u0163intim s\u0103 ob\u0163inem impozitare suplimentar\u0103 de la persoanele care au averi mai mari. Anul acesta este un prim pas \u00een aceast\u0103 direc\u0163ie. Mecanismul de impozitare \u00een viitor ar putea fi aplicat \u015fi pentru alte bunuri de lux<\/em>\u201d, a declarat Octavian Arma\u0219u. <\/p>\n","protected":false},"excerpt":{"rendered":"<p>Autorit\u0103\u021bile din R. Moldova vor s\u0103 introduc\u0103 \u00een anul curent un impozit suplimentar \u201epentru avere\u201d. Acesta va fi aplicat persoanelor fizice care de\u021bin locuin\u021be mai mari de 120 de metri p\u0103tra\u021bi \u0219i au o valoare cadastral\u0103 ce dep\u0103\u0219e\u0219ete 1,5 milioane de lei, noteaz\u0103 Ziarul Na\u021bional. Ministrul Finan\u021belor, Octavian Arma\u0219u, a precizat c\u0103 \u201etaxa pe avere\u201d [&hellip;]<\/p>\n","protected":false},"author":4,"featured_media":8742,"comment_status":"closed","ping_status":"closed","sticky":false,"template":"","format":"standard","meta":{"footnotes":""},"categories":[6349],"tags":[],"class_list":["post-8741","post","type-post","status-publish","format-standard","has-post-thumbnail","hentry","category-social"],"yoast_head":"<!-- This site is optimized with the Yoast SEO plugin v27.4 - https:\/\/yoast.com\/product\/yoast-seo-wordpress\/ -->\n<title>IMPOZIT PENTRU CASELE DE LUX \u00ceN REPUBLICA MOLDOVA - BTV<\/title>\n<meta name=\"robots\" content=\"index, follow, max-snippet:-1, max-image-preview:large, max-video-preview:-1\" \/>\n<link rel=\"canonical\" href=\"https:\/\/www.btv.md\/ro\/impozit-pentru-casele-de-lux-in-republica-moldova\/\" \/>\n<meta property=\"og:locale\" content=\"ro_RO\" \/>\n<meta property=\"og:type\" content=\"article\" \/>\n<meta property=\"og:title\" content=\"IMPOZIT PENTRU CASELE DE LUX \u00ceN REPUBLICA MOLDOVA - BTV\" \/>\n<meta property=\"og:description\" content=\"Autorit\u0103\u021bile din R. Moldova vor s\u0103 introduc\u0103 \u00een anul curent un impozit suplimentar \u201epentru avere\u201d. Acesta va fi aplicat persoanelor fizice care de\u021bin locuin\u021be mai mari de 120 de metri p\u0103tra\u021bi \u0219i au o valoare cadastral\u0103 ce dep\u0103\u0219e\u0219ete 1,5 milioane de lei, noteaz\u0103 Ziarul Na\u021bional. Ministrul Finan\u021belor, Octavian Arma\u0219u, a precizat c\u0103 \u201etaxa pe avere\u201d [&hellip;]\" \/>\n<meta property=\"og:url\" content=\"https:\/\/www.btv.md\/ro\/impozit-pentru-casele-de-lux-in-republica-moldova\/\" \/>\n<meta property=\"og:site_name\" content=\"BTV\" \/>\n<meta property=\"article:publisher\" content=\"https:\/\/www.facebook.com\/btvmoldova\/\" \/>\n<meta property=\"article:published_time\" content=\"2016-03-11T10:06:21+00:00\" \/>\n<meta property=\"og:image\" content=\"https:\/\/www.btv.md\/wp-content\/uploads\/2016\/03\/DSC_05461.jpg\" \/>\n\t<meta property=\"og:image:width\" content=\"800\" \/>\n\t<meta property=\"og:image:height\" content=\"537\" \/>\n\t<meta property=\"og:image:type\" content=\"image\/jpeg\" \/>\n<meta name=\"author\" content=\"admin\" \/>\n<meta name=\"twitter:label1\" content=\"Scris de\" \/>\n\t<meta name=\"twitter:data1\" content=\"admin\" \/>\n\t<meta name=\"twitter:label2\" content=\"Timp estimat pentru citire\" \/>\n\t<meta name=\"twitter:data2\" content=\"1 minut\" \/>\n<script type=\"application\/ld+json\" class=\"yoast-schema-graph\">{\"@context\":\"https:\\\/\\\/schema.org\",\"@graph\":[{\"@type\":\"Article\",\"@id\":\"https:\\\/\\\/www.btv.md\\\/ro\\\/impozit-pentru-casele-de-lux-in-republica-moldova\\\/#article\",\"isPartOf\":{\"@id\":\"https:\\\/\\\/www.btv.md\\\/ro\\\/impozit-pentru-casele-de-lux-in-republica-moldova\\\/\"},\"author\":{\"name\":\"admin\",\"@id\":\"https:\\\/\\\/www.btv.md\\\/#\\\/schema\\\/person\\\/8fadce81561b3ce2c34c46dadc4ccbf2\"},\"headline\":\"IMPOZIT PENTRU CASELE DE LUX \u00ceN REPUBLICA MOLDOVA\",\"datePublished\":\"2016-03-11T10:06:21+00:00\",\"mainEntityOfPage\":{\"@id\":\"https:\\\/\\\/www.btv.md\\\/ro\\\/impozit-pentru-casele-de-lux-in-republica-moldova\\\/\"},\"wordCount\":206,\"image\":{\"@id\":\"https:\\\/\\\/www.btv.md\\\/ro\\\/impozit-pentru-casele-de-lux-in-republica-moldova\\\/#primaryimage\"},\"thumbnailUrl\":\"https:\\\/\\\/www.btv.md\\\/wp-content\\\/uploads\\\/2016\\\/03\\\/DSC_05461.jpg\",\"articleSection\":[\"Social\"],\"inLanguage\":\"ro-RO\"},{\"@type\":\"WebPage\",\"@id\":\"https:\\\/\\\/www.btv.md\\\/ro\\\/impozit-pentru-casele-de-lux-in-republica-moldova\\\/\",\"url\":\"https:\\\/\\\/www.btv.md\\\/ro\\\/impozit-pentru-casele-de-lux-in-republica-moldova\\\/\",\"name\":\"IMPOZIT PENTRU CASELE DE LUX \u00ceN REPUBLICA MOLDOVA - BTV\",\"isPartOf\":{\"@id\":\"https:\\\/\\\/www.btv.md\\\/#website\"},\"primaryImageOfPage\":{\"@id\":\"https:\\\/\\\/www.btv.md\\\/ro\\\/impozit-pentru-casele-de-lux-in-republica-moldova\\\/#primaryimage\"},\"image\":{\"@id\":\"https:\\\/\\\/www.btv.md\\\/ro\\\/impozit-pentru-casele-de-lux-in-republica-moldova\\\/#primaryimage\"},\"thumbnailUrl\":\"https:\\\/\\\/www.btv.md\\\/wp-content\\\/uploads\\\/2016\\\/03\\\/DSC_05461.jpg\",\"datePublished\":\"2016-03-11T10:06:21+00:00\",\"author\":{\"@id\":\"https:\\\/\\\/www.btv.md\\\/#\\\/schema\\\/person\\\/8fadce81561b3ce2c34c46dadc4ccbf2\"},\"inLanguage\":\"ro-RO\",\"potentialAction\":[{\"@type\":\"ReadAction\",\"target\":[\"https:\\\/\\\/www.btv.md\\\/ro\\\/impozit-pentru-casele-de-lux-in-republica-moldova\\\/\"]}]},{\"@type\":\"ImageObject\",\"inLanguage\":\"ro-RO\",\"@id\":\"https:\\\/\\\/www.btv.md\\\/ro\\\/impozit-pentru-casele-de-lux-in-republica-moldova\\\/#primaryimage\",\"url\":\"https:\\\/\\\/www.btv.md\\\/wp-content\\\/uploads\\\/2016\\\/03\\\/DSC_05461.jpg\",\"contentUrl\":\"https:\\\/\\\/www.btv.md\\\/wp-content\\\/uploads\\\/2016\\\/03\\\/DSC_05461.jpg\",\"width\":800,\"height\":537,\"caption\":\"alba24.ro\"},{\"@type\":\"WebSite\",\"@id\":\"https:\\\/\\\/www.btv.md\\\/#website\",\"url\":\"https:\\\/\\\/www.btv.md\\\/\",\"name\":\"BTV\",\"description\":\"\u0411\u0435\u043b\u044c\u0446\u043a\u043e\u0435 \u0442\u0435\u043b\u0435\u0432\u0438\u0434\u0435\u043d\u0438\u0435\",\"potentialAction\":[{\"@type\":\"SearchAction\",\"target\":{\"@type\":\"EntryPoint\",\"urlTemplate\":\"https:\\\/\\\/www.btv.md\\\/?s={search_term_string}\"},\"query-input\":{\"@type\":\"PropertyValueSpecification\",\"valueRequired\":true,\"valueName\":\"search_term_string\"}}],\"inLanguage\":\"ro-RO\"},{\"@type\":\"Person\",\"@id\":\"https:\\\/\\\/www.btv.md\\\/#\\\/schema\\\/person\\\/8fadce81561b3ce2c34c46dadc4ccbf2\",\"name\":\"admin\"}]}<\/script>\n<!-- \/ Yoast SEO plugin. -->","yoast_head_json":{"title":"IMPOZIT PENTRU CASELE DE LUX \u00ceN REPUBLICA MOLDOVA - BTV","robots":{"index":"index","follow":"follow","max-snippet":"max-snippet:-1","max-image-preview":"max-image-preview:large","max-video-preview":"max-video-preview:-1"},"canonical":"https:\/\/www.btv.md\/ro\/impozit-pentru-casele-de-lux-in-republica-moldova\/","og_locale":"ro_RO","og_type":"article","og_title":"IMPOZIT PENTRU CASELE DE LUX \u00ceN REPUBLICA MOLDOVA - BTV","og_description":"Autorit\u0103\u021bile din R. Moldova vor s\u0103 introduc\u0103 \u00een anul curent un impozit suplimentar \u201epentru avere\u201d. Acesta va fi aplicat persoanelor fizice care de\u021bin locuin\u021be mai mari de 120 de metri p\u0103tra\u021bi \u0219i au o valoare cadastral\u0103 ce dep\u0103\u0219e\u0219ete 1,5 milioane de lei, noteaz\u0103 Ziarul Na\u021bional. Ministrul Finan\u021belor, Octavian Arma\u0219u, a precizat c\u0103 \u201etaxa pe avere\u201d [&hellip;]","og_url":"https:\/\/www.btv.md\/ro\/impozit-pentru-casele-de-lux-in-republica-moldova\/","og_site_name":"BTV","article_publisher":"https:\/\/www.facebook.com\/btvmoldova\/","article_published_time":"2016-03-11T10:06:21+00:00","og_image":[{"width":800,"height":537,"url":"https:\/\/www.btv.md\/wp-content\/uploads\/2016\/03\/DSC_05461.jpg","type":"image\/jpeg"}],"author":"admin","twitter_misc":{"Scris de":"admin","Timp estimat pentru citire":"1 minut"},"schema":{"@context":"https:\/\/schema.org","@graph":[{"@type":"Article","@id":"https:\/\/www.btv.md\/ro\/impozit-pentru-casele-de-lux-in-republica-moldova\/#article","isPartOf":{"@id":"https:\/\/www.btv.md\/ro\/impozit-pentru-casele-de-lux-in-republica-moldova\/"},"author":{"name":"admin","@id":"https:\/\/www.btv.md\/#\/schema\/person\/8fadce81561b3ce2c34c46dadc4ccbf2"},"headline":"IMPOZIT PENTRU CASELE DE LUX \u00ceN REPUBLICA MOLDOVA","datePublished":"2016-03-11T10:06:21+00:00","mainEntityOfPage":{"@id":"https:\/\/www.btv.md\/ro\/impozit-pentru-casele-de-lux-in-republica-moldova\/"},"wordCount":206,"image":{"@id":"https:\/\/www.btv.md\/ro\/impozit-pentru-casele-de-lux-in-republica-moldova\/#primaryimage"},"thumbnailUrl":"https:\/\/www.btv.md\/wp-content\/uploads\/2016\/03\/DSC_05461.jpg","articleSection":["Social"],"inLanguage":"ro-RO"},{"@type":"WebPage","@id":"https:\/\/www.btv.md\/ro\/impozit-pentru-casele-de-lux-in-republica-moldova\/","url":"https:\/\/www.btv.md\/ro\/impozit-pentru-casele-de-lux-in-republica-moldova\/","name":"IMPOZIT PENTRU CASELE DE LUX \u00ceN REPUBLICA MOLDOVA - BTV","isPartOf":{"@id":"https:\/\/www.btv.md\/#website"},"primaryImageOfPage":{"@id":"https:\/\/www.btv.md\/ro\/impozit-pentru-casele-de-lux-in-republica-moldova\/#primaryimage"},"image":{"@id":"https:\/\/www.btv.md\/ro\/impozit-pentru-casele-de-lux-in-republica-moldova\/#primaryimage"},"thumbnailUrl":"https:\/\/www.btv.md\/wp-content\/uploads\/2016\/03\/DSC_05461.jpg","datePublished":"2016-03-11T10:06:21+00:00","author":{"@id":"https:\/\/www.btv.md\/#\/schema\/person\/8fadce81561b3ce2c34c46dadc4ccbf2"},"inLanguage":"ro-RO","potentialAction":[{"@type":"ReadAction","target":["https:\/\/www.btv.md\/ro\/impozit-pentru-casele-de-lux-in-republica-moldova\/"]}]},{"@type":"ImageObject","inLanguage":"ro-RO","@id":"https:\/\/www.btv.md\/ro\/impozit-pentru-casele-de-lux-in-republica-moldova\/#primaryimage","url":"https:\/\/www.btv.md\/wp-content\/uploads\/2016\/03\/DSC_05461.jpg","contentUrl":"https:\/\/www.btv.md\/wp-content\/uploads\/2016\/03\/DSC_05461.jpg","width":800,"height":537,"caption":"alba24.ro"},{"@type":"WebSite","@id":"https:\/\/www.btv.md\/#website","url":"https:\/\/www.btv.md\/","name":"BTV","description":"\u0411\u0435\u043b\u044c\u0446\u043a\u043e\u0435 \u0442\u0435\u043b\u0435\u0432\u0438\u0434\u0435\u043d\u0438\u0435","potentialAction":[{"@type":"SearchAction","target":{"@type":"EntryPoint","urlTemplate":"https:\/\/www.btv.md\/?s={search_term_string}"},"query-input":{"@type":"PropertyValueSpecification","valueRequired":true,"valueName":"search_term_string"}}],"inLanguage":"ro-RO"},{"@type":"Person","@id":"https:\/\/www.btv.md\/#\/schema\/person\/8fadce81561b3ce2c34c46dadc4ccbf2","name":"admin"}]}},"_links":{"self":[{"href":"https:\/\/www.btv.md\/ro\/wp-json\/wp\/v2\/posts\/8741","targetHints":{"allow":["GET"]}}],"collection":[{"href":"https:\/\/www.btv.md\/ro\/wp-json\/wp\/v2\/posts"}],"about":[{"href":"https:\/\/www.btv.md\/ro\/wp-json\/wp\/v2\/types\/post"}],"author":[{"embeddable":true,"href":"https:\/\/www.btv.md\/ro\/wp-json\/wp\/v2\/users\/4"}],"replies":[{"embeddable":true,"href":"https:\/\/www.btv.md\/ro\/wp-json\/wp\/v2\/comments?post=8741"}],"version-history":[{"count":0,"href":"https:\/\/www.btv.md\/ro\/wp-json\/wp\/v2\/posts\/8741\/revisions"}],"wp:featuredmedia":[{"embeddable":true,"href":"https:\/\/www.btv.md\/ro\/wp-json\/wp\/v2\/media\/8742"}],"wp:attachment":[{"href":"https:\/\/www.btv.md\/ro\/wp-json\/wp\/v2\/media?parent=8741"}],"wp:term":[{"taxonomy":"category","embeddable":true,"href":"https:\/\/www.btv.md\/ro\/wp-json\/wp\/v2\/categories?post=8741"},{"taxonomy":"post_tag","embeddable":true,"href":"https:\/\/www.btv.md\/ro\/wp-json\/wp\/v2\/tags?post=8741"}],"curies":[{"name":"wp","href":"https:\/\/api.w.org\/{rel}","templated":true}]}}