{"id":8744,"date":"2016-03-11T13:08:26","date_gmt":"2016-03-11T10:08:26","guid":{"rendered":"http:\/\/btv.md\/?p=8744"},"modified":"2016-03-11T13:08:46","modified_gmt":"2016-03-11T10:08:46","slug":"moldovenii-cu-datorii-la-stat-nu-vor-avea-interdictie-de-a-parasi-tara","status":"publish","type":"post","link":"https:\/\/www.btv.md\/ro\/moldovenii-cu-datorii-la-stat-nu-vor-avea-interdictie-de-a-parasi-tara\/","title":{"rendered":"MOLDOVENII CU DATORII LA STAT NU VOR AVEA INTERDICTIE DE A P\u0102R\u0102SI \u0162ARA"},"content":{"rendered":"<p><strong>\u00cen Republica Moldova, persoanele juridice cu datorii la bugetul public \u00een m\u0103rime de 100 de mii de lei \u0219i persoanele fizice cu datorii de 5 mii de lei nu vor avea interdic\u021bia de a p\u0103r\u0103si teritoriul \u021b\u0103rii, noteaz\u0103 <a href=\"http:\/\/www.noi.md\/md\/news_id\/80459\" target=\"_blank\">NOI.md<\/a>.<\/strong><\/p>\n<p>Informa\u021bia a fost comunicat\u0103 de ministrul Finan\u021belor, Octavian Arma\u0219u, care a men\u021bionat c\u0103 aceast\u0103 m\u0103sur\u0103 a fost exclus\u0103 din proiectul politicii bugetar-fiscale pe anul 2016, a c\u0103rui variant\u0103 final\u0103 urmeaz\u0103 s\u0103 fie examinat\u0103 la \u0219edin\u021ba urm\u0103toare a Guvernului.<\/p>\n<p>Potrivit ministrului Finan\u021belor, interdic\u021bia de a p\u0103r\u0103si \u021bara din cauza datoriilor la buget va \u00eenc\u0103lca drepturile la libera circula\u021bie a cet\u0103\u021benilor, \u00een cazul \u00een care decizia respectiv\u0103 nu va fi luat\u0103 de o instan\u021b\u0103 de judecat\u0103.<\/p>\n<p>Octavian Arma\u0219u a men\u021bionat c\u0103 mai eficient ar fi de \u00eentreprins m\u0103suri pentru evitarea situa\u021biilor de acumulare a datoriilor la buget. Potrivit oficialului, organul fiscal trebuie reformat astfel, \u00eenc\u00eet s\u0103 fie prevenite \u00eenc\u0103lc\u0103rile fiscale, nu prin m\u0103suri represive fa\u021b\u0103 de contribuabili.<\/p>\n","protected":false},"excerpt":{"rendered":"<p>\u00cen Republica Moldova, persoanele juridice cu datorii la bugetul public \u00een m\u0103rime de 100 de mii de lei \u0219i persoanele fizice cu datorii de 5 mii de lei nu vor avea interdic\u021bia de a p\u0103r\u0103si teritoriul \u021b\u0103rii, noteaz\u0103 NOI.md. Informa\u021bia a fost comunicat\u0103 de ministrul Finan\u021belor, Octavian Arma\u0219u, care a men\u021bionat c\u0103 aceast\u0103 m\u0103sur\u0103 a [&hellip;]<\/p>\n","protected":false},"author":4,"featured_media":8745,"comment_status":"closed","ping_status":"closed","sticky":false,"template":"","format":"standard","meta":{"footnotes":""},"categories":[6369],"tags":[],"class_list":["post-8744","post","type-post","status-publish","format-standard","has-post-thumbnail","hentry","category-economie-ro"],"yoast_head":"<!-- This site is optimized with the Yoast SEO plugin v27.4 - https:\/\/yoast.com\/product\/yoast-seo-wordpress\/ -->\n<title>MOLDOVENII CU DATORII LA STAT NU VOR AVEA INTERDICTIE DE A P\u0102R\u0102SI \u0162ARA - BTV<\/title>\n<meta name=\"robots\" content=\"index, follow, max-snippet:-1, max-image-preview:large, max-video-preview:-1\" \/>\n<link rel=\"canonical\" href=\"https:\/\/www.btv.md\/ro\/moldovenii-cu-datorii-la-stat-nu-vor-avea-interdictie-de-a-parasi-tara\/\" \/>\n<meta property=\"og:locale\" content=\"ro_RO\" \/>\n<meta property=\"og:type\" content=\"article\" \/>\n<meta property=\"og:title\" content=\"MOLDOVENII CU DATORII LA STAT NU VOR AVEA INTERDICTIE DE A P\u0102R\u0102SI \u0162ARA - BTV\" \/>\n<meta property=\"og:description\" content=\"\u00cen Republica Moldova, persoanele juridice cu datorii la bugetul public \u00een m\u0103rime de 100 de mii de lei \u0219i persoanele fizice cu datorii de 5 mii de lei nu vor avea interdic\u021bia de a p\u0103r\u0103si teritoriul \u021b\u0103rii, noteaz\u0103 NOI.md. Informa\u021bia a fost comunicat\u0103 de ministrul Finan\u021belor, Octavian Arma\u0219u, care a men\u021bionat c\u0103 aceast\u0103 m\u0103sur\u0103 a [&hellip;]\" \/>\n<meta property=\"og:url\" content=\"https:\/\/www.btv.md\/ro\/moldovenii-cu-datorii-la-stat-nu-vor-avea-interdictie-de-a-parasi-tara\/\" \/>\n<meta property=\"og:site_name\" content=\"BTV\" \/>\n<meta property=\"article:publisher\" content=\"https:\/\/www.facebook.com\/btvmoldova\/\" \/>\n<meta property=\"article:published_time\" content=\"2016-03-11T10:08:26+00:00\" \/>\n<meta property=\"article:modified_time\" content=\"2016-03-11T10:08:46+00:00\" \/>\n<meta property=\"og:image\" content=\"https:\/\/www.btv.md\/wp-content\/uploads\/2016\/03\/media_145440125020544600.jpg\" \/>\n\t<meta property=\"og:image:width\" content=\"620\" \/>\n\t<meta property=\"og:image:height\" content=\"412\" \/>\n\t<meta property=\"og:image:type\" content=\"image\/jpeg\" \/>\n<meta name=\"author\" content=\"admin\" \/>\n<meta name=\"twitter:label1\" content=\"Scris de\" \/>\n\t<meta name=\"twitter:data1\" content=\"admin\" \/>\n\t<meta name=\"twitter:label2\" content=\"Timp estimat pentru citire\" \/>\n\t<meta name=\"twitter:data2\" content=\"1 minut\" \/>\n<script type=\"application\/ld+json\" class=\"yoast-schema-graph\">{\"@context\":\"https:\\\/\\\/schema.org\",\"@graph\":[{\"@type\":\"Article\",\"@id\":\"https:\\\/\\\/www.btv.md\\\/ro\\\/moldovenii-cu-datorii-la-stat-nu-vor-avea-interdictie-de-a-parasi-tara\\\/#article\",\"isPartOf\":{\"@id\":\"https:\\\/\\\/www.btv.md\\\/ro\\\/moldovenii-cu-datorii-la-stat-nu-vor-avea-interdictie-de-a-parasi-tara\\\/\"},\"author\":{\"name\":\"admin\",\"@id\":\"https:\\\/\\\/www.btv.md\\\/#\\\/schema\\\/person\\\/8fadce81561b3ce2c34c46dadc4ccbf2\"},\"headline\":\"MOLDOVENII CU DATORII LA STAT NU VOR AVEA INTERDICTIE DE A P\u0102R\u0102SI \u0162ARA\",\"datePublished\":\"2016-03-11T10:08:26+00:00\",\"dateModified\":\"2016-03-11T10:08:46+00:00\",\"mainEntityOfPage\":{\"@id\":\"https:\\\/\\\/www.btv.md\\\/ro\\\/moldovenii-cu-datorii-la-stat-nu-vor-avea-interdictie-de-a-parasi-tara\\\/\"},\"wordCount\":194,\"image\":{\"@id\":\"https:\\\/\\\/www.btv.md\\\/ro\\\/moldovenii-cu-datorii-la-stat-nu-vor-avea-interdictie-de-a-parasi-tara\\\/#primaryimage\"},\"thumbnailUrl\":\"https:\\\/\\\/www.btv.md\\\/wp-content\\\/uploads\\\/2016\\\/03\\\/media_145440125020544600.jpg\",\"articleSection\":[\"Economie\"],\"inLanguage\":\"ro-RO\"},{\"@type\":\"WebPage\",\"@id\":\"https:\\\/\\\/www.btv.md\\\/ro\\\/moldovenii-cu-datorii-la-stat-nu-vor-avea-interdictie-de-a-parasi-tara\\\/\",\"url\":\"https:\\\/\\\/www.btv.md\\\/ro\\\/moldovenii-cu-datorii-la-stat-nu-vor-avea-interdictie-de-a-parasi-tara\\\/\",\"name\":\"MOLDOVENII CU DATORII LA STAT NU VOR AVEA INTERDICTIE DE A P\u0102R\u0102SI \u0162ARA - BTV\",\"isPartOf\":{\"@id\":\"https:\\\/\\\/www.btv.md\\\/#website\"},\"primaryImageOfPage\":{\"@id\":\"https:\\\/\\\/www.btv.md\\\/ro\\\/moldovenii-cu-datorii-la-stat-nu-vor-avea-interdictie-de-a-parasi-tara\\\/#primaryimage\"},\"image\":{\"@id\":\"https:\\\/\\\/www.btv.md\\\/ro\\\/moldovenii-cu-datorii-la-stat-nu-vor-avea-interdictie-de-a-parasi-tara\\\/#primaryimage\"},\"thumbnailUrl\":\"https:\\\/\\\/www.btv.md\\\/wp-content\\\/uploads\\\/2016\\\/03\\\/media_145440125020544600.jpg\",\"datePublished\":\"2016-03-11T10:08:26+00:00\",\"dateModified\":\"2016-03-11T10:08:46+00:00\",\"author\":{\"@id\":\"https:\\\/\\\/www.btv.md\\\/#\\\/schema\\\/person\\\/8fadce81561b3ce2c34c46dadc4ccbf2\"},\"inLanguage\":\"ro-RO\",\"potentialAction\":[{\"@type\":\"ReadAction\",\"target\":[\"https:\\\/\\\/www.btv.md\\\/ro\\\/moldovenii-cu-datorii-la-stat-nu-vor-avea-interdictie-de-a-parasi-tara\\\/\"]}]},{\"@type\":\"ImageObject\",\"inLanguage\":\"ro-RO\",\"@id\":\"https:\\\/\\\/www.btv.md\\\/ro\\\/moldovenii-cu-datorii-la-stat-nu-vor-avea-interdictie-de-a-parasi-tara\\\/#primaryimage\",\"url\":\"https:\\\/\\\/www.btv.md\\\/wp-content\\\/uploads\\\/2016\\\/03\\\/media_145440125020544600.jpg\",\"contentUrl\":\"https:\\\/\\\/www.btv.md\\\/wp-content\\\/uploads\\\/2016\\\/03\\\/media_145440125020544600.jpg\",\"width\":620,\"height\":412,\"caption\":\"www.realitatea.md\"},{\"@type\":\"WebSite\",\"@id\":\"https:\\\/\\\/www.btv.md\\\/#website\",\"url\":\"https:\\\/\\\/www.btv.md\\\/\",\"name\":\"BTV\",\"description\":\"\u0411\u0435\u043b\u044c\u0446\u043a\u043e\u0435 \u0442\u0435\u043b\u0435\u0432\u0438\u0434\u0435\u043d\u0438\u0435\",\"potentialAction\":[{\"@type\":\"SearchAction\",\"target\":{\"@type\":\"EntryPoint\",\"urlTemplate\":\"https:\\\/\\\/www.btv.md\\\/?s={search_term_string}\"},\"query-input\":{\"@type\":\"PropertyValueSpecification\",\"valueRequired\":true,\"valueName\":\"search_term_string\"}}],\"inLanguage\":\"ro-RO\"},{\"@type\":\"Person\",\"@id\":\"https:\\\/\\\/www.btv.md\\\/#\\\/schema\\\/person\\\/8fadce81561b3ce2c34c46dadc4ccbf2\",\"name\":\"admin\"}]}<\/script>\n<!-- \/ Yoast SEO plugin. -->","yoast_head_json":{"title":"MOLDOVENII CU DATORII LA STAT NU VOR AVEA INTERDICTIE DE A P\u0102R\u0102SI \u0162ARA - BTV","robots":{"index":"index","follow":"follow","max-snippet":"max-snippet:-1","max-image-preview":"max-image-preview:large","max-video-preview":"max-video-preview:-1"},"canonical":"https:\/\/www.btv.md\/ro\/moldovenii-cu-datorii-la-stat-nu-vor-avea-interdictie-de-a-parasi-tara\/","og_locale":"ro_RO","og_type":"article","og_title":"MOLDOVENII CU DATORII LA STAT NU VOR AVEA INTERDICTIE DE A P\u0102R\u0102SI \u0162ARA - BTV","og_description":"\u00cen Republica Moldova, persoanele juridice cu datorii la bugetul public \u00een m\u0103rime de 100 de mii de lei \u0219i persoanele fizice cu datorii de 5 mii de lei nu vor avea interdic\u021bia de a p\u0103r\u0103si teritoriul \u021b\u0103rii, noteaz\u0103 NOI.md. Informa\u021bia a fost comunicat\u0103 de ministrul Finan\u021belor, Octavian Arma\u0219u, care a men\u021bionat c\u0103 aceast\u0103 m\u0103sur\u0103 a [&hellip;]","og_url":"https:\/\/www.btv.md\/ro\/moldovenii-cu-datorii-la-stat-nu-vor-avea-interdictie-de-a-parasi-tara\/","og_site_name":"BTV","article_publisher":"https:\/\/www.facebook.com\/btvmoldova\/","article_published_time":"2016-03-11T10:08:26+00:00","article_modified_time":"2016-03-11T10:08:46+00:00","og_image":[{"width":620,"height":412,"url":"https:\/\/www.btv.md\/wp-content\/uploads\/2016\/03\/media_145440125020544600.jpg","type":"image\/jpeg"}],"author":"admin","twitter_misc":{"Scris de":"admin","Timp estimat pentru citire":"1 minut"},"schema":{"@context":"https:\/\/schema.org","@graph":[{"@type":"Article","@id":"https:\/\/www.btv.md\/ro\/moldovenii-cu-datorii-la-stat-nu-vor-avea-interdictie-de-a-parasi-tara\/#article","isPartOf":{"@id":"https:\/\/www.btv.md\/ro\/moldovenii-cu-datorii-la-stat-nu-vor-avea-interdictie-de-a-parasi-tara\/"},"author":{"name":"admin","@id":"https:\/\/www.btv.md\/#\/schema\/person\/8fadce81561b3ce2c34c46dadc4ccbf2"},"headline":"MOLDOVENII CU DATORII LA STAT NU VOR AVEA INTERDICTIE DE A P\u0102R\u0102SI \u0162ARA","datePublished":"2016-03-11T10:08:26+00:00","dateModified":"2016-03-11T10:08:46+00:00","mainEntityOfPage":{"@id":"https:\/\/www.btv.md\/ro\/moldovenii-cu-datorii-la-stat-nu-vor-avea-interdictie-de-a-parasi-tara\/"},"wordCount":194,"image":{"@id":"https:\/\/www.btv.md\/ro\/moldovenii-cu-datorii-la-stat-nu-vor-avea-interdictie-de-a-parasi-tara\/#primaryimage"},"thumbnailUrl":"https:\/\/www.btv.md\/wp-content\/uploads\/2016\/03\/media_145440125020544600.jpg","articleSection":["Economie"],"inLanguage":"ro-RO"},{"@type":"WebPage","@id":"https:\/\/www.btv.md\/ro\/moldovenii-cu-datorii-la-stat-nu-vor-avea-interdictie-de-a-parasi-tara\/","url":"https:\/\/www.btv.md\/ro\/moldovenii-cu-datorii-la-stat-nu-vor-avea-interdictie-de-a-parasi-tara\/","name":"MOLDOVENII CU DATORII LA STAT NU VOR AVEA INTERDICTIE DE A P\u0102R\u0102SI \u0162ARA - BTV","isPartOf":{"@id":"https:\/\/www.btv.md\/#website"},"primaryImageOfPage":{"@id":"https:\/\/www.btv.md\/ro\/moldovenii-cu-datorii-la-stat-nu-vor-avea-interdictie-de-a-parasi-tara\/#primaryimage"},"image":{"@id":"https:\/\/www.btv.md\/ro\/moldovenii-cu-datorii-la-stat-nu-vor-avea-interdictie-de-a-parasi-tara\/#primaryimage"},"thumbnailUrl":"https:\/\/www.btv.md\/wp-content\/uploads\/2016\/03\/media_145440125020544600.jpg","datePublished":"2016-03-11T10:08:26+00:00","dateModified":"2016-03-11T10:08:46+00:00","author":{"@id":"https:\/\/www.btv.md\/#\/schema\/person\/8fadce81561b3ce2c34c46dadc4ccbf2"},"inLanguage":"ro-RO","potentialAction":[{"@type":"ReadAction","target":["https:\/\/www.btv.md\/ro\/moldovenii-cu-datorii-la-stat-nu-vor-avea-interdictie-de-a-parasi-tara\/"]}]},{"@type":"ImageObject","inLanguage":"ro-RO","@id":"https:\/\/www.btv.md\/ro\/moldovenii-cu-datorii-la-stat-nu-vor-avea-interdictie-de-a-parasi-tara\/#primaryimage","url":"https:\/\/www.btv.md\/wp-content\/uploads\/2016\/03\/media_145440125020544600.jpg","contentUrl":"https:\/\/www.btv.md\/wp-content\/uploads\/2016\/03\/media_145440125020544600.jpg","width":620,"height":412,"caption":"www.realitatea.md"},{"@type":"WebSite","@id":"https:\/\/www.btv.md\/#website","url":"https:\/\/www.btv.md\/","name":"BTV","description":"\u0411\u0435\u043b\u044c\u0446\u043a\u043e\u0435 \u0442\u0435\u043b\u0435\u0432\u0438\u0434\u0435\u043d\u0438\u0435","potentialAction":[{"@type":"SearchAction","target":{"@type":"EntryPoint","urlTemplate":"https:\/\/www.btv.md\/?s={search_term_string}"},"query-input":{"@type":"PropertyValueSpecification","valueRequired":true,"valueName":"search_term_string"}}],"inLanguage":"ro-RO"},{"@type":"Person","@id":"https:\/\/www.btv.md\/#\/schema\/person\/8fadce81561b3ce2c34c46dadc4ccbf2","name":"admin"}]}},"_links":{"self":[{"href":"https:\/\/www.btv.md\/ro\/wp-json\/wp\/v2\/posts\/8744","targetHints":{"allow":["GET"]}}],"collection":[{"href":"https:\/\/www.btv.md\/ro\/wp-json\/wp\/v2\/posts"}],"about":[{"href":"https:\/\/www.btv.md\/ro\/wp-json\/wp\/v2\/types\/post"}],"author":[{"embeddable":true,"href":"https:\/\/www.btv.md\/ro\/wp-json\/wp\/v2\/users\/4"}],"replies":[{"embeddable":true,"href":"https:\/\/www.btv.md\/ro\/wp-json\/wp\/v2\/comments?post=8744"}],"version-history":[{"count":0,"href":"https:\/\/www.btv.md\/ro\/wp-json\/wp\/v2\/posts\/8744\/revisions"}],"wp:featuredmedia":[{"embeddable":true,"href":"https:\/\/www.btv.md\/ro\/wp-json\/wp\/v2\/media\/8745"}],"wp:attachment":[{"href":"https:\/\/www.btv.md\/ro\/wp-json\/wp\/v2\/media?parent=8744"}],"wp:term":[{"taxonomy":"category","embeddable":true,"href":"https:\/\/www.btv.md\/ro\/wp-json\/wp\/v2\/categories?post=8744"},{"taxonomy":"post_tag","embeddable":true,"href":"https:\/\/www.btv.md\/ro\/wp-json\/wp\/v2\/tags?post=8744"}],"curies":[{"name":"wp","href":"https:\/\/api.w.org\/{rel}","templated":true}]}}