{"id":8751,"date":"2016-03-11T13:17:10","date_gmt":"2016-03-11T10:17:10","guid":{"rendered":"http:\/\/btv.md\/?p=8751"},"modified":"2016-03-11T13:17:10","modified_gmt":"2016-03-11T10:17:10","slug":"jurnalistii-germani-rm-o-mandra-tara-trista","status":"publish","type":"post","link":"https:\/\/www.btv.md\/ro\/jurnalistii-germani-rm-o-mandra-tara-trista\/","title":{"rendered":"JURNALI\u0218TII  GERMANI: RM  O  M\u00c2NDR\u0102  \u021aAR\u0102  TRIST\u0102"},"content":{"rendered":"<p><strong>Jurnali\u0219tii de la publica\u021bia german\u0103 Franfurter Allgemeine au realizat un material amplu despre vinurile din Moldova, procesul de produc\u021bie, beciurile de la Cricova, dar \u0219i cum se prezint\u0103 Moldova ca o \u021bar\u0103 agrar\u0103, noteaz\u0103 <a href=\"http:\/\/unimedia.info\/social\" target=\"_blank\">UNIMEDIA<\/a>.<\/strong><\/p>\n<p>Jurnali\u0219tii au venit \u00een vizit\u0103 pentru a vedea cu proprii ochi care este \u201edrumul vinului\u201d \u00een Moldova, pe care o descriu ca fiind \u201eo m\u00e2ndr\u0103 \u021bar\u0103 trist\u0103\u201d.<\/p>\n<p>Ora\u0219ul subteran de la Cricova este v\u0103zut ca un loc \u201eideal pentru p\u0103strarea vinurilor\u201d, av\u00e2nd temperaturi constante at\u00e2t vara, c\u00e2t \u0219i iarna.<\/p>\n<p>Pe l\u00e2ng\u0103 condi\u021biile de p\u0103strare, ace\u0219tia descriu \u0219i \u201estr\u0103zile\u201d or\u0103\u0219elului subteran care poart\u0103 c\u00e2te un nume.<\/p>\n<p>Potrivit sursei, demnitari \u00eenal\u021bi au venit aici \u00een vizit\u0103, printre care \u0219i cancelarul german Angela Merkel, secretarul de stat american, John Kerry, dar \u0219i pre\u0219edintele rus, Vladimir Putin &#8211; to\u021bi fiind impresiona\u021bi de colec\u021biile de vin aici. Fiecare demnitar a primit c\u00e2te o pivni\u021b\u0103 privat\u0103 unde sunt \u021binute vinuri de colec\u021bie.<\/p>\n<p>De\u0219i jurnali\u0219tii germani afirm\u0103 c\u0103 ast\u0103zi mul\u021bi nu \u0219tiu unde se afl\u0103 Moldova, vinurile de aici sunt cu adev\u0103rat pre\u021bioase.<\/p>\n<p>Sunt descrise \u0219i lanurile, podgoriile \u0219i satele Moldovei, dar \u0219i cum sunt afecta\u021bi micii vinificatori din regiunile rurale de c\u0103tre embargo-ul impus de Federa\u021bia Rus\u0103.<\/p>\n","protected":false},"excerpt":{"rendered":"<p>Jurnali\u0219tii de la publica\u021bia german\u0103 Franfurter Allgemeine au realizat un material amplu despre vinurile din Moldova, procesul de produc\u021bie, beciurile de la Cricova, dar \u0219i cum se prezint\u0103 Moldova ca o \u021bar\u0103 agrar\u0103, noteaz\u0103 UNIMEDIA. Jurnali\u0219tii au venit \u00een vizit\u0103 pentru a vedea cu proprii ochi care este \u201edrumul vinului\u201d \u00een Moldova, pe care o [&hellip;]<\/p>\n","protected":false},"author":4,"featured_media":8752,"comment_status":"closed","ping_status":"closed","sticky":false,"template":"","format":"standard","meta":{"footnotes":""},"categories":[6349],"tags":[],"class_list":["post-8751","post","type-post","status-publish","format-standard","has-post-thumbnail","hentry","category-social"],"yoast_head":"<!-- This site is optimized with the Yoast SEO plugin v27.4 - https:\/\/yoast.com\/product\/yoast-seo-wordpress\/ -->\n<title>JURNALI\u0218TII GERMANI: RM O M\u00c2NDR\u0102 \u021aAR\u0102 TRIST\u0102 - BTV<\/title>\n<meta name=\"robots\" content=\"index, follow, max-snippet:-1, max-image-preview:large, max-video-preview:-1\" \/>\n<link rel=\"canonical\" href=\"https:\/\/www.btv.md\/ro\/jurnalistii-germani-rm-o-mandra-tara-trista\/\" \/>\n<meta property=\"og:locale\" content=\"ro_RO\" \/>\n<meta property=\"og:type\" content=\"article\" \/>\n<meta property=\"og:title\" content=\"JURNALI\u0218TII GERMANI: RM O M\u00c2NDR\u0102 \u021aAR\u0102 TRIST\u0102 - BTV\" \/>\n<meta property=\"og:description\" content=\"Jurnali\u0219tii de la publica\u021bia german\u0103 Franfurter Allgemeine au realizat un material amplu despre vinurile din Moldova, procesul de produc\u021bie, beciurile de la Cricova, dar \u0219i cum se prezint\u0103 Moldova ca o \u021bar\u0103 agrar\u0103, noteaz\u0103 UNIMEDIA. Jurnali\u0219tii au venit \u00een vizit\u0103 pentru a vedea cu proprii ochi care este \u201edrumul vinului\u201d \u00een Moldova, pe care o [&hellip;]\" \/>\n<meta property=\"og:url\" content=\"https:\/\/www.btv.md\/ro\/jurnalistii-germani-rm-o-mandra-tara-trista\/\" \/>\n<meta property=\"og:site_name\" content=\"BTV\" \/>\n<meta property=\"article:publisher\" content=\"https:\/\/www.facebook.com\/btvmoldova\/\" \/>\n<meta property=\"article:published_time\" content=\"2016-03-11T10:17:10+00:00\" \/>\n<meta property=\"og:image\" content=\"https:\/\/www.btv.md\/wp-content\/uploads\/2016\/03\/monastiri_Capriana_Moldova-7.jpg\" \/>\n\t<meta property=\"og:image:width\" content=\"782\" \/>\n\t<meta property=\"og:image:height\" content=\"600\" \/>\n\t<meta property=\"og:image:type\" content=\"image\/jpeg\" \/>\n<meta name=\"author\" content=\"admin\" \/>\n<meta name=\"twitter:label1\" content=\"Scris de\" \/>\n\t<meta name=\"twitter:data1\" content=\"admin\" \/>\n\t<meta name=\"twitter:label2\" content=\"Timp estimat pentru citire\" \/>\n\t<meta name=\"twitter:data2\" content=\"1 minut\" \/>\n<script type=\"application\/ld+json\" class=\"yoast-schema-graph\">{\"@context\":\"https:\\\/\\\/schema.org\",\"@graph\":[{\"@type\":\"Article\",\"@id\":\"https:\\\/\\\/www.btv.md\\\/ro\\\/jurnalistii-germani-rm-o-mandra-tara-trista\\\/#article\",\"isPartOf\":{\"@id\":\"https:\\\/\\\/www.btv.md\\\/ro\\\/jurnalistii-germani-rm-o-mandra-tara-trista\\\/\"},\"author\":{\"name\":\"admin\",\"@id\":\"https:\\\/\\\/www.btv.md\\\/#\\\/schema\\\/person\\\/8fadce81561b3ce2c34c46dadc4ccbf2\"},\"headline\":\"JURNALI\u0218TII GERMANI: RM O M\u00c2NDR\u0102 \u021aAR\u0102 TRIST\u0102\",\"datePublished\":\"2016-03-11T10:17:10+00:00\",\"mainEntityOfPage\":{\"@id\":\"https:\\\/\\\/www.btv.md\\\/ro\\\/jurnalistii-germani-rm-o-mandra-tara-trista\\\/\"},\"wordCount\":239,\"image\":{\"@id\":\"https:\\\/\\\/www.btv.md\\\/ro\\\/jurnalistii-germani-rm-o-mandra-tara-trista\\\/#primaryimage\"},\"thumbnailUrl\":\"https:\\\/\\\/www.btv.md\\\/wp-content\\\/uploads\\\/2016\\\/03\\\/monastiri_Capriana_Moldova-7.jpg\",\"articleSection\":[\"Social\"],\"inLanguage\":\"ro-RO\"},{\"@type\":\"WebPage\",\"@id\":\"https:\\\/\\\/www.btv.md\\\/ro\\\/jurnalistii-germani-rm-o-mandra-tara-trista\\\/\",\"url\":\"https:\\\/\\\/www.btv.md\\\/ro\\\/jurnalistii-germani-rm-o-mandra-tara-trista\\\/\",\"name\":\"JURNALI\u0218TII GERMANI: RM O M\u00c2NDR\u0102 \u021aAR\u0102 TRIST\u0102 - BTV\",\"isPartOf\":{\"@id\":\"https:\\\/\\\/www.btv.md\\\/#website\"},\"primaryImageOfPage\":{\"@id\":\"https:\\\/\\\/www.btv.md\\\/ro\\\/jurnalistii-germani-rm-o-mandra-tara-trista\\\/#primaryimage\"},\"image\":{\"@id\":\"https:\\\/\\\/www.btv.md\\\/ro\\\/jurnalistii-germani-rm-o-mandra-tara-trista\\\/#primaryimage\"},\"thumbnailUrl\":\"https:\\\/\\\/www.btv.md\\\/wp-content\\\/uploads\\\/2016\\\/03\\\/monastiri_Capriana_Moldova-7.jpg\",\"datePublished\":\"2016-03-11T10:17:10+00:00\",\"author\":{\"@id\":\"https:\\\/\\\/www.btv.md\\\/#\\\/schema\\\/person\\\/8fadce81561b3ce2c34c46dadc4ccbf2\"},\"inLanguage\":\"ro-RO\",\"potentialAction\":[{\"@type\":\"ReadAction\",\"target\":[\"https:\\\/\\\/www.btv.md\\\/ro\\\/jurnalistii-germani-rm-o-mandra-tara-trista\\\/\"]}]},{\"@type\":\"ImageObject\",\"inLanguage\":\"ro-RO\",\"@id\":\"https:\\\/\\\/www.btv.md\\\/ro\\\/jurnalistii-germani-rm-o-mandra-tara-trista\\\/#primaryimage\",\"url\":\"https:\\\/\\\/www.btv.md\\\/wp-content\\\/uploads\\\/2016\\\/03\\\/monastiri_Capriana_Moldova-7.jpg\",\"contentUrl\":\"https:\\\/\\\/www.btv.md\\\/wp-content\\\/uploads\\\/2016\\\/03\\\/monastiri_Capriana_Moldova-7.jpg\",\"width\":782,\"height\":600,\"caption\":\"blog-p.ru\"},{\"@type\":\"WebSite\",\"@id\":\"https:\\\/\\\/www.btv.md\\\/#website\",\"url\":\"https:\\\/\\\/www.btv.md\\\/\",\"name\":\"BTV\",\"description\":\"\u0411\u0435\u043b\u044c\u0446\u043a\u043e\u0435 \u0442\u0435\u043b\u0435\u0432\u0438\u0434\u0435\u043d\u0438\u0435\",\"potentialAction\":[{\"@type\":\"SearchAction\",\"target\":{\"@type\":\"EntryPoint\",\"urlTemplate\":\"https:\\\/\\\/www.btv.md\\\/?s={search_term_string}\"},\"query-input\":{\"@type\":\"PropertyValueSpecification\",\"valueRequired\":true,\"valueName\":\"search_term_string\"}}],\"inLanguage\":\"ro-RO\"},{\"@type\":\"Person\",\"@id\":\"https:\\\/\\\/www.btv.md\\\/#\\\/schema\\\/person\\\/8fadce81561b3ce2c34c46dadc4ccbf2\",\"name\":\"admin\"}]}<\/script>\n<!-- \/ Yoast SEO plugin. -->","yoast_head_json":{"title":"JURNALI\u0218TII GERMANI: RM O M\u00c2NDR\u0102 \u021aAR\u0102 TRIST\u0102 - BTV","robots":{"index":"index","follow":"follow","max-snippet":"max-snippet:-1","max-image-preview":"max-image-preview:large","max-video-preview":"max-video-preview:-1"},"canonical":"https:\/\/www.btv.md\/ro\/jurnalistii-germani-rm-o-mandra-tara-trista\/","og_locale":"ro_RO","og_type":"article","og_title":"JURNALI\u0218TII GERMANI: RM O M\u00c2NDR\u0102 \u021aAR\u0102 TRIST\u0102 - BTV","og_description":"Jurnali\u0219tii de la publica\u021bia german\u0103 Franfurter Allgemeine au realizat un material amplu despre vinurile din Moldova, procesul de produc\u021bie, beciurile de la Cricova, dar \u0219i cum se prezint\u0103 Moldova ca o \u021bar\u0103 agrar\u0103, noteaz\u0103 UNIMEDIA. Jurnali\u0219tii au venit \u00een vizit\u0103 pentru a vedea cu proprii ochi care este \u201edrumul vinului\u201d \u00een Moldova, pe care o [&hellip;]","og_url":"https:\/\/www.btv.md\/ro\/jurnalistii-germani-rm-o-mandra-tara-trista\/","og_site_name":"BTV","article_publisher":"https:\/\/www.facebook.com\/btvmoldova\/","article_published_time":"2016-03-11T10:17:10+00:00","og_image":[{"width":782,"height":600,"url":"https:\/\/www.btv.md\/wp-content\/uploads\/2016\/03\/monastiri_Capriana_Moldova-7.jpg","type":"image\/jpeg"}],"author":"admin","twitter_misc":{"Scris de":"admin","Timp estimat pentru citire":"1 minut"},"schema":{"@context":"https:\/\/schema.org","@graph":[{"@type":"Article","@id":"https:\/\/www.btv.md\/ro\/jurnalistii-germani-rm-o-mandra-tara-trista\/#article","isPartOf":{"@id":"https:\/\/www.btv.md\/ro\/jurnalistii-germani-rm-o-mandra-tara-trista\/"},"author":{"name":"admin","@id":"https:\/\/www.btv.md\/#\/schema\/person\/8fadce81561b3ce2c34c46dadc4ccbf2"},"headline":"JURNALI\u0218TII GERMANI: RM O M\u00c2NDR\u0102 \u021aAR\u0102 TRIST\u0102","datePublished":"2016-03-11T10:17:10+00:00","mainEntityOfPage":{"@id":"https:\/\/www.btv.md\/ro\/jurnalistii-germani-rm-o-mandra-tara-trista\/"},"wordCount":239,"image":{"@id":"https:\/\/www.btv.md\/ro\/jurnalistii-germani-rm-o-mandra-tara-trista\/#primaryimage"},"thumbnailUrl":"https:\/\/www.btv.md\/wp-content\/uploads\/2016\/03\/monastiri_Capriana_Moldova-7.jpg","articleSection":["Social"],"inLanguage":"ro-RO"},{"@type":"WebPage","@id":"https:\/\/www.btv.md\/ro\/jurnalistii-germani-rm-o-mandra-tara-trista\/","url":"https:\/\/www.btv.md\/ro\/jurnalistii-germani-rm-o-mandra-tara-trista\/","name":"JURNALI\u0218TII GERMANI: RM O M\u00c2NDR\u0102 \u021aAR\u0102 TRIST\u0102 - BTV","isPartOf":{"@id":"https:\/\/www.btv.md\/#website"},"primaryImageOfPage":{"@id":"https:\/\/www.btv.md\/ro\/jurnalistii-germani-rm-o-mandra-tara-trista\/#primaryimage"},"image":{"@id":"https:\/\/www.btv.md\/ro\/jurnalistii-germani-rm-o-mandra-tara-trista\/#primaryimage"},"thumbnailUrl":"https:\/\/www.btv.md\/wp-content\/uploads\/2016\/03\/monastiri_Capriana_Moldova-7.jpg","datePublished":"2016-03-11T10:17:10+00:00","author":{"@id":"https:\/\/www.btv.md\/#\/schema\/person\/8fadce81561b3ce2c34c46dadc4ccbf2"},"inLanguage":"ro-RO","potentialAction":[{"@type":"ReadAction","target":["https:\/\/www.btv.md\/ro\/jurnalistii-germani-rm-o-mandra-tara-trista\/"]}]},{"@type":"ImageObject","inLanguage":"ro-RO","@id":"https:\/\/www.btv.md\/ro\/jurnalistii-germani-rm-o-mandra-tara-trista\/#primaryimage","url":"https:\/\/www.btv.md\/wp-content\/uploads\/2016\/03\/monastiri_Capriana_Moldova-7.jpg","contentUrl":"https:\/\/www.btv.md\/wp-content\/uploads\/2016\/03\/monastiri_Capriana_Moldova-7.jpg","width":782,"height":600,"caption":"blog-p.ru"},{"@type":"WebSite","@id":"https:\/\/www.btv.md\/#website","url":"https:\/\/www.btv.md\/","name":"BTV","description":"\u0411\u0435\u043b\u044c\u0446\u043a\u043e\u0435 \u0442\u0435\u043b\u0435\u0432\u0438\u0434\u0435\u043d\u0438\u0435","potentialAction":[{"@type":"SearchAction","target":{"@type":"EntryPoint","urlTemplate":"https:\/\/www.btv.md\/?s={search_term_string}"},"query-input":{"@type":"PropertyValueSpecification","valueRequired":true,"valueName":"search_term_string"}}],"inLanguage":"ro-RO"},{"@type":"Person","@id":"https:\/\/www.btv.md\/#\/schema\/person\/8fadce81561b3ce2c34c46dadc4ccbf2","name":"admin"}]}},"_links":{"self":[{"href":"https:\/\/www.btv.md\/ro\/wp-json\/wp\/v2\/posts\/8751","targetHints":{"allow":["GET"]}}],"collection":[{"href":"https:\/\/www.btv.md\/ro\/wp-json\/wp\/v2\/posts"}],"about":[{"href":"https:\/\/www.btv.md\/ro\/wp-json\/wp\/v2\/types\/post"}],"author":[{"embeddable":true,"href":"https:\/\/www.btv.md\/ro\/wp-json\/wp\/v2\/users\/4"}],"replies":[{"embeddable":true,"href":"https:\/\/www.btv.md\/ro\/wp-json\/wp\/v2\/comments?post=8751"}],"version-history":[{"count":0,"href":"https:\/\/www.btv.md\/ro\/wp-json\/wp\/v2\/posts\/8751\/revisions"}],"wp:featuredmedia":[{"embeddable":true,"href":"https:\/\/www.btv.md\/ro\/wp-json\/wp\/v2\/media\/8752"}],"wp:attachment":[{"href":"https:\/\/www.btv.md\/ro\/wp-json\/wp\/v2\/media?parent=8751"}],"wp:term":[{"taxonomy":"category","embeddable":true,"href":"https:\/\/www.btv.md\/ro\/wp-json\/wp\/v2\/categories?post=8751"},{"taxonomy":"post_tag","embeddable":true,"href":"https:\/\/www.btv.md\/ro\/wp-json\/wp\/v2\/tags?post=8751"}],"curies":[{"name":"wp","href":"https:\/\/api.w.org\/{rel}","templated":true}]}}