{"id":8754,"date":"2016-03-11T13:20:04","date_gmt":"2016-03-11T10:20:04","guid":{"rendered":"http:\/\/btv.md\/?p=8754"},"modified":"2016-03-11T13:20:04","modified_gmt":"2016-03-11T10:20:04","slug":"lista-medicamentelor-compensate-urmeaza-sa-fie-extinsa","status":"publish","type":"post","link":"https:\/\/www.btv.md\/ro\/lista-medicamentelor-compensate-urmeaza-sa-fie-extinsa\/","title":{"rendered":"LISTA  MEDICAMENTELOR  COMPENSATE URMEAZ\u0102  S\u0102  FIE  EXTINS\u0102"},"content":{"rendered":"<p><strong>Lista medicamentelor compensate ar urma s\u0103 fie extins\u0103. Acest lucru este prev\u0103zut \u00eentr-un plan de ac\u0163iuni aprobat de c\u0103tre Guvern \u015fi discutat la \u00eentrunirea premierului Pavel Filip cu actorii de pe pia\u0163a farmaceutic\u0103 din Republica Moldova. \u015eeful Executivului a mai spus c\u0103 p\u00e2n\u0103 la sf\u00e2r\u015fitul acestui an, \u00eentreprinderile mari de produse farmaceutice, care au plecat din Moldova, ar putea reveni, ca urmare a introducerii mai multor facilit\u0103\u0163i pentru activitatea lor, relateaz\u0103 <a href=\"http:\/\/trm.md\/ro\/social\/lista-medicamentelor-compensate-umeaza-sa-fie-extinsa\/\" target=\"_blank\">Moldova 1<\/a>.<\/strong><\/p>\n<p>\u201e<em>Ne-am propus extinderea cu 50% a listei medicamentelor compensate fa\u0163\u0103 de 2015, fapt care va diminua povara financiar\u0103 a pacien\u0163ilor, \u00een special a b\u0103tr\u00e2nilor \u015fi a celor cu boli cronice<\/em>\u201d, a men\u021bional Pavel Filip<\/p>\n<p>Conform planului aprobat de c\u0103tre Guvern, ar urma s\u0103 fie extins\u0103 nu doar lista medicamentelor compensate, sus\u021bine premierul, ci \u0219i facilit\u0103\u0163ile pentru activitatea produc\u0103torilor care v\u00e2nd produse farmaceutice pe pia\u0163a moldoveneasc\u0103.<\/p>\n<p>Mai mult, premierul spune c\u0103 \u00een baza planului de ac\u0163iuni, ar putea fi simplificat accesul pe pia\u0163\u0103 intern\u0103 a medicamentelor autorizate \u00een Uniunea European\u0103, Statele Unite ale Americii \u015fi Japonia.<\/p>\n<p>Planul de ac\u0163iuni mai prevede extinderea re\u0163elei de farmacii \u00een satele \u0163\u0103rii, iar  prevederile documentului vor fi implementate \u00eencep\u00e2nd cu luna aprilie.<\/p>\n","protected":false},"excerpt":{"rendered":"<p>Lista medicamentelor compensate ar urma s\u0103 fie extins\u0103. Acest lucru este prev\u0103zut \u00eentr-un plan de ac\u0163iuni aprobat de c\u0103tre Guvern \u015fi discutat la \u00eentrunirea premierului Pavel Filip cu actorii de pe pia\u0163a farmaceutic\u0103 din Republica Moldova. \u015eeful Executivului a mai spus c\u0103 p\u00e2n\u0103 la sf\u00e2r\u015fitul acestui an, \u00eentreprinderile mari de produse farmaceutice, care au plecat [&hellip;]<\/p>\n","protected":false},"author":4,"featured_media":8755,"comment_status":"closed","ping_status":"closed","sticky":false,"template":"","format":"standard","meta":{"footnotes":""},"categories":[6349],"tags":[],"class_list":["post-8754","post","type-post","status-publish","format-standard","has-post-thumbnail","hentry","category-social"],"yoast_head":"<!-- This site is optimized with the Yoast SEO plugin v27.4 - https:\/\/yoast.com\/product\/yoast-seo-wordpress\/ -->\n<title>LISTA MEDICAMENTELOR COMPENSATE URMEAZ\u0102 S\u0102 FIE EXTINS\u0102  - BTV<\/title>\n<meta name=\"robots\" content=\"index, follow, max-snippet:-1, max-image-preview:large, max-video-preview:-1\" \/>\n<link rel=\"canonical\" href=\"https:\/\/www.btv.md\/ro\/lista-medicamentelor-compensate-urmeaza-sa-fie-extinsa\/\" \/>\n<meta property=\"og:locale\" content=\"ro_RO\" \/>\n<meta property=\"og:type\" content=\"article\" \/>\n<meta property=\"og:title\" content=\"LISTA MEDICAMENTELOR COMPENSATE URMEAZ\u0102 S\u0102 FIE EXTINS\u0102  - BTV\" \/>\n<meta property=\"og:description\" content=\"Lista medicamentelor compensate ar urma s\u0103 fie extins\u0103. Acest lucru este prev\u0103zut \u00eentr-un plan de ac\u0163iuni aprobat de c\u0103tre Guvern \u015fi discutat la \u00eentrunirea premierului Pavel Filip cu actorii de pe pia\u0163a farmaceutic\u0103 din Republica Moldova. \u015eeful Executivului a mai spus c\u0103 p\u00e2n\u0103 la sf\u00e2r\u015fitul acestui an, \u00eentreprinderile mari de produse farmaceutice, care au plecat [&hellip;]\" \/>\n<meta property=\"og:url\" content=\"https:\/\/www.btv.md\/ro\/lista-medicamentelor-compensate-urmeaza-sa-fie-extinsa\/\" \/>\n<meta property=\"og:site_name\" content=\"BTV\" \/>\n<meta property=\"article:publisher\" content=\"https:\/\/www.facebook.com\/btvmoldova\/\" \/>\n<meta property=\"article:published_time\" content=\"2016-03-11T10:20:04+00:00\" \/>\n<meta property=\"og:image\" content=\"https:\/\/www.btv.md\/wp-content\/uploads\/2016\/03\/40959_big.jpg\" \/>\n\t<meta property=\"og:image:width\" content=\"640\" \/>\n\t<meta property=\"og:image:height\" content=\"360\" \/>\n\t<meta property=\"og:image:type\" content=\"image\/jpeg\" \/>\n<meta name=\"author\" content=\"admin\" \/>\n<meta name=\"twitter:label1\" content=\"Scris de\" \/>\n\t<meta name=\"twitter:data1\" content=\"admin\" \/>\n\t<meta name=\"twitter:label2\" content=\"Timp estimat pentru citire\" \/>\n\t<meta name=\"twitter:data2\" content=\"1 minut\" \/>\n<script type=\"application\/ld+json\" class=\"yoast-schema-graph\">{\"@context\":\"https:\\\/\\\/schema.org\",\"@graph\":[{\"@type\":\"Article\",\"@id\":\"https:\\\/\\\/www.btv.md\\\/ro\\\/lista-medicamentelor-compensate-urmeaza-sa-fie-extinsa\\\/#article\",\"isPartOf\":{\"@id\":\"https:\\\/\\\/www.btv.md\\\/ro\\\/lista-medicamentelor-compensate-urmeaza-sa-fie-extinsa\\\/\"},\"author\":{\"name\":\"admin\",\"@id\":\"https:\\\/\\\/www.btv.md\\\/#\\\/schema\\\/person\\\/8fadce81561b3ce2c34c46dadc4ccbf2\"},\"headline\":\"LISTA MEDICAMENTELOR COMPENSATE URMEAZ\u0102 S\u0102 FIE EXTINS\u0102\",\"datePublished\":\"2016-03-11T10:20:04+00:00\",\"mainEntityOfPage\":{\"@id\":\"https:\\\/\\\/www.btv.md\\\/ro\\\/lista-medicamentelor-compensate-urmeaza-sa-fie-extinsa\\\/\"},\"wordCount\":216,\"image\":{\"@id\":\"https:\\\/\\\/www.btv.md\\\/ro\\\/lista-medicamentelor-compensate-urmeaza-sa-fie-extinsa\\\/#primaryimage\"},\"thumbnailUrl\":\"https:\\\/\\\/www.btv.md\\\/wp-content\\\/uploads\\\/2016\\\/03\\\/40959_big.jpg\",\"articleSection\":[\"Social\"],\"inLanguage\":\"ro-RO\"},{\"@type\":\"WebPage\",\"@id\":\"https:\\\/\\\/www.btv.md\\\/ro\\\/lista-medicamentelor-compensate-urmeaza-sa-fie-extinsa\\\/\",\"url\":\"https:\\\/\\\/www.btv.md\\\/ro\\\/lista-medicamentelor-compensate-urmeaza-sa-fie-extinsa\\\/\",\"name\":\"LISTA MEDICAMENTELOR COMPENSATE URMEAZ\u0102 S\u0102 FIE EXTINS\u0102 - BTV\",\"isPartOf\":{\"@id\":\"https:\\\/\\\/www.btv.md\\\/#website\"},\"primaryImageOfPage\":{\"@id\":\"https:\\\/\\\/www.btv.md\\\/ro\\\/lista-medicamentelor-compensate-urmeaza-sa-fie-extinsa\\\/#primaryimage\"},\"image\":{\"@id\":\"https:\\\/\\\/www.btv.md\\\/ro\\\/lista-medicamentelor-compensate-urmeaza-sa-fie-extinsa\\\/#primaryimage\"},\"thumbnailUrl\":\"https:\\\/\\\/www.btv.md\\\/wp-content\\\/uploads\\\/2016\\\/03\\\/40959_big.jpg\",\"datePublished\":\"2016-03-11T10:20:04+00:00\",\"author\":{\"@id\":\"https:\\\/\\\/www.btv.md\\\/#\\\/schema\\\/person\\\/8fadce81561b3ce2c34c46dadc4ccbf2\"},\"inLanguage\":\"ro-RO\",\"potentialAction\":[{\"@type\":\"ReadAction\",\"target\":[\"https:\\\/\\\/www.btv.md\\\/ro\\\/lista-medicamentelor-compensate-urmeaza-sa-fie-extinsa\\\/\"]}]},{\"@type\":\"ImageObject\",\"inLanguage\":\"ro-RO\",\"@id\":\"https:\\\/\\\/www.btv.md\\\/ro\\\/lista-medicamentelor-compensate-urmeaza-sa-fie-extinsa\\\/#primaryimage\",\"url\":\"https:\\\/\\\/www.btv.md\\\/wp-content\\\/uploads\\\/2016\\\/03\\\/40959_big.jpg\",\"contentUrl\":\"https:\\\/\\\/www.btv.md\\\/wp-content\\\/uploads\\\/2016\\\/03\\\/40959_big.jpg\",\"width\":640,\"height\":360,\"caption\":\"www.prime.md\"},{\"@type\":\"WebSite\",\"@id\":\"https:\\\/\\\/www.btv.md\\\/#website\",\"url\":\"https:\\\/\\\/www.btv.md\\\/\",\"name\":\"BTV\",\"description\":\"\u0411\u0435\u043b\u044c\u0446\u043a\u043e\u0435 \u0442\u0435\u043b\u0435\u0432\u0438\u0434\u0435\u043d\u0438\u0435\",\"potentialAction\":[{\"@type\":\"SearchAction\",\"target\":{\"@type\":\"EntryPoint\",\"urlTemplate\":\"https:\\\/\\\/www.btv.md\\\/?s={search_term_string}\"},\"query-input\":{\"@type\":\"PropertyValueSpecification\",\"valueRequired\":true,\"valueName\":\"search_term_string\"}}],\"inLanguage\":\"ro-RO\"},{\"@type\":\"Person\",\"@id\":\"https:\\\/\\\/www.btv.md\\\/#\\\/schema\\\/person\\\/8fadce81561b3ce2c34c46dadc4ccbf2\",\"name\":\"admin\"}]}<\/script>\n<!-- \/ Yoast SEO plugin. -->","yoast_head_json":{"title":"LISTA MEDICAMENTELOR COMPENSATE URMEAZ\u0102 S\u0102 FIE EXTINS\u0102  - BTV","robots":{"index":"index","follow":"follow","max-snippet":"max-snippet:-1","max-image-preview":"max-image-preview:large","max-video-preview":"max-video-preview:-1"},"canonical":"https:\/\/www.btv.md\/ro\/lista-medicamentelor-compensate-urmeaza-sa-fie-extinsa\/","og_locale":"ro_RO","og_type":"article","og_title":"LISTA MEDICAMENTELOR COMPENSATE URMEAZ\u0102 S\u0102 FIE EXTINS\u0102  - BTV","og_description":"Lista medicamentelor compensate ar urma s\u0103 fie extins\u0103. Acest lucru este prev\u0103zut \u00eentr-un plan de ac\u0163iuni aprobat de c\u0103tre Guvern \u015fi discutat la \u00eentrunirea premierului Pavel Filip cu actorii de pe pia\u0163a farmaceutic\u0103 din Republica Moldova. \u015eeful Executivului a mai spus c\u0103 p\u00e2n\u0103 la sf\u00e2r\u015fitul acestui an, \u00eentreprinderile mari de produse farmaceutice, care au plecat [&hellip;]","og_url":"https:\/\/www.btv.md\/ro\/lista-medicamentelor-compensate-urmeaza-sa-fie-extinsa\/","og_site_name":"BTV","article_publisher":"https:\/\/www.facebook.com\/btvmoldova\/","article_published_time":"2016-03-11T10:20:04+00:00","og_image":[{"width":640,"height":360,"url":"https:\/\/www.btv.md\/wp-content\/uploads\/2016\/03\/40959_big.jpg","type":"image\/jpeg"}],"author":"admin","twitter_misc":{"Scris de":"admin","Timp estimat pentru citire":"1 minut"},"schema":{"@context":"https:\/\/schema.org","@graph":[{"@type":"Article","@id":"https:\/\/www.btv.md\/ro\/lista-medicamentelor-compensate-urmeaza-sa-fie-extinsa\/#article","isPartOf":{"@id":"https:\/\/www.btv.md\/ro\/lista-medicamentelor-compensate-urmeaza-sa-fie-extinsa\/"},"author":{"name":"admin","@id":"https:\/\/www.btv.md\/#\/schema\/person\/8fadce81561b3ce2c34c46dadc4ccbf2"},"headline":"LISTA MEDICAMENTELOR COMPENSATE URMEAZ\u0102 S\u0102 FIE EXTINS\u0102","datePublished":"2016-03-11T10:20:04+00:00","mainEntityOfPage":{"@id":"https:\/\/www.btv.md\/ro\/lista-medicamentelor-compensate-urmeaza-sa-fie-extinsa\/"},"wordCount":216,"image":{"@id":"https:\/\/www.btv.md\/ro\/lista-medicamentelor-compensate-urmeaza-sa-fie-extinsa\/#primaryimage"},"thumbnailUrl":"https:\/\/www.btv.md\/wp-content\/uploads\/2016\/03\/40959_big.jpg","articleSection":["Social"],"inLanguage":"ro-RO"},{"@type":"WebPage","@id":"https:\/\/www.btv.md\/ro\/lista-medicamentelor-compensate-urmeaza-sa-fie-extinsa\/","url":"https:\/\/www.btv.md\/ro\/lista-medicamentelor-compensate-urmeaza-sa-fie-extinsa\/","name":"LISTA MEDICAMENTELOR COMPENSATE URMEAZ\u0102 S\u0102 FIE EXTINS\u0102 - BTV","isPartOf":{"@id":"https:\/\/www.btv.md\/#website"},"primaryImageOfPage":{"@id":"https:\/\/www.btv.md\/ro\/lista-medicamentelor-compensate-urmeaza-sa-fie-extinsa\/#primaryimage"},"image":{"@id":"https:\/\/www.btv.md\/ro\/lista-medicamentelor-compensate-urmeaza-sa-fie-extinsa\/#primaryimage"},"thumbnailUrl":"https:\/\/www.btv.md\/wp-content\/uploads\/2016\/03\/40959_big.jpg","datePublished":"2016-03-11T10:20:04+00:00","author":{"@id":"https:\/\/www.btv.md\/#\/schema\/person\/8fadce81561b3ce2c34c46dadc4ccbf2"},"inLanguage":"ro-RO","potentialAction":[{"@type":"ReadAction","target":["https:\/\/www.btv.md\/ro\/lista-medicamentelor-compensate-urmeaza-sa-fie-extinsa\/"]}]},{"@type":"ImageObject","inLanguage":"ro-RO","@id":"https:\/\/www.btv.md\/ro\/lista-medicamentelor-compensate-urmeaza-sa-fie-extinsa\/#primaryimage","url":"https:\/\/www.btv.md\/wp-content\/uploads\/2016\/03\/40959_big.jpg","contentUrl":"https:\/\/www.btv.md\/wp-content\/uploads\/2016\/03\/40959_big.jpg","width":640,"height":360,"caption":"www.prime.md"},{"@type":"WebSite","@id":"https:\/\/www.btv.md\/#website","url":"https:\/\/www.btv.md\/","name":"BTV","description":"\u0411\u0435\u043b\u044c\u0446\u043a\u043e\u0435 \u0442\u0435\u043b\u0435\u0432\u0438\u0434\u0435\u043d\u0438\u0435","potentialAction":[{"@type":"SearchAction","target":{"@type":"EntryPoint","urlTemplate":"https:\/\/www.btv.md\/?s={search_term_string}"},"query-input":{"@type":"PropertyValueSpecification","valueRequired":true,"valueName":"search_term_string"}}],"inLanguage":"ro-RO"},{"@type":"Person","@id":"https:\/\/www.btv.md\/#\/schema\/person\/8fadce81561b3ce2c34c46dadc4ccbf2","name":"admin"}]}},"_links":{"self":[{"href":"https:\/\/www.btv.md\/ro\/wp-json\/wp\/v2\/posts\/8754","targetHints":{"allow":["GET"]}}],"collection":[{"href":"https:\/\/www.btv.md\/ro\/wp-json\/wp\/v2\/posts"}],"about":[{"href":"https:\/\/www.btv.md\/ro\/wp-json\/wp\/v2\/types\/post"}],"author":[{"embeddable":true,"href":"https:\/\/www.btv.md\/ro\/wp-json\/wp\/v2\/users\/4"}],"replies":[{"embeddable":true,"href":"https:\/\/www.btv.md\/ro\/wp-json\/wp\/v2\/comments?post=8754"}],"version-history":[{"count":0,"href":"https:\/\/www.btv.md\/ro\/wp-json\/wp\/v2\/posts\/8754\/revisions"}],"wp:featuredmedia":[{"embeddable":true,"href":"https:\/\/www.btv.md\/ro\/wp-json\/wp\/v2\/media\/8755"}],"wp:attachment":[{"href":"https:\/\/www.btv.md\/ro\/wp-json\/wp\/v2\/media?parent=8754"}],"wp:term":[{"taxonomy":"category","embeddable":true,"href":"https:\/\/www.btv.md\/ro\/wp-json\/wp\/v2\/categories?post=8754"},{"taxonomy":"post_tag","embeddable":true,"href":"https:\/\/www.btv.md\/ro\/wp-json\/wp\/v2\/tags?post=8754"}],"curies":[{"name":"wp","href":"https:\/\/api.w.org\/{rel}","templated":true}]}}