{"id":8757,"date":"2016-03-11T13:26:35","date_gmt":"2016-03-11T10:26:35","guid":{"rendered":"http:\/\/btv.md\/?p=8757"},"modified":"2016-03-11T13:26:35","modified_gmt":"2016-03-11T10:26:35","slug":"despre-cauza-decesului-fostului-ministru-rus-al-presei-si-inundatiile-din-serbia","status":"publish","type":"post","link":"https:\/\/www.btv.md\/ro\/despre-cauza-decesului-fostului-ministru-rus-al-presei-si-inundatiile-din-serbia\/","title":{"rendered":"Despre cauza decesului fostului ministru rus al presei \u0219i inunda\u021biile din Serbia"},"content":{"rendered":"<p><strong>La un an de la dispari\u0163ia fostului ministru rus al presei, Mihail Lesin,  s-a aflat adev\u0103rul. Acesta a fost g\u0103sit mort \u00eentr-o camer\u0103 de hotel din Washington \u015fi potrivit autorit\u0103\u0163ilor americane, \u015fi-a pierdut via\u0163a din cauza loviturilor puternice applicate la cap.<\/strong><\/p>\n<p>Lesin, care a fost \u0219i \u0219ef al gigantului media controlat de stat Gazprom-Media, avea de asemenea leziuni provocate de lovituri la g\u00e2t, spate, pe bra\u021be \u0219i picioare, au declarat medicul legist \u0219ef din Washington \u0219i Departamentul Metropolitan de Poli\u021bie \u00eentr-un scurt comunicat.  Incidentul este \u00een curs de investigare, potrivit comunicatului.<\/p>\n<p>Presa local\u0103 american\u0103 \u0219i din Rusia au anun\u021bat \u00een noiembrie c\u0103 Lesin a fost g\u0103sit mort \u00eentr-o camer\u0103 de hotel \u00een cartierul Dupont Circle din Washington, cu multe sedii de ambasade.<\/p>\n<p>ABC News a declarat c\u0103 Lesin, care a fost ministru rus al presei \u00eentre 1999 \u0219i 2004 sub pre\u0219edintele Vladimir Putin, a fost acuzat de cenzurarea mass-media independente din Rusia. El a devenit \u0219eful holdingului Gazprom-Media \u00een 2013, dar a demisionat \u00een anul urm\u0103tor, potrivit Reuters.<\/p>\n<p>libertatea.ro<\/p>\n<p><strong>Guvernul s\u00e2rb a declarat, joi, stare de urgen\u0163\u0103 na\u0163ional\u0103 din cauza inunda\u0163iilor din \u0163ar\u0103 provocate de ploile puternice care urmeaz\u0103 s\u0103 se intensifice \u00een zilele urm\u0103toare, informeaz\u0103 publica\u0163ia Le Figaro.<\/strong><\/p>\n<p>Peste 700 de locuin\u0163e au fost deja inundate \u015fi aproape 200 de persoane din mai multe localit\u0103\u0163i urmeaz\u0103 s\u0103 fi evacuate, a indicat poli\u0163ia s\u00e2rb\u0103.<\/p>\n<p>Potrivit estim\u0103rilor meteorologice, precipita\u0163iile din \u0163ar\u0103 urmeaz\u0103 s\u0103 se intensifice \u00een zilele urm\u0103toare. Avertiz\u0103rile de inunda\u0163ii sunt \u00een vigoare p\u00e2n\u0103 mar\u0163i.<\/p>\n<p>Peste 50 de persoane au murit \u00een prim\u0103vara anului 2014 \u00een Serbia, c\u00e2nd \u0163\u0103rile balcanice s-au confruntat cu inunda\u0163ii masive.<\/p>\n<p>Serbia, cu o popula\u0163ie de peste \u015fapte milioane de locuitori, a \u00eenregistat pagube de dou\u0103 miliarde de euro, potrivit estim\u0103rilor f\u0103cute de Banca Central\u0103 European\u0103.<\/p>\n<p>mediafax.ro<\/p>\n<p><strong>Alian\u0163a Nord-Atlantic\u0103 a mobilizat cinci nave militare pentru misiunile de monitorizare a re\u0163elelor specializate \u00een traficul de imigran\u0163i \u00een Marea Egee, anun\u0163\u0103 secretarul general NATO, citat de site-ul cotidianului Le Figaro.<\/strong><\/p>\n<p>Potrivit acestuia, misiunile de patrulare se vor concentra \u00een largul Insulei Lesbos, unde au sosit sute de mii de imigran\u0163i \u00een cursul anului 2015.<\/p>\n<p>\u00cen total, peste 850.000 de imigran\u0163i au traversat \u00een anul 2015 Marea Mediteran\u0103 pentru a ajunge \u00een Uniunea European\u0103.<\/p>\n<p>gandul.info<\/p>\n<p><strong>Japonia nu poate renun\u021ba la energia nuclear\u0103, a declarat joi premierul japonez Shinzo Abe \u00een cadrul unei conferin\u021be de pres\u0103, \u00een ajunul \u00eemplinirii a cinci ani de la catastrofa nuclear\u0103 de la Fukushima, la 11 martie 2011, relateaz\u0103 AFP.<\/strong><\/p>\n<p>\u201d<em>\u021aara noastr\u0103 s\u0103rac\u0103 \u00een resurse nu poate renun\u021ba la energia nuclear\u0103 pentru a-\u0219i asigura o aprovizionare constant\u0103 cu energie, \u021bin\u00e2nd cont de aspectele economice \u0219i schimb\u0103rile climatice<\/em>\u201d, a afirmat el \u00een plin\u0103 dezbatere privind reluarea activit\u0103\u021bii reactoarelor nucleare.<\/p>\n<p>El a insistat \u00een repetate r\u00e2nduri c\u0103 politica guvernului este de a permite repornirea \u201d<em>tuturor reactoarelor nucleare considerate sigure de acest organism independent<\/em>\u201d.<\/p>\n<p>\u00cen Japonia exist\u0103 \u00een prezent 43 de reactoare poten\u021bial exploatabile (fa\u021b\u0103 de 54 \u00eenainte de accidentul de la Fukushima), \u00eens\u0103 numai dou\u0103 func\u021bioneaz\u0103. Alte dou\u0103 (Takahama 3 \u0219i 4) au fost repornite \u00een totalitate sau par\u021bial, \u00eens\u0103 justi\u021bia a cerut operatorului oprirea lor.<\/p>\n<p>Cea mai mare parte a opiniei publice se opune relans\u0103rii centralelor, conform diferitelor sondaje realizate de mass-media nipon\u0103.<\/p>\n<p>Japonia, cel de-al \u0219aselea mare poluator al lumii, s-a angajat s\u0103 reduc\u0103 emisiile de gaz cu efect de ser\u0103 cu 26% \u00eentre 2013 \u0219i 2030.<\/p>\n<p>agerpres.ro<\/p>\n<p><strong>Banca Central\u0103 din Bangladesh a cerut entit\u0103\u021bilor bancare na\u021bionale s\u0103-\u0219i sporeasc\u0103 m\u0103surile de securitate cibernetic\u0103 dup\u0103 ce aproximativ 100 de milioane de dolari dintr-un cont pe care-l avea deschis la Rezerva Federal\u0103 (Fed) din New York au fost sustra\u0219i printr-o ac\u021biune de piraterie informatic\u0103, transmite joi agen\u021bia EFE.<\/strong><\/p>\n<p>&#8222;<em>Am cerut tuturor b\u0103ncilor din Bangladesh s\u0103-\u0219i consolideze barierele de control ale accesului (la conturi), dup\u0103 cel mai mare caz de atac cibernetic pe care l-am suferit \u00een istoria noastr\u0103<\/em>&#8222;, a declarat un responsabil al B\u0103ncii Centrale din Bangladesh.<\/p>\n<p>Aceast\u0103 entitate a anun\u021bat anterior c\u0103 pira\u021bi informatici, posibil chinezi, au sustras pe 5 februarie circa 100 de milioane de dolari dintr-un cont deschis la Fed, din aceast\u0103 sum\u0103 81 de milioane de dolari fiind plasa\u021bi \u00een Filipine, iar diferen\u021ba de circa 19 milioane \u00een Sri Lanka.<\/p>\n<p>&#8222;<em>Investiga\u021bia este \u00een desf\u0103\u0219urare. C\u0103ut\u0103m fondurile cu ajutorul autorit\u0103\u021bilor filipineze<\/em>&#8222;, a mai spus responsabilul citat, el preciz\u00e2nd totodat\u0103 banii transfera\u021bi \u00een Sri Lanka au fost \u00eentre timp recupera\u021bi.<\/p>\n<p>\u00cen plus, hackerii au mai \u00eencercat, f\u0103r\u0103 succes, s\u0103 sustrag\u0103 \u00eenc\u0103 870 de milioane de dolari. Rezerva Federal\u0103 american\u0103 a respins deocamdat\u0103 posibilitatea unor falii de securitate \u00een sistemele ei informatice, dar Banca Central\u0103 a Bangladesh-ului a anun\u021bat c\u0103 inten\u021bioneaz\u0103 s\u0103 o ac\u021bioneze \u00een judecat\u0103.<\/p>\n<p>agerpres.ro<\/p>\n<p><iframe width=\"420\" height=\"315\" data-src=\"https:\/\/www.youtube.com\/embed\/wNRJuVzBmGE\" frameborder=\"0\" allowfullscreen src=\"data:image\/svg+xml;base64,PHN2ZyB3aWR0aD0iMSIgaGVpZ2h0PSIxIiB4bWxucz0iaHR0cDovL3d3dy53My5vcmcvMjAwMC9zdmciPjwvc3ZnPg==\" class=\"lazyload\" data-load-mode=\"1\"><\/iframe><\/p>\n","protected":false},"excerpt":{"rendered":"<p>La un an de la dispari\u0163ia fostului ministru rus al presei, Mihail Lesin, s-a aflat adev\u0103rul. Acesta a fost g\u0103sit mort \u00eentr-o camer\u0103 de hotel din Washington \u015fi potrivit autorit\u0103\u0163ilor americane, \u015fi-a pierdut via\u0163a din cauza loviturilor puternice applicate la cap. Lesin, care a fost \u0219i \u0219ef al gigantului media controlat de stat Gazprom-Media, avea [&hellip;]<\/p>\n","protected":false},"author":4,"featured_media":8758,"comment_status":"closed","ping_status":"closed","sticky":false,"template":"","format":"standard","meta":{"footnotes":""},"categories":[6354],"tags":[],"class_list":["post-8757","post","type-post","status-publish","format-standard","has-post-thumbnail","hentry","category-externe-ro"],"yoast_head":"<!-- This site is optimized with the Yoast SEO plugin v27.4 - https:\/\/yoast.com\/product\/yoast-seo-wordpress\/ -->\n<title>Despre cauza decesului fostului ministru rus al presei \u0219i inunda\u021biile din Serbia - BTV<\/title>\n<meta name=\"robots\" content=\"index, follow, max-snippet:-1, max-image-preview:large, max-video-preview:-1\" \/>\n<link rel=\"canonical\" href=\"https:\/\/www.btv.md\/ro\/despre-cauza-decesului-fostului-ministru-rus-al-presei-si-inundatiile-din-serbia\/\" \/>\n<meta property=\"og:locale\" content=\"ro_RO\" \/>\n<meta property=\"og:type\" content=\"article\" \/>\n<meta property=\"og:title\" content=\"Despre cauza decesului fostului ministru rus al presei \u0219i inunda\u021biile din Serbia - BTV\" \/>\n<meta property=\"og:description\" content=\"La un an de la dispari\u0163ia fostului ministru rus al presei, Mihail Lesin, s-a aflat adev\u0103rul. Acesta a fost g\u0103sit mort \u00eentr-o camer\u0103 de hotel din Washington \u015fi potrivit autorit\u0103\u0163ilor americane, \u015fi-a pierdut via\u0163a din cauza loviturilor puternice applicate la cap. Lesin, care a fost \u0219i \u0219ef al gigantului media controlat de stat Gazprom-Media, avea [&hellip;]\" \/>\n<meta property=\"og:url\" content=\"https:\/\/www.btv.md\/ro\/despre-cauza-decesului-fostului-ministru-rus-al-presei-si-inundatiile-din-serbia\/\" \/>\n<meta property=\"og:site_name\" content=\"BTV\" \/>\n<meta property=\"article:publisher\" content=\"https:\/\/www.facebook.com\/btvmoldova\/\" \/>\n<meta property=\"article:published_time\" content=\"2016-03-11T10:26:35+00:00\" \/>\n<meta property=\"og:image\" content=\"https:\/\/www.btv.md\/wp-content\/uploads\/2016\/03\/big-1169833.jpg\" \/>\n\t<meta property=\"og:image:width\" content=\"456\" \/>\n\t<meta property=\"og:image:height\" content=\"268\" \/>\n\t<meta property=\"og:image:type\" content=\"image\/jpeg\" \/>\n<meta name=\"author\" content=\"admin\" \/>\n<meta name=\"twitter:label1\" content=\"Scris de\" \/>\n\t<meta name=\"twitter:data1\" content=\"admin\" \/>\n\t<meta name=\"twitter:label2\" content=\"Timp estimat pentru citire\" \/>\n\t<meta name=\"twitter:data2\" content=\"4 minute\" \/>\n<script type=\"application\/ld+json\" class=\"yoast-schema-graph\">{\"@context\":\"https:\\\/\\\/schema.org\",\"@graph\":[{\"@type\":\"Article\",\"@id\":\"https:\\\/\\\/www.btv.md\\\/ro\\\/despre-cauza-decesului-fostului-ministru-rus-al-presei-si-inundatiile-din-serbia\\\/#article\",\"isPartOf\":{\"@id\":\"https:\\\/\\\/www.btv.md\\\/ro\\\/despre-cauza-decesului-fostului-ministru-rus-al-presei-si-inundatiile-din-serbia\\\/\"},\"author\":{\"name\":\"admin\",\"@id\":\"https:\\\/\\\/www.btv.md\\\/#\\\/schema\\\/person\\\/8fadce81561b3ce2c34c46dadc4ccbf2\"},\"headline\":\"Despre cauza decesului fostului ministru rus al presei \u0219i inunda\u021biile din Serbia\",\"datePublished\":\"2016-03-11T10:26:35+00:00\",\"mainEntityOfPage\":{\"@id\":\"https:\\\/\\\/www.btv.md\\\/ro\\\/despre-cauza-decesului-fostului-ministru-rus-al-presei-si-inundatiile-din-serbia\\\/\"},\"wordCount\":835,\"image\":{\"@id\":\"https:\\\/\\\/www.btv.md\\\/ro\\\/despre-cauza-decesului-fostului-ministru-rus-al-presei-si-inundatiile-din-serbia\\\/#primaryimage\"},\"thumbnailUrl\":\"https:\\\/\\\/www.btv.md\\\/wp-content\\\/uploads\\\/2016\\\/03\\\/big-1169833.jpg\",\"articleSection\":[\"Externe\"],\"inLanguage\":\"ro-RO\"},{\"@type\":\"WebPage\",\"@id\":\"https:\\\/\\\/www.btv.md\\\/ro\\\/despre-cauza-decesului-fostului-ministru-rus-al-presei-si-inundatiile-din-serbia\\\/\",\"url\":\"https:\\\/\\\/www.btv.md\\\/ro\\\/despre-cauza-decesului-fostului-ministru-rus-al-presei-si-inundatiile-din-serbia\\\/\",\"name\":\"Despre cauza decesului fostului ministru rus al presei \u0219i inunda\u021biile din Serbia - BTV\",\"isPartOf\":{\"@id\":\"https:\\\/\\\/www.btv.md\\\/#website\"},\"primaryImageOfPage\":{\"@id\":\"https:\\\/\\\/www.btv.md\\\/ro\\\/despre-cauza-decesului-fostului-ministru-rus-al-presei-si-inundatiile-din-serbia\\\/#primaryimage\"},\"image\":{\"@id\":\"https:\\\/\\\/www.btv.md\\\/ro\\\/despre-cauza-decesului-fostului-ministru-rus-al-presei-si-inundatiile-din-serbia\\\/#primaryimage\"},\"thumbnailUrl\":\"https:\\\/\\\/www.btv.md\\\/wp-content\\\/uploads\\\/2016\\\/03\\\/big-1169833.jpg\",\"datePublished\":\"2016-03-11T10:26:35+00:00\",\"author\":{\"@id\":\"https:\\\/\\\/www.btv.md\\\/#\\\/schema\\\/person\\\/8fadce81561b3ce2c34c46dadc4ccbf2\"},\"inLanguage\":\"ro-RO\",\"potentialAction\":[{\"@type\":\"ReadAction\",\"target\":[\"https:\\\/\\\/www.btv.md\\\/ro\\\/despre-cauza-decesului-fostului-ministru-rus-al-presei-si-inundatiile-din-serbia\\\/\"]}]},{\"@type\":\"ImageObject\",\"inLanguage\":\"ro-RO\",\"@id\":\"https:\\\/\\\/www.btv.md\\\/ro\\\/despre-cauza-decesului-fostului-ministru-rus-al-presei-si-inundatiile-din-serbia\\\/#primaryimage\",\"url\":\"https:\\\/\\\/www.btv.md\\\/wp-content\\\/uploads\\\/2016\\\/03\\\/big-1169833.jpg\",\"contentUrl\":\"https:\\\/\\\/www.btv.md\\\/wp-content\\\/uploads\\\/2016\\\/03\\\/big-1169833.jpg\",\"width\":456,\"height\":268,\"caption\":\"jurnal.md\"},{\"@type\":\"WebSite\",\"@id\":\"https:\\\/\\\/www.btv.md\\\/#website\",\"url\":\"https:\\\/\\\/www.btv.md\\\/\",\"name\":\"BTV\",\"description\":\"\u0411\u0435\u043b\u044c\u0446\u043a\u043e\u0435 \u0442\u0435\u043b\u0435\u0432\u0438\u0434\u0435\u043d\u0438\u0435\",\"potentialAction\":[{\"@type\":\"SearchAction\",\"target\":{\"@type\":\"EntryPoint\",\"urlTemplate\":\"https:\\\/\\\/www.btv.md\\\/?s={search_term_string}\"},\"query-input\":{\"@type\":\"PropertyValueSpecification\",\"valueRequired\":true,\"valueName\":\"search_term_string\"}}],\"inLanguage\":\"ro-RO\"},{\"@type\":\"Person\",\"@id\":\"https:\\\/\\\/www.btv.md\\\/#\\\/schema\\\/person\\\/8fadce81561b3ce2c34c46dadc4ccbf2\",\"name\":\"admin\"}]}<\/script>\n<!-- \/ Yoast SEO plugin. -->","yoast_head_json":{"title":"Despre cauza decesului fostului ministru rus al presei \u0219i inunda\u021biile din Serbia - BTV","robots":{"index":"index","follow":"follow","max-snippet":"max-snippet:-1","max-image-preview":"max-image-preview:large","max-video-preview":"max-video-preview:-1"},"canonical":"https:\/\/www.btv.md\/ro\/despre-cauza-decesului-fostului-ministru-rus-al-presei-si-inundatiile-din-serbia\/","og_locale":"ro_RO","og_type":"article","og_title":"Despre cauza decesului fostului ministru rus al presei \u0219i inunda\u021biile din Serbia - BTV","og_description":"La un an de la dispari\u0163ia fostului ministru rus al presei, Mihail Lesin, s-a aflat adev\u0103rul. Acesta a fost g\u0103sit mort \u00eentr-o camer\u0103 de hotel din Washington \u015fi potrivit autorit\u0103\u0163ilor americane, \u015fi-a pierdut via\u0163a din cauza loviturilor puternice applicate la cap. Lesin, care a fost \u0219i \u0219ef al gigantului media controlat de stat Gazprom-Media, avea [&hellip;]","og_url":"https:\/\/www.btv.md\/ro\/despre-cauza-decesului-fostului-ministru-rus-al-presei-si-inundatiile-din-serbia\/","og_site_name":"BTV","article_publisher":"https:\/\/www.facebook.com\/btvmoldova\/","article_published_time":"2016-03-11T10:26:35+00:00","og_image":[{"width":456,"height":268,"url":"https:\/\/www.btv.md\/wp-content\/uploads\/2016\/03\/big-1169833.jpg","type":"image\/jpeg"}],"author":"admin","twitter_misc":{"Scris de":"admin","Timp estimat pentru citire":"4 minute"},"schema":{"@context":"https:\/\/schema.org","@graph":[{"@type":"Article","@id":"https:\/\/www.btv.md\/ro\/despre-cauza-decesului-fostului-ministru-rus-al-presei-si-inundatiile-din-serbia\/#article","isPartOf":{"@id":"https:\/\/www.btv.md\/ro\/despre-cauza-decesului-fostului-ministru-rus-al-presei-si-inundatiile-din-serbia\/"},"author":{"name":"admin","@id":"https:\/\/www.btv.md\/#\/schema\/person\/8fadce81561b3ce2c34c46dadc4ccbf2"},"headline":"Despre cauza decesului fostului ministru rus al presei \u0219i inunda\u021biile din Serbia","datePublished":"2016-03-11T10:26:35+00:00","mainEntityOfPage":{"@id":"https:\/\/www.btv.md\/ro\/despre-cauza-decesului-fostului-ministru-rus-al-presei-si-inundatiile-din-serbia\/"},"wordCount":835,"image":{"@id":"https:\/\/www.btv.md\/ro\/despre-cauza-decesului-fostului-ministru-rus-al-presei-si-inundatiile-din-serbia\/#primaryimage"},"thumbnailUrl":"https:\/\/www.btv.md\/wp-content\/uploads\/2016\/03\/big-1169833.jpg","articleSection":["Externe"],"inLanguage":"ro-RO"},{"@type":"WebPage","@id":"https:\/\/www.btv.md\/ro\/despre-cauza-decesului-fostului-ministru-rus-al-presei-si-inundatiile-din-serbia\/","url":"https:\/\/www.btv.md\/ro\/despre-cauza-decesului-fostului-ministru-rus-al-presei-si-inundatiile-din-serbia\/","name":"Despre cauza decesului fostului ministru rus al presei \u0219i inunda\u021biile din Serbia - BTV","isPartOf":{"@id":"https:\/\/www.btv.md\/#website"},"primaryImageOfPage":{"@id":"https:\/\/www.btv.md\/ro\/despre-cauza-decesului-fostului-ministru-rus-al-presei-si-inundatiile-din-serbia\/#primaryimage"},"image":{"@id":"https:\/\/www.btv.md\/ro\/despre-cauza-decesului-fostului-ministru-rus-al-presei-si-inundatiile-din-serbia\/#primaryimage"},"thumbnailUrl":"https:\/\/www.btv.md\/wp-content\/uploads\/2016\/03\/big-1169833.jpg","datePublished":"2016-03-11T10:26:35+00:00","author":{"@id":"https:\/\/www.btv.md\/#\/schema\/person\/8fadce81561b3ce2c34c46dadc4ccbf2"},"inLanguage":"ro-RO","potentialAction":[{"@type":"ReadAction","target":["https:\/\/www.btv.md\/ro\/despre-cauza-decesului-fostului-ministru-rus-al-presei-si-inundatiile-din-serbia\/"]}]},{"@type":"ImageObject","inLanguage":"ro-RO","@id":"https:\/\/www.btv.md\/ro\/despre-cauza-decesului-fostului-ministru-rus-al-presei-si-inundatiile-din-serbia\/#primaryimage","url":"https:\/\/www.btv.md\/wp-content\/uploads\/2016\/03\/big-1169833.jpg","contentUrl":"https:\/\/www.btv.md\/wp-content\/uploads\/2016\/03\/big-1169833.jpg","width":456,"height":268,"caption":"jurnal.md"},{"@type":"WebSite","@id":"https:\/\/www.btv.md\/#website","url":"https:\/\/www.btv.md\/","name":"BTV","description":"\u0411\u0435\u043b\u044c\u0446\u043a\u043e\u0435 \u0442\u0435\u043b\u0435\u0432\u0438\u0434\u0435\u043d\u0438\u0435","potentialAction":[{"@type":"SearchAction","target":{"@type":"EntryPoint","urlTemplate":"https:\/\/www.btv.md\/?s={search_term_string}"},"query-input":{"@type":"PropertyValueSpecification","valueRequired":true,"valueName":"search_term_string"}}],"inLanguage":"ro-RO"},{"@type":"Person","@id":"https:\/\/www.btv.md\/#\/schema\/person\/8fadce81561b3ce2c34c46dadc4ccbf2","name":"admin"}]}},"_links":{"self":[{"href":"https:\/\/www.btv.md\/ro\/wp-json\/wp\/v2\/posts\/8757","targetHints":{"allow":["GET"]}}],"collection":[{"href":"https:\/\/www.btv.md\/ro\/wp-json\/wp\/v2\/posts"}],"about":[{"href":"https:\/\/www.btv.md\/ro\/wp-json\/wp\/v2\/types\/post"}],"author":[{"embeddable":true,"href":"https:\/\/www.btv.md\/ro\/wp-json\/wp\/v2\/users\/4"}],"replies":[{"embeddable":true,"href":"https:\/\/www.btv.md\/ro\/wp-json\/wp\/v2\/comments?post=8757"}],"version-history":[{"count":0,"href":"https:\/\/www.btv.md\/ro\/wp-json\/wp\/v2\/posts\/8757\/revisions"}],"wp:featuredmedia":[{"embeddable":true,"href":"https:\/\/www.btv.md\/ro\/wp-json\/wp\/v2\/media\/8758"}],"wp:attachment":[{"href":"https:\/\/www.btv.md\/ro\/wp-json\/wp\/v2\/media?parent=8757"}],"wp:term":[{"taxonomy":"category","embeddable":true,"href":"https:\/\/www.btv.md\/ro\/wp-json\/wp\/v2\/categories?post=8757"},{"taxonomy":"post_tag","embeddable":true,"href":"https:\/\/www.btv.md\/ro\/wp-json\/wp\/v2\/tags?post=8757"}],"curies":[{"name":"wp","href":"https:\/\/api.w.org\/{rel}","templated":true}]}}