{"id":8785,"date":"2016-03-11T18:27:38","date_gmt":"2016-03-11T15:27:38","guid":{"rendered":"http:\/\/btv.md\/?p=8785"},"modified":"2016-03-11T18:27:38","modified_gmt":"2016-03-11T15:27:38","slug":"un-fragment-din-crucea-lui-isus-va-ajunge-la-balti","status":"publish","type":"post","link":"https:\/\/www.btv.md\/ro\/un-fragment-din-crucea-lui-isus-va-ajunge-la-balti\/","title":{"rendered":"UN  FRAGMENT  DIN  CRUCEA  LUI  ISUS  VA  AJUNGE  LA  B\u0102L\u021aI"},"content":{"rendered":"<p><strong>La Catedrala Sfin\u021bilor \u00cemp\u0103ra\u021bi Constantin \u0219i Elena din municipiul B\u0103l\u021bi va fi adus\u0103 o cruce f\u0103c\u0103toare de minuni. Relicva are \u00eencorporat un fragment din crucea pe care a fost r\u0103stignit M\u00e2ntuitorul Iisus Hristos. Tot aici vor fi aduse \u0219i moa\u0219tele Sfintei Matrona de la Moscova.  Anun\u021bul a fost f\u0103cut de c\u0103tre Episcopul de B\u0103l\u021bi \u0219i F\u0103le\u0219ti Marchel, \u00een cadrul emisiunii \u00ab\u041b\u0438\u0446\u043e\u043c \u043a \u043b\u0438\u0446\u0443\u00bb.<\/strong><\/p>\n<p>\u201e<em>\u00cencep\u00e2nd cu data de 12 martie, Catedrala Sfin\u021bilor \u00cemp\u0103ra\u021bi Constantin \u0219i Elena, va g\u0103zdui marea sfin\u021benie, Sf\u00eenta Crucea din lemn, care are vreo 300 de ani, \u00een care are \u00eencorporat\u0103 o p\u0103rticic\u0103 din crucea pe care a fost r\u0103stignit Hristos. De asemenea, \u00een aceast\u0103 cruce sunt montate \u0219i c\u00e2teva zeci de sfinte moa\u0219te. Paralel cu aceast\u0103 sfin\u021benie, vor fi aduse \u0219i moa\u0219tele sfintei Matrona de la Moscova.  Veni\u021bi s\u0103 v\u0103 ruga\u021bi \u00een fa\u021ba lor!<\/em>\u201d <\/p>\n<p>Relicvele se vor afla la Catedrala Constatin \u0219i Elena cel pu\u021bin zece zile.<\/p>\n<p><iframe width=\"420\" height=\"315\" data-src=\"https:\/\/www.youtube.com\/embed\/b4pKjGmKivM\" frameborder=\"0\" allowfullscreen src=\"data:image\/svg+xml;base64,PHN2ZyB3aWR0aD0iMSIgaGVpZ2h0PSIxIiB4bWxucz0iaHR0cDovL3d3dy53My5vcmcvMjAwMC9zdmciPjwvc3ZnPg==\" class=\"lazyload\" data-load-mode=\"1\"><\/iframe><\/p>\n","protected":false},"excerpt":{"rendered":"<p>La Catedrala Sfin\u021bilor \u00cemp\u0103ra\u021bi Constantin \u0219i Elena din municipiul B\u0103l\u021bi va fi adus\u0103 o cruce f\u0103c\u0103toare de minuni. Relicva are \u00eencorporat un fragment din crucea pe care a fost r\u0103stignit M\u00e2ntuitorul Iisus Hristos. Tot aici vor fi aduse \u0219i moa\u0219tele Sfintei Matrona de la Moscova. Anun\u021bul a fost f\u0103cut de c\u0103tre Episcopul de B\u0103l\u021bi \u0219i [&hellip;]<\/p>\n","protected":false},"author":4,"featured_media":8786,"comment_status":"closed","ping_status":"closed","sticky":false,"template":"","format":"standard","meta":{"footnotes":""},"categories":[6353],"tags":[],"class_list":["post-8785","post","type-post","status-publish","format-standard","has-post-thumbnail","hentry","category-oras"],"yoast_head":"<!-- This site is optimized with the Yoast SEO plugin v27.4 - https:\/\/yoast.com\/product\/yoast-seo-wordpress\/ -->\n<title>UN FRAGMENT DIN CRUCEA LUI ISUS VA AJUNGE LA B\u0102L\u021aI - BTV<\/title>\n<meta name=\"robots\" content=\"index, follow, max-snippet:-1, max-image-preview:large, max-video-preview:-1\" \/>\n<link rel=\"canonical\" href=\"https:\/\/www.btv.md\/ro\/un-fragment-din-crucea-lui-isus-va-ajunge-la-balti\/\" \/>\n<meta property=\"og:locale\" content=\"ro_RO\" \/>\n<meta property=\"og:type\" content=\"article\" \/>\n<meta property=\"og:title\" content=\"UN FRAGMENT DIN CRUCEA LUI ISUS VA AJUNGE LA B\u0102L\u021aI - BTV\" \/>\n<meta property=\"og:description\" content=\"La Catedrala Sfin\u021bilor \u00cemp\u0103ra\u021bi Constantin \u0219i Elena din municipiul B\u0103l\u021bi va fi adus\u0103 o cruce f\u0103c\u0103toare de minuni. Relicva are \u00eencorporat un fragment din crucea pe care a fost r\u0103stignit M\u00e2ntuitorul Iisus Hristos. Tot aici vor fi aduse \u0219i moa\u0219tele Sfintei Matrona de la Moscova. Anun\u021bul a fost f\u0103cut de c\u0103tre Episcopul de B\u0103l\u021bi \u0219i [&hellip;]\" \/>\n<meta property=\"og:url\" content=\"https:\/\/www.btv.md\/ro\/un-fragment-din-crucea-lui-isus-va-ajunge-la-balti\/\" \/>\n<meta property=\"og:site_name\" content=\"BTV\" \/>\n<meta property=\"article:publisher\" content=\"https:\/\/www.facebook.com\/btvmoldova\/\" \/>\n<meta property=\"article:published_time\" content=\"2016-03-11T15:27:38+00:00\" \/>\n<meta property=\"og:image\" content=\"https:\/\/www.btv.md\/wp-content\/uploads\/2016\/03\/biserica.png\" \/>\n\t<meta property=\"og:image:width\" content=\"973\" \/>\n\t<meta property=\"og:image:height\" content=\"587\" \/>\n\t<meta property=\"og:image:type\" content=\"image\/png\" \/>\n<meta name=\"author\" content=\"admin\" \/>\n<meta name=\"twitter:label1\" content=\"Scris de\" \/>\n\t<meta name=\"twitter:data1\" content=\"admin\" \/>\n\t<meta name=\"twitter:label2\" content=\"Timp estimat pentru citire\" \/>\n\t<meta name=\"twitter:data2\" content=\"1 minut\" \/>\n<script type=\"application\/ld+json\" class=\"yoast-schema-graph\">{\"@context\":\"https:\\\/\\\/schema.org\",\"@graph\":[{\"@type\":\"Article\",\"@id\":\"https:\\\/\\\/www.btv.md\\\/ro\\\/un-fragment-din-crucea-lui-isus-va-ajunge-la-balti\\\/#article\",\"isPartOf\":{\"@id\":\"https:\\\/\\\/www.btv.md\\\/ro\\\/un-fragment-din-crucea-lui-isus-va-ajunge-la-balti\\\/\"},\"author\":{\"name\":\"admin\",\"@id\":\"https:\\\/\\\/www.btv.md\\\/#\\\/schema\\\/person\\\/8fadce81561b3ce2c34c46dadc4ccbf2\"},\"headline\":\"UN FRAGMENT DIN CRUCEA LUI ISUS VA AJUNGE LA B\u0102L\u021aI\",\"datePublished\":\"2016-03-11T15:27:38+00:00\",\"mainEntityOfPage\":{\"@id\":\"https:\\\/\\\/www.btv.md\\\/ro\\\/un-fragment-din-crucea-lui-isus-va-ajunge-la-balti\\\/\"},\"wordCount\":201,\"image\":{\"@id\":\"https:\\\/\\\/www.btv.md\\\/ro\\\/un-fragment-din-crucea-lui-isus-va-ajunge-la-balti\\\/#primaryimage\"},\"thumbnailUrl\":\"https:\\\/\\\/www.btv.md\\\/wp-content\\\/uploads\\\/2016\\\/03\\\/biserica.png\",\"articleSection\":[\"Ora\u0219\"],\"inLanguage\":\"ro-RO\"},{\"@type\":\"WebPage\",\"@id\":\"https:\\\/\\\/www.btv.md\\\/ro\\\/un-fragment-din-crucea-lui-isus-va-ajunge-la-balti\\\/\",\"url\":\"https:\\\/\\\/www.btv.md\\\/ro\\\/un-fragment-din-crucea-lui-isus-va-ajunge-la-balti\\\/\",\"name\":\"UN FRAGMENT DIN CRUCEA LUI ISUS VA AJUNGE LA B\u0102L\u021aI - BTV\",\"isPartOf\":{\"@id\":\"https:\\\/\\\/www.btv.md\\\/#website\"},\"primaryImageOfPage\":{\"@id\":\"https:\\\/\\\/www.btv.md\\\/ro\\\/un-fragment-din-crucea-lui-isus-va-ajunge-la-balti\\\/#primaryimage\"},\"image\":{\"@id\":\"https:\\\/\\\/www.btv.md\\\/ro\\\/un-fragment-din-crucea-lui-isus-va-ajunge-la-balti\\\/#primaryimage\"},\"thumbnailUrl\":\"https:\\\/\\\/www.btv.md\\\/wp-content\\\/uploads\\\/2016\\\/03\\\/biserica.png\",\"datePublished\":\"2016-03-11T15:27:38+00:00\",\"author\":{\"@id\":\"https:\\\/\\\/www.btv.md\\\/#\\\/schema\\\/person\\\/8fadce81561b3ce2c34c46dadc4ccbf2\"},\"inLanguage\":\"ro-RO\",\"potentialAction\":[{\"@type\":\"ReadAction\",\"target\":[\"https:\\\/\\\/www.btv.md\\\/ro\\\/un-fragment-din-crucea-lui-isus-va-ajunge-la-balti\\\/\"]}]},{\"@type\":\"ImageObject\",\"inLanguage\":\"ro-RO\",\"@id\":\"https:\\\/\\\/www.btv.md\\\/ro\\\/un-fragment-din-crucea-lui-isus-va-ajunge-la-balti\\\/#primaryimage\",\"url\":\"https:\\\/\\\/www.btv.md\\\/wp-content\\\/uploads\\\/2016\\\/03\\\/biserica.png\",\"contentUrl\":\"https:\\\/\\\/www.btv.md\\\/wp-content\\\/uploads\\\/2016\\\/03\\\/biserica.png\",\"width\":973,\"height\":587},{\"@type\":\"WebSite\",\"@id\":\"https:\\\/\\\/www.btv.md\\\/#website\",\"url\":\"https:\\\/\\\/www.btv.md\\\/\",\"name\":\"BTV\",\"description\":\"\u0411\u0435\u043b\u044c\u0446\u043a\u043e\u0435 \u0442\u0435\u043b\u0435\u0432\u0438\u0434\u0435\u043d\u0438\u0435\",\"potentialAction\":[{\"@type\":\"SearchAction\",\"target\":{\"@type\":\"EntryPoint\",\"urlTemplate\":\"https:\\\/\\\/www.btv.md\\\/?s={search_term_string}\"},\"query-input\":{\"@type\":\"PropertyValueSpecification\",\"valueRequired\":true,\"valueName\":\"search_term_string\"}}],\"inLanguage\":\"ro-RO\"},{\"@type\":\"Person\",\"@id\":\"https:\\\/\\\/www.btv.md\\\/#\\\/schema\\\/person\\\/8fadce81561b3ce2c34c46dadc4ccbf2\",\"name\":\"admin\"}]}<\/script>\n<!-- \/ Yoast SEO plugin. -->","yoast_head_json":{"title":"UN FRAGMENT DIN CRUCEA LUI ISUS VA AJUNGE LA B\u0102L\u021aI - BTV","robots":{"index":"index","follow":"follow","max-snippet":"max-snippet:-1","max-image-preview":"max-image-preview:large","max-video-preview":"max-video-preview:-1"},"canonical":"https:\/\/www.btv.md\/ro\/un-fragment-din-crucea-lui-isus-va-ajunge-la-balti\/","og_locale":"ro_RO","og_type":"article","og_title":"UN FRAGMENT DIN CRUCEA LUI ISUS VA AJUNGE LA B\u0102L\u021aI - BTV","og_description":"La Catedrala Sfin\u021bilor \u00cemp\u0103ra\u021bi Constantin \u0219i Elena din municipiul B\u0103l\u021bi va fi adus\u0103 o cruce f\u0103c\u0103toare de minuni. Relicva are \u00eencorporat un fragment din crucea pe care a fost r\u0103stignit M\u00e2ntuitorul Iisus Hristos. Tot aici vor fi aduse \u0219i moa\u0219tele Sfintei Matrona de la Moscova. Anun\u021bul a fost f\u0103cut de c\u0103tre Episcopul de B\u0103l\u021bi \u0219i [&hellip;]","og_url":"https:\/\/www.btv.md\/ro\/un-fragment-din-crucea-lui-isus-va-ajunge-la-balti\/","og_site_name":"BTV","article_publisher":"https:\/\/www.facebook.com\/btvmoldova\/","article_published_time":"2016-03-11T15:27:38+00:00","og_image":[{"width":973,"height":587,"url":"https:\/\/www.btv.md\/wp-content\/uploads\/2016\/03\/biserica.png","type":"image\/png"}],"author":"admin","twitter_misc":{"Scris de":"admin","Timp estimat pentru citire":"1 minut"},"schema":{"@context":"https:\/\/schema.org","@graph":[{"@type":"Article","@id":"https:\/\/www.btv.md\/ro\/un-fragment-din-crucea-lui-isus-va-ajunge-la-balti\/#article","isPartOf":{"@id":"https:\/\/www.btv.md\/ro\/un-fragment-din-crucea-lui-isus-va-ajunge-la-balti\/"},"author":{"name":"admin","@id":"https:\/\/www.btv.md\/#\/schema\/person\/8fadce81561b3ce2c34c46dadc4ccbf2"},"headline":"UN FRAGMENT DIN CRUCEA LUI ISUS VA AJUNGE LA B\u0102L\u021aI","datePublished":"2016-03-11T15:27:38+00:00","mainEntityOfPage":{"@id":"https:\/\/www.btv.md\/ro\/un-fragment-din-crucea-lui-isus-va-ajunge-la-balti\/"},"wordCount":201,"image":{"@id":"https:\/\/www.btv.md\/ro\/un-fragment-din-crucea-lui-isus-va-ajunge-la-balti\/#primaryimage"},"thumbnailUrl":"https:\/\/www.btv.md\/wp-content\/uploads\/2016\/03\/biserica.png","articleSection":["Ora\u0219"],"inLanguage":"ro-RO"},{"@type":"WebPage","@id":"https:\/\/www.btv.md\/ro\/un-fragment-din-crucea-lui-isus-va-ajunge-la-balti\/","url":"https:\/\/www.btv.md\/ro\/un-fragment-din-crucea-lui-isus-va-ajunge-la-balti\/","name":"UN FRAGMENT DIN CRUCEA LUI ISUS VA AJUNGE LA B\u0102L\u021aI - BTV","isPartOf":{"@id":"https:\/\/www.btv.md\/#website"},"primaryImageOfPage":{"@id":"https:\/\/www.btv.md\/ro\/un-fragment-din-crucea-lui-isus-va-ajunge-la-balti\/#primaryimage"},"image":{"@id":"https:\/\/www.btv.md\/ro\/un-fragment-din-crucea-lui-isus-va-ajunge-la-balti\/#primaryimage"},"thumbnailUrl":"https:\/\/www.btv.md\/wp-content\/uploads\/2016\/03\/biserica.png","datePublished":"2016-03-11T15:27:38+00:00","author":{"@id":"https:\/\/www.btv.md\/#\/schema\/person\/8fadce81561b3ce2c34c46dadc4ccbf2"},"inLanguage":"ro-RO","potentialAction":[{"@type":"ReadAction","target":["https:\/\/www.btv.md\/ro\/un-fragment-din-crucea-lui-isus-va-ajunge-la-balti\/"]}]},{"@type":"ImageObject","inLanguage":"ro-RO","@id":"https:\/\/www.btv.md\/ro\/un-fragment-din-crucea-lui-isus-va-ajunge-la-balti\/#primaryimage","url":"https:\/\/www.btv.md\/wp-content\/uploads\/2016\/03\/biserica.png","contentUrl":"https:\/\/www.btv.md\/wp-content\/uploads\/2016\/03\/biserica.png","width":973,"height":587},{"@type":"WebSite","@id":"https:\/\/www.btv.md\/#website","url":"https:\/\/www.btv.md\/","name":"BTV","description":"\u0411\u0435\u043b\u044c\u0446\u043a\u043e\u0435 \u0442\u0435\u043b\u0435\u0432\u0438\u0434\u0435\u043d\u0438\u0435","potentialAction":[{"@type":"SearchAction","target":{"@type":"EntryPoint","urlTemplate":"https:\/\/www.btv.md\/?s={search_term_string}"},"query-input":{"@type":"PropertyValueSpecification","valueRequired":true,"valueName":"search_term_string"}}],"inLanguage":"ro-RO"},{"@type":"Person","@id":"https:\/\/www.btv.md\/#\/schema\/person\/8fadce81561b3ce2c34c46dadc4ccbf2","name":"admin"}]}},"_links":{"self":[{"href":"https:\/\/www.btv.md\/ro\/wp-json\/wp\/v2\/posts\/8785","targetHints":{"allow":["GET"]}}],"collection":[{"href":"https:\/\/www.btv.md\/ro\/wp-json\/wp\/v2\/posts"}],"about":[{"href":"https:\/\/www.btv.md\/ro\/wp-json\/wp\/v2\/types\/post"}],"author":[{"embeddable":true,"href":"https:\/\/www.btv.md\/ro\/wp-json\/wp\/v2\/users\/4"}],"replies":[{"embeddable":true,"href":"https:\/\/www.btv.md\/ro\/wp-json\/wp\/v2\/comments?post=8785"}],"version-history":[{"count":0,"href":"https:\/\/www.btv.md\/ro\/wp-json\/wp\/v2\/posts\/8785\/revisions"}],"wp:featuredmedia":[{"embeddable":true,"href":"https:\/\/www.btv.md\/ro\/wp-json\/wp\/v2\/media\/8786"}],"wp:attachment":[{"href":"https:\/\/www.btv.md\/ro\/wp-json\/wp\/v2\/media?parent=8785"}],"wp:term":[{"taxonomy":"category","embeddable":true,"href":"https:\/\/www.btv.md\/ro\/wp-json\/wp\/v2\/categories?post=8785"},{"taxonomy":"post_tag","embeddable":true,"href":"https:\/\/www.btv.md\/ro\/wp-json\/wp\/v2\/tags?post=8785"}],"curies":[{"name":"wp","href":"https:\/\/api.w.org\/{rel}","templated":true}]}}