{"id":8795,"date":"2016-03-11T19:41:33","date_gmt":"2016-03-11T16:41:33","guid":{"rendered":"http:\/\/btv.md\/?p=8795"},"modified":"2016-03-11T19:41:33","modified_gmt":"2016-03-11T16:41:33","slug":"baltenii-apuca-calea-instrainarii","status":"publish","type":"post","link":"https:\/\/www.btv.md\/ro\/baltenii-apuca-calea-instrainarii\/","title":{"rendered":"B\u0102L\u021aENII  APUC\u0102  CALEA  \u00ceNSTR\u0102IN\u0102RII"},"content":{"rendered":"<p><strong>An de an scade num\u0103rul popula\u021biei din municipiul B\u0103l\u021bi. Cu toate c\u0103 Biroul Na\u021bional de Sta tistic\u0103 nu de\u021bine cifra precis\u0103, cert este c\u0103 noi singuri suntem martorii unui val puetnic de migra\u021bie. B\u0103l\u021benii spun c\u0103 motivul principal care-i determin\u0103 s\u0103 apuce calea pribejiei este lipsa locurilor de munc\u0103 \u0219i salariile mizere.<\/strong><\/p>\n<p>Potrivit Biroului Na\u021bional de Statistic\u0103 num\u0103rul popula\u0163iei stabile al Republicii Moldova la 1 ianuarie 2015 era mai mult de  3 milioane. \u00cen anul 2014-2015 din \u021bar\u0103 au emigrat aproximativ 2.500 de persoane. Astfel, fiecare a \u0219asea persoan\u0103 cu v\u00e2rst\u0103 cuprins\u0103 \u00eentre 15-64 ani a fost afectat de fenomenul migra\u021biei de munc\u0103.<\/p>\n<p><iframe width=\"420\" height=\"315\" data-src=\"https:\/\/www.youtube.com\/embed\/3l73vZgySq4\" frameborder=\"0\" allowfullscreen src=\"data:image\/svg+xml;base64,PHN2ZyB3aWR0aD0iMSIgaGVpZ2h0PSIxIiB4bWxucz0iaHR0cDovL3d3dy53My5vcmcvMjAwMC9zdmciPjwvc3ZnPg==\" class=\"lazyload\" data-load-mode=\"1\"><\/iframe><\/p>\n","protected":false},"excerpt":{"rendered":"<p>An de an scade num\u0103rul popula\u021biei din municipiul B\u0103l\u021bi. Cu toate c\u0103 Biroul Na\u021bional de Sta tistic\u0103 nu de\u021bine cifra precis\u0103, cert este c\u0103 noi singuri suntem martorii unui val puetnic de migra\u021bie. B\u0103l\u021benii spun c\u0103 motivul principal care-i determin\u0103 s\u0103 apuce calea pribejiei este lipsa locurilor de munc\u0103 \u0219i salariile mizere. Potrivit Biroului Na\u021bional [&hellip;]<\/p>\n","protected":false},"author":4,"featured_media":8796,"comment_status":"closed","ping_status":"closed","sticky":false,"template":"","format":"standard","meta":{"footnotes":""},"categories":[6353],"tags":[],"class_list":["post-8795","post","type-post","status-publish","format-standard","has-post-thumbnail","hentry","category-oras"],"yoast_head":"<!-- This site is optimized with the Yoast SEO plugin v27.4 - https:\/\/yoast.com\/product\/yoast-seo-wordpress\/ -->\n<title>B\u0102L\u021aENII APUC\u0102 CALEA \u00ceNSTR\u0102IN\u0102RII - BTV<\/title>\n<meta name=\"robots\" content=\"index, follow, max-snippet:-1, max-image-preview:large, max-video-preview:-1\" \/>\n<link rel=\"canonical\" href=\"https:\/\/www.btv.md\/ro\/amp\/baltenii-apuca-calea-instrainarii\/\" \/>\n<meta property=\"og:locale\" content=\"ro_RO\" \/>\n<meta property=\"og:type\" content=\"article\" \/>\n<meta property=\"og:title\" content=\"B\u0102L\u021aENII APUC\u0102 CALEA \u00ceNSTR\u0102IN\u0102RII - BTV\" \/>\n<meta property=\"og:description\" content=\"An de an scade num\u0103rul popula\u021biei din municipiul B\u0103l\u021bi. Cu toate c\u0103 Biroul Na\u021bional de Sta tistic\u0103 nu de\u021bine cifra precis\u0103, cert este c\u0103 noi singuri suntem martorii unui val puetnic de migra\u021bie. B\u0103l\u021benii spun c\u0103 motivul principal care-i determin\u0103 s\u0103 apuce calea pribejiei este lipsa locurilor de munc\u0103 \u0219i salariile mizere. Potrivit Biroului Na\u021bional [&hellip;]\" \/>\n<meta property=\"og:url\" content=\"https:\/\/www.btv.md\/ro\/amp\/baltenii-apuca-calea-instrainarii\/\" \/>\n<meta property=\"og:site_name\" content=\"BTV\" \/>\n<meta property=\"article:publisher\" content=\"https:\/\/www.facebook.com\/btvmoldova\/\" \/>\n<meta property=\"article:published_time\" content=\"2016-03-11T16:41:33+00:00\" \/>\n<meta property=\"og:image\" content=\"https:\/\/www.btv.md\/wp-content\/uploads\/2016\/03\/migratie.png\" \/>\n\t<meta property=\"og:image:width\" content=\"1005\" \/>\n\t<meta property=\"og:image:height\" content=\"595\" \/>\n\t<meta property=\"og:image:type\" content=\"image\/png\" \/>\n<meta name=\"author\" content=\"admin\" \/>\n<meta name=\"twitter:label1\" content=\"Scris de\" \/>\n\t<meta name=\"twitter:data1\" content=\"admin\" \/>\n\t<meta name=\"twitter:label2\" content=\"Timp estimat pentru citire\" \/>\n\t<meta name=\"twitter:data2\" content=\"1 minut\" \/>\n<script type=\"application\/ld+json\" class=\"yoast-schema-graph\">{\"@context\":\"https:\\\/\\\/schema.org\",\"@graph\":[{\"@type\":\"Article\",\"@id\":\"https:\\\/\\\/www.btv.md\\\/ro\\\/amp\\\/baltenii-apuca-calea-instrainarii\\\/#article\",\"isPartOf\":{\"@id\":\"https:\\\/\\\/www.btv.md\\\/ro\\\/amp\\\/baltenii-apuca-calea-instrainarii\\\/\"},\"author\":{\"name\":\"admin\",\"@id\":\"https:\\\/\\\/www.btv.md\\\/#\\\/schema\\\/person\\\/8fadce81561b3ce2c34c46dadc4ccbf2\"},\"headline\":\"B\u0102L\u021aENII APUC\u0102 CALEA \u00ceNSTR\u0102IN\u0102RII\",\"datePublished\":\"2016-03-11T16:41:33+00:00\",\"mainEntityOfPage\":{\"@id\":\"https:\\\/\\\/www.btv.md\\\/ro\\\/amp\\\/baltenii-apuca-calea-instrainarii\\\/\"},\"wordCount\":121,\"image\":{\"@id\":\"https:\\\/\\\/www.btv.md\\\/ro\\\/amp\\\/baltenii-apuca-calea-instrainarii\\\/#primaryimage\"},\"thumbnailUrl\":\"https:\\\/\\\/www.btv.md\\\/wp-content\\\/uploads\\\/2016\\\/03\\\/migratie.png\",\"articleSection\":[\"Ora\u0219\"],\"inLanguage\":\"ro-RO\"},{\"@type\":\"WebPage\",\"@id\":\"https:\\\/\\\/www.btv.md\\\/ro\\\/amp\\\/baltenii-apuca-calea-instrainarii\\\/\",\"url\":\"https:\\\/\\\/www.btv.md\\\/ro\\\/amp\\\/baltenii-apuca-calea-instrainarii\\\/\",\"name\":\"B\u0102L\u021aENII APUC\u0102 CALEA \u00ceNSTR\u0102IN\u0102RII - BTV\",\"isPartOf\":{\"@id\":\"https:\\\/\\\/www.btv.md\\\/#website\"},\"primaryImageOfPage\":{\"@id\":\"https:\\\/\\\/www.btv.md\\\/ro\\\/amp\\\/baltenii-apuca-calea-instrainarii\\\/#primaryimage\"},\"image\":{\"@id\":\"https:\\\/\\\/www.btv.md\\\/ro\\\/amp\\\/baltenii-apuca-calea-instrainarii\\\/#primaryimage\"},\"thumbnailUrl\":\"https:\\\/\\\/www.btv.md\\\/wp-content\\\/uploads\\\/2016\\\/03\\\/migratie.png\",\"datePublished\":\"2016-03-11T16:41:33+00:00\",\"author\":{\"@id\":\"https:\\\/\\\/www.btv.md\\\/#\\\/schema\\\/person\\\/8fadce81561b3ce2c34c46dadc4ccbf2\"},\"inLanguage\":\"ro-RO\",\"potentialAction\":[{\"@type\":\"ReadAction\",\"target\":[\"https:\\\/\\\/www.btv.md\\\/ro\\\/amp\\\/baltenii-apuca-calea-instrainarii\\\/\"]}]},{\"@type\":\"ImageObject\",\"inLanguage\":\"ro-RO\",\"@id\":\"https:\\\/\\\/www.btv.md\\\/ro\\\/amp\\\/baltenii-apuca-calea-instrainarii\\\/#primaryimage\",\"url\":\"https:\\\/\\\/www.btv.md\\\/wp-content\\\/uploads\\\/2016\\\/03\\\/migratie.png\",\"contentUrl\":\"https:\\\/\\\/www.btv.md\\\/wp-content\\\/uploads\\\/2016\\\/03\\\/migratie.png\",\"width\":1005,\"height\":595},{\"@type\":\"WebSite\",\"@id\":\"https:\\\/\\\/www.btv.md\\\/#website\",\"url\":\"https:\\\/\\\/www.btv.md\\\/\",\"name\":\"BTV\",\"description\":\"\u0411\u0435\u043b\u044c\u0446\u043a\u043e\u0435 \u0442\u0435\u043b\u0435\u0432\u0438\u0434\u0435\u043d\u0438\u0435\",\"potentialAction\":[{\"@type\":\"SearchAction\",\"target\":{\"@type\":\"EntryPoint\",\"urlTemplate\":\"https:\\\/\\\/www.btv.md\\\/?s={search_term_string}\"},\"query-input\":{\"@type\":\"PropertyValueSpecification\",\"valueRequired\":true,\"valueName\":\"search_term_string\"}}],\"inLanguage\":\"ro-RO\"},{\"@type\":\"Person\",\"@id\":\"https:\\\/\\\/www.btv.md\\\/#\\\/schema\\\/person\\\/8fadce81561b3ce2c34c46dadc4ccbf2\",\"name\":\"admin\"}]}<\/script>\n<!-- \/ Yoast SEO plugin. -->","yoast_head_json":{"title":"B\u0102L\u021aENII APUC\u0102 CALEA \u00ceNSTR\u0102IN\u0102RII - BTV","robots":{"index":"index","follow":"follow","max-snippet":"max-snippet:-1","max-image-preview":"max-image-preview:large","max-video-preview":"max-video-preview:-1"},"canonical":"https:\/\/www.btv.md\/ro\/amp\/baltenii-apuca-calea-instrainarii\/","og_locale":"ro_RO","og_type":"article","og_title":"B\u0102L\u021aENII APUC\u0102 CALEA \u00ceNSTR\u0102IN\u0102RII - BTV","og_description":"An de an scade num\u0103rul popula\u021biei din municipiul B\u0103l\u021bi. Cu toate c\u0103 Biroul Na\u021bional de Sta tistic\u0103 nu de\u021bine cifra precis\u0103, cert este c\u0103 noi singuri suntem martorii unui val puetnic de migra\u021bie. B\u0103l\u021benii spun c\u0103 motivul principal care-i determin\u0103 s\u0103 apuce calea pribejiei este lipsa locurilor de munc\u0103 \u0219i salariile mizere. Potrivit Biroului Na\u021bional [&hellip;]","og_url":"https:\/\/www.btv.md\/ro\/amp\/baltenii-apuca-calea-instrainarii\/","og_site_name":"BTV","article_publisher":"https:\/\/www.facebook.com\/btvmoldova\/","article_published_time":"2016-03-11T16:41:33+00:00","og_image":[{"width":1005,"height":595,"url":"https:\/\/www.btv.md\/wp-content\/uploads\/2016\/03\/migratie.png","type":"image\/png"}],"author":"admin","twitter_misc":{"Scris de":"admin","Timp estimat pentru citire":"1 minut"},"schema":{"@context":"https:\/\/schema.org","@graph":[{"@type":"Article","@id":"https:\/\/www.btv.md\/ro\/amp\/baltenii-apuca-calea-instrainarii\/#article","isPartOf":{"@id":"https:\/\/www.btv.md\/ro\/amp\/baltenii-apuca-calea-instrainarii\/"},"author":{"name":"admin","@id":"https:\/\/www.btv.md\/#\/schema\/person\/8fadce81561b3ce2c34c46dadc4ccbf2"},"headline":"B\u0102L\u021aENII APUC\u0102 CALEA \u00ceNSTR\u0102IN\u0102RII","datePublished":"2016-03-11T16:41:33+00:00","mainEntityOfPage":{"@id":"https:\/\/www.btv.md\/ro\/amp\/baltenii-apuca-calea-instrainarii\/"},"wordCount":121,"image":{"@id":"https:\/\/www.btv.md\/ro\/amp\/baltenii-apuca-calea-instrainarii\/#primaryimage"},"thumbnailUrl":"https:\/\/www.btv.md\/wp-content\/uploads\/2016\/03\/migratie.png","articleSection":["Ora\u0219"],"inLanguage":"ro-RO"},{"@type":"WebPage","@id":"https:\/\/www.btv.md\/ro\/amp\/baltenii-apuca-calea-instrainarii\/","url":"https:\/\/www.btv.md\/ro\/amp\/baltenii-apuca-calea-instrainarii\/","name":"B\u0102L\u021aENII APUC\u0102 CALEA \u00ceNSTR\u0102IN\u0102RII - BTV","isPartOf":{"@id":"https:\/\/www.btv.md\/#website"},"primaryImageOfPage":{"@id":"https:\/\/www.btv.md\/ro\/amp\/baltenii-apuca-calea-instrainarii\/#primaryimage"},"image":{"@id":"https:\/\/www.btv.md\/ro\/amp\/baltenii-apuca-calea-instrainarii\/#primaryimage"},"thumbnailUrl":"https:\/\/www.btv.md\/wp-content\/uploads\/2016\/03\/migratie.png","datePublished":"2016-03-11T16:41:33+00:00","author":{"@id":"https:\/\/www.btv.md\/#\/schema\/person\/8fadce81561b3ce2c34c46dadc4ccbf2"},"inLanguage":"ro-RO","potentialAction":[{"@type":"ReadAction","target":["https:\/\/www.btv.md\/ro\/amp\/baltenii-apuca-calea-instrainarii\/"]}]},{"@type":"ImageObject","inLanguage":"ro-RO","@id":"https:\/\/www.btv.md\/ro\/amp\/baltenii-apuca-calea-instrainarii\/#primaryimage","url":"https:\/\/www.btv.md\/wp-content\/uploads\/2016\/03\/migratie.png","contentUrl":"https:\/\/www.btv.md\/wp-content\/uploads\/2016\/03\/migratie.png","width":1005,"height":595},{"@type":"WebSite","@id":"https:\/\/www.btv.md\/#website","url":"https:\/\/www.btv.md\/","name":"BTV","description":"\u0411\u0435\u043b\u044c\u0446\u043a\u043e\u0435 \u0442\u0435\u043b\u0435\u0432\u0438\u0434\u0435\u043d\u0438\u0435","potentialAction":[{"@type":"SearchAction","target":{"@type":"EntryPoint","urlTemplate":"https:\/\/www.btv.md\/?s={search_term_string}"},"query-input":{"@type":"PropertyValueSpecification","valueRequired":true,"valueName":"search_term_string"}}],"inLanguage":"ro-RO"},{"@type":"Person","@id":"https:\/\/www.btv.md\/#\/schema\/person\/8fadce81561b3ce2c34c46dadc4ccbf2","name":"admin"}]}},"_links":{"self":[{"href":"https:\/\/www.btv.md\/ro\/wp-json\/wp\/v2\/posts\/8795","targetHints":{"allow":["GET"]}}],"collection":[{"href":"https:\/\/www.btv.md\/ro\/wp-json\/wp\/v2\/posts"}],"about":[{"href":"https:\/\/www.btv.md\/ro\/wp-json\/wp\/v2\/types\/post"}],"author":[{"embeddable":true,"href":"https:\/\/www.btv.md\/ro\/wp-json\/wp\/v2\/users\/4"}],"replies":[{"embeddable":true,"href":"https:\/\/www.btv.md\/ro\/wp-json\/wp\/v2\/comments?post=8795"}],"version-history":[{"count":0,"href":"https:\/\/www.btv.md\/ro\/wp-json\/wp\/v2\/posts\/8795\/revisions"}],"wp:featuredmedia":[{"embeddable":true,"href":"https:\/\/www.btv.md\/ro\/wp-json\/wp\/v2\/media\/8796"}],"wp:attachment":[{"href":"https:\/\/www.btv.md\/ro\/wp-json\/wp\/v2\/media?parent=8795"}],"wp:term":[{"taxonomy":"category","embeddable":true,"href":"https:\/\/www.btv.md\/ro\/wp-json\/wp\/v2\/categories?post=8795"},{"taxonomy":"post_tag","embeddable":true,"href":"https:\/\/www.btv.md\/ro\/wp-json\/wp\/v2\/tags?post=8795"}],"curies":[{"name":"wp","href":"https:\/\/api.w.org\/{rel}","templated":true}]}}