{"id":8798,"date":"2016-03-11T19:46:24","date_gmt":"2016-03-11T16:46:24","guid":{"rendered":"http:\/\/btv.md\/?p=8798"},"modified":"2016-03-11T19:46:24","modified_gmt":"2016-03-11T16:46:24","slug":"pana-in-2018-pe-strazile-din-balti-ar-putea-sa-circule-autobuze-electrice","status":"publish","type":"post","link":"https:\/\/www.btv.md\/ro\/pana-in-2018-pe-strazile-din-balti-ar-putea-sa-circule-autobuze-electrice\/","title":{"rendered":"P\u00c2N\u0102 \u00ceN 2018 PE STR\u0102ZILE DIN B\u0102L\u021aI AR PUTEA S\u0102 CIRCULE AUTOBUZE ELECTRICE"},"content":{"rendered":"<p><strong>Municipiul B\u0103l\u021bi ar putea ob\u021bine o investi\u021bie  de aproape 18 milioane de euro, pentru achizi\u021bionarea autobuzelor electrice \u0219i izolarea termic\u0103 a blocurilor de locuit.  Acestea sunt doar c\u00e2teva ac\u021biuni din cadrul unui proiect pilot a programului Orizont a Uniunii Europene. Proiectul vine  ca  prevedere a Conven\u021biei Primarilor privind Clim\u0103 \u0219i Energie. Conven\u021bie la care este parte \u0219i Prim\u0103ria ora\u0219ului B\u0103l\u021bi.<\/strong><\/p>\n<p>Membrii Consiliului municipal B\u0103l\u021bi a luat viner, o decizie unanim\u0103 cu privire la participarea \u00een cadrul Programului Orizont.<\/p>\n<p>Potrivit raportorilor care au elaborat studiul de fezabilitate a Planului de ac\u021biuni pentru energie durabil\u0103, \u00een municipiu urmeaz\u0103 s\u0103 fie pus \u00een aplicare un proiect pilot. Atfel, \u00een regiunea Cartierului num\u0103rul nou\u0103 din ora\u0219 pere\u021bii blocurilor de locuit vor fi termoizola\u021bi  pentru a diminua pierderile de energie. \u00cens\u0103 pentru a ob\u021bine finan\u021b\u0103rile dorite prim\u0103ria municipiului B\u0103l\u021bi trebuie s\u0103 depun\u0103 o cere de finan\u021bare. <\/p>\n<p>\u201e<em>Acolo particip\u0103 toate ora\u0219ele Uniunii Europene \u0219i a Parteneriatului Estic, nu numai \u00een Republica Moldova. Se va sef\u0103\u0219ura un concurs \u0219i noi sper\u0103m s\u0103 ob\u021binem un rezultat. Deoarece ora\u0219ul nostrum are \u0219anse mari. Noi suntem primii \u00een Moldova care \u00eencerc\u0103m s\u0103 punem \u00een aplicare astfel de proiecte. Modernizarea re\u021belelor introducerea noilor tipuri de transport precum autobuze electrice. Totul este direc\u021bionat spre eficien\u021ba energetic\u0103. 02:14 02:17 Ca si efect mic\u0219orarea emisiei de CO2 \u00een atmosfer\u0103  astfel vom reu\u0219i s\u0103 \u00eendeplinim prevederile Conven\u021biei Primarilor pentru a mic\u0219ora emisiile cu 40 de procente p\u00e2n\u0103 \u00een anul 2030<\/em>\u201d, a declarat  Sergiu Colibaba.<\/p>\n<p>Raportorii au precizat c\u0103 \u00een cazul \u00een care ora\u0219ul B\u0103l\u021bi va ob\u021bine finan\u021b\u0103rile necesare p\u00e2n\u0103 \u00een anul 2018 pe unele str\u0103zi a Capitalei de Nord vor circula c\u00e2teva autobuze electrice. Termenii de punere \u00een aplicare a proiectului  au st\u00e2rnit un val de nedumerire din partea consilierilor. <\/p>\n<p>\u201e<em>Este irealizabil \u00een doi ani  . Dar este o tendin\u021b\u0103 bun\u0103 pentru mic\u0219orarea emisiei de CO 2. \u021a\u0103rile care au tehnologii avansate pun \u00een aplicare astfel de proiecte. Dar  doi ani este un termen prea mic, noi avem prea multe probleme. Nu vom reu\u0219i s\u0103 preg\u0103tim  chiar cererea de finan\u021bare pentru a ob\u021biene astfel de granturi. Este vorba despre 18 milioane de euro<\/em>\u201d, precizat Vlad Ghi\u021bu. <\/p>\n<p>Uniunea European\u0103 conduce \u00een momentul de fa\u0163\u0103 lupta global\u0103 \u00eempotriva schimb\u0103rilor climatice, aceasta fiind o prioritate principal\u0103. Obiectivele ambi\u0163ioase ale acesteia sunt cuprinse \u00een ini\u0163iativa Pachetului de m\u0103suri al UE privind clima \u015fi energia din surse regenerabile. Conven\u0163ia Primarilor reprezint\u0103 un angajament voluntar asumat de municipalit\u0103\u021bile semnatare, prin care se oblig\u0103 s\u0103 reduc\u0103 emisiile de CO2 cu cel pu\u0163in 20 la sut\u0103 p\u00e2n\u0103 \u00een anul 2020 prin implementarea unui Plan de Ac\u021biune pentru Energie Durabil\u0103.<\/p>\n<p><iframe width=\"420\" height=\"315\" data-src=\"https:\/\/www.youtube.com\/embed\/RX4nLsl23JY\" frameborder=\"0\" allowfullscreen src=\"data:image\/svg+xml;base64,PHN2ZyB3aWR0aD0iMSIgaGVpZ2h0PSIxIiB4bWxucz0iaHR0cDovL3d3dy53My5vcmcvMjAwMC9zdmciPjwvc3ZnPg==\" class=\"lazyload\" data-load-mode=\"1\"><\/iframe><\/p>\n","protected":false},"excerpt":{"rendered":"<p>Municipiul B\u0103l\u021bi ar putea ob\u021bine o investi\u021bie de aproape 18 milioane de euro, pentru achizi\u021bionarea autobuzelor electrice \u0219i izolarea termic\u0103 a blocurilor de locuit. Acestea sunt doar c\u00e2teva ac\u021biuni din cadrul unui proiect pilot a programului Orizont a Uniunii Europene. Proiectul vine ca prevedere a Conven\u021biei Primarilor privind Clim\u0103 \u0219i Energie. Conven\u021bie la care este [&hellip;]<\/p>\n","protected":false},"author":4,"featured_media":8799,"comment_status":"closed","ping_status":"closed","sticky":false,"template":"","format":"standard","meta":{"footnotes":""},"categories":[6353],"tags":[],"class_list":["post-8798","post","type-post","status-publish","format-standard","has-post-thumbnail","hentry","category-oras"],"yoast_head":"<!-- This site is optimized with the Yoast SEO plugin v27.4 - https:\/\/yoast.com\/product\/yoast-seo-wordpress\/ -->\n<title>P\u00c2N\u0102 \u00ceN 2018 PE STR\u0102ZILE DIN B\u0102L\u021aI AR PUTEA S\u0102 CIRCULE AUTOBUZE ELECTRICE - BTV<\/title>\n<meta name=\"robots\" content=\"index, follow, max-snippet:-1, max-image-preview:large, max-video-preview:-1\" \/>\n<link rel=\"canonical\" href=\"https:\/\/www.btv.md\/ro\/pana-in-2018-pe-strazile-din-balti-ar-putea-sa-circule-autobuze-electrice\/\" \/>\n<meta property=\"og:locale\" content=\"ro_RO\" \/>\n<meta property=\"og:type\" content=\"article\" \/>\n<meta property=\"og:title\" content=\"P\u00c2N\u0102 \u00ceN 2018 PE STR\u0102ZILE DIN B\u0102L\u021aI AR PUTEA S\u0102 CIRCULE AUTOBUZE ELECTRICE - BTV\" \/>\n<meta property=\"og:description\" content=\"Municipiul B\u0103l\u021bi ar putea ob\u021bine o investi\u021bie de aproape 18 milioane de euro, pentru achizi\u021bionarea autobuzelor electrice \u0219i izolarea termic\u0103 a blocurilor de locuit. Acestea sunt doar c\u00e2teva ac\u021biuni din cadrul unui proiect pilot a programului Orizont a Uniunii Europene. Proiectul vine ca prevedere a Conven\u021biei Primarilor privind Clim\u0103 \u0219i Energie. Conven\u021bie la care este [&hellip;]\" \/>\n<meta property=\"og:url\" content=\"https:\/\/www.btv.md\/ro\/pana-in-2018-pe-strazile-din-balti-ar-putea-sa-circule-autobuze-electrice\/\" \/>\n<meta property=\"og:site_name\" content=\"BTV\" \/>\n<meta property=\"article:publisher\" content=\"https:\/\/www.facebook.com\/btvmoldova\/\" \/>\n<meta property=\"article:published_time\" content=\"2016-03-11T16:46:24+00:00\" \/>\n<meta property=\"og:image\" content=\"https:\/\/www.btv.md\/wp-content\/uploads\/2016\/03\/byd_ebus_3_usi_80113400.jpg\" \/>\n\t<meta property=\"og:image:width\" content=\"620\" \/>\n\t<meta property=\"og:image:height\" content=\"347\" \/>\n\t<meta property=\"og:image:type\" content=\"image\/jpeg\" \/>\n<meta name=\"author\" content=\"admin\" \/>\n<meta name=\"twitter:label1\" content=\"Scris de\" \/>\n\t<meta name=\"twitter:data1\" content=\"admin\" \/>\n\t<meta name=\"twitter:label2\" content=\"Timp estimat pentru citire\" \/>\n\t<meta name=\"twitter:data2\" content=\"2 minute\" \/>\n<script type=\"application\/ld+json\" class=\"yoast-schema-graph\">{\"@context\":\"https:\\\/\\\/schema.org\",\"@graph\":[{\"@type\":\"Article\",\"@id\":\"https:\\\/\\\/www.btv.md\\\/ro\\\/pana-in-2018-pe-strazile-din-balti-ar-putea-sa-circule-autobuze-electrice\\\/#article\",\"isPartOf\":{\"@id\":\"https:\\\/\\\/www.btv.md\\\/ro\\\/pana-in-2018-pe-strazile-din-balti-ar-putea-sa-circule-autobuze-electrice\\\/\"},\"author\":{\"name\":\"admin\",\"@id\":\"https:\\\/\\\/www.btv.md\\\/#\\\/schema\\\/person\\\/8fadce81561b3ce2c34c46dadc4ccbf2\"},\"headline\":\"P\u00c2N\u0102 \u00ceN 2018 PE STR\u0102ZILE DIN B\u0102L\u021aI AR PUTEA S\u0102 CIRCULE AUTOBUZE ELECTRICE\",\"datePublished\":\"2016-03-11T16:46:24+00:00\",\"mainEntityOfPage\":{\"@id\":\"https:\\\/\\\/www.btv.md\\\/ro\\\/pana-in-2018-pe-strazile-din-balti-ar-putea-sa-circule-autobuze-electrice\\\/\"},\"wordCount\":494,\"image\":{\"@id\":\"https:\\\/\\\/www.btv.md\\\/ro\\\/pana-in-2018-pe-strazile-din-balti-ar-putea-sa-circule-autobuze-electrice\\\/#primaryimage\"},\"thumbnailUrl\":\"https:\\\/\\\/www.btv.md\\\/wp-content\\\/uploads\\\/2016\\\/03\\\/byd_ebus_3_usi_80113400.jpg\",\"articleSection\":[\"Ora\u0219\"],\"inLanguage\":\"ro-RO\"},{\"@type\":\"WebPage\",\"@id\":\"https:\\\/\\\/www.btv.md\\\/ro\\\/pana-in-2018-pe-strazile-din-balti-ar-putea-sa-circule-autobuze-electrice\\\/\",\"url\":\"https:\\\/\\\/www.btv.md\\\/ro\\\/pana-in-2018-pe-strazile-din-balti-ar-putea-sa-circule-autobuze-electrice\\\/\",\"name\":\"P\u00c2N\u0102 \u00ceN 2018 PE STR\u0102ZILE DIN B\u0102L\u021aI AR PUTEA S\u0102 CIRCULE AUTOBUZE ELECTRICE - BTV\",\"isPartOf\":{\"@id\":\"https:\\\/\\\/www.btv.md\\\/#website\"},\"primaryImageOfPage\":{\"@id\":\"https:\\\/\\\/www.btv.md\\\/ro\\\/pana-in-2018-pe-strazile-din-balti-ar-putea-sa-circule-autobuze-electrice\\\/#primaryimage\"},\"image\":{\"@id\":\"https:\\\/\\\/www.btv.md\\\/ro\\\/pana-in-2018-pe-strazile-din-balti-ar-putea-sa-circule-autobuze-electrice\\\/#primaryimage\"},\"thumbnailUrl\":\"https:\\\/\\\/www.btv.md\\\/wp-content\\\/uploads\\\/2016\\\/03\\\/byd_ebus_3_usi_80113400.jpg\",\"datePublished\":\"2016-03-11T16:46:24+00:00\",\"author\":{\"@id\":\"https:\\\/\\\/www.btv.md\\\/#\\\/schema\\\/person\\\/8fadce81561b3ce2c34c46dadc4ccbf2\"},\"inLanguage\":\"ro-RO\",\"potentialAction\":[{\"@type\":\"ReadAction\",\"target\":[\"https:\\\/\\\/www.btv.md\\\/ro\\\/pana-in-2018-pe-strazile-din-balti-ar-putea-sa-circule-autobuze-electrice\\\/\"]}]},{\"@type\":\"ImageObject\",\"inLanguage\":\"ro-RO\",\"@id\":\"https:\\\/\\\/www.btv.md\\\/ro\\\/pana-in-2018-pe-strazile-din-balti-ar-putea-sa-circule-autobuze-electrice\\\/#primaryimage\",\"url\":\"https:\\\/\\\/www.btv.md\\\/wp-content\\\/uploads\\\/2016\\\/03\\\/byd_ebus_3_usi_80113400.jpg\",\"contentUrl\":\"https:\\\/\\\/www.btv.md\\\/wp-content\\\/uploads\\\/2016\\\/03\\\/byd_ebus_3_usi_80113400.jpg\",\"width\":620,\"height\":347,\"caption\":\"www.b365.ro\"},{\"@type\":\"WebSite\",\"@id\":\"https:\\\/\\\/www.btv.md\\\/#website\",\"url\":\"https:\\\/\\\/www.btv.md\\\/\",\"name\":\"BTV\",\"description\":\"\u0411\u0435\u043b\u044c\u0446\u043a\u043e\u0435 \u0442\u0435\u043b\u0435\u0432\u0438\u0434\u0435\u043d\u0438\u0435\",\"potentialAction\":[{\"@type\":\"SearchAction\",\"target\":{\"@type\":\"EntryPoint\",\"urlTemplate\":\"https:\\\/\\\/www.btv.md\\\/?s={search_term_string}\"},\"query-input\":{\"@type\":\"PropertyValueSpecification\",\"valueRequired\":true,\"valueName\":\"search_term_string\"}}],\"inLanguage\":\"ro-RO\"},{\"@type\":\"Person\",\"@id\":\"https:\\\/\\\/www.btv.md\\\/#\\\/schema\\\/person\\\/8fadce81561b3ce2c34c46dadc4ccbf2\",\"name\":\"admin\"}]}<\/script>\n<!-- \/ Yoast SEO plugin. -->","yoast_head_json":{"title":"P\u00c2N\u0102 \u00ceN 2018 PE STR\u0102ZILE DIN B\u0102L\u021aI AR PUTEA S\u0102 CIRCULE AUTOBUZE ELECTRICE - BTV","robots":{"index":"index","follow":"follow","max-snippet":"max-snippet:-1","max-image-preview":"max-image-preview:large","max-video-preview":"max-video-preview:-1"},"canonical":"https:\/\/www.btv.md\/ro\/pana-in-2018-pe-strazile-din-balti-ar-putea-sa-circule-autobuze-electrice\/","og_locale":"ro_RO","og_type":"article","og_title":"P\u00c2N\u0102 \u00ceN 2018 PE STR\u0102ZILE DIN B\u0102L\u021aI AR PUTEA S\u0102 CIRCULE AUTOBUZE ELECTRICE - BTV","og_description":"Municipiul B\u0103l\u021bi ar putea ob\u021bine o investi\u021bie de aproape 18 milioane de euro, pentru achizi\u021bionarea autobuzelor electrice \u0219i izolarea termic\u0103 a blocurilor de locuit. Acestea sunt doar c\u00e2teva ac\u021biuni din cadrul unui proiect pilot a programului Orizont a Uniunii Europene. Proiectul vine ca prevedere a Conven\u021biei Primarilor privind Clim\u0103 \u0219i Energie. Conven\u021bie la care este [&hellip;]","og_url":"https:\/\/www.btv.md\/ro\/pana-in-2018-pe-strazile-din-balti-ar-putea-sa-circule-autobuze-electrice\/","og_site_name":"BTV","article_publisher":"https:\/\/www.facebook.com\/btvmoldova\/","article_published_time":"2016-03-11T16:46:24+00:00","og_image":[{"width":620,"height":347,"url":"https:\/\/www.btv.md\/wp-content\/uploads\/2016\/03\/byd_ebus_3_usi_80113400.jpg","type":"image\/jpeg"}],"author":"admin","twitter_misc":{"Scris de":"admin","Timp estimat pentru citire":"2 minute"},"schema":{"@context":"https:\/\/schema.org","@graph":[{"@type":"Article","@id":"https:\/\/www.btv.md\/ro\/pana-in-2018-pe-strazile-din-balti-ar-putea-sa-circule-autobuze-electrice\/#article","isPartOf":{"@id":"https:\/\/www.btv.md\/ro\/pana-in-2018-pe-strazile-din-balti-ar-putea-sa-circule-autobuze-electrice\/"},"author":{"name":"admin","@id":"https:\/\/www.btv.md\/#\/schema\/person\/8fadce81561b3ce2c34c46dadc4ccbf2"},"headline":"P\u00c2N\u0102 \u00ceN 2018 PE STR\u0102ZILE DIN B\u0102L\u021aI AR PUTEA S\u0102 CIRCULE AUTOBUZE ELECTRICE","datePublished":"2016-03-11T16:46:24+00:00","mainEntityOfPage":{"@id":"https:\/\/www.btv.md\/ro\/pana-in-2018-pe-strazile-din-balti-ar-putea-sa-circule-autobuze-electrice\/"},"wordCount":494,"image":{"@id":"https:\/\/www.btv.md\/ro\/pana-in-2018-pe-strazile-din-balti-ar-putea-sa-circule-autobuze-electrice\/#primaryimage"},"thumbnailUrl":"https:\/\/www.btv.md\/wp-content\/uploads\/2016\/03\/byd_ebus_3_usi_80113400.jpg","articleSection":["Ora\u0219"],"inLanguage":"ro-RO"},{"@type":"WebPage","@id":"https:\/\/www.btv.md\/ro\/pana-in-2018-pe-strazile-din-balti-ar-putea-sa-circule-autobuze-electrice\/","url":"https:\/\/www.btv.md\/ro\/pana-in-2018-pe-strazile-din-balti-ar-putea-sa-circule-autobuze-electrice\/","name":"P\u00c2N\u0102 \u00ceN 2018 PE STR\u0102ZILE DIN B\u0102L\u021aI AR PUTEA S\u0102 CIRCULE AUTOBUZE ELECTRICE - BTV","isPartOf":{"@id":"https:\/\/www.btv.md\/#website"},"primaryImageOfPage":{"@id":"https:\/\/www.btv.md\/ro\/pana-in-2018-pe-strazile-din-balti-ar-putea-sa-circule-autobuze-electrice\/#primaryimage"},"image":{"@id":"https:\/\/www.btv.md\/ro\/pana-in-2018-pe-strazile-din-balti-ar-putea-sa-circule-autobuze-electrice\/#primaryimage"},"thumbnailUrl":"https:\/\/www.btv.md\/wp-content\/uploads\/2016\/03\/byd_ebus_3_usi_80113400.jpg","datePublished":"2016-03-11T16:46:24+00:00","author":{"@id":"https:\/\/www.btv.md\/#\/schema\/person\/8fadce81561b3ce2c34c46dadc4ccbf2"},"inLanguage":"ro-RO","potentialAction":[{"@type":"ReadAction","target":["https:\/\/www.btv.md\/ro\/pana-in-2018-pe-strazile-din-balti-ar-putea-sa-circule-autobuze-electrice\/"]}]},{"@type":"ImageObject","inLanguage":"ro-RO","@id":"https:\/\/www.btv.md\/ro\/pana-in-2018-pe-strazile-din-balti-ar-putea-sa-circule-autobuze-electrice\/#primaryimage","url":"https:\/\/www.btv.md\/wp-content\/uploads\/2016\/03\/byd_ebus_3_usi_80113400.jpg","contentUrl":"https:\/\/www.btv.md\/wp-content\/uploads\/2016\/03\/byd_ebus_3_usi_80113400.jpg","width":620,"height":347,"caption":"www.b365.ro"},{"@type":"WebSite","@id":"https:\/\/www.btv.md\/#website","url":"https:\/\/www.btv.md\/","name":"BTV","description":"\u0411\u0435\u043b\u044c\u0446\u043a\u043e\u0435 \u0442\u0435\u043b\u0435\u0432\u0438\u0434\u0435\u043d\u0438\u0435","potentialAction":[{"@type":"SearchAction","target":{"@type":"EntryPoint","urlTemplate":"https:\/\/www.btv.md\/?s={search_term_string}"},"query-input":{"@type":"PropertyValueSpecification","valueRequired":true,"valueName":"search_term_string"}}],"inLanguage":"ro-RO"},{"@type":"Person","@id":"https:\/\/www.btv.md\/#\/schema\/person\/8fadce81561b3ce2c34c46dadc4ccbf2","name":"admin"}]}},"_links":{"self":[{"href":"https:\/\/www.btv.md\/ro\/wp-json\/wp\/v2\/posts\/8798","targetHints":{"allow":["GET"]}}],"collection":[{"href":"https:\/\/www.btv.md\/ro\/wp-json\/wp\/v2\/posts"}],"about":[{"href":"https:\/\/www.btv.md\/ro\/wp-json\/wp\/v2\/types\/post"}],"author":[{"embeddable":true,"href":"https:\/\/www.btv.md\/ro\/wp-json\/wp\/v2\/users\/4"}],"replies":[{"embeddable":true,"href":"https:\/\/www.btv.md\/ro\/wp-json\/wp\/v2\/comments?post=8798"}],"version-history":[{"count":0,"href":"https:\/\/www.btv.md\/ro\/wp-json\/wp\/v2\/posts\/8798\/revisions"}],"wp:featuredmedia":[{"embeddable":true,"href":"https:\/\/www.btv.md\/ro\/wp-json\/wp\/v2\/media\/8799"}],"wp:attachment":[{"href":"https:\/\/www.btv.md\/ro\/wp-json\/wp\/v2\/media?parent=8798"}],"wp:term":[{"taxonomy":"category","embeddable":true,"href":"https:\/\/www.btv.md\/ro\/wp-json\/wp\/v2\/categories?post=8798"},{"taxonomy":"post_tag","embeddable":true,"href":"https:\/\/www.btv.md\/ro\/wp-json\/wp\/v2\/tags?post=8798"}],"curies":[{"name":"wp","href":"https:\/\/api.w.org\/{rel}","templated":true}]}}