{"id":8826,"date":"2016-03-14T11:58:58","date_gmt":"2016-03-14T08:58:58","guid":{"rendered":"http:\/\/btv.md\/?p=8826"},"modified":"2016-03-14T11:58:58","modified_gmt":"2016-03-14T08:58:58","slug":"taxa-auto-se-schimba-din-nou","status":"publish","type":"post","link":"https:\/\/www.btv.md\/ro\/taxa-auto-se-schimba-din-nou\/","title":{"rendered":"TAXA  AUTO  SE  SCHIMB\u0102  DIN  NOU"},"content":{"rendered":"<p><strong>Guvernul a instituit, prin aprobarea  proiectului politicii fiscale, vamale \u0219i bugetare pe anul 2016, un impozit care reprezint\u0103 o plat\u0103 obligatorie la buget pentru de\u0163inerea autovehiculului \u00eenmatriculat \u00een Republica Moldova, scrie <a href=\"http:\/\/www.ziarulnational.md\/aveti-masina-iata-ce-taxa-va-trebui-sa-platiti\/\" target=\"_blank\">Ziarul Na\u021bional<\/a>.<\/strong><\/p>\n<p>To\u021bi de\u021bin\u0103torii de ma\u0219ini vor trebui s\u0103 achite impozitul \u00een fiecare an, o singur\u0103 dat\u0103 fie la data \u00eenmatricul\u0103rii de stat a autovehiculului, fie la data \u00eenmatricul\u0103rii de stat curente a autovehiculului.<\/p>\n<p>\u00cenmatricularea, precum \u015fi testarea tehnic\u0103 obligatorie a autovehiculului, f\u0103r\u0103 prezentarea documentului de plat\u0103 ce confirm\u0103 achitarea impozitului pentru anul curent, nu va fi efectuat. <\/p>\n<p>Impozitul va fi achitat indiferent de rezultatele test\u0103rii tehnice obligatorie. Dac\u0103, \u00een urma test\u0103rii tehnice obligatorie, autovehiculul a fost interzis \u00een exploatare, impozitul nu va fi restituit. <\/p>\n<p>\u00cen cazul \u00een care impozitul a fost achitat \u015fi autovehiculul nu a trecut testarea tehnic\u0103 obligatorie din cauza necorespunderii lui normelor stabilite, la supunerea repetat\u0103 a autovehiculului test\u0103rii tehnice obligatorie \u00een aceea\u015fi perioad\u0103 fiscal\u0103 de gestiune, impozitul nu va fi achitat. <\/p>\n<p>Potrivit decizie Guvernului, impozitul pe autovehicule va fi achitat la contul trezorerial de venituri al bugetului unit\u0103\u0163ii administrativ-teritoriale dup\u0103 locul (adresa) \u00eenmatricul\u0103rii autovehicululu.<\/p>\n<p>Nu vor pl\u0103ti acest impozit pe autotovehicule doar invalizii &#8211; pentru autovehicule reutilate \u00een sistem cu dirijare manual\u0103, fapt confirmat \u00een Registrul de stat al transporturilor, dar \u0219i organele de protec\u0163ie social\u0103 a popula\u0163iei &#8211; pentru autovehiculele luate la eviden\u0163\u0103 odat\u0103 cu \u00eenmatricularea primar\u0103 de stat transmise \u00een folosin\u0163\u0103 invalizilor.<\/p>\n","protected":false},"excerpt":{"rendered":"<p>Guvernul a instituit, prin aprobarea proiectului politicii fiscale, vamale \u0219i bugetare pe anul 2016, un impozit care reprezint\u0103 o plat\u0103 obligatorie la buget pentru de\u0163inerea autovehiculului \u00eenmatriculat \u00een Republica Moldova, scrie Ziarul Na\u021bional. To\u021bi de\u021bin\u0103torii de ma\u0219ini vor trebui s\u0103 achite impozitul \u00een fiecare an, o singur\u0103 dat\u0103 fie la data \u00eenmatricul\u0103rii de stat a [&hellip;]<\/p>\n","protected":false},"author":4,"featured_media":8827,"comment_status":"closed","ping_status":"closed","sticky":false,"template":"","format":"standard","meta":{"footnotes":""},"categories":[8],"tags":[],"class_list":["post-8826","post","type-post","status-publish","format-standard","has-post-thumbnail","hentry","category-obshestvo"],"yoast_head":"<!-- This site is optimized with the Yoast SEO plugin v27.4 - https:\/\/yoast.com\/product\/yoast-seo-wordpress\/ -->\n<title>TAXA AUTO SE SCHIMB\u0102 DIN NOU - BTV<\/title>\n<meta name=\"robots\" content=\"index, follow, max-snippet:-1, max-image-preview:large, max-video-preview:-1\" \/>\n<link rel=\"canonical\" href=\"https:\/\/www.btv.md\/ro\/taxa-auto-se-schimba-din-nou\/\" \/>\n<meta property=\"og:locale\" content=\"ro_RO\" \/>\n<meta property=\"og:type\" content=\"article\" \/>\n<meta property=\"og:title\" content=\"TAXA AUTO SE SCHIMB\u0102 DIN NOU - BTV\" \/>\n<meta property=\"og:description\" content=\"Guvernul a instituit, prin aprobarea proiectului politicii fiscale, vamale \u0219i bugetare pe anul 2016, un impozit care reprezint\u0103 o plat\u0103 obligatorie la buget pentru de\u0163inerea autovehiculului \u00eenmatriculat \u00een Republica Moldova, scrie Ziarul Na\u021bional. To\u021bi de\u021bin\u0103torii de ma\u0219ini vor trebui s\u0103 achite impozitul \u00een fiecare an, o singur\u0103 dat\u0103 fie la data \u00eenmatricul\u0103rii de stat a [&hellip;]\" \/>\n<meta property=\"og:url\" content=\"https:\/\/www.btv.md\/ro\/taxa-auto-se-schimba-din-nou\/\" \/>\n<meta property=\"og:site_name\" content=\"BTV\" \/>\n<meta property=\"article:publisher\" content=\"https:\/\/www.facebook.com\/btvmoldova\/\" \/>\n<meta property=\"article:published_time\" content=\"2016-03-14T08:58:58+00:00\" \/>\n<meta property=\"og:image\" content=\"https:\/\/www.btv.md\/wp-content\/uploads\/2016\/03\/taxa-auto.jpg\" \/>\n\t<meta property=\"og:image:width\" content=\"588\" \/>\n\t<meta property=\"og:image:height\" content=\"331\" \/>\n\t<meta property=\"og:image:type\" content=\"image\/jpeg\" \/>\n<meta name=\"author\" content=\"admin\" \/>\n<meta name=\"twitter:label1\" content=\"Scris de\" \/>\n\t<meta name=\"twitter:data1\" content=\"admin\" \/>\n\t<meta name=\"twitter:label2\" content=\"Timp estimat pentru citire\" \/>\n\t<meta name=\"twitter:data2\" content=\"1 minut\" \/>\n<script type=\"application\/ld+json\" class=\"yoast-schema-graph\">{\"@context\":\"https:\\\/\\\/schema.org\",\"@graph\":[{\"@type\":\"Article\",\"@id\":\"https:\\\/\\\/www.btv.md\\\/ro\\\/taxa-auto-se-schimba-din-nou\\\/#article\",\"isPartOf\":{\"@id\":\"https:\\\/\\\/www.btv.md\\\/ro\\\/taxa-auto-se-schimba-din-nou\\\/\"},\"author\":{\"name\":\"admin\",\"@id\":\"https:\\\/\\\/www.btv.md\\\/#\\\/schema\\\/person\\\/8fadce81561b3ce2c34c46dadc4ccbf2\"},\"headline\":\"TAXA AUTO SE SCHIMB\u0102 DIN NOU\",\"datePublished\":\"2016-03-14T08:58:58+00:00\",\"mainEntityOfPage\":{\"@id\":\"https:\\\/\\\/www.btv.md\\\/ro\\\/taxa-auto-se-schimba-din-nou\\\/\"},\"wordCount\":253,\"image\":{\"@id\":\"https:\\\/\\\/www.btv.md\\\/ro\\\/taxa-auto-se-schimba-din-nou\\\/#primaryimage\"},\"thumbnailUrl\":\"https:\\\/\\\/www.btv.md\\\/wp-content\\\/uploads\\\/2016\\\/03\\\/taxa-auto.jpg\",\"articleSection\":[\"\u041e\u0431\u0449\u0435\u0441\u0442\u0432\u043e\"],\"inLanguage\":\"ro-RO\"},{\"@type\":\"WebPage\",\"@id\":\"https:\\\/\\\/www.btv.md\\\/ro\\\/taxa-auto-se-schimba-din-nou\\\/\",\"url\":\"https:\\\/\\\/www.btv.md\\\/ro\\\/taxa-auto-se-schimba-din-nou\\\/\",\"name\":\"TAXA AUTO SE SCHIMB\u0102 DIN NOU - BTV\",\"isPartOf\":{\"@id\":\"https:\\\/\\\/www.btv.md\\\/#website\"},\"primaryImageOfPage\":{\"@id\":\"https:\\\/\\\/www.btv.md\\\/ro\\\/taxa-auto-se-schimba-din-nou\\\/#primaryimage\"},\"image\":{\"@id\":\"https:\\\/\\\/www.btv.md\\\/ro\\\/taxa-auto-se-schimba-din-nou\\\/#primaryimage\"},\"thumbnailUrl\":\"https:\\\/\\\/www.btv.md\\\/wp-content\\\/uploads\\\/2016\\\/03\\\/taxa-auto.jpg\",\"datePublished\":\"2016-03-14T08:58:58+00:00\",\"author\":{\"@id\":\"https:\\\/\\\/www.btv.md\\\/#\\\/schema\\\/person\\\/8fadce81561b3ce2c34c46dadc4ccbf2\"},\"inLanguage\":\"ro-RO\",\"potentialAction\":[{\"@type\":\"ReadAction\",\"target\":[\"https:\\\/\\\/www.btv.md\\\/ro\\\/taxa-auto-se-schimba-din-nou\\\/\"]}]},{\"@type\":\"ImageObject\",\"inLanguage\":\"ro-RO\",\"@id\":\"https:\\\/\\\/www.btv.md\\\/ro\\\/taxa-auto-se-schimba-din-nou\\\/#primaryimage\",\"url\":\"https:\\\/\\\/www.btv.md\\\/wp-content\\\/uploads\\\/2016\\\/03\\\/taxa-auto.jpg\",\"contentUrl\":\"https:\\\/\\\/www.btv.md\\\/wp-content\\\/uploads\\\/2016\\\/03\\\/taxa-auto.jpg\",\"width\":588,\"height\":331,\"caption\":\"cronicaromana.net\"},{\"@type\":\"WebSite\",\"@id\":\"https:\\\/\\\/www.btv.md\\\/#website\",\"url\":\"https:\\\/\\\/www.btv.md\\\/\",\"name\":\"BTV\",\"description\":\"\u0411\u0435\u043b\u044c\u0446\u043a\u043e\u0435 \u0442\u0435\u043b\u0435\u0432\u0438\u0434\u0435\u043d\u0438\u0435\",\"potentialAction\":[{\"@type\":\"SearchAction\",\"target\":{\"@type\":\"EntryPoint\",\"urlTemplate\":\"https:\\\/\\\/www.btv.md\\\/?s={search_term_string}\"},\"query-input\":{\"@type\":\"PropertyValueSpecification\",\"valueRequired\":true,\"valueName\":\"search_term_string\"}}],\"inLanguage\":\"ro-RO\"},{\"@type\":\"Person\",\"@id\":\"https:\\\/\\\/www.btv.md\\\/#\\\/schema\\\/person\\\/8fadce81561b3ce2c34c46dadc4ccbf2\",\"name\":\"admin\"}]}<\/script>\n<!-- \/ Yoast SEO plugin. -->","yoast_head_json":{"title":"TAXA AUTO SE SCHIMB\u0102 DIN NOU - BTV","robots":{"index":"index","follow":"follow","max-snippet":"max-snippet:-1","max-image-preview":"max-image-preview:large","max-video-preview":"max-video-preview:-1"},"canonical":"https:\/\/www.btv.md\/ro\/taxa-auto-se-schimba-din-nou\/","og_locale":"ro_RO","og_type":"article","og_title":"TAXA AUTO SE SCHIMB\u0102 DIN NOU - BTV","og_description":"Guvernul a instituit, prin aprobarea proiectului politicii fiscale, vamale \u0219i bugetare pe anul 2016, un impozit care reprezint\u0103 o plat\u0103 obligatorie la buget pentru de\u0163inerea autovehiculului \u00eenmatriculat \u00een Republica Moldova, scrie Ziarul Na\u021bional. To\u021bi de\u021bin\u0103torii de ma\u0219ini vor trebui s\u0103 achite impozitul \u00een fiecare an, o singur\u0103 dat\u0103 fie la data \u00eenmatricul\u0103rii de stat a [&hellip;]","og_url":"https:\/\/www.btv.md\/ro\/taxa-auto-se-schimba-din-nou\/","og_site_name":"BTV","article_publisher":"https:\/\/www.facebook.com\/btvmoldova\/","article_published_time":"2016-03-14T08:58:58+00:00","og_image":[{"width":588,"height":331,"url":"https:\/\/www.btv.md\/wp-content\/uploads\/2016\/03\/taxa-auto.jpg","type":"image\/jpeg"}],"author":"admin","twitter_misc":{"Scris de":"admin","Timp estimat pentru citire":"1 minut"},"schema":{"@context":"https:\/\/schema.org","@graph":[{"@type":"Article","@id":"https:\/\/www.btv.md\/ro\/taxa-auto-se-schimba-din-nou\/#article","isPartOf":{"@id":"https:\/\/www.btv.md\/ro\/taxa-auto-se-schimba-din-nou\/"},"author":{"name":"admin","@id":"https:\/\/www.btv.md\/#\/schema\/person\/8fadce81561b3ce2c34c46dadc4ccbf2"},"headline":"TAXA AUTO SE SCHIMB\u0102 DIN NOU","datePublished":"2016-03-14T08:58:58+00:00","mainEntityOfPage":{"@id":"https:\/\/www.btv.md\/ro\/taxa-auto-se-schimba-din-nou\/"},"wordCount":253,"image":{"@id":"https:\/\/www.btv.md\/ro\/taxa-auto-se-schimba-din-nou\/#primaryimage"},"thumbnailUrl":"https:\/\/www.btv.md\/wp-content\/uploads\/2016\/03\/taxa-auto.jpg","articleSection":["\u041e\u0431\u0449\u0435\u0441\u0442\u0432\u043e"],"inLanguage":"ro-RO"},{"@type":"WebPage","@id":"https:\/\/www.btv.md\/ro\/taxa-auto-se-schimba-din-nou\/","url":"https:\/\/www.btv.md\/ro\/taxa-auto-se-schimba-din-nou\/","name":"TAXA AUTO SE SCHIMB\u0102 DIN NOU - BTV","isPartOf":{"@id":"https:\/\/www.btv.md\/#website"},"primaryImageOfPage":{"@id":"https:\/\/www.btv.md\/ro\/taxa-auto-se-schimba-din-nou\/#primaryimage"},"image":{"@id":"https:\/\/www.btv.md\/ro\/taxa-auto-se-schimba-din-nou\/#primaryimage"},"thumbnailUrl":"https:\/\/www.btv.md\/wp-content\/uploads\/2016\/03\/taxa-auto.jpg","datePublished":"2016-03-14T08:58:58+00:00","author":{"@id":"https:\/\/www.btv.md\/#\/schema\/person\/8fadce81561b3ce2c34c46dadc4ccbf2"},"inLanguage":"ro-RO","potentialAction":[{"@type":"ReadAction","target":["https:\/\/www.btv.md\/ro\/taxa-auto-se-schimba-din-nou\/"]}]},{"@type":"ImageObject","inLanguage":"ro-RO","@id":"https:\/\/www.btv.md\/ro\/taxa-auto-se-schimba-din-nou\/#primaryimage","url":"https:\/\/www.btv.md\/wp-content\/uploads\/2016\/03\/taxa-auto.jpg","contentUrl":"https:\/\/www.btv.md\/wp-content\/uploads\/2016\/03\/taxa-auto.jpg","width":588,"height":331,"caption":"cronicaromana.net"},{"@type":"WebSite","@id":"https:\/\/www.btv.md\/#website","url":"https:\/\/www.btv.md\/","name":"BTV","description":"\u0411\u0435\u043b\u044c\u0446\u043a\u043e\u0435 \u0442\u0435\u043b\u0435\u0432\u0438\u0434\u0435\u043d\u0438\u0435","potentialAction":[{"@type":"SearchAction","target":{"@type":"EntryPoint","urlTemplate":"https:\/\/www.btv.md\/?s={search_term_string}"},"query-input":{"@type":"PropertyValueSpecification","valueRequired":true,"valueName":"search_term_string"}}],"inLanguage":"ro-RO"},{"@type":"Person","@id":"https:\/\/www.btv.md\/#\/schema\/person\/8fadce81561b3ce2c34c46dadc4ccbf2","name":"admin"}]}},"_links":{"self":[{"href":"https:\/\/www.btv.md\/ro\/wp-json\/wp\/v2\/posts\/8826","targetHints":{"allow":["GET"]}}],"collection":[{"href":"https:\/\/www.btv.md\/ro\/wp-json\/wp\/v2\/posts"}],"about":[{"href":"https:\/\/www.btv.md\/ro\/wp-json\/wp\/v2\/types\/post"}],"author":[{"embeddable":true,"href":"https:\/\/www.btv.md\/ro\/wp-json\/wp\/v2\/users\/4"}],"replies":[{"embeddable":true,"href":"https:\/\/www.btv.md\/ro\/wp-json\/wp\/v2\/comments?post=8826"}],"version-history":[{"count":0,"href":"https:\/\/www.btv.md\/ro\/wp-json\/wp\/v2\/posts\/8826\/revisions"}],"wp:featuredmedia":[{"embeddable":true,"href":"https:\/\/www.btv.md\/ro\/wp-json\/wp\/v2\/media\/8827"}],"wp:attachment":[{"href":"https:\/\/www.btv.md\/ro\/wp-json\/wp\/v2\/media?parent=8826"}],"wp:term":[{"taxonomy":"category","embeddable":true,"href":"https:\/\/www.btv.md\/ro\/wp-json\/wp\/v2\/categories?post=8826"},{"taxonomy":"post_tag","embeddable":true,"href":"https:\/\/www.btv.md\/ro\/wp-json\/wp\/v2\/tags?post=8826"}],"curies":[{"name":"wp","href":"https:\/\/api.w.org\/{rel}","templated":true}]}}