{"id":8833,"date":"2016-03-14T12:05:21","date_gmt":"2016-03-14T09:05:21","guid":{"rendered":"http:\/\/btv.md\/?p=8833"},"modified":"2016-03-14T12:06:01","modified_gmt":"2016-03-14T09:06:01","slug":"de-la-1-aprilie-pensiile-vor-fi-indexate-cu-10-la-suta","status":"publish","type":"post","link":"https:\/\/www.btv.md\/ro\/de-la-1-aprilie-pensiile-vor-fi-indexate-cu-10-la-suta\/","title":{"rendered":"DE  LA  1  APRILIE, PENSIILE  VOR  FI  INDEXATE  CU  10  LA  SUT\u0102"},"content":{"rendered":"<p><strong>Presta\u021biile de asigur\u0103ri sociale vor fi indexate cu 10,1% \u00eencep\u00eend cu 1 aprilie curent. O hot\u0103r\u00eere \u00een acest sens a fost aprobat\u0103 la \u0219edin\u021ba Guvernului, noteaz\u0103 <a href=\"http:\/\/www.noi.md\/md\/news_id\/80632\" target=\"_blank\">NOI.md<\/a>.<\/strong><\/p>\n<p>Astfel, de la 1 aprilie, m\u0103rimea pensiei pentru limita de v\u00eerst\u0103 se va majora cu 120 de lei \u0219i va constitui \u00een medie 948 de lei. De aceast\u0103 majorare vor beneficia aproximativ 500 de mii de persoane. Pensiile de invaliditate se vor majora cu 94 de lei, pentru circa 134 de mii de beneficiari. M\u0103rimea pensiei de invaliditate de gradul I va constitui 675 de lei, de gradul II \u2013 651 de lei, iar de gradul III \u2013 459 de lei.<\/p>\n<p>Pensiile de urma\u0219 se vor majora cu circa 60 de lei, pentru peste 15 mii de beneficiari. Totodat\u0103, pensia medie a participan\u021bilor la lichidarea consecin\u021belor avariei de la Cernob\u00eel se va majora cu 260 de lei.<\/p>\n<p>Potrivit Ministerului Muncii, Protec\u021biei Sociale \u0219i Familiei, procentul de indexare a pensiilor a fost calculat \u021bin\u00eend cont de cre\u0219terea salariului mediu pe \u021bar\u0103 \u00een anul 2015, fa\u021b\u0103 de anul 2014, cu 10,5%, \u0219i cre\u0219terea indicelui pre\u021burilor de consum \u00een anul 2015 fa\u021b\u0103 de 2014, cu 9,7%.<\/p>\n","protected":false},"excerpt":{"rendered":"<p>Presta\u021biile de asigur\u0103ri sociale vor fi indexate cu 10,1% \u00eencep\u00eend cu 1 aprilie curent. O hot\u0103r\u00eere \u00een acest sens a fost aprobat\u0103 la \u0219edin\u021ba Guvernului, noteaz\u0103 NOI.md. Astfel, de la 1 aprilie, m\u0103rimea pensiei pentru limita de v\u00eerst\u0103 se va majora cu 120 de lei \u0219i va constitui \u00een medie 948 de lei. De aceast\u0103 [&hellip;]<\/p>\n","protected":false},"author":4,"featured_media":8836,"comment_status":"closed","ping_status":"closed","sticky":false,"template":"","format":"standard","meta":{"footnotes":""},"categories":[8],"tags":[],"class_list":["post-8833","post","type-post","status-publish","format-standard","has-post-thumbnail","hentry","category-obshestvo"],"yoast_head":"<!-- This site is optimized with the Yoast SEO plugin v27.4 - https:\/\/yoast.com\/product\/yoast-seo-wordpress\/ -->\n<title>DE LA 1 APRILIE, PENSIILE VOR FI INDEXATE CU 10 LA SUT\u0102 - BTV<\/title>\n<meta name=\"robots\" content=\"index, follow, max-snippet:-1, max-image-preview:large, max-video-preview:-1\" \/>\n<link rel=\"canonical\" href=\"https:\/\/www.btv.md\/ro\/de-la-1-aprilie-pensiile-vor-fi-indexate-cu-10-la-suta\/\" \/>\n<meta property=\"og:locale\" content=\"ro_RO\" \/>\n<meta property=\"og:type\" content=\"article\" \/>\n<meta property=\"og:title\" content=\"DE LA 1 APRILIE, PENSIILE VOR FI INDEXATE CU 10 LA SUT\u0102 - BTV\" \/>\n<meta property=\"og:description\" content=\"Presta\u021biile de asigur\u0103ri sociale vor fi indexate cu 10,1% \u00eencep\u00eend cu 1 aprilie curent. O hot\u0103r\u00eere \u00een acest sens a fost aprobat\u0103 la \u0219edin\u021ba Guvernului, noteaz\u0103 NOI.md. Astfel, de la 1 aprilie, m\u0103rimea pensiei pentru limita de v\u00eerst\u0103 se va majora cu 120 de lei \u0219i va constitui \u00een medie 948 de lei. De aceast\u0103 [&hellip;]\" \/>\n<meta property=\"og:url\" content=\"https:\/\/www.btv.md\/ro\/de-la-1-aprilie-pensiile-vor-fi-indexate-cu-10-la-suta\/\" \/>\n<meta property=\"og:site_name\" content=\"BTV\" \/>\n<meta property=\"article:publisher\" content=\"https:\/\/www.facebook.com\/btvmoldova\/\" \/>\n<meta property=\"article:published_time\" content=\"2016-03-14T09:05:21+00:00\" \/>\n<meta property=\"article:modified_time\" content=\"2016-03-14T09:06:01+00:00\" \/>\n<meta property=\"og:image\" content=\"https:\/\/www.btv.md\/wp-content\/uploads\/2016\/03\/pensii-586x319.png\" \/>\n\t<meta property=\"og:image:width\" content=\"586\" \/>\n\t<meta property=\"og:image:height\" content=\"319\" \/>\n\t<meta property=\"og:image:type\" content=\"image\/png\" \/>\n<meta name=\"author\" content=\"admin\" \/>\n<meta name=\"twitter:label1\" content=\"Scris de\" \/>\n\t<meta name=\"twitter:data1\" content=\"admin\" \/>\n\t<meta name=\"twitter:label2\" content=\"Timp estimat pentru citire\" \/>\n\t<meta name=\"twitter:data2\" content=\"1 minut\" \/>\n<script type=\"application\/ld+json\" class=\"yoast-schema-graph\">{\"@context\":\"https:\\\/\\\/schema.org\",\"@graph\":[{\"@type\":\"Article\",\"@id\":\"https:\\\/\\\/www.btv.md\\\/ro\\\/de-la-1-aprilie-pensiile-vor-fi-indexate-cu-10-la-suta\\\/#article\",\"isPartOf\":{\"@id\":\"https:\\\/\\\/www.btv.md\\\/ro\\\/de-la-1-aprilie-pensiile-vor-fi-indexate-cu-10-la-suta\\\/\"},\"author\":{\"name\":\"admin\",\"@id\":\"https:\\\/\\\/www.btv.md\\\/#\\\/schema\\\/person\\\/8fadce81561b3ce2c34c46dadc4ccbf2\"},\"headline\":\"DE LA 1 APRILIE, PENSIILE VOR FI INDEXATE CU 10 LA SUT\u0102\",\"datePublished\":\"2016-03-14T09:05:21+00:00\",\"dateModified\":\"2016-03-14T09:06:01+00:00\",\"mainEntityOfPage\":{\"@id\":\"https:\\\/\\\/www.btv.md\\\/ro\\\/de-la-1-aprilie-pensiile-vor-fi-indexate-cu-10-la-suta\\\/\"},\"wordCount\":196,\"image\":{\"@id\":\"https:\\\/\\\/www.btv.md\\\/ro\\\/de-la-1-aprilie-pensiile-vor-fi-indexate-cu-10-la-suta\\\/#primaryimage\"},\"thumbnailUrl\":\"https:\\\/\\\/www.btv.md\\\/wp-content\\\/uploads\\\/2016\\\/03\\\/pensii-586x319.png\",\"articleSection\":[\"\u041e\u0431\u0449\u0435\u0441\u0442\u0432\u043e\"],\"inLanguage\":\"ro-RO\"},{\"@type\":\"WebPage\",\"@id\":\"https:\\\/\\\/www.btv.md\\\/ro\\\/de-la-1-aprilie-pensiile-vor-fi-indexate-cu-10-la-suta\\\/\",\"url\":\"https:\\\/\\\/www.btv.md\\\/ro\\\/de-la-1-aprilie-pensiile-vor-fi-indexate-cu-10-la-suta\\\/\",\"name\":\"DE LA 1 APRILIE, PENSIILE VOR FI INDEXATE CU 10 LA SUT\u0102 - BTV\",\"isPartOf\":{\"@id\":\"https:\\\/\\\/www.btv.md\\\/#website\"},\"primaryImageOfPage\":{\"@id\":\"https:\\\/\\\/www.btv.md\\\/ro\\\/de-la-1-aprilie-pensiile-vor-fi-indexate-cu-10-la-suta\\\/#primaryimage\"},\"image\":{\"@id\":\"https:\\\/\\\/www.btv.md\\\/ro\\\/de-la-1-aprilie-pensiile-vor-fi-indexate-cu-10-la-suta\\\/#primaryimage\"},\"thumbnailUrl\":\"https:\\\/\\\/www.btv.md\\\/wp-content\\\/uploads\\\/2016\\\/03\\\/pensii-586x319.png\",\"datePublished\":\"2016-03-14T09:05:21+00:00\",\"dateModified\":\"2016-03-14T09:06:01+00:00\",\"author\":{\"@id\":\"https:\\\/\\\/www.btv.md\\\/#\\\/schema\\\/person\\\/8fadce81561b3ce2c34c46dadc4ccbf2\"},\"inLanguage\":\"ro-RO\",\"potentialAction\":[{\"@type\":\"ReadAction\",\"target\":[\"https:\\\/\\\/www.btv.md\\\/ro\\\/de-la-1-aprilie-pensiile-vor-fi-indexate-cu-10-la-suta\\\/\"]}]},{\"@type\":\"ImageObject\",\"inLanguage\":\"ro-RO\",\"@id\":\"https:\\\/\\\/www.btv.md\\\/ro\\\/de-la-1-aprilie-pensiile-vor-fi-indexate-cu-10-la-suta\\\/#primaryimage\",\"url\":\"https:\\\/\\\/www.btv.md\\\/wp-content\\\/uploads\\\/2016\\\/03\\\/pensii-586x319.png\",\"contentUrl\":\"https:\\\/\\\/www.btv.md\\\/wp-content\\\/uploads\\\/2016\\\/03\\\/pensii-586x319.png\",\"width\":586,\"height\":319,\"caption\":\"independent.md\"},{\"@type\":\"WebSite\",\"@id\":\"https:\\\/\\\/www.btv.md\\\/#website\",\"url\":\"https:\\\/\\\/www.btv.md\\\/\",\"name\":\"BTV\",\"description\":\"\u0411\u0435\u043b\u044c\u0446\u043a\u043e\u0435 \u0442\u0435\u043b\u0435\u0432\u0438\u0434\u0435\u043d\u0438\u0435\",\"potentialAction\":[{\"@type\":\"SearchAction\",\"target\":{\"@type\":\"EntryPoint\",\"urlTemplate\":\"https:\\\/\\\/www.btv.md\\\/?s={search_term_string}\"},\"query-input\":{\"@type\":\"PropertyValueSpecification\",\"valueRequired\":true,\"valueName\":\"search_term_string\"}}],\"inLanguage\":\"ro-RO\"},{\"@type\":\"Person\",\"@id\":\"https:\\\/\\\/www.btv.md\\\/#\\\/schema\\\/person\\\/8fadce81561b3ce2c34c46dadc4ccbf2\",\"name\":\"admin\"}]}<\/script>\n<!-- \/ Yoast SEO plugin. -->","yoast_head_json":{"title":"DE LA 1 APRILIE, PENSIILE VOR FI INDEXATE CU 10 LA SUT\u0102 - BTV","robots":{"index":"index","follow":"follow","max-snippet":"max-snippet:-1","max-image-preview":"max-image-preview:large","max-video-preview":"max-video-preview:-1"},"canonical":"https:\/\/www.btv.md\/ro\/de-la-1-aprilie-pensiile-vor-fi-indexate-cu-10-la-suta\/","og_locale":"ro_RO","og_type":"article","og_title":"DE LA 1 APRILIE, PENSIILE VOR FI INDEXATE CU 10 LA SUT\u0102 - BTV","og_description":"Presta\u021biile de asigur\u0103ri sociale vor fi indexate cu 10,1% \u00eencep\u00eend cu 1 aprilie curent. O hot\u0103r\u00eere \u00een acest sens a fost aprobat\u0103 la \u0219edin\u021ba Guvernului, noteaz\u0103 NOI.md. Astfel, de la 1 aprilie, m\u0103rimea pensiei pentru limita de v\u00eerst\u0103 se va majora cu 120 de lei \u0219i va constitui \u00een medie 948 de lei. De aceast\u0103 [&hellip;]","og_url":"https:\/\/www.btv.md\/ro\/de-la-1-aprilie-pensiile-vor-fi-indexate-cu-10-la-suta\/","og_site_name":"BTV","article_publisher":"https:\/\/www.facebook.com\/btvmoldova\/","article_published_time":"2016-03-14T09:05:21+00:00","article_modified_time":"2016-03-14T09:06:01+00:00","og_image":[{"width":586,"height":319,"url":"https:\/\/www.btv.md\/wp-content\/uploads\/2016\/03\/pensii-586x319.png","type":"image\/png"}],"author":"admin","twitter_misc":{"Scris de":"admin","Timp estimat pentru citire":"1 minut"},"schema":{"@context":"https:\/\/schema.org","@graph":[{"@type":"Article","@id":"https:\/\/www.btv.md\/ro\/de-la-1-aprilie-pensiile-vor-fi-indexate-cu-10-la-suta\/#article","isPartOf":{"@id":"https:\/\/www.btv.md\/ro\/de-la-1-aprilie-pensiile-vor-fi-indexate-cu-10-la-suta\/"},"author":{"name":"admin","@id":"https:\/\/www.btv.md\/#\/schema\/person\/8fadce81561b3ce2c34c46dadc4ccbf2"},"headline":"DE LA 1 APRILIE, PENSIILE VOR FI INDEXATE CU 10 LA SUT\u0102","datePublished":"2016-03-14T09:05:21+00:00","dateModified":"2016-03-14T09:06:01+00:00","mainEntityOfPage":{"@id":"https:\/\/www.btv.md\/ro\/de-la-1-aprilie-pensiile-vor-fi-indexate-cu-10-la-suta\/"},"wordCount":196,"image":{"@id":"https:\/\/www.btv.md\/ro\/de-la-1-aprilie-pensiile-vor-fi-indexate-cu-10-la-suta\/#primaryimage"},"thumbnailUrl":"https:\/\/www.btv.md\/wp-content\/uploads\/2016\/03\/pensii-586x319.png","articleSection":["\u041e\u0431\u0449\u0435\u0441\u0442\u0432\u043e"],"inLanguage":"ro-RO"},{"@type":"WebPage","@id":"https:\/\/www.btv.md\/ro\/de-la-1-aprilie-pensiile-vor-fi-indexate-cu-10-la-suta\/","url":"https:\/\/www.btv.md\/ro\/de-la-1-aprilie-pensiile-vor-fi-indexate-cu-10-la-suta\/","name":"DE LA 1 APRILIE, PENSIILE VOR FI INDEXATE CU 10 LA SUT\u0102 - BTV","isPartOf":{"@id":"https:\/\/www.btv.md\/#website"},"primaryImageOfPage":{"@id":"https:\/\/www.btv.md\/ro\/de-la-1-aprilie-pensiile-vor-fi-indexate-cu-10-la-suta\/#primaryimage"},"image":{"@id":"https:\/\/www.btv.md\/ro\/de-la-1-aprilie-pensiile-vor-fi-indexate-cu-10-la-suta\/#primaryimage"},"thumbnailUrl":"https:\/\/www.btv.md\/wp-content\/uploads\/2016\/03\/pensii-586x319.png","datePublished":"2016-03-14T09:05:21+00:00","dateModified":"2016-03-14T09:06:01+00:00","author":{"@id":"https:\/\/www.btv.md\/#\/schema\/person\/8fadce81561b3ce2c34c46dadc4ccbf2"},"inLanguage":"ro-RO","potentialAction":[{"@type":"ReadAction","target":["https:\/\/www.btv.md\/ro\/de-la-1-aprilie-pensiile-vor-fi-indexate-cu-10-la-suta\/"]}]},{"@type":"ImageObject","inLanguage":"ro-RO","@id":"https:\/\/www.btv.md\/ro\/de-la-1-aprilie-pensiile-vor-fi-indexate-cu-10-la-suta\/#primaryimage","url":"https:\/\/www.btv.md\/wp-content\/uploads\/2016\/03\/pensii-586x319.png","contentUrl":"https:\/\/www.btv.md\/wp-content\/uploads\/2016\/03\/pensii-586x319.png","width":586,"height":319,"caption":"independent.md"},{"@type":"WebSite","@id":"https:\/\/www.btv.md\/#website","url":"https:\/\/www.btv.md\/","name":"BTV","description":"\u0411\u0435\u043b\u044c\u0446\u043a\u043e\u0435 \u0442\u0435\u043b\u0435\u0432\u0438\u0434\u0435\u043d\u0438\u0435","potentialAction":[{"@type":"SearchAction","target":{"@type":"EntryPoint","urlTemplate":"https:\/\/www.btv.md\/?s={search_term_string}"},"query-input":{"@type":"PropertyValueSpecification","valueRequired":true,"valueName":"search_term_string"}}],"inLanguage":"ro-RO"},{"@type":"Person","@id":"https:\/\/www.btv.md\/#\/schema\/person\/8fadce81561b3ce2c34c46dadc4ccbf2","name":"admin"}]}},"_links":{"self":[{"href":"https:\/\/www.btv.md\/ro\/wp-json\/wp\/v2\/posts\/8833","targetHints":{"allow":["GET"]}}],"collection":[{"href":"https:\/\/www.btv.md\/ro\/wp-json\/wp\/v2\/posts"}],"about":[{"href":"https:\/\/www.btv.md\/ro\/wp-json\/wp\/v2\/types\/post"}],"author":[{"embeddable":true,"href":"https:\/\/www.btv.md\/ro\/wp-json\/wp\/v2\/users\/4"}],"replies":[{"embeddable":true,"href":"https:\/\/www.btv.md\/ro\/wp-json\/wp\/v2\/comments?post=8833"}],"version-history":[{"count":0,"href":"https:\/\/www.btv.md\/ro\/wp-json\/wp\/v2\/posts\/8833\/revisions"}],"wp:featuredmedia":[{"embeddable":true,"href":"https:\/\/www.btv.md\/ro\/wp-json\/wp\/v2\/media\/8836"}],"wp:attachment":[{"href":"https:\/\/www.btv.md\/ro\/wp-json\/wp\/v2\/media?parent=8833"}],"wp:term":[{"taxonomy":"category","embeddable":true,"href":"https:\/\/www.btv.md\/ro\/wp-json\/wp\/v2\/categories?post=8833"},{"taxonomy":"post_tag","embeddable":true,"href":"https:\/\/www.btv.md\/ro\/wp-json\/wp\/v2\/tags?post=8833"}],"curies":[{"name":"wp","href":"https:\/\/api.w.org\/{rel}","templated":true}]}}