{"id":8847,"date":"2016-03-14T14:56:36","date_gmt":"2016-03-14T11:56:36","guid":{"rendered":"http:\/\/btv.md\/?p=8847"},"modified":"2016-03-14T14:56:36","modified_gmt":"2016-03-14T11:56:36","slug":"despre-scenariul-tragediei-din-alpi-si-noile-reguli-pentru-strainii-din-marea-britanie","status":"publish","type":"post","link":"https:\/\/www.btv.md\/ro\/despre-scenariul-tragediei-din-alpi-si-noile-reguli-pentru-strainii-din-marea-britanie\/","title":{"rendered":"Despre scenariul tragediei din Alpi \u0219i noile reguli pentru str\u0103inii din Marea Britanie"},"content":{"rendered":"<p><strong> RAPORT   FINAL  \u00ceN  CAZUL  TRAGEDIEI  GERMANWINGS<\/strong><\/p>\n<p><strong>Exper\u0163ii avia\u0163iei civile franceze au recomandat efectuarea de controale medicale \u015fi teste psihologice mai riguroase asupra pilo\u0163ilor de linie, \u00eentr-un raport f\u0103cut public duminic\u0103, la cap\u0103tul anchetei privind catastrofa aviatic\u0103 din martie 2015 din Alpii francezi, c\u00e2nd un aparat al Germanwings s-a pr\u0103bu\u015fit, provoc\u00e2nd moartea a 150 de persoane, relateaz\u0103 AFP.<\/strong><\/p>\n<p>Raportul Biroului de anchete \u015fi analize (BEA), prezentat \u00eentr-o conferin\u0163\u0103 de pres\u0103 la Le Bourget, l\u00e2ng\u0103 Paris, confirm\u0103 definitiv c\u0103 pr\u0103bu\u015firea aparatului a fost provocat\u0103 deliberat de copilotul german Andreas Lubitz, care suferea de probleme psihice.   Exper\u0163ii au formulat dou\u0103 recomand\u0103ri. Prima dintre acestea este ca medicii s\u0103 aib\u0103 dreptul s\u0103 transmit\u0103 informa\u0163ii privind starea de s\u0103n\u0103tate a pilo\u0163ilor, pentru a putea \u201c<em>ap\u0103ra siguran\u0163a public\u0103<\/em>\u201d. Cea de a doua recomandare este ca pilo\u0163ii s\u0103 fac\u0103 analize regulate, pentru identificarea problemelor psihice.   <\/p>\n<p>Un medic a recomandat ca Andreas Lubitz, copilotul cursei Germanwings pr\u0103bu\u015fite \u00een Alpii francezi \u00een martie 2015, s\u0103 fie internat \u00eentr-un spital de psihiatrie, cu numai dou\u0103 s\u0103pt\u0103m\u00e2ni \u00eenainte de tragedie, au anun\u0163at duminic\u0103 anchetatorii francezi \u00een raportul final privind masacrul, relateaz\u0103 Daily Mirror.   <\/p>\n<p>La 24 martie 2015, Lubitz l-a \u00eencuiat pe comandatul zborului Germanwings de la Barcelona la Dusseldorf \u00een afara cabinei. Zece minute mai t\u00e2rziu, avionul Airbus A320 a lovit un versant muntos. To\u0163i cei 144 de pasageri \u015fi \u015fase membri ai echipajului au murit. C\u0103pitanul Patrick Sondenheime a folosit un levier \u015fi un container cu oxygen pentru a \u00eencerca s\u0103 sparg\u0103 u\u015fa cabinei. Mai multe lovituri puternice au fost \u00eenregistrate de cutiile negre.   <\/p>\n<p>De asemenea, Sondenheime a sunat de mai multe ori \u00een cabin\u0103, pe interfon, dar Lubitz nu i-a r\u0103spuns.  Ancheta a ar\u0103tat c\u0103 Lubitz suferea de depresie \u015fi fusese consultat de zeci de medici \u00een anii dinainte de tragedie.   <\/p>\n<p>\u00cen baza legilor germane, \u00eens\u0103, niciunul dintre doctori nu a avut dreptul s\u0103 alerteze compania aerian\u0103 \u00een leg\u0103tur\u0103 cu starea copilotului, astfel c\u0103 i s-a permis s\u0103 zboare \u00een continuare. O parte dintre rudele victimelor inten\u0163ioneaz\u0103 s\u0103 dea \u00een judecat\u0103 \u015fcoala de avia\u0163ie de la Phoenix, Arizona, unde a studiat Lubitz \u015fi care ar fi trebuit s\u0103 identifice \u015fi s\u0103 semnaleze problemele sale psihologice. <\/p>\n<p>\u201c<em>Copilotul \u015fi-a \u00eentrerupt antrenamentul de acolo pentru o perioad\u0103 de timp, din cauza problemelor psihice (&#8230;). Nu ar fi trebui s\u0103 i se permit\u0103 s\u0103 \u00ee\u015fi reia antrenamentul<\/em>\u201d, a explicat avocatul care va reprezenta familiile, Christof Wellen.   <\/p>\n<p>Compania-mam\u0103 a Germanwings, Lufthansa, a pl\u0103tit 50.000 de euro desp\u0103gubiri pentru fiecare victim\u0103. De asemenea, a mai oferit 25.000 de euro fiec\u0103rei familii \u015fi \u00eenc\u0103 10.000 de euro fiec\u0103rei rude de gradul \u00eent\u00e2i a celor afla\u0163i la bord, adic\u0103 p\u0103rin\u0163i, copii \u015fi so\u0163i sau so\u0163ii.<\/p>\n<p>adevarul.ro<\/p>\n<p><strong>MAREA  BRITANIE  SCHIMB\u0102  REGULILE<\/strong><\/p>\n<p><strong>Marea Britanie schimb\u0103 regulile \u00een privin\u0163a str\u0103inilor care vor s\u0103 se stabileasc\u0103 \u00een Regat.<\/strong><\/p>\n<p>De luna viitoare, imigran\u0163ii din afara Uniunii Europene vor primi permise permanente de \u015federe numai dac\u0103 au venituri de cel pu\u0163in 35.000 de lire pe an, adic\u0103 peste 2.900 de lire pe lun\u0103. Excep\u0163ie fac deocamdat\u0103 asistentele medicale, cei cu locuri de munc\u0103 ce necesit\u0103 studii de doctorat \u015fi cei care locuiesc deja \u00een regat de 10 ani. Vor fi \u00eens\u0103 afecta\u0163i profesorii, jurnali\u015ftii \u015fi unii dintre cei care lucreaz\u0103 \u00een IT.<\/p>\n<p>Indienii, pakistanezii \u015fi filipinezii sunt cei mai numero\u015fi str\u0103ini din Marea Britanie, dar afecta\u0163i de m\u0103sur\u0103 vor fi inclusiv americanii, canadienii \u015fi australienii.<\/p>\n<p>digi24.ro<\/p>\n<p><strong>ATAC  CU  O  MA\u0218IN\u0102  CAPCAN\u0102  LA  ANKARA<\/strong><\/p>\n<p><strong>Atacurile, ca cel cu ma\u0219in\u0103 capcan\u0103 comis la Ankara, nu vor sl\u0103bi determinarea Turciei de a lupta \u00eempotriva terorismului \u0219i ea nu va renun\u021ba niciodat\u0103 la dreptul de a se ap\u0103ra, a declarat duminic\u0103 pre\u0219edintele Tayyip Erdogan, informeaz\u0103 Reuters.<\/strong><\/p>\n<p>\u00centr-un comunicat difuzat la c\u00e2teva ore dup\u0103 explozia unei ma\u0219ini capcan\u0103 ce a ucis 34 de persoane \u00een capital\u0103, Erdogan a spus c\u0103 organiza\u021biile teroriste vizeaz\u0103 civilii dup\u0103 ce ele au pierdut lupta \u00eempotriva for\u021belor de securitate. <\/p>\n<p>Acesta a ad\u0103ugat c\u0103 Turcia a devenit o \u021bint\u0103 din cauza instabilit\u0103\u021bii regionale \u00een ultimii ani.<br \/>\nExplozia produs\u0103 duminic\u0103 \u00een centrul capitalei turce a ucis 34 de persoane \u0219i a r\u0103nit mai mult de 125.<\/p>\n<p>agerpres.ro<\/p>\n<p><strong>ATAC  ARMAT   \u00ceNTR-UN  HOTEL  DE  LUX<\/strong><\/p>\n<p><strong>Cel pu\u0163in 16 oameni, printre care \u015fi patru europeni, au murit \u00een Coasta de Filde\u015f, dup\u0103 ce persoane \u00eenarmate au atacat un hotel din sta\u0163iunea Grand B assam.<\/strong><\/p>\n<p>Pre\u015fedintele \u0163\u0103rii a anun\u0163at c\u0103 terori\u015ftii au ucis 14 civili \u015fi doi militari. Potrivit TF1, mai mul\u0163i b\u0103rba\u0163i cu fe\u0163ele acoperite, care vizau occidentali, au \u00eenceput s\u0103 trag\u0103 asupra turi\u015ftilor afla\u0163i pe plaj\u0103. \u00cen imaginile surprinse din balconul hotelului se vede cum oamenii alearg\u0103 dispera\u0163i s\u0103 se pun\u0103 la ad\u0103post.Presa local\u0103 scrie c\u0103 hotelul atacat este frecventat de cet\u0103\u0163eni str\u0103ini care au afaceri sau lucreaz\u0103 \u00een Coasta de Filde\u015f. <\/p>\n<p>Atentatul a fost revendicat de gruparea terorist\u0103 Al-Qaida.<\/p>\n<p>digi24.ro<\/p>\n<p><strong>FOSTA  RE\u0218EDIN\u021a\u0102  A  FAMILIEI  CEAU\u0218ESCU  A  FOST  DESCHIS\u0102  PUBLICULUI<\/strong><\/p>\n<p><strong>Fosta re\u015fedin\u0163\u0103 a familiei Ceau\u015fescu, aflat\u0103 acum \u00een administrarea RAAPPS, a fost deschis\u0103 s\u00e2mb\u0103t\u0103 oficial publicului, intr\u00e2nd astfel \u00een circuitul muzeal al Bucure\u015ftiului.<\/strong><\/p>\n<p>Vicepremierul Vasile D\u00eencu \u015fi mai mul\u0163i mini\u015ftri din Cabinetul Ciolo\u015f au \u0163inut o conferin\u0163\u0103 de pres\u0103 pentru a marca deschiderea oficial\u0103.<\/p>\n<p>Palatul Prim\u0103verii este deschis publicului, dup\u0103 26 de ani de la c\u0103derea comunismului \u00een Rom\u00e2nia. Tot dup\u0103 26 de ani, la re\u015fedin\u0163a fo\u015ftilor dictatori a venit \u015fi Cristian Gheorghiu, care lucra aici \u00eenainte de &#8217;89. Ultima dat\u0103 c\u00e2nd a v\u0103zut re\u015fedin\u0163a a fost \u00een 22 decembrie 1989, c\u00e2nd oamenii au luat cu asalt &#8222;palatul Ceau\u015fe\u015ftilor&#8221; pentru a vedea dac\u0103 au robinete de aur sau nu. <\/p>\n<p>Fostul angajat al familiei spune c\u0103 Palatul nu s-a schimbat \u00een ultimii 26 de ani, \u00eens\u0103 &#8222;nu e \u00eentre\u0163inut&#8221;. De asemenea, \u00een ceea ce prive\u015fte arhitectura \u015fi decora\u0163iunile, deciziile au fost luate de arhitec\u0163i, singura &#8222;preten\u0163ie&#8221; a familiei Ceau\u015fescu fiind ca pe terase, mozaicul s\u0103 fie cu motive oltene\u015fti.<\/p>\n<p>Pentru turi\u015fti, turul \u00een imobil \u00eencepe din vestibul, unde este o garderob\u0103 pentru vizitatori. De acolo se pot cump\u0103ra bilete de intrare cu 30 de lei pentru adul\u0163i \u015fi 15 lei pentru elevi studen\u0163i \u015fi pensionari. Veteranii de r\u0103zboi \u015fi eroii revolu\u0163iei pot intra gratuit.<\/p>\n<p>mediafax.ro<\/p>\n<p><iframe width=\"420\" height=\"315\" data-src=\"https:\/\/www.youtube.com\/embed\/6_dVcZipETY\" frameborder=\"0\" allowfullscreen src=\"data:image\/svg+xml;base64,PHN2ZyB3aWR0aD0iMSIgaGVpZ2h0PSIxIiB4bWxucz0iaHR0cDovL3d3dy53My5vcmcvMjAwMC9zdmciPjwvc3ZnPg==\" class=\"lazyload\" data-load-mode=\"1\"><\/iframe><\/p>\n","protected":false},"excerpt":{"rendered":"<p>RAPORT FINAL \u00ceN CAZUL TRAGEDIEI GERMANWINGS Exper\u0163ii avia\u0163iei civile franceze au recomandat efectuarea de controale medicale \u015fi teste psihologice mai riguroase asupra pilo\u0163ilor de linie, \u00eentr-un raport f\u0103cut public duminic\u0103, la cap\u0103tul anchetei privind catastrofa aviatic\u0103 din martie 2015 din Alpii francezi, c\u00e2nd un aparat al Germanwings s-a pr\u0103bu\u015fit, provoc\u00e2nd moartea a 150 de persoane, [&hellip;]<\/p>\n","protected":false},"author":4,"featured_media":8848,"comment_status":"closed","ping_status":"closed","sticky":false,"template":"","format":"standard","meta":{"footnotes":""},"categories":[6354],"tags":[],"class_list":["post-8847","post","type-post","status-publish","format-standard","has-post-thumbnail","hentry","category-externe-ro"],"yoast_head":"<!-- This site is optimized with the Yoast SEO plugin v27.4 - https:\/\/yoast.com\/product\/yoast-seo-wordpress\/ -->\n<title>Despre scenariul tragediei din Alpi \u0219i noile reguli pentru str\u0103inii din Marea Britanie - BTV<\/title>\n<meta name=\"robots\" content=\"index, follow, max-snippet:-1, max-image-preview:large, max-video-preview:-1\" \/>\n<link rel=\"canonical\" href=\"https:\/\/www.btv.md\/ro\/despre-scenariul-tragediei-din-alpi-si-noile-reguli-pentru-strainii-din-marea-britanie\/\" \/>\n<meta property=\"og:locale\" content=\"ro_RO\" \/>\n<meta property=\"og:type\" content=\"article\" \/>\n<meta property=\"og:title\" content=\"Despre scenariul tragediei din Alpi \u0219i noile reguli pentru str\u0103inii din Marea Britanie - BTV\" \/>\n<meta property=\"og:description\" content=\"RAPORT FINAL \u00ceN CAZUL TRAGEDIEI GERMANWINGS Exper\u0163ii avia\u0163iei civile franceze au recomandat efectuarea de controale medicale \u015fi teste psihologice mai riguroase asupra pilo\u0163ilor de linie, \u00eentr-un raport f\u0103cut public duminic\u0103, la cap\u0103tul anchetei privind catastrofa aviatic\u0103 din martie 2015 din Alpii francezi, c\u00e2nd un aparat al Germanwings s-a pr\u0103bu\u015fit, provoc\u00e2nd moartea a 150 de persoane, [&hellip;]\" \/>\n<meta property=\"og:url\" content=\"https:\/\/www.btv.md\/ro\/despre-scenariul-tragediei-din-alpi-si-noile-reguli-pentru-strainii-din-marea-britanie\/\" \/>\n<meta property=\"og:site_name\" content=\"BTV\" \/>\n<meta property=\"article:publisher\" content=\"https:\/\/www.facebook.com\/btvmoldova\/\" \/>\n<meta property=\"article:published_time\" content=\"2016-03-14T11:56:36+00:00\" \/>\n<meta property=\"og:image\" content=\"https:\/\/www.btv.md\/wp-content\/uploads\/2016\/03\/marea-britanie-inaspreste-conditiile-pentru-muncitorii-straini-din-afara-uniunii-europene-1457886017.png\" \/>\n\t<meta property=\"og:image:width\" content=\"700\" \/>\n\t<meta property=\"og:image:height\" content=\"387\" \/>\n\t<meta property=\"og:image:type\" content=\"image\/png\" \/>\n<meta name=\"author\" content=\"admin\" \/>\n<meta name=\"twitter:label1\" content=\"Scris de\" \/>\n\t<meta name=\"twitter:data1\" content=\"admin\" \/>\n\t<meta name=\"twitter:label2\" content=\"Timp estimat pentru citire\" \/>\n\t<meta name=\"twitter:data2\" content=\"6 minute\" \/>\n<script type=\"application\/ld+json\" class=\"yoast-schema-graph\">{\"@context\":\"https:\\\/\\\/schema.org\",\"@graph\":[{\"@type\":\"Article\",\"@id\":\"https:\\\/\\\/www.btv.md\\\/ro\\\/despre-scenariul-tragediei-din-alpi-si-noile-reguli-pentru-strainii-din-marea-britanie\\\/#article\",\"isPartOf\":{\"@id\":\"https:\\\/\\\/www.btv.md\\\/ro\\\/despre-scenariul-tragediei-din-alpi-si-noile-reguli-pentru-strainii-din-marea-britanie\\\/\"},\"author\":{\"name\":\"admin\",\"@id\":\"https:\\\/\\\/www.btv.md\\\/#\\\/schema\\\/person\\\/8fadce81561b3ce2c34c46dadc4ccbf2\"},\"headline\":\"Despre scenariul tragediei din Alpi \u0219i noile reguli pentru str\u0103inii din Marea Britanie\",\"datePublished\":\"2016-03-14T11:56:36+00:00\",\"mainEntityOfPage\":{\"@id\":\"https:\\\/\\\/www.btv.md\\\/ro\\\/despre-scenariul-tragediei-din-alpi-si-noile-reguli-pentru-strainii-din-marea-britanie\\\/\"},\"wordCount\":1113,\"image\":{\"@id\":\"https:\\\/\\\/www.btv.md\\\/ro\\\/despre-scenariul-tragediei-din-alpi-si-noile-reguli-pentru-strainii-din-marea-britanie\\\/#primaryimage\"},\"thumbnailUrl\":\"https:\\\/\\\/www.btv.md\\\/wp-content\\\/uploads\\\/2016\\\/03\\\/marea-britanie-inaspreste-conditiile-pentru-muncitorii-straini-din-afara-uniunii-europene-1457886017.png\",\"articleSection\":[\"Externe\"],\"inLanguage\":\"ro-RO\"},{\"@type\":\"WebPage\",\"@id\":\"https:\\\/\\\/www.btv.md\\\/ro\\\/despre-scenariul-tragediei-din-alpi-si-noile-reguli-pentru-strainii-din-marea-britanie\\\/\",\"url\":\"https:\\\/\\\/www.btv.md\\\/ro\\\/despre-scenariul-tragediei-din-alpi-si-noile-reguli-pentru-strainii-din-marea-britanie\\\/\",\"name\":\"Despre scenariul tragediei din Alpi \u0219i noile reguli pentru str\u0103inii din Marea Britanie - BTV\",\"isPartOf\":{\"@id\":\"https:\\\/\\\/www.btv.md\\\/#website\"},\"primaryImageOfPage\":{\"@id\":\"https:\\\/\\\/www.btv.md\\\/ro\\\/despre-scenariul-tragediei-din-alpi-si-noile-reguli-pentru-strainii-din-marea-britanie\\\/#primaryimage\"},\"image\":{\"@id\":\"https:\\\/\\\/www.btv.md\\\/ro\\\/despre-scenariul-tragediei-din-alpi-si-noile-reguli-pentru-strainii-din-marea-britanie\\\/#primaryimage\"},\"thumbnailUrl\":\"https:\\\/\\\/www.btv.md\\\/wp-content\\\/uploads\\\/2016\\\/03\\\/marea-britanie-inaspreste-conditiile-pentru-muncitorii-straini-din-afara-uniunii-europene-1457886017.png\",\"datePublished\":\"2016-03-14T11:56:36+00:00\",\"author\":{\"@id\":\"https:\\\/\\\/www.btv.md\\\/#\\\/schema\\\/person\\\/8fadce81561b3ce2c34c46dadc4ccbf2\"},\"inLanguage\":\"ro-RO\",\"potentialAction\":[{\"@type\":\"ReadAction\",\"target\":[\"https:\\\/\\\/www.btv.md\\\/ro\\\/despre-scenariul-tragediei-din-alpi-si-noile-reguli-pentru-strainii-din-marea-britanie\\\/\"]}]},{\"@type\":\"ImageObject\",\"inLanguage\":\"ro-RO\",\"@id\":\"https:\\\/\\\/www.btv.md\\\/ro\\\/despre-scenariul-tragediei-din-alpi-si-noile-reguli-pentru-strainii-din-marea-britanie\\\/#primaryimage\",\"url\":\"https:\\\/\\\/www.btv.md\\\/wp-content\\\/uploads\\\/2016\\\/03\\\/marea-britanie-inaspreste-conditiile-pentru-muncitorii-straini-din-afara-uniunii-europene-1457886017.png\",\"contentUrl\":\"https:\\\/\\\/www.btv.md\\\/wp-content\\\/uploads\\\/2016\\\/03\\\/marea-britanie-inaspreste-conditiile-pentru-muncitorii-straini-din-afara-uniunii-europene-1457886017.png\",\"width\":700,\"height\":387,\"caption\":\"unimedia.info\"},{\"@type\":\"WebSite\",\"@id\":\"https:\\\/\\\/www.btv.md\\\/#website\",\"url\":\"https:\\\/\\\/www.btv.md\\\/\",\"name\":\"BTV\",\"description\":\"\u0411\u0435\u043b\u044c\u0446\u043a\u043e\u0435 \u0442\u0435\u043b\u0435\u0432\u0438\u0434\u0435\u043d\u0438\u0435\",\"potentialAction\":[{\"@type\":\"SearchAction\",\"target\":{\"@type\":\"EntryPoint\",\"urlTemplate\":\"https:\\\/\\\/www.btv.md\\\/?s={search_term_string}\"},\"query-input\":{\"@type\":\"PropertyValueSpecification\",\"valueRequired\":true,\"valueName\":\"search_term_string\"}}],\"inLanguage\":\"ro-RO\"},{\"@type\":\"Person\",\"@id\":\"https:\\\/\\\/www.btv.md\\\/#\\\/schema\\\/person\\\/8fadce81561b3ce2c34c46dadc4ccbf2\",\"name\":\"admin\"}]}<\/script>\n<!-- \/ Yoast SEO plugin. -->","yoast_head_json":{"title":"Despre scenariul tragediei din Alpi \u0219i noile reguli pentru str\u0103inii din Marea Britanie - BTV","robots":{"index":"index","follow":"follow","max-snippet":"max-snippet:-1","max-image-preview":"max-image-preview:large","max-video-preview":"max-video-preview:-1"},"canonical":"https:\/\/www.btv.md\/ro\/despre-scenariul-tragediei-din-alpi-si-noile-reguli-pentru-strainii-din-marea-britanie\/","og_locale":"ro_RO","og_type":"article","og_title":"Despre scenariul tragediei din Alpi \u0219i noile reguli pentru str\u0103inii din Marea Britanie - BTV","og_description":"RAPORT FINAL \u00ceN CAZUL TRAGEDIEI GERMANWINGS Exper\u0163ii avia\u0163iei civile franceze au recomandat efectuarea de controale medicale \u015fi teste psihologice mai riguroase asupra pilo\u0163ilor de linie, \u00eentr-un raport f\u0103cut public duminic\u0103, la cap\u0103tul anchetei privind catastrofa aviatic\u0103 din martie 2015 din Alpii francezi, c\u00e2nd un aparat al Germanwings s-a pr\u0103bu\u015fit, provoc\u00e2nd moartea a 150 de persoane, [&hellip;]","og_url":"https:\/\/www.btv.md\/ro\/despre-scenariul-tragediei-din-alpi-si-noile-reguli-pentru-strainii-din-marea-britanie\/","og_site_name":"BTV","article_publisher":"https:\/\/www.facebook.com\/btvmoldova\/","article_published_time":"2016-03-14T11:56:36+00:00","og_image":[{"width":700,"height":387,"url":"https:\/\/www.btv.md\/wp-content\/uploads\/2016\/03\/marea-britanie-inaspreste-conditiile-pentru-muncitorii-straini-din-afara-uniunii-europene-1457886017.png","type":"image\/png"}],"author":"admin","twitter_misc":{"Scris de":"admin","Timp estimat pentru citire":"6 minute"},"schema":{"@context":"https:\/\/schema.org","@graph":[{"@type":"Article","@id":"https:\/\/www.btv.md\/ro\/despre-scenariul-tragediei-din-alpi-si-noile-reguli-pentru-strainii-din-marea-britanie\/#article","isPartOf":{"@id":"https:\/\/www.btv.md\/ro\/despre-scenariul-tragediei-din-alpi-si-noile-reguli-pentru-strainii-din-marea-britanie\/"},"author":{"name":"admin","@id":"https:\/\/www.btv.md\/#\/schema\/person\/8fadce81561b3ce2c34c46dadc4ccbf2"},"headline":"Despre scenariul tragediei din Alpi \u0219i noile reguli pentru str\u0103inii din Marea Britanie","datePublished":"2016-03-14T11:56:36+00:00","mainEntityOfPage":{"@id":"https:\/\/www.btv.md\/ro\/despre-scenariul-tragediei-din-alpi-si-noile-reguli-pentru-strainii-din-marea-britanie\/"},"wordCount":1113,"image":{"@id":"https:\/\/www.btv.md\/ro\/despre-scenariul-tragediei-din-alpi-si-noile-reguli-pentru-strainii-din-marea-britanie\/#primaryimage"},"thumbnailUrl":"https:\/\/www.btv.md\/wp-content\/uploads\/2016\/03\/marea-britanie-inaspreste-conditiile-pentru-muncitorii-straini-din-afara-uniunii-europene-1457886017.png","articleSection":["Externe"],"inLanguage":"ro-RO"},{"@type":"WebPage","@id":"https:\/\/www.btv.md\/ro\/despre-scenariul-tragediei-din-alpi-si-noile-reguli-pentru-strainii-din-marea-britanie\/","url":"https:\/\/www.btv.md\/ro\/despre-scenariul-tragediei-din-alpi-si-noile-reguli-pentru-strainii-din-marea-britanie\/","name":"Despre scenariul tragediei din Alpi \u0219i noile reguli pentru str\u0103inii din Marea Britanie - BTV","isPartOf":{"@id":"https:\/\/www.btv.md\/#website"},"primaryImageOfPage":{"@id":"https:\/\/www.btv.md\/ro\/despre-scenariul-tragediei-din-alpi-si-noile-reguli-pentru-strainii-din-marea-britanie\/#primaryimage"},"image":{"@id":"https:\/\/www.btv.md\/ro\/despre-scenariul-tragediei-din-alpi-si-noile-reguli-pentru-strainii-din-marea-britanie\/#primaryimage"},"thumbnailUrl":"https:\/\/www.btv.md\/wp-content\/uploads\/2016\/03\/marea-britanie-inaspreste-conditiile-pentru-muncitorii-straini-din-afara-uniunii-europene-1457886017.png","datePublished":"2016-03-14T11:56:36+00:00","author":{"@id":"https:\/\/www.btv.md\/#\/schema\/person\/8fadce81561b3ce2c34c46dadc4ccbf2"},"inLanguage":"ro-RO","potentialAction":[{"@type":"ReadAction","target":["https:\/\/www.btv.md\/ro\/despre-scenariul-tragediei-din-alpi-si-noile-reguli-pentru-strainii-din-marea-britanie\/"]}]},{"@type":"ImageObject","inLanguage":"ro-RO","@id":"https:\/\/www.btv.md\/ro\/despre-scenariul-tragediei-din-alpi-si-noile-reguli-pentru-strainii-din-marea-britanie\/#primaryimage","url":"https:\/\/www.btv.md\/wp-content\/uploads\/2016\/03\/marea-britanie-inaspreste-conditiile-pentru-muncitorii-straini-din-afara-uniunii-europene-1457886017.png","contentUrl":"https:\/\/www.btv.md\/wp-content\/uploads\/2016\/03\/marea-britanie-inaspreste-conditiile-pentru-muncitorii-straini-din-afara-uniunii-europene-1457886017.png","width":700,"height":387,"caption":"unimedia.info"},{"@type":"WebSite","@id":"https:\/\/www.btv.md\/#website","url":"https:\/\/www.btv.md\/","name":"BTV","description":"\u0411\u0435\u043b\u044c\u0446\u043a\u043e\u0435 \u0442\u0435\u043b\u0435\u0432\u0438\u0434\u0435\u043d\u0438\u0435","potentialAction":[{"@type":"SearchAction","target":{"@type":"EntryPoint","urlTemplate":"https:\/\/www.btv.md\/?s={search_term_string}"},"query-input":{"@type":"PropertyValueSpecification","valueRequired":true,"valueName":"search_term_string"}}],"inLanguage":"ro-RO"},{"@type":"Person","@id":"https:\/\/www.btv.md\/#\/schema\/person\/8fadce81561b3ce2c34c46dadc4ccbf2","name":"admin"}]}},"_links":{"self":[{"href":"https:\/\/www.btv.md\/ro\/wp-json\/wp\/v2\/posts\/8847","targetHints":{"allow":["GET"]}}],"collection":[{"href":"https:\/\/www.btv.md\/ro\/wp-json\/wp\/v2\/posts"}],"about":[{"href":"https:\/\/www.btv.md\/ro\/wp-json\/wp\/v2\/types\/post"}],"author":[{"embeddable":true,"href":"https:\/\/www.btv.md\/ro\/wp-json\/wp\/v2\/users\/4"}],"replies":[{"embeddable":true,"href":"https:\/\/www.btv.md\/ro\/wp-json\/wp\/v2\/comments?post=8847"}],"version-history":[{"count":0,"href":"https:\/\/www.btv.md\/ro\/wp-json\/wp\/v2\/posts\/8847\/revisions"}],"wp:featuredmedia":[{"embeddable":true,"href":"https:\/\/www.btv.md\/ro\/wp-json\/wp\/v2\/media\/8848"}],"wp:attachment":[{"href":"https:\/\/www.btv.md\/ro\/wp-json\/wp\/v2\/media?parent=8847"}],"wp:term":[{"taxonomy":"category","embeddable":true,"href":"https:\/\/www.btv.md\/ro\/wp-json\/wp\/v2\/categories?post=8847"},{"taxonomy":"post_tag","embeddable":true,"href":"https:\/\/www.btv.md\/ro\/wp-json\/wp\/v2\/tags?post=8847"}],"curies":[{"name":"wp","href":"https:\/\/api.w.org\/{rel}","templated":true}]}}