{"id":8887,"date":"2016-03-14T18:06:06","date_gmt":"2016-03-14T15:06:06","guid":{"rendered":"http:\/\/btv.md\/?p=8887"},"modified":"2016-03-14T18:41:03","modified_gmt":"2016-03-14T15:41:03","slug":"postul-mare-in-viziunea-bisericii-si-a-enoriasilor","status":"publish","type":"post","link":"https:\/\/www.btv.md\/ro\/postul-mare-in-viziunea-bisericii-si-a-enoriasilor\/","title":{"rendered":"POSTUL  MARE  \u00ceN  VIZIUNEA  BISERICII  \u0218I  A  ENORIA\u0218ILOR"},"content":{"rendered":"<p><strong>Cre\u0219tinii ortodoc\u0219i au intrat \u00een Postul Pa\u0219telui. Acesta este cel mai aspru post din cele patru din calendarul Bisericii Cre\u0219tin Ortodoxe. Timp de \u0219apte s\u0103pt\u0103m\u00e2ni, nu se consum\u0103 carne, pe\u0219te, ou\u0103, lactate \u0219i b\u0103uturi alcoolice.<\/strong><\/p>\n<p>Episcopul de B\u0103l\u021bi \u0219i F\u0103le\u0219ti Marchel, spune c\u0103 \u00een perioada postului, credincio\u0219ii trebuie s\u0103 aib\u0103 grij\u0103 \u015fi la felul \u00een care se comport\u0103 sau g\u00e2ndesc, \u00een caz contrar, restric\u0163iile alimentare sunt inutile. <\/p>\n<p>\u201e<em>Postul este \u00eenfr\u00e2nare nu doar \u00een m\u00e2ncare. Acesta este momentul care trebuie s\u0103 mobilizeze to\u021bi preo\u021bii, pentru a explica oamenilor care este adev\u0103rata esen\u021b\u0103 a postului. Atunci c\u00e2nd omul se ab\u021bine de multe lucruri, dar \u00eel ur\u0103\u0219te pe fratele s\u0103u, \u00ee\u0219i ur\u0103\u0219te semenii, nu iube\u0219te cre\u0219tine\u0219te, postul nu-i mai folose\u0219te nimic<\/em>\u201d.<\/p>\n<p>B\u0103l\u021benii \u00een\u021beleg care este adev\u0103rat\u0103 importan\u021b\u0103 a postului, \u00eens\u0103 nu to\u021bi sunt preg\u0103ti\u021bi s\u0103 \u00eel respecte.<\/p>\n<p>\u201e<em>Eu \u0219tiu c\u0103 este postul mare. Eu sunt cam bolnav\u0103 dar m\u0103 voi str\u0103dui s\u0103 \u00eendeplinesc cerin\u021bele Domnului. Mergem la biseric\u0103, ne rug\u0103m Domnului pentru s\u0103n\u0103tate, pentru tot<\/em>\u201d.<\/p>\n<p>\u201e<em>Eu nu voi \u021bine postul, \u00een schimb fiica mea o va face. Eu nu post c\u0103 sunt bolnav\u0103 de diabet zaharat. \u00cen general, postul cur\u0103\u021b\u0103 trupul, sufletul \u0219i mintea<\/em>\u201d.<\/p>\n<p>\u201e<em>Cred c\u0103 voi \u021bine post. Cel pu\u021bin voi \u00eencerca. Dup\u0103 ce \u021bii post te sim\u021bi altfel<\/em>\u201d.<\/p>\n<p>\u201e<em>\u00cen perioada postului trebuie s\u0103 \u021bii cont de mai multe etape, nu doar s\u0103 te ab\u021bii de la anumite produse alimentare. Trebuie s\u0103 vorbe\u0219ti \u0219i s\u0103 g\u00e2nde\u0219ti frumos, s\u0103-\u021bi ceri iertare de la to\u021bi. S\u0103 ducem un mod de via\u021b\u0103 pl\u0103cut lui Dumnezeu<\/em>\u201d.<\/p>\n<p>Postul Mare se va \u00eencheia \u00een data de \u00eent\u00e2i mai, c\u00e2nd este s\u0103rb\u0103torit\u0103 \u00cenvierea Domnului.<\/p>\n<p><iframe width=\"420\" height=\"315\" data-src=\"https:\/\/www.youtube.com\/embed\/n6NbeELVKcY\" frameborder=\"0\" allowfullscreen src=\"data:image\/svg+xml;base64,PHN2ZyB3aWR0aD0iMSIgaGVpZ2h0PSIxIiB4bWxucz0iaHR0cDovL3d3dy53My5vcmcvMjAwMC9zdmciPjwvc3ZnPg==\" class=\"lazyload\" data-load-mode=\"1\"><\/iframe><\/p>\n","protected":false},"excerpt":{"rendered":"<p>Cre\u0219tinii ortodoc\u0219i au intrat \u00een Postul Pa\u0219telui. Acesta este cel mai aspru post din cele patru din calendarul Bisericii Cre\u0219tin Ortodoxe. Timp de \u0219apte s\u0103pt\u0103m\u00e2ni, nu se consum\u0103 carne, pe\u0219te, ou\u0103, lactate \u0219i b\u0103uturi alcoolice. Episcopul de B\u0103l\u021bi \u0219i F\u0103le\u0219ti Marchel, spune c\u0103 \u00een perioada postului, credincio\u0219ii trebuie s\u0103 aib\u0103 grij\u0103 \u015fi la felul \u00een [&hellip;]<\/p>\n","protected":false},"author":4,"featured_media":8888,"comment_status":"closed","ping_status":"closed","sticky":false,"template":"","format":"standard","meta":{"footnotes":""},"categories":[6353],"tags":[],"class_list":["post-8887","post","type-post","status-publish","format-standard","has-post-thumbnail","hentry","category-oras"],"yoast_head":"<!-- This site is optimized with the Yoast SEO plugin v27.4 - https:\/\/yoast.com\/product\/yoast-seo-wordpress\/ -->\n<title>POSTUL MARE \u00ceN VIZIUNEA BISERICII \u0218I A ENORIA\u0218ILOR  - BTV<\/title>\n<meta name=\"robots\" content=\"index, follow, max-snippet:-1, max-image-preview:large, max-video-preview:-1\" \/>\n<link rel=\"canonical\" href=\"https:\/\/www.btv.md\/ro\/postul-mare-in-viziunea-bisericii-si-a-enoriasilor\/\" \/>\n<meta property=\"og:locale\" content=\"ro_RO\" \/>\n<meta property=\"og:type\" content=\"article\" \/>\n<meta property=\"og:title\" content=\"POSTUL MARE \u00ceN VIZIUNEA BISERICII \u0218I A ENORIA\u0218ILOR  - BTV\" \/>\n<meta property=\"og:description\" content=\"Cre\u0219tinii ortodoc\u0219i au intrat \u00een Postul Pa\u0219telui. Acesta este cel mai aspru post din cele patru din calendarul Bisericii Cre\u0219tin Ortodoxe. Timp de \u0219apte s\u0103pt\u0103m\u00e2ni, nu se consum\u0103 carne, pe\u0219te, ou\u0103, lactate \u0219i b\u0103uturi alcoolice. Episcopul de B\u0103l\u021bi \u0219i F\u0103le\u0219ti Marchel, spune c\u0103 \u00een perioada postului, credincio\u0219ii trebuie s\u0103 aib\u0103 grij\u0103 \u015fi la felul \u00een [&hellip;]\" \/>\n<meta property=\"og:url\" content=\"https:\/\/www.btv.md\/ro\/postul-mare-in-viziunea-bisericii-si-a-enoriasilor\/\" \/>\n<meta property=\"og:site_name\" content=\"BTV\" \/>\n<meta property=\"article:publisher\" content=\"https:\/\/www.facebook.com\/btvmoldova\/\" \/>\n<meta property=\"article:published_time\" content=\"2016-03-14T15:06:06+00:00\" \/>\n<meta property=\"article:modified_time\" content=\"2016-03-14T15:41:03+00:00\" \/>\n<meta property=\"og:image\" content=\"https:\/\/www.btv.md\/wp-content\/uploads\/2016\/03\/postul-pastelui.jpg\" \/>\n\t<meta property=\"og:image:width\" content=\"560\" \/>\n\t<meta property=\"og:image:height\" content=\"346\" \/>\n\t<meta property=\"og:image:type\" content=\"image\/jpeg\" \/>\n<meta name=\"author\" content=\"admin\" \/>\n<meta name=\"twitter:label1\" content=\"Scris de\" \/>\n\t<meta name=\"twitter:data1\" content=\"admin\" \/>\n\t<meta name=\"twitter:label2\" content=\"Timp estimat pentru citire\" \/>\n\t<meta name=\"twitter:data2\" content=\"2 minute\" \/>\n<script type=\"application\/ld+json\" class=\"yoast-schema-graph\">{\"@context\":\"https:\\\/\\\/schema.org\",\"@graph\":[{\"@type\":\"Article\",\"@id\":\"https:\\\/\\\/www.btv.md\\\/ro\\\/postul-mare-in-viziunea-bisericii-si-a-enoriasilor\\\/#article\",\"isPartOf\":{\"@id\":\"https:\\\/\\\/www.btv.md\\\/ro\\\/postul-mare-in-viziunea-bisericii-si-a-enoriasilor\\\/\"},\"author\":{\"name\":\"admin\",\"@id\":\"https:\\\/\\\/www.btv.md\\\/#\\\/schema\\\/person\\\/8fadce81561b3ce2c34c46dadc4ccbf2\"},\"headline\":\"POSTUL MARE \u00ceN VIZIUNEA BISERICII \u0218I A ENORIA\u0218ILOR\",\"datePublished\":\"2016-03-14T15:06:06+00:00\",\"dateModified\":\"2016-03-14T15:41:03+00:00\",\"mainEntityOfPage\":{\"@id\":\"https:\\\/\\\/www.btv.md\\\/ro\\\/postul-mare-in-viziunea-bisericii-si-a-enoriasilor\\\/\"},\"wordCount\":330,\"image\":{\"@id\":\"https:\\\/\\\/www.btv.md\\\/ro\\\/postul-mare-in-viziunea-bisericii-si-a-enoriasilor\\\/#primaryimage\"},\"thumbnailUrl\":\"https:\\\/\\\/www.btv.md\\\/wp-content\\\/uploads\\\/2016\\\/03\\\/postul-pastelui.jpg\",\"articleSection\":[\"Ora\u0219\"],\"inLanguage\":\"ro-RO\"},{\"@type\":\"WebPage\",\"@id\":\"https:\\\/\\\/www.btv.md\\\/ro\\\/postul-mare-in-viziunea-bisericii-si-a-enoriasilor\\\/\",\"url\":\"https:\\\/\\\/www.btv.md\\\/ro\\\/postul-mare-in-viziunea-bisericii-si-a-enoriasilor\\\/\",\"name\":\"POSTUL MARE \u00ceN VIZIUNEA BISERICII \u0218I A ENORIA\u0218ILOR - BTV\",\"isPartOf\":{\"@id\":\"https:\\\/\\\/www.btv.md\\\/#website\"},\"primaryImageOfPage\":{\"@id\":\"https:\\\/\\\/www.btv.md\\\/ro\\\/postul-mare-in-viziunea-bisericii-si-a-enoriasilor\\\/#primaryimage\"},\"image\":{\"@id\":\"https:\\\/\\\/www.btv.md\\\/ro\\\/postul-mare-in-viziunea-bisericii-si-a-enoriasilor\\\/#primaryimage\"},\"thumbnailUrl\":\"https:\\\/\\\/www.btv.md\\\/wp-content\\\/uploads\\\/2016\\\/03\\\/postul-pastelui.jpg\",\"datePublished\":\"2016-03-14T15:06:06+00:00\",\"dateModified\":\"2016-03-14T15:41:03+00:00\",\"author\":{\"@id\":\"https:\\\/\\\/www.btv.md\\\/#\\\/schema\\\/person\\\/8fadce81561b3ce2c34c46dadc4ccbf2\"},\"inLanguage\":\"ro-RO\",\"potentialAction\":[{\"@type\":\"ReadAction\",\"target\":[\"https:\\\/\\\/www.btv.md\\\/ro\\\/postul-mare-in-viziunea-bisericii-si-a-enoriasilor\\\/\"]}]},{\"@type\":\"ImageObject\",\"inLanguage\":\"ro-RO\",\"@id\":\"https:\\\/\\\/www.btv.md\\\/ro\\\/postul-mare-in-viziunea-bisericii-si-a-enoriasilor\\\/#primaryimage\",\"url\":\"https:\\\/\\\/www.btv.md\\\/wp-content\\\/uploads\\\/2016\\\/03\\\/postul-pastelui.jpg\",\"contentUrl\":\"https:\\\/\\\/www.btv.md\\\/wp-content\\\/uploads\\\/2016\\\/03\\\/postul-pastelui.jpg\",\"width\":560,\"height\":346,\"caption\":\"www.click.ro\"},{\"@type\":\"WebSite\",\"@id\":\"https:\\\/\\\/www.btv.md\\\/#website\",\"url\":\"https:\\\/\\\/www.btv.md\\\/\",\"name\":\"BTV\",\"description\":\"\u0411\u0435\u043b\u044c\u0446\u043a\u043e\u0435 \u0442\u0435\u043b\u0435\u0432\u0438\u0434\u0435\u043d\u0438\u0435\",\"potentialAction\":[{\"@type\":\"SearchAction\",\"target\":{\"@type\":\"EntryPoint\",\"urlTemplate\":\"https:\\\/\\\/www.btv.md\\\/?s={search_term_string}\"},\"query-input\":{\"@type\":\"PropertyValueSpecification\",\"valueRequired\":true,\"valueName\":\"search_term_string\"}}],\"inLanguage\":\"ro-RO\"},{\"@type\":\"Person\",\"@id\":\"https:\\\/\\\/www.btv.md\\\/#\\\/schema\\\/person\\\/8fadce81561b3ce2c34c46dadc4ccbf2\",\"name\":\"admin\"}]}<\/script>\n<!-- \/ Yoast SEO plugin. -->","yoast_head_json":{"title":"POSTUL MARE \u00ceN VIZIUNEA BISERICII \u0218I A ENORIA\u0218ILOR  - BTV","robots":{"index":"index","follow":"follow","max-snippet":"max-snippet:-1","max-image-preview":"max-image-preview:large","max-video-preview":"max-video-preview:-1"},"canonical":"https:\/\/www.btv.md\/ro\/postul-mare-in-viziunea-bisericii-si-a-enoriasilor\/","og_locale":"ro_RO","og_type":"article","og_title":"POSTUL MARE \u00ceN VIZIUNEA BISERICII \u0218I A ENORIA\u0218ILOR  - BTV","og_description":"Cre\u0219tinii ortodoc\u0219i au intrat \u00een Postul Pa\u0219telui. Acesta este cel mai aspru post din cele patru din calendarul Bisericii Cre\u0219tin Ortodoxe. Timp de \u0219apte s\u0103pt\u0103m\u00e2ni, nu se consum\u0103 carne, pe\u0219te, ou\u0103, lactate \u0219i b\u0103uturi alcoolice. Episcopul de B\u0103l\u021bi \u0219i F\u0103le\u0219ti Marchel, spune c\u0103 \u00een perioada postului, credincio\u0219ii trebuie s\u0103 aib\u0103 grij\u0103 \u015fi la felul \u00een [&hellip;]","og_url":"https:\/\/www.btv.md\/ro\/postul-mare-in-viziunea-bisericii-si-a-enoriasilor\/","og_site_name":"BTV","article_publisher":"https:\/\/www.facebook.com\/btvmoldova\/","article_published_time":"2016-03-14T15:06:06+00:00","article_modified_time":"2016-03-14T15:41:03+00:00","og_image":[{"width":560,"height":346,"url":"https:\/\/www.btv.md\/wp-content\/uploads\/2016\/03\/postul-pastelui.jpg","type":"image\/jpeg"}],"author":"admin","twitter_misc":{"Scris de":"admin","Timp estimat pentru citire":"2 minute"},"schema":{"@context":"https:\/\/schema.org","@graph":[{"@type":"Article","@id":"https:\/\/www.btv.md\/ro\/postul-mare-in-viziunea-bisericii-si-a-enoriasilor\/#article","isPartOf":{"@id":"https:\/\/www.btv.md\/ro\/postul-mare-in-viziunea-bisericii-si-a-enoriasilor\/"},"author":{"name":"admin","@id":"https:\/\/www.btv.md\/#\/schema\/person\/8fadce81561b3ce2c34c46dadc4ccbf2"},"headline":"POSTUL MARE \u00ceN VIZIUNEA BISERICII \u0218I A ENORIA\u0218ILOR","datePublished":"2016-03-14T15:06:06+00:00","dateModified":"2016-03-14T15:41:03+00:00","mainEntityOfPage":{"@id":"https:\/\/www.btv.md\/ro\/postul-mare-in-viziunea-bisericii-si-a-enoriasilor\/"},"wordCount":330,"image":{"@id":"https:\/\/www.btv.md\/ro\/postul-mare-in-viziunea-bisericii-si-a-enoriasilor\/#primaryimage"},"thumbnailUrl":"https:\/\/www.btv.md\/wp-content\/uploads\/2016\/03\/postul-pastelui.jpg","articleSection":["Ora\u0219"],"inLanguage":"ro-RO"},{"@type":"WebPage","@id":"https:\/\/www.btv.md\/ro\/postul-mare-in-viziunea-bisericii-si-a-enoriasilor\/","url":"https:\/\/www.btv.md\/ro\/postul-mare-in-viziunea-bisericii-si-a-enoriasilor\/","name":"POSTUL MARE \u00ceN VIZIUNEA BISERICII \u0218I A ENORIA\u0218ILOR - BTV","isPartOf":{"@id":"https:\/\/www.btv.md\/#website"},"primaryImageOfPage":{"@id":"https:\/\/www.btv.md\/ro\/postul-mare-in-viziunea-bisericii-si-a-enoriasilor\/#primaryimage"},"image":{"@id":"https:\/\/www.btv.md\/ro\/postul-mare-in-viziunea-bisericii-si-a-enoriasilor\/#primaryimage"},"thumbnailUrl":"https:\/\/www.btv.md\/wp-content\/uploads\/2016\/03\/postul-pastelui.jpg","datePublished":"2016-03-14T15:06:06+00:00","dateModified":"2016-03-14T15:41:03+00:00","author":{"@id":"https:\/\/www.btv.md\/#\/schema\/person\/8fadce81561b3ce2c34c46dadc4ccbf2"},"inLanguage":"ro-RO","potentialAction":[{"@type":"ReadAction","target":["https:\/\/www.btv.md\/ro\/postul-mare-in-viziunea-bisericii-si-a-enoriasilor\/"]}]},{"@type":"ImageObject","inLanguage":"ro-RO","@id":"https:\/\/www.btv.md\/ro\/postul-mare-in-viziunea-bisericii-si-a-enoriasilor\/#primaryimage","url":"https:\/\/www.btv.md\/wp-content\/uploads\/2016\/03\/postul-pastelui.jpg","contentUrl":"https:\/\/www.btv.md\/wp-content\/uploads\/2016\/03\/postul-pastelui.jpg","width":560,"height":346,"caption":"www.click.ro"},{"@type":"WebSite","@id":"https:\/\/www.btv.md\/#website","url":"https:\/\/www.btv.md\/","name":"BTV","description":"\u0411\u0435\u043b\u044c\u0446\u043a\u043e\u0435 \u0442\u0435\u043b\u0435\u0432\u0438\u0434\u0435\u043d\u0438\u0435","potentialAction":[{"@type":"SearchAction","target":{"@type":"EntryPoint","urlTemplate":"https:\/\/www.btv.md\/?s={search_term_string}"},"query-input":{"@type":"PropertyValueSpecification","valueRequired":true,"valueName":"search_term_string"}}],"inLanguage":"ro-RO"},{"@type":"Person","@id":"https:\/\/www.btv.md\/#\/schema\/person\/8fadce81561b3ce2c34c46dadc4ccbf2","name":"admin"}]}},"_links":{"self":[{"href":"https:\/\/www.btv.md\/ro\/wp-json\/wp\/v2\/posts\/8887","targetHints":{"allow":["GET"]}}],"collection":[{"href":"https:\/\/www.btv.md\/ro\/wp-json\/wp\/v2\/posts"}],"about":[{"href":"https:\/\/www.btv.md\/ro\/wp-json\/wp\/v2\/types\/post"}],"author":[{"embeddable":true,"href":"https:\/\/www.btv.md\/ro\/wp-json\/wp\/v2\/users\/4"}],"replies":[{"embeddable":true,"href":"https:\/\/www.btv.md\/ro\/wp-json\/wp\/v2\/comments?post=8887"}],"version-history":[{"count":0,"href":"https:\/\/www.btv.md\/ro\/wp-json\/wp\/v2\/posts\/8887\/revisions"}],"wp:featuredmedia":[{"embeddable":true,"href":"https:\/\/www.btv.md\/ro\/wp-json\/wp\/v2\/media\/8888"}],"wp:attachment":[{"href":"https:\/\/www.btv.md\/ro\/wp-json\/wp\/v2\/media?parent=8887"}],"wp:term":[{"taxonomy":"category","embeddable":true,"href":"https:\/\/www.btv.md\/ro\/wp-json\/wp\/v2\/categories?post=8887"},{"taxonomy":"post_tag","embeddable":true,"href":"https:\/\/www.btv.md\/ro\/wp-json\/wp\/v2\/tags?post=8887"}],"curies":[{"name":"wp","href":"https:\/\/api.w.org\/{rel}","templated":true}]}}