{"id":8985,"date":"2016-03-16T13:02:17","date_gmt":"2016-03-16T10:02:17","guid":{"rendered":"http:\/\/btv.md\/?p=8985"},"modified":"2016-03-16T13:02:17","modified_gmt":"2016-03-16T10:02:17","slug":"despre-retragerea-avioanelor-rusesti-din-siria-si-dorinta-unui-miliardar-de-a-deveni-nemuritor","status":"publish","type":"post","link":"https:\/\/www.btv.md\/ro\/despre-retragerea-avioanelor-rusesti-din-siria-si-dorinta-unui-miliardar-de-a-deveni-nemuritor\/","title":{"rendered":"Despre retragerea avioanelor ruse\u0219ti din Siria \u0219i dorin\u021ba unui miliardar de a deveni nemuritor"},"content":{"rendered":"<p><strong>RUSIA  A  \u00ceNCEPUT  S\u0102-\u0218I  RETRAG\u0102  FOR\u021aELE  ARMATE   DIN  SIRIA<\/strong><\/p>\n<p><strong>Un prim grup de avioane de transport \u0219i bombardiere ruse au decolat mar\u021bi de la baza Hmeimim din Latakia (nord-vestul Siriei) spre Rusia \u00een cadrul retragerii principalei p\u0103r\u021bi a contingentului militar rus din aceast\u0103 \u021bar\u0103, a anun\u021bat mar\u021bi Ministerul rus al Ap\u0103r\u0103rii, citat de AFP.<\/strong><\/p>\n<p>\u201d<em>Primul grup de avioane ruse a zburat de la baza aerian\u0103 din Hmeimim spre baza lor de sta\u021bionare permanent\u0103 din Rusia<\/em>\u201d, a indicat ministerul \u00eentr-un comunicat, a doua zi dup\u0103 anun\u021bul surpriz\u0103 al pre\u0219edintelui Vladimir Putin, care a ordonat restr\u00e2ngerea prezen\u021bei militare ruse desf\u0103\u0219urate \u00een Siria de la 30 septembrie. <\/p>\n<p>Cu toate acestea, Moscova a anun\u021bat c\u0103 va men\u021bine \u00een continuare cele dou\u0103 baze ale sale aeriene \u2014 de la Tartus \u0219i Hmeimim \u2014 iar unii exper\u021bi militari afirm\u0103 c\u0103 Rusia va continua raidurile \u00eempotriva pozi\u021biilor grup\u0103rii jihadiste Statul Islamic (SI) \u00een Siria, relev\u0103 portalul Gazeta.ru, care a \u00eencercat s\u0103 descifreze ce se ascunde \u00een spatele anun\u021bului f\u0103cut de Kremlin.<\/p>\n<p>\u00cenainte ca Putin s\u0103 ordone retragerea din Siria, ministrul s\u0103u al ap\u0103r\u0103rii, Serghei \u0218oigu, a prezentat un bilan\u021b al campaniei aeriene ruse \u00een Republica Arab\u0103 Sirian\u0103. Astfel, peste 2.000 de jihadi\u0219ti, inclusiv originari din Rusia, \u00eentre care 17 comandan\u021bi de r\u0103zboi, au fost elimina\u021bi \u00een cursul a peste 9.000 de raiduri. Avia\u021bia rus\u0103 a distrus 209 de unit\u0103\u021bi de produc\u021bie de petrol \u0219i cel pu\u021bin 2.000 de ma\u0219ini-cistern\u0103 care se ocupau de livrarea ilegal\u0103 de \u021bi\u021bei.<\/p>\n<p>agerpres.ro<\/p>\n<p><strong>CINCI  PRINCIPII  \u00ceN  RELA\u021aIA  UNIUNII  CU  RUSIA <\/strong><\/p>\n<p><strong>Mini\u015ftrii de Externe ai statelor membre ale Uniunii Europene au convenit \u00een mod unanim asupra a \u201ccinci principii directoare\u201d ale politicii blocului fa\u0163\u0103 de Rusia, relateaz\u0103 Radio Europa Liber\u0103.<\/strong><\/p>\n<p>Anun\u0163ul a fost f\u0103cut luni de c\u0103tre \u00cenaltul Reprezentant UE pentru Politic\u0103 Extern\u0103 Federica Mogherini, \u00een urma unei reuniuni cu cei 28 de mini\u015ftri europeni.<\/p>\n<p>\u00cen primul r\u00e2nd Rusia trebuie s\u0103 respecte \u015fi s\u0103 implementeze deplin acordurile de la Minsk, \u00eencheiate \u00een februarie 2015, iar Bruxellesul nu va recunoa\u015fte anexarea \u201cilegal\u0103\u201d, \u00een martie 2014, a Peninsulei ucrainene Crimeea de c\u0103tre Rusia, a declarat Mogherini.<\/p>\n<p>Consolidarea rela\u0163iilor UE \u201c<em>cu partenerii no\u015ftri din (Europa de) Est \u015fi al\u0163i vecini, inclusiv din Asia Central\u0103<\/em>\u201d \u015fi independen\u0163a energetic\u0103 a Uniunii reprezint\u0103 totodat\u0103 principii.<\/p>\n<p>\u015eefii diploma\u0163iilor au recunoscut, de asemenea, necesitatea unui \u201c<em>angajament selectiv cu Rusia \u00een probleme de politic\u0103 extern\u0103<\/em>\u201d precum r\u0103zboiul din Siria \u015fi lupta \u00eempotriva terorismului, a precizat Mogherini.<\/p>\n<p>\u201c<em>Voin\u0163a unei sus\u0163ineri tot mai mari a societ\u0103\u0163ii civile ruse<\/em>\u201d este al cincilea principiu convenit luni a mai declarat \u015fefa diploma\u0163iei europene.<\/p>\n<p>Bruxelles-ul cere b\u0103ncilor europene s\u0103 nu finan\u021beze deficitul Rusiei.<\/p>\n<p>Pe fondul acestor decizii politice, Financial Times scrie c\u0103 Bruxelles-ul a cerut b\u0103ncilor europene s\u0103 fie prudente \u00een achizi\u021bionarea primei emisiuni de bonduri lansat\u0103 de Rusia dup\u0103 impunerea sanc\u021biunilor Occidentale.<\/p>\n<p>Rela\u021biile UE_Rusia s-au deteriorat masiv dup\u0103 ce Moscova a \u00eenceput destabilizarea Ucrainei, Uniunea al\u0103tur\u00e2ndu-se SUA \u00een impunerea de sanc\u021biuni la adresa persoanelor \u0219i entit\u0103\u021bilor care au sprijinit anexarea Crimeei.<\/p>\n<p>Unitatea Europei \u00een acest demers a fost deseori pus\u0103 la \u00eencercare, Rusia f\u0103c\u00e2nd lobby puternic \u00een \u0163\u0103rile europene prietene \u2013 Italia, Ungaria, Grecia \u015fi Cipru, \u00een speran\u021ba c\u0103 vor sparge consensul european.<\/p>\n<p>cursdeguvernare.ro<\/p>\n<p><strong>TRAGEDIE  \u00ceN  TIMPUL  UNUI  EXERCI\u021aIU  MILITAR<\/strong><\/p>\n<p><strong>Accident aviatic \u00een Ecuador. Un avion al armatei, la bordul c\u0103ruia se aflau 22 de persoane, s-a pr\u0103bu\u0219it \u00eentr-o provincie din estul \u021b\u0103rii. Nicio persoan\u0103 nu a supravie\u021buit accidentului, a anun\u021bat pre\u0219edintele Rafael Correa.<\/strong><\/p>\n<p>\u201e<em>Un avion al armatei s-a pr\u0103bu\u0219it la Pastaza. Erau 22\u201d de persoane la bord, a scris \u0219eful statului pe contul s\u0103u de Twitter. Acesta \u0219i-a exprimat \u201etriste\u021bea profund\u0103\u201d, iar c\u00e2teva minute mai t\u00e2rziu a ad\u0103ugat c\u0103 \u201enu exist\u0103 supravie\u021buitori<\/em>\u201d. Dintre cei 22 de oameni afla\u021bi la bordul aeronavei, 19 erau para\u0219uti\u0219ti. Ace\u0219tia urmau s\u0103 participe la un exerci\u021biu militar, transmite BBC News.<\/p>\n<p>Cauza accidentului nu este cunoscut\u0103. Ministrul ap\u0103r\u0103r\u0103ii din Ecuador \u0219i mai multe echipaje au plecat spre locul accidentului.<\/p>\n<p>libertatea.ro<\/p>\n<p><strong>TABLOURILE  FURATE  DIN  ITALIA  AR  PUTEA  FI  IN  MOLDOVA<\/strong><\/p>\n<p><strong>Zece cet\u0103\u0163eni moldoveni \u015fi doi italieni au fost aresta\u0163i \u00een cadrul unei investiga\u0163ii declan\u015fate dup\u0103 furtul a 17 tablouri, \u00een noiembrie 2015, dintr-un muzeu din Verona, autorit\u0103\u0163ile italiene suspect\u00e2nd c\u0103 picturile furate sunt \u00een Republica Moldova, informeaz\u0103 site-ul cotidianului La Repubblica.<\/strong><\/p>\n<p>Indivizi \u00eenarma\u0163i \u015fi av\u00e2nd cagule pe fe\u0163e au atacat, pe 18 noiembrie 2015, Muzeul Castelvecchio din ora\u015ful italian Verona, fur\u00e2nd 17 tablouri expuse dup\u0103 imobilizarea unui agent de securitate. Dup\u0103 sustragerea operelor de art\u0103, ho\u0163ii au fugit cu ma\u015fina agentului de paz\u0103, vehiculul fiind g\u0103sit dup\u0103 c\u00e2teva zile \u00een ora\u015ful Brescia.<\/p>\n<p>\u00cen cursul investiga\u0163iei, autorit\u0103\u0163ile au arestat zece cet\u0103\u0163eni moldoveni, inclusiv nou\u0103 pe teritoriul Republicii Moldova, \u015fi doi italieni.<\/p>\n<p>Tablourile furate &#8211; operele unor pictori precum Tintoretto, Rubens, Mantegna, Pisanello, Caroto &#8211; nu au fost \u00eenc\u0103 recuperate, autorit\u0103\u0163ile suspect\u00e2nd c\u0103 sunt ascunse \u00een Republica Moldova.<\/p>\n<p>mediafax.ro<\/p>\n<p><strong>UN  MILIARDAR  RUS  VREA  S\u0102  OB\u021aIN\u0102  NEMURIREA<\/strong><\/p>\n<p><strong>Un miliardar rus vrea s\u0103 ob\u0163in\u0103 nemurirea transfer\u00e2ndu-\u015fi creierul \u00eentr-un computer. Dmitry Itskov a fondat o organiza\u0163ie ce colaboreaz\u0103 cu o re\u0163ea de oameni de \u015ftiin\u0163\u0103 din domenii ca neurologia \u015fi robotica. Demersul s\u0103u nu este luat \u00eens\u0103 \u00een serios de unii cercet\u0103tori.<\/strong><\/p>\n<p>Omul de afaceri \u00een v\u00e2rst\u0103 de 35 de ani vrea s\u0103 devin\u0103 nemuritor, &#8222;<em>transfer\u00e2ndu-\u015fi<\/em>&#8221; con\u015ftiin\u0163a \u00eentr-un computer. Iar computerul nu trebuie s\u0103 fie neap\u0103rat un calculator de birou, cum am putea crede, ci un robot umanoid. Excentricul rus se g\u00e2nde\u015fte chiar c\u0103 va putea exista dup\u0103 moartea fizic\u0103 \u015fi sub forma unei holograme, potrivit The Independent.<\/p>\n<p>Omul de afaceri a \u00eenfiin\u0163at \u00een 2011 o organiza\u0163ie, &#8222;2045 Initiative&#8221;, la care lucreaz\u0103 oameni de \u015ftiin\u0163\u0103, care caut\u0103 o solu\u0163ie pentru ca visul miliardarului s\u0103 devin\u0103 realitate.<\/p>\n<p>Dmitry Itskov a devenit subiectul unui documentar intitulat &#8222;Nemuritorul&#8221; \u015fi difuzat de BBC Horizon. &#8222;<em>\u00cen urm\u0103torii 30 de ani m\u0103 voi asigura c\u0103 vom putea deveni cu to\u0163ii nemuritori. Am 100% \u00eencredere c\u0103 acest lucru se va \u00eent\u00e2mpla. Altfel, nu a\u015f fi \u00eenceput acest proiect<\/em>&#8222;, spune miliardarul.<\/p>\n<p>Progresele \u00een domeniul Inteligen\u0163ei Artificiale sunt o realitate, iar exemplele s-au \u00eenmul\u0163it \u00een ultima perioad\u0103: de la b\u0103rbatul paralizat din California care-\u015fi mi\u015fc\u0103 m\u00e2na robotizat\u0103 cu puterea min\u0163ii, p\u00e2n\u0103 la androidul Erica, robotul umanoid spectaculos, creat de cercet\u0103torii japonezi.<\/p>\n<p>\u015ei totu\u015fi, nu toat\u0103 lumea crede c\u0103 miliardarul rus e \u00een toate min\u0163ile. Un neurolog celebru spune pentru postul de televiziune amintit c\u0103 ideea este &#8222;<em>prea stupid\u0103<\/em>&#8221; \u015fi c\u0103 &#8222;<em>pur \u015fi simplu nu poate fi pus\u0103 \u00een practic\u0103<\/em>&#8222;.<\/p>\n<p>diacaf.com<\/p>\n<p><iframe width=\"420\" height=\"315\" data-src=\"https:\/\/www.youtube.com\/embed\/OBtx_PAzGh8\" frameborder=\"0\" allowfullscreen src=\"data:image\/svg+xml;base64,PHN2ZyB3aWR0aD0iMSIgaGVpZ2h0PSIxIiB4bWxucz0iaHR0cDovL3d3dy53My5vcmcvMjAwMC9zdmciPjwvc3ZnPg==\" class=\"lazyload\" data-load-mode=\"1\"><\/iframe><\/p>\n","protected":false},"excerpt":{"rendered":"<p>RUSIA A \u00ceNCEPUT S\u0102-\u0218I RETRAG\u0102 FOR\u021aELE ARMATE DIN SIRIA Un prim grup de avioane de transport \u0219i bombardiere ruse au decolat mar\u021bi de la baza Hmeimim din Latakia (nord-vestul Siriei) spre Rusia \u00een cadrul retragerii principalei p\u0103r\u021bi a contingentului militar rus din aceast\u0103 \u021bar\u0103, a anun\u021bat mar\u021bi Ministerul rus al Ap\u0103r\u0103rii, citat de AFP. \u201dPrimul [&hellip;]<\/p>\n","protected":false},"author":4,"featured_media":8986,"comment_status":"closed","ping_status":"closed","sticky":false,"template":"","format":"standard","meta":{"footnotes":""},"categories":[6354],"tags":[],"class_list":["post-8985","post","type-post","status-publish","format-standard","has-post-thumbnail","hentry","category-externe-ro"],"yoast_head":"<!-- This site is optimized with the Yoast SEO plugin v27.4 - https:\/\/yoast.com\/product\/yoast-seo-wordpress\/ -->\n<title>Despre retragerea avioanelor ruse\u0219ti din Siria \u0219i dorin\u021ba unui miliardar de a deveni nemuritor - BTV<\/title>\n<meta name=\"robots\" content=\"index, follow, max-snippet:-1, max-image-preview:large, max-video-preview:-1\" \/>\n<link rel=\"canonical\" href=\"https:\/\/www.btv.md\/ro\/despre-retragerea-avioanelor-rusesti-din-siria-si-dorinta-unui-miliardar-de-a-deveni-nemuritor\/\" \/>\n<meta property=\"og:locale\" content=\"ro_RO\" \/>\n<meta property=\"og:type\" content=\"article\" \/>\n<meta property=\"og:title\" content=\"Despre retragerea avioanelor ruse\u0219ti din Siria \u0219i dorin\u021ba unui miliardar de a deveni nemuritor - BTV\" \/>\n<meta property=\"og:description\" content=\"RUSIA A \u00ceNCEPUT S\u0102-\u0218I RETRAG\u0102 FOR\u021aELE ARMATE DIN SIRIA Un prim grup de avioane de transport \u0219i bombardiere ruse au decolat mar\u021bi de la baza Hmeimim din Latakia (nord-vestul Siriei) spre Rusia \u00een cadrul retragerii principalei p\u0103r\u021bi a contingentului militar rus din aceast\u0103 \u021bar\u0103, a anun\u021bat mar\u021bi Ministerul rus al Ap\u0103r\u0103rii, citat de AFP. \u201dPrimul [&hellip;]\" \/>\n<meta property=\"og:url\" content=\"https:\/\/www.btv.md\/ro\/despre-retragerea-avioanelor-rusesti-din-siria-si-dorinta-unui-miliardar-de-a-deveni-nemuritor\/\" \/>\n<meta property=\"og:site_name\" content=\"BTV\" \/>\n<meta property=\"article:publisher\" content=\"https:\/\/www.facebook.com\/btvmoldova\/\" \/>\n<meta property=\"article:published_time\" content=\"2016-03-16T10:02:17+00:00\" \/>\n<meta property=\"og:image\" content=\"https:\/\/www.btv.md\/wp-content\/uploads\/2016\/03\/avioane-rusia.jpg\" \/>\n\t<meta property=\"og:image:width\" content=\"675\" \/>\n\t<meta property=\"og:image:height\" content=\"455\" \/>\n\t<meta property=\"og:image:type\" content=\"image\/jpeg\" \/>\n<meta name=\"author\" content=\"admin\" \/>\n<meta name=\"twitter:label1\" content=\"Scris de\" \/>\n\t<meta name=\"twitter:data1\" content=\"admin\" \/>\n\t<meta name=\"twitter:label2\" content=\"Timp estimat pentru citire\" \/>\n\t<meta name=\"twitter:data2\" content=\"6 minute\" \/>\n<script type=\"application\/ld+json\" class=\"yoast-schema-graph\">{\"@context\":\"https:\\\/\\\/schema.org\",\"@graph\":[{\"@type\":\"Article\",\"@id\":\"https:\\\/\\\/www.btv.md\\\/ro\\\/despre-retragerea-avioanelor-rusesti-din-siria-si-dorinta-unui-miliardar-de-a-deveni-nemuritor\\\/#article\",\"isPartOf\":{\"@id\":\"https:\\\/\\\/www.btv.md\\\/ro\\\/despre-retragerea-avioanelor-rusesti-din-siria-si-dorinta-unui-miliardar-de-a-deveni-nemuritor\\\/\"},\"author\":{\"name\":\"admin\",\"@id\":\"https:\\\/\\\/www.btv.md\\\/#\\\/schema\\\/person\\\/8fadce81561b3ce2c34c46dadc4ccbf2\"},\"headline\":\"Despre retragerea avioanelor ruse\u0219ti din Siria \u0219i dorin\u021ba unui miliardar de a deveni nemuritor\",\"datePublished\":\"2016-03-16T10:02:17+00:00\",\"mainEntityOfPage\":{\"@id\":\"https:\\\/\\\/www.btv.md\\\/ro\\\/despre-retragerea-avioanelor-rusesti-din-siria-si-dorinta-unui-miliardar-de-a-deveni-nemuritor\\\/\"},\"wordCount\":1185,\"image\":{\"@id\":\"https:\\\/\\\/www.btv.md\\\/ro\\\/despre-retragerea-avioanelor-rusesti-din-siria-si-dorinta-unui-miliardar-de-a-deveni-nemuritor\\\/#primaryimage\"},\"thumbnailUrl\":\"https:\\\/\\\/www.btv.md\\\/wp-content\\\/uploads\\\/2016\\\/03\\\/avioane-rusia.jpg\",\"articleSection\":[\"Externe\"],\"inLanguage\":\"ro-RO\"},{\"@type\":\"WebPage\",\"@id\":\"https:\\\/\\\/www.btv.md\\\/ro\\\/despre-retragerea-avioanelor-rusesti-din-siria-si-dorinta-unui-miliardar-de-a-deveni-nemuritor\\\/\",\"url\":\"https:\\\/\\\/www.btv.md\\\/ro\\\/despre-retragerea-avioanelor-rusesti-din-siria-si-dorinta-unui-miliardar-de-a-deveni-nemuritor\\\/\",\"name\":\"Despre retragerea avioanelor ruse\u0219ti din Siria \u0219i dorin\u021ba unui miliardar de a deveni nemuritor - BTV\",\"isPartOf\":{\"@id\":\"https:\\\/\\\/www.btv.md\\\/#website\"},\"primaryImageOfPage\":{\"@id\":\"https:\\\/\\\/www.btv.md\\\/ro\\\/despre-retragerea-avioanelor-rusesti-din-siria-si-dorinta-unui-miliardar-de-a-deveni-nemuritor\\\/#primaryimage\"},\"image\":{\"@id\":\"https:\\\/\\\/www.btv.md\\\/ro\\\/despre-retragerea-avioanelor-rusesti-din-siria-si-dorinta-unui-miliardar-de-a-deveni-nemuritor\\\/#primaryimage\"},\"thumbnailUrl\":\"https:\\\/\\\/www.btv.md\\\/wp-content\\\/uploads\\\/2016\\\/03\\\/avioane-rusia.jpg\",\"datePublished\":\"2016-03-16T10:02:17+00:00\",\"author\":{\"@id\":\"https:\\\/\\\/www.btv.md\\\/#\\\/schema\\\/person\\\/8fadce81561b3ce2c34c46dadc4ccbf2\"},\"inLanguage\":\"ro-RO\",\"potentialAction\":[{\"@type\":\"ReadAction\",\"target\":[\"https:\\\/\\\/www.btv.md\\\/ro\\\/despre-retragerea-avioanelor-rusesti-din-siria-si-dorinta-unui-miliardar-de-a-deveni-nemuritor\\\/\"]}]},{\"@type\":\"ImageObject\",\"inLanguage\":\"ro-RO\",\"@id\":\"https:\\\/\\\/www.btv.md\\\/ro\\\/despre-retragerea-avioanelor-rusesti-din-siria-si-dorinta-unui-miliardar-de-a-deveni-nemuritor\\\/#primaryimage\",\"url\":\"https:\\\/\\\/www.btv.md\\\/wp-content\\\/uploads\\\/2016\\\/03\\\/avioane-rusia.jpg\",\"contentUrl\":\"https:\\\/\\\/www.btv.md\\\/wp-content\\\/uploads\\\/2016\\\/03\\\/avioane-rusia.jpg\",\"width\":675,\"height\":455,\"caption\":\"karadeniz-press.ro\"},{\"@type\":\"WebSite\",\"@id\":\"https:\\\/\\\/www.btv.md\\\/#website\",\"url\":\"https:\\\/\\\/www.btv.md\\\/\",\"name\":\"BTV\",\"description\":\"\u0411\u0435\u043b\u044c\u0446\u043a\u043e\u0435 \u0442\u0435\u043b\u0435\u0432\u0438\u0434\u0435\u043d\u0438\u0435\",\"potentialAction\":[{\"@type\":\"SearchAction\",\"target\":{\"@type\":\"EntryPoint\",\"urlTemplate\":\"https:\\\/\\\/www.btv.md\\\/?s={search_term_string}\"},\"query-input\":{\"@type\":\"PropertyValueSpecification\",\"valueRequired\":true,\"valueName\":\"search_term_string\"}}],\"inLanguage\":\"ro-RO\"},{\"@type\":\"Person\",\"@id\":\"https:\\\/\\\/www.btv.md\\\/#\\\/schema\\\/person\\\/8fadce81561b3ce2c34c46dadc4ccbf2\",\"name\":\"admin\"}]}<\/script>\n<!-- \/ Yoast SEO plugin. -->","yoast_head_json":{"title":"Despre retragerea avioanelor ruse\u0219ti din Siria \u0219i dorin\u021ba unui miliardar de a deveni nemuritor - BTV","robots":{"index":"index","follow":"follow","max-snippet":"max-snippet:-1","max-image-preview":"max-image-preview:large","max-video-preview":"max-video-preview:-1"},"canonical":"https:\/\/www.btv.md\/ro\/despre-retragerea-avioanelor-rusesti-din-siria-si-dorinta-unui-miliardar-de-a-deveni-nemuritor\/","og_locale":"ro_RO","og_type":"article","og_title":"Despre retragerea avioanelor ruse\u0219ti din Siria \u0219i dorin\u021ba unui miliardar de a deveni nemuritor - BTV","og_description":"RUSIA A \u00ceNCEPUT S\u0102-\u0218I RETRAG\u0102 FOR\u021aELE ARMATE DIN SIRIA Un prim grup de avioane de transport \u0219i bombardiere ruse au decolat mar\u021bi de la baza Hmeimim din Latakia (nord-vestul Siriei) spre Rusia \u00een cadrul retragerii principalei p\u0103r\u021bi a contingentului militar rus din aceast\u0103 \u021bar\u0103, a anun\u021bat mar\u021bi Ministerul rus al Ap\u0103r\u0103rii, citat de AFP. \u201dPrimul [&hellip;]","og_url":"https:\/\/www.btv.md\/ro\/despre-retragerea-avioanelor-rusesti-din-siria-si-dorinta-unui-miliardar-de-a-deveni-nemuritor\/","og_site_name":"BTV","article_publisher":"https:\/\/www.facebook.com\/btvmoldova\/","article_published_time":"2016-03-16T10:02:17+00:00","og_image":[{"width":675,"height":455,"url":"https:\/\/www.btv.md\/wp-content\/uploads\/2016\/03\/avioane-rusia.jpg","type":"image\/jpeg"}],"author":"admin","twitter_misc":{"Scris de":"admin","Timp estimat pentru citire":"6 minute"},"schema":{"@context":"https:\/\/schema.org","@graph":[{"@type":"Article","@id":"https:\/\/www.btv.md\/ro\/despre-retragerea-avioanelor-rusesti-din-siria-si-dorinta-unui-miliardar-de-a-deveni-nemuritor\/#article","isPartOf":{"@id":"https:\/\/www.btv.md\/ro\/despre-retragerea-avioanelor-rusesti-din-siria-si-dorinta-unui-miliardar-de-a-deveni-nemuritor\/"},"author":{"name":"admin","@id":"https:\/\/www.btv.md\/#\/schema\/person\/8fadce81561b3ce2c34c46dadc4ccbf2"},"headline":"Despre retragerea avioanelor ruse\u0219ti din Siria \u0219i dorin\u021ba unui miliardar de a deveni nemuritor","datePublished":"2016-03-16T10:02:17+00:00","mainEntityOfPage":{"@id":"https:\/\/www.btv.md\/ro\/despre-retragerea-avioanelor-rusesti-din-siria-si-dorinta-unui-miliardar-de-a-deveni-nemuritor\/"},"wordCount":1185,"image":{"@id":"https:\/\/www.btv.md\/ro\/despre-retragerea-avioanelor-rusesti-din-siria-si-dorinta-unui-miliardar-de-a-deveni-nemuritor\/#primaryimage"},"thumbnailUrl":"https:\/\/www.btv.md\/wp-content\/uploads\/2016\/03\/avioane-rusia.jpg","articleSection":["Externe"],"inLanguage":"ro-RO"},{"@type":"WebPage","@id":"https:\/\/www.btv.md\/ro\/despre-retragerea-avioanelor-rusesti-din-siria-si-dorinta-unui-miliardar-de-a-deveni-nemuritor\/","url":"https:\/\/www.btv.md\/ro\/despre-retragerea-avioanelor-rusesti-din-siria-si-dorinta-unui-miliardar-de-a-deveni-nemuritor\/","name":"Despre retragerea avioanelor ruse\u0219ti din Siria \u0219i dorin\u021ba unui miliardar de a deveni nemuritor - BTV","isPartOf":{"@id":"https:\/\/www.btv.md\/#website"},"primaryImageOfPage":{"@id":"https:\/\/www.btv.md\/ro\/despre-retragerea-avioanelor-rusesti-din-siria-si-dorinta-unui-miliardar-de-a-deveni-nemuritor\/#primaryimage"},"image":{"@id":"https:\/\/www.btv.md\/ro\/despre-retragerea-avioanelor-rusesti-din-siria-si-dorinta-unui-miliardar-de-a-deveni-nemuritor\/#primaryimage"},"thumbnailUrl":"https:\/\/www.btv.md\/wp-content\/uploads\/2016\/03\/avioane-rusia.jpg","datePublished":"2016-03-16T10:02:17+00:00","author":{"@id":"https:\/\/www.btv.md\/#\/schema\/person\/8fadce81561b3ce2c34c46dadc4ccbf2"},"inLanguage":"ro-RO","potentialAction":[{"@type":"ReadAction","target":["https:\/\/www.btv.md\/ro\/despre-retragerea-avioanelor-rusesti-din-siria-si-dorinta-unui-miliardar-de-a-deveni-nemuritor\/"]}]},{"@type":"ImageObject","inLanguage":"ro-RO","@id":"https:\/\/www.btv.md\/ro\/despre-retragerea-avioanelor-rusesti-din-siria-si-dorinta-unui-miliardar-de-a-deveni-nemuritor\/#primaryimage","url":"https:\/\/www.btv.md\/wp-content\/uploads\/2016\/03\/avioane-rusia.jpg","contentUrl":"https:\/\/www.btv.md\/wp-content\/uploads\/2016\/03\/avioane-rusia.jpg","width":675,"height":455,"caption":"karadeniz-press.ro"},{"@type":"WebSite","@id":"https:\/\/www.btv.md\/#website","url":"https:\/\/www.btv.md\/","name":"BTV","description":"\u0411\u0435\u043b\u044c\u0446\u043a\u043e\u0435 \u0442\u0435\u043b\u0435\u0432\u0438\u0434\u0435\u043d\u0438\u0435","potentialAction":[{"@type":"SearchAction","target":{"@type":"EntryPoint","urlTemplate":"https:\/\/www.btv.md\/?s={search_term_string}"},"query-input":{"@type":"PropertyValueSpecification","valueRequired":true,"valueName":"search_term_string"}}],"inLanguage":"ro-RO"},{"@type":"Person","@id":"https:\/\/www.btv.md\/#\/schema\/person\/8fadce81561b3ce2c34c46dadc4ccbf2","name":"admin"}]}},"_links":{"self":[{"href":"https:\/\/www.btv.md\/ro\/wp-json\/wp\/v2\/posts\/8985","targetHints":{"allow":["GET"]}}],"collection":[{"href":"https:\/\/www.btv.md\/ro\/wp-json\/wp\/v2\/posts"}],"about":[{"href":"https:\/\/www.btv.md\/ro\/wp-json\/wp\/v2\/types\/post"}],"author":[{"embeddable":true,"href":"https:\/\/www.btv.md\/ro\/wp-json\/wp\/v2\/users\/4"}],"replies":[{"embeddable":true,"href":"https:\/\/www.btv.md\/ro\/wp-json\/wp\/v2\/comments?post=8985"}],"version-history":[{"count":0,"href":"https:\/\/www.btv.md\/ro\/wp-json\/wp\/v2\/posts\/8985\/revisions"}],"wp:featuredmedia":[{"embeddable":true,"href":"https:\/\/www.btv.md\/ro\/wp-json\/wp\/v2\/media\/8986"}],"wp:attachment":[{"href":"https:\/\/www.btv.md\/ro\/wp-json\/wp\/v2\/media?parent=8985"}],"wp:term":[{"taxonomy":"category","embeddable":true,"href":"https:\/\/www.btv.md\/ro\/wp-json\/wp\/v2\/categories?post=8985"},{"taxonomy":"post_tag","embeddable":true,"href":"https:\/\/www.btv.md\/ro\/wp-json\/wp\/v2\/tags?post=8985"}],"curies":[{"name":"wp","href":"https:\/\/api.w.org\/{rel}","templated":true}]}}