{"id":9031,"date":"2016-03-16T18:56:00","date_gmt":"2016-03-16T15:56:00","guid":{"rendered":"http:\/\/btv.md\/?p=9031"},"modified":"2016-03-16T20:14:14","modified_gmt":"2016-03-16T17:14:14","slug":"au-iesit-in-strada-pentru-a-si-cere-indemnizatia-la-concediu","status":"publish","type":"post","link":"https:\/\/www.btv.md\/ro\/au-iesit-in-strada-pentru-a-si-cere-indemnizatia-la-concediu\/","title":{"rendered":"AU IE\u015eIT \u00ceN STRAD\u0102 PENTRU A-\u0218I CERE INDEMNIZA\u021aIA DE CONCEDIU"},"content":{"rendered":"<p><strong>Zeci de muncitori de la fabrica de confec\u021bii \u201e B\u0103l\u021beanca\u201d, din municipiul B\u0103l\u021bi au protestat miercuri, \u00een fa\u021ba \u00eentreprinderii pentru c\u0103 nu \u0219i-au luat \u00eendemniza\u021biile de concediu. Ei spun  c\u0103 administra\u021bia fabricii le-a promis c\u0103 \u00een viitorul apropiat banii vor fi transfera\u021bi pe conturile lor.  Din p\u0103cate au trecut 15 zile, iar salaria\u021bii nu \u0219i-au ridicat banii.  Reporterul BTV nu a reu\u0219it s\u0103 ob\u021bin\u0103 un comentariu din partea conducerii companiei.<\/strong><\/p>\n<p>Mai mult ca at\u00e2t, salaria\u021bii au zis c\u0103 au fost sili\u021bi de c\u0103tre administra\u021bie  \u0219\u0103-\u0219i ia concediu nepl\u0103tit.<\/p>\n<p>Angaja\u021bii au ajus la limita disper\u0103rii din cauza datoriilor adunate \u00een acest\u0103 perioad\u0103.<\/p>\n<p>La fa\u021ba locului au venit \u0219i un reprezentant al inspec\u021biei muncii. Potrivit lui, cazul va fi examinat doar \u00een momentul c\u00e2nd salaria\u021bii vor depune o pl\u00e2ngere oficial\u0103  la Inspec\u021bia Teritorial\u0103 a Muncii din municipiul B\u0103l\u021bi.<\/p>\n<p>Administra\u021bia f\u0103bricii de confec\u021bii nu a fost de g\u0103sit pentru a r\u0103spunde la \u00eentrebarea c\u00e2nd muncitorii \u00ee\u0219i vor lua banii. \u00cen cadrul \u00eentreprinderii activeaz\u0103 peste 600 de persoane. <\/p>\n<p><iframe width=\"420\" height=\"315\" data-src=\"https:\/\/www.youtube.com\/embed\/Ht62bMP2-a8\" frameborder=\"0\" allowfullscreen src=\"data:image\/svg+xml;base64,PHN2ZyB3aWR0aD0iMSIgaGVpZ2h0PSIxIiB4bWxucz0iaHR0cDovL3d3dy53My5vcmcvMjAwMC9zdmciPjwvc3ZnPg==\" class=\"lazyload\" data-load-mode=\"1\"><\/iframe><\/p>\n","protected":false},"excerpt":{"rendered":"<p>Zeci de muncitori de la fabrica de confec\u021bii \u201e B\u0103l\u021beanca\u201d, din municipiul B\u0103l\u021bi au protestat miercuri, \u00een fa\u021ba \u00eentreprinderii pentru c\u0103 nu \u0219i-au luat \u00eendemniza\u021biile de concediu. Ei spun c\u0103 administra\u021bia fabricii le-a promis c\u0103 \u00een viitorul apropiat banii vor fi transfera\u021bi pe conturile lor. Din p\u0103cate au trecut 15 zile, iar salaria\u021bii nu \u0219i-au [&hellip;]<\/p>\n","protected":false},"author":4,"featured_media":9032,"comment_status":"closed","ping_status":"closed","sticky":false,"template":"","format":"standard","meta":{"footnotes":""},"categories":[6353],"tags":[],"class_list":["post-9031","post","type-post","status-publish","format-standard","has-post-thumbnail","hentry","category-oras"],"yoast_head":"<!-- This site is optimized with the Yoast SEO plugin v27.4 - https:\/\/yoast.com\/product\/yoast-seo-wordpress\/ -->\n<title>AU IE\u015eIT \u00ceN STRAD\u0102 PENTRU A-\u0218I CERE INDEMNIZA\u021aIA DE CONCEDIU - BTV<\/title>\n<meta name=\"robots\" content=\"index, follow, max-snippet:-1, max-image-preview:large, max-video-preview:-1\" \/>\n<link rel=\"canonical\" href=\"https:\/\/www.btv.md\/ro\/amp\/au-iesit-in-strada-pentru-a-si-cere-indemnizatia-la-concediu\/\" \/>\n<meta property=\"og:locale\" content=\"ro_RO\" \/>\n<meta property=\"og:type\" content=\"article\" \/>\n<meta property=\"og:title\" content=\"AU IE\u015eIT \u00ceN STRAD\u0102 PENTRU A-\u0218I CERE INDEMNIZA\u021aIA DE CONCEDIU - BTV\" \/>\n<meta property=\"og:description\" content=\"Zeci de muncitori de la fabrica de confec\u021bii \u201e B\u0103l\u021beanca\u201d, din municipiul B\u0103l\u021bi au protestat miercuri, \u00een fa\u021ba \u00eentreprinderii pentru c\u0103 nu \u0219i-au luat \u00eendemniza\u021biile de concediu. Ei spun c\u0103 administra\u021bia fabricii le-a promis c\u0103 \u00een viitorul apropiat banii vor fi transfera\u021bi pe conturile lor. Din p\u0103cate au trecut 15 zile, iar salaria\u021bii nu \u0219i-au [&hellip;]\" \/>\n<meta property=\"og:url\" content=\"https:\/\/www.btv.md\/ro\/amp\/au-iesit-in-strada-pentru-a-si-cere-indemnizatia-la-concediu\/\" \/>\n<meta property=\"og:site_name\" content=\"BTV\" \/>\n<meta property=\"article:publisher\" content=\"https:\/\/www.facebook.com\/btvmoldova\/\" \/>\n<meta property=\"article:published_time\" content=\"2016-03-16T15:56:00+00:00\" \/>\n<meta property=\"article:modified_time\" content=\"2016-03-16T17:14:14+00:00\" \/>\n<meta property=\"og:image\" content=\"https:\/\/www.btv.md\/wp-content\/uploads\/2016\/03\/protest.png\" \/>\n\t<meta property=\"og:image:width\" content=\"1011\" \/>\n\t<meta property=\"og:image:height\" content=\"575\" \/>\n\t<meta property=\"og:image:type\" content=\"image\/png\" \/>\n<meta name=\"author\" content=\"admin\" \/>\n<meta name=\"twitter:label1\" content=\"Scris de\" \/>\n\t<meta name=\"twitter:data1\" content=\"admin\" \/>\n\t<meta name=\"twitter:label2\" content=\"Timp estimat pentru citire\" \/>\n\t<meta name=\"twitter:data2\" content=\"1 minut\" \/>\n<script type=\"application\/ld+json\" class=\"yoast-schema-graph\">{\"@context\":\"https:\\\/\\\/schema.org\",\"@graph\":[{\"@type\":\"Article\",\"@id\":\"https:\\\/\\\/www.btv.md\\\/ro\\\/amp\\\/au-iesit-in-strada-pentru-a-si-cere-indemnizatia-la-concediu\\\/#article\",\"isPartOf\":{\"@id\":\"https:\\\/\\\/www.btv.md\\\/ro\\\/amp\\\/au-iesit-in-strada-pentru-a-si-cere-indemnizatia-la-concediu\\\/\"},\"author\":{\"name\":\"admin\",\"@id\":\"https:\\\/\\\/www.btv.md\\\/#\\\/schema\\\/person\\\/8fadce81561b3ce2c34c46dadc4ccbf2\"},\"headline\":\"AU IE\u015eIT \u00ceN STRAD\u0102 PENTRU A-\u0218I CERE INDEMNIZA\u021aIA DE CONCEDIU\",\"datePublished\":\"2016-03-16T15:56:00+00:00\",\"dateModified\":\"2016-03-16T17:14:14+00:00\",\"mainEntityOfPage\":{\"@id\":\"https:\\\/\\\/www.btv.md\\\/ro\\\/amp\\\/au-iesit-in-strada-pentru-a-si-cere-indemnizatia-la-concediu\\\/\"},\"wordCount\":210,\"image\":{\"@id\":\"https:\\\/\\\/www.btv.md\\\/ro\\\/amp\\\/au-iesit-in-strada-pentru-a-si-cere-indemnizatia-la-concediu\\\/#primaryimage\"},\"thumbnailUrl\":\"https:\\\/\\\/www.btv.md\\\/wp-content\\\/uploads\\\/2016\\\/03\\\/protest.png\",\"articleSection\":[\"Ora\u0219\"],\"inLanguage\":\"ro-RO\"},{\"@type\":\"WebPage\",\"@id\":\"https:\\\/\\\/www.btv.md\\\/ro\\\/amp\\\/au-iesit-in-strada-pentru-a-si-cere-indemnizatia-la-concediu\\\/\",\"url\":\"https:\\\/\\\/www.btv.md\\\/ro\\\/amp\\\/au-iesit-in-strada-pentru-a-si-cere-indemnizatia-la-concediu\\\/\",\"name\":\"AU IE\u015eIT \u00ceN STRAD\u0102 PENTRU A-\u0218I CERE INDEMNIZA\u021aIA DE CONCEDIU - BTV\",\"isPartOf\":{\"@id\":\"https:\\\/\\\/www.btv.md\\\/#website\"},\"primaryImageOfPage\":{\"@id\":\"https:\\\/\\\/www.btv.md\\\/ro\\\/amp\\\/au-iesit-in-strada-pentru-a-si-cere-indemnizatia-la-concediu\\\/#primaryimage\"},\"image\":{\"@id\":\"https:\\\/\\\/www.btv.md\\\/ro\\\/amp\\\/au-iesit-in-strada-pentru-a-si-cere-indemnizatia-la-concediu\\\/#primaryimage\"},\"thumbnailUrl\":\"https:\\\/\\\/www.btv.md\\\/wp-content\\\/uploads\\\/2016\\\/03\\\/protest.png\",\"datePublished\":\"2016-03-16T15:56:00+00:00\",\"dateModified\":\"2016-03-16T17:14:14+00:00\",\"author\":{\"@id\":\"https:\\\/\\\/www.btv.md\\\/#\\\/schema\\\/person\\\/8fadce81561b3ce2c34c46dadc4ccbf2\"},\"inLanguage\":\"ro-RO\",\"potentialAction\":[{\"@type\":\"ReadAction\",\"target\":[\"https:\\\/\\\/www.btv.md\\\/ro\\\/amp\\\/au-iesit-in-strada-pentru-a-si-cere-indemnizatia-la-concediu\\\/\"]}]},{\"@type\":\"ImageObject\",\"inLanguage\":\"ro-RO\",\"@id\":\"https:\\\/\\\/www.btv.md\\\/ro\\\/amp\\\/au-iesit-in-strada-pentru-a-si-cere-indemnizatia-la-concediu\\\/#primaryimage\",\"url\":\"https:\\\/\\\/www.btv.md\\\/wp-content\\\/uploads\\\/2016\\\/03\\\/protest.png\",\"contentUrl\":\"https:\\\/\\\/www.btv.md\\\/wp-content\\\/uploads\\\/2016\\\/03\\\/protest.png\",\"width\":1011,\"height\":575},{\"@type\":\"WebSite\",\"@id\":\"https:\\\/\\\/www.btv.md\\\/#website\",\"url\":\"https:\\\/\\\/www.btv.md\\\/\",\"name\":\"BTV\",\"description\":\"\u0411\u0435\u043b\u044c\u0446\u043a\u043e\u0435 \u0442\u0435\u043b\u0435\u0432\u0438\u0434\u0435\u043d\u0438\u0435\",\"potentialAction\":[{\"@type\":\"SearchAction\",\"target\":{\"@type\":\"EntryPoint\",\"urlTemplate\":\"https:\\\/\\\/www.btv.md\\\/?s={search_term_string}\"},\"query-input\":{\"@type\":\"PropertyValueSpecification\",\"valueRequired\":true,\"valueName\":\"search_term_string\"}}],\"inLanguage\":\"ro-RO\"},{\"@type\":\"Person\",\"@id\":\"https:\\\/\\\/www.btv.md\\\/#\\\/schema\\\/person\\\/8fadce81561b3ce2c34c46dadc4ccbf2\",\"name\":\"admin\"}]}<\/script>\n<!-- \/ Yoast SEO plugin. -->","yoast_head_json":{"title":"AU IE\u015eIT \u00ceN STRAD\u0102 PENTRU A-\u0218I CERE INDEMNIZA\u021aIA DE CONCEDIU - BTV","robots":{"index":"index","follow":"follow","max-snippet":"max-snippet:-1","max-image-preview":"max-image-preview:large","max-video-preview":"max-video-preview:-1"},"canonical":"https:\/\/www.btv.md\/ro\/amp\/au-iesit-in-strada-pentru-a-si-cere-indemnizatia-la-concediu\/","og_locale":"ro_RO","og_type":"article","og_title":"AU IE\u015eIT \u00ceN STRAD\u0102 PENTRU A-\u0218I CERE INDEMNIZA\u021aIA DE CONCEDIU - BTV","og_description":"Zeci de muncitori de la fabrica de confec\u021bii \u201e B\u0103l\u021beanca\u201d, din municipiul B\u0103l\u021bi au protestat miercuri, \u00een fa\u021ba \u00eentreprinderii pentru c\u0103 nu \u0219i-au luat \u00eendemniza\u021biile de concediu. Ei spun c\u0103 administra\u021bia fabricii le-a promis c\u0103 \u00een viitorul apropiat banii vor fi transfera\u021bi pe conturile lor. Din p\u0103cate au trecut 15 zile, iar salaria\u021bii nu \u0219i-au [&hellip;]","og_url":"https:\/\/www.btv.md\/ro\/amp\/au-iesit-in-strada-pentru-a-si-cere-indemnizatia-la-concediu\/","og_site_name":"BTV","article_publisher":"https:\/\/www.facebook.com\/btvmoldova\/","article_published_time":"2016-03-16T15:56:00+00:00","article_modified_time":"2016-03-16T17:14:14+00:00","og_image":[{"width":1011,"height":575,"url":"https:\/\/www.btv.md\/wp-content\/uploads\/2016\/03\/protest.png","type":"image\/png"}],"author":"admin","twitter_misc":{"Scris de":"admin","Timp estimat pentru citire":"1 minut"},"schema":{"@context":"https:\/\/schema.org","@graph":[{"@type":"Article","@id":"https:\/\/www.btv.md\/ro\/amp\/au-iesit-in-strada-pentru-a-si-cere-indemnizatia-la-concediu\/#article","isPartOf":{"@id":"https:\/\/www.btv.md\/ro\/amp\/au-iesit-in-strada-pentru-a-si-cere-indemnizatia-la-concediu\/"},"author":{"name":"admin","@id":"https:\/\/www.btv.md\/#\/schema\/person\/8fadce81561b3ce2c34c46dadc4ccbf2"},"headline":"AU IE\u015eIT \u00ceN STRAD\u0102 PENTRU A-\u0218I CERE INDEMNIZA\u021aIA DE CONCEDIU","datePublished":"2016-03-16T15:56:00+00:00","dateModified":"2016-03-16T17:14:14+00:00","mainEntityOfPage":{"@id":"https:\/\/www.btv.md\/ro\/amp\/au-iesit-in-strada-pentru-a-si-cere-indemnizatia-la-concediu\/"},"wordCount":210,"image":{"@id":"https:\/\/www.btv.md\/ro\/amp\/au-iesit-in-strada-pentru-a-si-cere-indemnizatia-la-concediu\/#primaryimage"},"thumbnailUrl":"https:\/\/www.btv.md\/wp-content\/uploads\/2016\/03\/protest.png","articleSection":["Ora\u0219"],"inLanguage":"ro-RO"},{"@type":"WebPage","@id":"https:\/\/www.btv.md\/ro\/amp\/au-iesit-in-strada-pentru-a-si-cere-indemnizatia-la-concediu\/","url":"https:\/\/www.btv.md\/ro\/amp\/au-iesit-in-strada-pentru-a-si-cere-indemnizatia-la-concediu\/","name":"AU IE\u015eIT \u00ceN STRAD\u0102 PENTRU A-\u0218I CERE INDEMNIZA\u021aIA DE CONCEDIU - BTV","isPartOf":{"@id":"https:\/\/www.btv.md\/#website"},"primaryImageOfPage":{"@id":"https:\/\/www.btv.md\/ro\/amp\/au-iesit-in-strada-pentru-a-si-cere-indemnizatia-la-concediu\/#primaryimage"},"image":{"@id":"https:\/\/www.btv.md\/ro\/amp\/au-iesit-in-strada-pentru-a-si-cere-indemnizatia-la-concediu\/#primaryimage"},"thumbnailUrl":"https:\/\/www.btv.md\/wp-content\/uploads\/2016\/03\/protest.png","datePublished":"2016-03-16T15:56:00+00:00","dateModified":"2016-03-16T17:14:14+00:00","author":{"@id":"https:\/\/www.btv.md\/#\/schema\/person\/8fadce81561b3ce2c34c46dadc4ccbf2"},"inLanguage":"ro-RO","potentialAction":[{"@type":"ReadAction","target":["https:\/\/www.btv.md\/ro\/amp\/au-iesit-in-strada-pentru-a-si-cere-indemnizatia-la-concediu\/"]}]},{"@type":"ImageObject","inLanguage":"ro-RO","@id":"https:\/\/www.btv.md\/ro\/amp\/au-iesit-in-strada-pentru-a-si-cere-indemnizatia-la-concediu\/#primaryimage","url":"https:\/\/www.btv.md\/wp-content\/uploads\/2016\/03\/protest.png","contentUrl":"https:\/\/www.btv.md\/wp-content\/uploads\/2016\/03\/protest.png","width":1011,"height":575},{"@type":"WebSite","@id":"https:\/\/www.btv.md\/#website","url":"https:\/\/www.btv.md\/","name":"BTV","description":"\u0411\u0435\u043b\u044c\u0446\u043a\u043e\u0435 \u0442\u0435\u043b\u0435\u0432\u0438\u0434\u0435\u043d\u0438\u0435","potentialAction":[{"@type":"SearchAction","target":{"@type":"EntryPoint","urlTemplate":"https:\/\/www.btv.md\/?s={search_term_string}"},"query-input":{"@type":"PropertyValueSpecification","valueRequired":true,"valueName":"search_term_string"}}],"inLanguage":"ro-RO"},{"@type":"Person","@id":"https:\/\/www.btv.md\/#\/schema\/person\/8fadce81561b3ce2c34c46dadc4ccbf2","name":"admin"}]}},"_links":{"self":[{"href":"https:\/\/www.btv.md\/ro\/wp-json\/wp\/v2\/posts\/9031","targetHints":{"allow":["GET"]}}],"collection":[{"href":"https:\/\/www.btv.md\/ro\/wp-json\/wp\/v2\/posts"}],"about":[{"href":"https:\/\/www.btv.md\/ro\/wp-json\/wp\/v2\/types\/post"}],"author":[{"embeddable":true,"href":"https:\/\/www.btv.md\/ro\/wp-json\/wp\/v2\/users\/4"}],"replies":[{"embeddable":true,"href":"https:\/\/www.btv.md\/ro\/wp-json\/wp\/v2\/comments?post=9031"}],"version-history":[{"count":0,"href":"https:\/\/www.btv.md\/ro\/wp-json\/wp\/v2\/posts\/9031\/revisions"}],"wp:featuredmedia":[{"embeddable":true,"href":"https:\/\/www.btv.md\/ro\/wp-json\/wp\/v2\/media\/9032"}],"wp:attachment":[{"href":"https:\/\/www.btv.md\/ro\/wp-json\/wp\/v2\/media?parent=9031"}],"wp:term":[{"taxonomy":"category","embeddable":true,"href":"https:\/\/www.btv.md\/ro\/wp-json\/wp\/v2\/categories?post=9031"},{"taxonomy":"post_tag","embeddable":true,"href":"https:\/\/www.btv.md\/ro\/wp-json\/wp\/v2\/tags?post=9031"}],"curies":[{"name":"wp","href":"https:\/\/api.w.org\/{rel}","templated":true}]}}