{"id":9034,"date":"2016-03-16T19:00:42","date_gmt":"2016-03-16T16:00:42","guid":{"rendered":"http:\/\/btv.md\/?p=9034"},"modified":"2016-03-16T19:00:42","modified_gmt":"2016-03-16T16:00:42","slug":"la-balti-a-avut-loc-spartachiada-detinutilor","status":"publish","type":"post","link":"https:\/\/www.btv.md\/ro\/la-balti-a-avut-loc-spartachiada-detinutilor\/","title":{"rendered":"LA  B\u0102L\u021aI  A  AVUT  LOC  SPARTACHIADA  DE\u021aINU\u021aILOR"},"content":{"rendered":"<p><strong>De\u021binu\u021bii din penitenciarele din nordul \u021b\u0103rii \u0219i-au demonstrat abilit\u0103\u021bile sportive \u00een cadrul unei  Spartachiade, care s-a desf\u0103\u0219urat\u00een Penitenciarului num\u0103rul 11 din B\u0103l\u021bi. <\/strong><\/p>\n<p>Potrivit departamentului institu\u021biilor penitenciare competi\u021bia sportiv\u0103 s-a desf\u0103\u0219urat la probele \u201e\u0218ah\u201d, \u201eRidicarea greut\u0103\u021bilor\u201d \u0219i \u201eTenis de mas\u0103\u201d \u0219i a \u00eentrunit patru echipe de de\u021binu\u021bi din custodia Penitenciarelor nr.2-Lipcani, nr.6-Soroca, nr.11-B\u0103l\u021bi \u0219i nr.17-Rezina.<\/p>\n<p>\u00cen rezultatul unei lupte acerbe  pe locul I s-a plasat echipa Penitenciarului nr.6-Soroca, iar locul II ia revenit echipei de\u021binu\u021bilor din penitenciarul nr 11- B\u0103l\u021bi.<\/p>\n<p>Scopul competi\u021biei este  promovarea sportului \u00een penitenciare, dezvoltarea spiritului de echip\u0103 dar \u015fi a calit\u0103\u0163ilor emo\u0163ional-volitive care garanteaz\u0103 reeducarea \u015fi reintegrarea adecvat\u0103 \u00een societate a persoanelor private de libertate.<\/p>\n<p>La final, participan\u021bilor li s-au decernat diplome, iar echipa plasat\u0103 pe locul I urmeaz\u0103 s\u0103 concureze \u00een etapa final\u0103 a Spartachiadei cu echipele \u00eenving\u0103toare la competi\u021biile zonale. <\/p>\n<p><iframe width=\"420\" height=\"315\" data-src=\"https:\/\/www.youtube.com\/embed\/Grg0q0TwqW8\" frameborder=\"0\" allowfullscreen src=\"data:image\/svg+xml;base64,PHN2ZyB3aWR0aD0iMSIgaGVpZ2h0PSIxIiB4bWxucz0iaHR0cDovL3d3dy53My5vcmcvMjAwMC9zdmciPjwvc3ZnPg==\" class=\"lazyload\" data-load-mode=\"1\"><\/iframe><\/p>\n","protected":false},"excerpt":{"rendered":"<p>De\u021binu\u021bii din penitenciarele din nordul \u021b\u0103rii \u0219i-au demonstrat abilit\u0103\u021bile sportive \u00een cadrul unei Spartachiade, care s-a desf\u0103\u0219urat\u00een Penitenciarului num\u0103rul 11 din B\u0103l\u021bi. Potrivit departamentului institu\u021biilor penitenciare competi\u021bia sportiv\u0103 s-a desf\u0103\u0219urat la probele \u201e\u0218ah\u201d, \u201eRidicarea greut\u0103\u021bilor\u201d \u0219i \u201eTenis de mas\u0103\u201d \u0219i a \u00eentrunit patru echipe de de\u021binu\u021bi din custodia Penitenciarelor nr.2-Lipcani, nr.6-Soroca, nr.11-B\u0103l\u021bi \u0219i nr.17-Rezina. \u00cen [&hellip;]<\/p>\n","protected":false},"author":4,"featured_media":9035,"comment_status":"closed","ping_status":"closed","sticky":false,"template":"","format":"standard","meta":{"footnotes":""},"categories":[12],"tags":[],"class_list":["post-9034","post","type-post","status-publish","format-standard","has-post-thumbnail","hentry","category-balti"],"yoast_head":"<!-- This site is optimized with the Yoast SEO plugin v27.4 - https:\/\/yoast.com\/product\/yoast-seo-wordpress\/ -->\n<title>LA B\u0102L\u021aI A AVUT LOC SPARTACHIADA DE\u021aINU\u021aILOR - BTV<\/title>\n<meta name=\"robots\" content=\"index, follow, max-snippet:-1, max-image-preview:large, max-video-preview:-1\" \/>\n<link rel=\"canonical\" href=\"https:\/\/www.btv.md\/ro\/la-balti-a-avut-loc-spartachiada-detinutilor\/\" \/>\n<meta property=\"og:locale\" content=\"ro_RO\" \/>\n<meta property=\"og:type\" content=\"article\" \/>\n<meta property=\"og:title\" content=\"LA B\u0102L\u021aI A AVUT LOC SPARTACHIADA DE\u021aINU\u021aILOR - BTV\" \/>\n<meta property=\"og:description\" content=\"De\u021binu\u021bii din penitenciarele din nordul \u021b\u0103rii \u0219i-au demonstrat abilit\u0103\u021bile sportive \u00een cadrul unei Spartachiade, care s-a desf\u0103\u0219urat\u00een Penitenciarului num\u0103rul 11 din B\u0103l\u021bi. Potrivit departamentului institu\u021biilor penitenciare competi\u021bia sportiv\u0103 s-a desf\u0103\u0219urat la probele \u201e\u0218ah\u201d, \u201eRidicarea greut\u0103\u021bilor\u201d \u0219i \u201eTenis de mas\u0103\u201d \u0219i a \u00eentrunit patru echipe de de\u021binu\u021bi din custodia Penitenciarelor nr.2-Lipcani, nr.6-Soroca, nr.11-B\u0103l\u021bi \u0219i nr.17-Rezina. \u00cen [&hellip;]\" \/>\n<meta property=\"og:url\" content=\"https:\/\/www.btv.md\/ro\/la-balti-a-avut-loc-spartachiada-detinutilor\/\" \/>\n<meta property=\"og:site_name\" content=\"BTV\" \/>\n<meta property=\"article:publisher\" content=\"https:\/\/www.facebook.com\/btvmoldova\/\" \/>\n<meta property=\"article:published_time\" content=\"2016-03-16T16:00:42+00:00\" \/>\n<meta property=\"og:image\" content=\"https:\/\/www.btv.md\/wp-content\/uploads\/2016\/03\/detinuti.png\" \/>\n\t<meta property=\"og:image:width\" content=\"965\" \/>\n\t<meta property=\"og:image:height\" content=\"583\" \/>\n\t<meta property=\"og:image:type\" content=\"image\/png\" \/>\n<meta name=\"author\" content=\"admin\" \/>\n<meta name=\"twitter:label1\" content=\"Scris de\" \/>\n\t<meta name=\"twitter:data1\" content=\"admin\" \/>\n\t<meta name=\"twitter:label2\" content=\"Timp estimat pentru citire\" \/>\n\t<meta name=\"twitter:data2\" content=\"1 minut\" \/>\n<script type=\"application\/ld+json\" class=\"yoast-schema-graph\">{\"@context\":\"https:\\\/\\\/schema.org\",\"@graph\":[{\"@type\":\"Article\",\"@id\":\"https:\\\/\\\/www.btv.md\\\/ro\\\/la-balti-a-avut-loc-spartachiada-detinutilor\\\/#article\",\"isPartOf\":{\"@id\":\"https:\\\/\\\/www.btv.md\\\/ro\\\/la-balti-a-avut-loc-spartachiada-detinutilor\\\/\"},\"author\":{\"name\":\"admin\",\"@id\":\"https:\\\/\\\/www.btv.md\\\/#\\\/schema\\\/person\\\/8fadce81561b3ce2c34c46dadc4ccbf2\"},\"headline\":\"LA B\u0102L\u021aI A AVUT LOC SPARTACHIADA DE\u021aINU\u021aILOR\",\"datePublished\":\"2016-03-16T16:00:42+00:00\",\"mainEntityOfPage\":{\"@id\":\"https:\\\/\\\/www.btv.md\\\/ro\\\/la-balti-a-avut-loc-spartachiada-detinutilor\\\/\"},\"wordCount\":176,\"image\":{\"@id\":\"https:\\\/\\\/www.btv.md\\\/ro\\\/la-balti-a-avut-loc-spartachiada-detinutilor\\\/#primaryimage\"},\"thumbnailUrl\":\"https:\\\/\\\/www.btv.md\\\/wp-content\\\/uploads\\\/2016\\\/03\\\/detinuti.png\",\"articleSection\":[\"\u0413\u043e\u0440\u043e\u0434\"],\"inLanguage\":\"ro-RO\"},{\"@type\":\"WebPage\",\"@id\":\"https:\\\/\\\/www.btv.md\\\/ro\\\/la-balti-a-avut-loc-spartachiada-detinutilor\\\/\",\"url\":\"https:\\\/\\\/www.btv.md\\\/ro\\\/la-balti-a-avut-loc-spartachiada-detinutilor\\\/\",\"name\":\"LA B\u0102L\u021aI A AVUT LOC SPARTACHIADA DE\u021aINU\u021aILOR - BTV\",\"isPartOf\":{\"@id\":\"https:\\\/\\\/www.btv.md\\\/#website\"},\"primaryImageOfPage\":{\"@id\":\"https:\\\/\\\/www.btv.md\\\/ro\\\/la-balti-a-avut-loc-spartachiada-detinutilor\\\/#primaryimage\"},\"image\":{\"@id\":\"https:\\\/\\\/www.btv.md\\\/ro\\\/la-balti-a-avut-loc-spartachiada-detinutilor\\\/#primaryimage\"},\"thumbnailUrl\":\"https:\\\/\\\/www.btv.md\\\/wp-content\\\/uploads\\\/2016\\\/03\\\/detinuti.png\",\"datePublished\":\"2016-03-16T16:00:42+00:00\",\"author\":{\"@id\":\"https:\\\/\\\/www.btv.md\\\/#\\\/schema\\\/person\\\/8fadce81561b3ce2c34c46dadc4ccbf2\"},\"inLanguage\":\"ro-RO\",\"potentialAction\":[{\"@type\":\"ReadAction\",\"target\":[\"https:\\\/\\\/www.btv.md\\\/ro\\\/la-balti-a-avut-loc-spartachiada-detinutilor\\\/\"]}]},{\"@type\":\"ImageObject\",\"inLanguage\":\"ro-RO\",\"@id\":\"https:\\\/\\\/www.btv.md\\\/ro\\\/la-balti-a-avut-loc-spartachiada-detinutilor\\\/#primaryimage\",\"url\":\"https:\\\/\\\/www.btv.md\\\/wp-content\\\/uploads\\\/2016\\\/03\\\/detinuti.png\",\"contentUrl\":\"https:\\\/\\\/www.btv.md\\\/wp-content\\\/uploads\\\/2016\\\/03\\\/detinuti.png\",\"width\":965,\"height\":583},{\"@type\":\"WebSite\",\"@id\":\"https:\\\/\\\/www.btv.md\\\/#website\",\"url\":\"https:\\\/\\\/www.btv.md\\\/\",\"name\":\"BTV\",\"description\":\"\u0411\u0435\u043b\u044c\u0446\u043a\u043e\u0435 \u0442\u0435\u043b\u0435\u0432\u0438\u0434\u0435\u043d\u0438\u0435\",\"potentialAction\":[{\"@type\":\"SearchAction\",\"target\":{\"@type\":\"EntryPoint\",\"urlTemplate\":\"https:\\\/\\\/www.btv.md\\\/?s={search_term_string}\"},\"query-input\":{\"@type\":\"PropertyValueSpecification\",\"valueRequired\":true,\"valueName\":\"search_term_string\"}}],\"inLanguage\":\"ro-RO\"},{\"@type\":\"Person\",\"@id\":\"https:\\\/\\\/www.btv.md\\\/#\\\/schema\\\/person\\\/8fadce81561b3ce2c34c46dadc4ccbf2\",\"name\":\"admin\"}]}<\/script>\n<!-- \/ Yoast SEO plugin. -->","yoast_head_json":{"title":"LA B\u0102L\u021aI A AVUT LOC SPARTACHIADA DE\u021aINU\u021aILOR - BTV","robots":{"index":"index","follow":"follow","max-snippet":"max-snippet:-1","max-image-preview":"max-image-preview:large","max-video-preview":"max-video-preview:-1"},"canonical":"https:\/\/www.btv.md\/ro\/la-balti-a-avut-loc-spartachiada-detinutilor\/","og_locale":"ro_RO","og_type":"article","og_title":"LA B\u0102L\u021aI A AVUT LOC SPARTACHIADA DE\u021aINU\u021aILOR - BTV","og_description":"De\u021binu\u021bii din penitenciarele din nordul \u021b\u0103rii \u0219i-au demonstrat abilit\u0103\u021bile sportive \u00een cadrul unei Spartachiade, care s-a desf\u0103\u0219urat\u00een Penitenciarului num\u0103rul 11 din B\u0103l\u021bi. Potrivit departamentului institu\u021biilor penitenciare competi\u021bia sportiv\u0103 s-a desf\u0103\u0219urat la probele \u201e\u0218ah\u201d, \u201eRidicarea greut\u0103\u021bilor\u201d \u0219i \u201eTenis de mas\u0103\u201d \u0219i a \u00eentrunit patru echipe de de\u021binu\u021bi din custodia Penitenciarelor nr.2-Lipcani, nr.6-Soroca, nr.11-B\u0103l\u021bi \u0219i nr.17-Rezina. \u00cen [&hellip;]","og_url":"https:\/\/www.btv.md\/ro\/la-balti-a-avut-loc-spartachiada-detinutilor\/","og_site_name":"BTV","article_publisher":"https:\/\/www.facebook.com\/btvmoldova\/","article_published_time":"2016-03-16T16:00:42+00:00","og_image":[{"width":965,"height":583,"url":"https:\/\/www.btv.md\/wp-content\/uploads\/2016\/03\/detinuti.png","type":"image\/png"}],"author":"admin","twitter_misc":{"Scris de":"admin","Timp estimat pentru citire":"1 minut"},"schema":{"@context":"https:\/\/schema.org","@graph":[{"@type":"Article","@id":"https:\/\/www.btv.md\/ro\/la-balti-a-avut-loc-spartachiada-detinutilor\/#article","isPartOf":{"@id":"https:\/\/www.btv.md\/ro\/la-balti-a-avut-loc-spartachiada-detinutilor\/"},"author":{"name":"admin","@id":"https:\/\/www.btv.md\/#\/schema\/person\/8fadce81561b3ce2c34c46dadc4ccbf2"},"headline":"LA B\u0102L\u021aI A AVUT LOC SPARTACHIADA DE\u021aINU\u021aILOR","datePublished":"2016-03-16T16:00:42+00:00","mainEntityOfPage":{"@id":"https:\/\/www.btv.md\/ro\/la-balti-a-avut-loc-spartachiada-detinutilor\/"},"wordCount":176,"image":{"@id":"https:\/\/www.btv.md\/ro\/la-balti-a-avut-loc-spartachiada-detinutilor\/#primaryimage"},"thumbnailUrl":"https:\/\/www.btv.md\/wp-content\/uploads\/2016\/03\/detinuti.png","articleSection":["\u0413\u043e\u0440\u043e\u0434"],"inLanguage":"ro-RO"},{"@type":"WebPage","@id":"https:\/\/www.btv.md\/ro\/la-balti-a-avut-loc-spartachiada-detinutilor\/","url":"https:\/\/www.btv.md\/ro\/la-balti-a-avut-loc-spartachiada-detinutilor\/","name":"LA B\u0102L\u021aI A AVUT LOC SPARTACHIADA DE\u021aINU\u021aILOR - BTV","isPartOf":{"@id":"https:\/\/www.btv.md\/#website"},"primaryImageOfPage":{"@id":"https:\/\/www.btv.md\/ro\/la-balti-a-avut-loc-spartachiada-detinutilor\/#primaryimage"},"image":{"@id":"https:\/\/www.btv.md\/ro\/la-balti-a-avut-loc-spartachiada-detinutilor\/#primaryimage"},"thumbnailUrl":"https:\/\/www.btv.md\/wp-content\/uploads\/2016\/03\/detinuti.png","datePublished":"2016-03-16T16:00:42+00:00","author":{"@id":"https:\/\/www.btv.md\/#\/schema\/person\/8fadce81561b3ce2c34c46dadc4ccbf2"},"inLanguage":"ro-RO","potentialAction":[{"@type":"ReadAction","target":["https:\/\/www.btv.md\/ro\/la-balti-a-avut-loc-spartachiada-detinutilor\/"]}]},{"@type":"ImageObject","inLanguage":"ro-RO","@id":"https:\/\/www.btv.md\/ro\/la-balti-a-avut-loc-spartachiada-detinutilor\/#primaryimage","url":"https:\/\/www.btv.md\/wp-content\/uploads\/2016\/03\/detinuti.png","contentUrl":"https:\/\/www.btv.md\/wp-content\/uploads\/2016\/03\/detinuti.png","width":965,"height":583},{"@type":"WebSite","@id":"https:\/\/www.btv.md\/#website","url":"https:\/\/www.btv.md\/","name":"BTV","description":"\u0411\u0435\u043b\u044c\u0446\u043a\u043e\u0435 \u0442\u0435\u043b\u0435\u0432\u0438\u0434\u0435\u043d\u0438\u0435","potentialAction":[{"@type":"SearchAction","target":{"@type":"EntryPoint","urlTemplate":"https:\/\/www.btv.md\/?s={search_term_string}"},"query-input":{"@type":"PropertyValueSpecification","valueRequired":true,"valueName":"search_term_string"}}],"inLanguage":"ro-RO"},{"@type":"Person","@id":"https:\/\/www.btv.md\/#\/schema\/person\/8fadce81561b3ce2c34c46dadc4ccbf2","name":"admin"}]}},"_links":{"self":[{"href":"https:\/\/www.btv.md\/ro\/wp-json\/wp\/v2\/posts\/9034","targetHints":{"allow":["GET"]}}],"collection":[{"href":"https:\/\/www.btv.md\/ro\/wp-json\/wp\/v2\/posts"}],"about":[{"href":"https:\/\/www.btv.md\/ro\/wp-json\/wp\/v2\/types\/post"}],"author":[{"embeddable":true,"href":"https:\/\/www.btv.md\/ro\/wp-json\/wp\/v2\/users\/4"}],"replies":[{"embeddable":true,"href":"https:\/\/www.btv.md\/ro\/wp-json\/wp\/v2\/comments?post=9034"}],"version-history":[{"count":0,"href":"https:\/\/www.btv.md\/ro\/wp-json\/wp\/v2\/posts\/9034\/revisions"}],"wp:featuredmedia":[{"embeddable":true,"href":"https:\/\/www.btv.md\/ro\/wp-json\/wp\/v2\/media\/9035"}],"wp:attachment":[{"href":"https:\/\/www.btv.md\/ro\/wp-json\/wp\/v2\/media?parent=9034"}],"wp:term":[{"taxonomy":"category","embeddable":true,"href":"https:\/\/www.btv.md\/ro\/wp-json\/wp\/v2\/categories?post=9034"},{"taxonomy":"post_tag","embeddable":true,"href":"https:\/\/www.btv.md\/ro\/wp-json\/wp\/v2\/tags?post=9034"}],"curies":[{"name":"wp","href":"https:\/\/api.w.org\/{rel}","templated":true}]}}