{"id":9044,"date":"2016-03-16T13:05:26","date_gmt":"2016-03-16T10:05:26","guid":{"rendered":"http:\/\/btv.md\/?p=9044"},"modified":"2016-03-16T19:16:56","modified_gmt":"2016-03-16T16:16:56","slug":"ambasadorul-moldovei-in-austria-a-parasit-partidul-democrat","status":"publish","type":"post","link":"https:\/\/www.btv.md\/ro\/ambasadorul-moldovei-in-austria-a-parasit-partidul-democrat\/","title":{"rendered":"AMBASADORUL  MOLDOVEI  \u00ceN  AUSTRIA  A  P\u0102R\u0102SIT  PARTIDUL  DEMOCRAT"},"content":{"rendered":"<p><strong>Ambasadorul Moldovei \u00een Austria, Andrei Popov, a p\u0103r\u0103sit PD, forma\u021biune la care a aderat \u00een anul 2009. Popov \u0219i-a explicat decizia prin faptul c\u0103 \u00een PD numai despre democra\u021bie nu poate fi vorba \u0219i c\u0103 deciziile se iau \u00een alt\u0103 parte dec\u00eet sediul forma\u021biunii.<\/strong><\/p>\n<p> Andrei Popov a spus c\u0103 demisioneaz\u0103 din func\u021bia de Ambasador al Moldovei \u00een Austria.<\/p>\n<p>Popov spune c\u0103 \u0219i-ar fi dorit ca deciziile care se iau \u00een partid s\u0103 fie luate \u00een interesul oamenilor.<\/p>\n<p>Andrei Popov a anun\u0163at c\u0103 dup\u0103 \u00eencheierea tuturor procedurilor de predare a mandatului de ambasador, \u00een luna mai, va reveni la Chi\u015fin\u0103u \u015fi va \u00eencerca s\u0103-\u015fi foloseasc\u0103 cuno\u015ftin\u0163ele, experien\u0163a, expertiza \u015fi rela\u0163iile pentru a ajuta la schimbarea lucrurilor spre bine. Acesta a spus c\u0103 nu a decis s\u0103 se al\u0103ture unei alte forma\u0163iuni, dar va analiza la rece tot ce se \u00eent\u00e2mpl\u0103 \u015fi va chibzui foarte bine \u00eenainte de a face un astfel de pas.<\/p>\n<p>Din noiembrie 2009 \u015fi p\u00e2n\u0103 \u00een august 2013 Popov a fost viceministru de externe. \u00cen 2013, Popov a fost numit ambasador al Republicii Moldova \u00een Austria.<\/p>\n<p><a href=\"http:\/\/n4.md\/news\/andrei-popov-parasit-partidul-democrat\" target=\"_blank\">n4.md<\/a><\/p>\n","protected":false},"excerpt":{"rendered":"<p>Ambasadorul Moldovei \u00een Austria, Andrei Popov, a p\u0103r\u0103sit PD, forma\u021biune la care a aderat \u00een anul 2009. Popov \u0219i-a explicat decizia prin faptul c\u0103 \u00een PD numai despre democra\u021bie nu poate fi vorba \u0219i c\u0103 deciziile se iau \u00een alt\u0103 parte dec\u00eet sediul forma\u021biunii. Andrei Popov a spus c\u0103 demisioneaz\u0103 din func\u021bia de Ambasador al [&hellip;]<\/p>\n","protected":false},"author":4,"featured_media":9045,"comment_status":"closed","ping_status":"closed","sticky":false,"template":"","format":"standard","meta":{"footnotes":""},"categories":[6368],"tags":[],"class_list":["post-9044","post","type-post","status-publish","format-standard","has-post-thumbnail","hentry","category-politica-ro"],"yoast_head":"<!-- This site is optimized with the Yoast SEO plugin v27.4 - https:\/\/yoast.com\/product\/yoast-seo-wordpress\/ -->\n<title>AMBASADORUL MOLDOVEI \u00ceN AUSTRIA A P\u0102R\u0102SIT PARTIDUL DEMOCRAT - BTV<\/title>\n<meta name=\"robots\" content=\"index, follow, max-snippet:-1, max-image-preview:large, max-video-preview:-1\" \/>\n<link rel=\"canonical\" href=\"https:\/\/www.btv.md\/ro\/ambasadorul-moldovei-in-austria-a-parasit-partidul-democrat\/\" \/>\n<meta property=\"og:locale\" content=\"ro_RO\" \/>\n<meta property=\"og:type\" content=\"article\" \/>\n<meta property=\"og:title\" content=\"AMBASADORUL MOLDOVEI \u00ceN AUSTRIA A P\u0102R\u0102SIT PARTIDUL DEMOCRAT - BTV\" \/>\n<meta property=\"og:description\" content=\"Ambasadorul Moldovei \u00een Austria, Andrei Popov, a p\u0103r\u0103sit PD, forma\u021biune la care a aderat \u00een anul 2009. Popov \u0219i-a explicat decizia prin faptul c\u0103 \u00een PD numai despre democra\u021bie nu poate fi vorba \u0219i c\u0103 deciziile se iau \u00een alt\u0103 parte dec\u00eet sediul forma\u021biunii. Andrei Popov a spus c\u0103 demisioneaz\u0103 din func\u021bia de Ambasador al [&hellip;]\" \/>\n<meta property=\"og:url\" content=\"https:\/\/www.btv.md\/ro\/ambasadorul-moldovei-in-austria-a-parasit-partidul-democrat\/\" \/>\n<meta property=\"og:site_name\" content=\"BTV\" \/>\n<meta property=\"article:publisher\" content=\"https:\/\/www.facebook.com\/btvmoldova\/\" \/>\n<meta property=\"article:published_time\" content=\"2016-03-16T10:05:26+00:00\" \/>\n<meta property=\"article:modified_time\" content=\"2016-03-16T16:16:56+00:00\" \/>\n<meta property=\"og:image\" content=\"https:\/\/www.btv.md\/wp-content\/uploads\/2016\/03\/media_145804591692326500.png\" \/>\n\t<meta property=\"og:image:width\" content=\"620\" \/>\n\t<meta property=\"og:image:height\" content=\"345\" \/>\n\t<meta property=\"og:image:type\" content=\"image\/png\" \/>\n<meta name=\"author\" content=\"admin\" \/>\n<meta name=\"twitter:label1\" content=\"Scris de\" \/>\n\t<meta name=\"twitter:data1\" content=\"admin\" \/>\n\t<meta name=\"twitter:label2\" content=\"Timp estimat pentru citire\" \/>\n\t<meta name=\"twitter:data2\" content=\"1 minut\" \/>\n<script type=\"application\/ld+json\" class=\"yoast-schema-graph\">{\"@context\":\"https:\\\/\\\/schema.org\",\"@graph\":[{\"@type\":\"Article\",\"@id\":\"https:\\\/\\\/www.btv.md\\\/ro\\\/ambasadorul-moldovei-in-austria-a-parasit-partidul-democrat\\\/#article\",\"isPartOf\":{\"@id\":\"https:\\\/\\\/www.btv.md\\\/ro\\\/ambasadorul-moldovei-in-austria-a-parasit-partidul-democrat\\\/\"},\"author\":{\"name\":\"admin\",\"@id\":\"https:\\\/\\\/www.btv.md\\\/#\\\/schema\\\/person\\\/8fadce81561b3ce2c34c46dadc4ccbf2\"},\"headline\":\"AMBASADORUL MOLDOVEI \u00ceN AUSTRIA A P\u0102R\u0102SIT PARTIDUL DEMOCRAT\",\"datePublished\":\"2016-03-16T10:05:26+00:00\",\"dateModified\":\"2016-03-16T16:16:56+00:00\",\"mainEntityOfPage\":{\"@id\":\"https:\\\/\\\/www.btv.md\\\/ro\\\/ambasadorul-moldovei-in-austria-a-parasit-partidul-democrat\\\/\"},\"wordCount\":206,\"image\":{\"@id\":\"https:\\\/\\\/www.btv.md\\\/ro\\\/ambasadorul-moldovei-in-austria-a-parasit-partidul-democrat\\\/#primaryimage\"},\"thumbnailUrl\":\"https:\\\/\\\/www.btv.md\\\/wp-content\\\/uploads\\\/2016\\\/03\\\/media_145804591692326500.png\",\"articleSection\":[\"Politic\u0103\"],\"inLanguage\":\"ro-RO\"},{\"@type\":\"WebPage\",\"@id\":\"https:\\\/\\\/www.btv.md\\\/ro\\\/ambasadorul-moldovei-in-austria-a-parasit-partidul-democrat\\\/\",\"url\":\"https:\\\/\\\/www.btv.md\\\/ro\\\/ambasadorul-moldovei-in-austria-a-parasit-partidul-democrat\\\/\",\"name\":\"AMBASADORUL MOLDOVEI \u00ceN AUSTRIA A P\u0102R\u0102SIT PARTIDUL DEMOCRAT - BTV\",\"isPartOf\":{\"@id\":\"https:\\\/\\\/www.btv.md\\\/#website\"},\"primaryImageOfPage\":{\"@id\":\"https:\\\/\\\/www.btv.md\\\/ro\\\/ambasadorul-moldovei-in-austria-a-parasit-partidul-democrat\\\/#primaryimage\"},\"image\":{\"@id\":\"https:\\\/\\\/www.btv.md\\\/ro\\\/ambasadorul-moldovei-in-austria-a-parasit-partidul-democrat\\\/#primaryimage\"},\"thumbnailUrl\":\"https:\\\/\\\/www.btv.md\\\/wp-content\\\/uploads\\\/2016\\\/03\\\/media_145804591692326500.png\",\"datePublished\":\"2016-03-16T10:05:26+00:00\",\"dateModified\":\"2016-03-16T16:16:56+00:00\",\"author\":{\"@id\":\"https:\\\/\\\/www.btv.md\\\/#\\\/schema\\\/person\\\/8fadce81561b3ce2c34c46dadc4ccbf2\"},\"inLanguage\":\"ro-RO\",\"potentialAction\":[{\"@type\":\"ReadAction\",\"target\":[\"https:\\\/\\\/www.btv.md\\\/ro\\\/ambasadorul-moldovei-in-austria-a-parasit-partidul-democrat\\\/\"]}]},{\"@type\":\"ImageObject\",\"inLanguage\":\"ro-RO\",\"@id\":\"https:\\\/\\\/www.btv.md\\\/ro\\\/ambasadorul-moldovei-in-austria-a-parasit-partidul-democrat\\\/#primaryimage\",\"url\":\"https:\\\/\\\/www.btv.md\\\/wp-content\\\/uploads\\\/2016\\\/03\\\/media_145804591692326500.png\",\"contentUrl\":\"https:\\\/\\\/www.btv.md\\\/wp-content\\\/uploads\\\/2016\\\/03\\\/media_145804591692326500.png\",\"width\":620,\"height\":345,\"caption\":\"www.realitatea.md\"},{\"@type\":\"WebSite\",\"@id\":\"https:\\\/\\\/www.btv.md\\\/#website\",\"url\":\"https:\\\/\\\/www.btv.md\\\/\",\"name\":\"BTV\",\"description\":\"\u0411\u0435\u043b\u044c\u0446\u043a\u043e\u0435 \u0442\u0435\u043b\u0435\u0432\u0438\u0434\u0435\u043d\u0438\u0435\",\"potentialAction\":[{\"@type\":\"SearchAction\",\"target\":{\"@type\":\"EntryPoint\",\"urlTemplate\":\"https:\\\/\\\/www.btv.md\\\/?s={search_term_string}\"},\"query-input\":{\"@type\":\"PropertyValueSpecification\",\"valueRequired\":true,\"valueName\":\"search_term_string\"}}],\"inLanguage\":\"ro-RO\"},{\"@type\":\"Person\",\"@id\":\"https:\\\/\\\/www.btv.md\\\/#\\\/schema\\\/person\\\/8fadce81561b3ce2c34c46dadc4ccbf2\",\"name\":\"admin\"}]}<\/script>\n<!-- \/ Yoast SEO plugin. -->","yoast_head_json":{"title":"AMBASADORUL MOLDOVEI \u00ceN AUSTRIA A P\u0102R\u0102SIT PARTIDUL DEMOCRAT - BTV","robots":{"index":"index","follow":"follow","max-snippet":"max-snippet:-1","max-image-preview":"max-image-preview:large","max-video-preview":"max-video-preview:-1"},"canonical":"https:\/\/www.btv.md\/ro\/ambasadorul-moldovei-in-austria-a-parasit-partidul-democrat\/","og_locale":"ro_RO","og_type":"article","og_title":"AMBASADORUL MOLDOVEI \u00ceN AUSTRIA A P\u0102R\u0102SIT PARTIDUL DEMOCRAT - BTV","og_description":"Ambasadorul Moldovei \u00een Austria, Andrei Popov, a p\u0103r\u0103sit PD, forma\u021biune la care a aderat \u00een anul 2009. Popov \u0219i-a explicat decizia prin faptul c\u0103 \u00een PD numai despre democra\u021bie nu poate fi vorba \u0219i c\u0103 deciziile se iau \u00een alt\u0103 parte dec\u00eet sediul forma\u021biunii. Andrei Popov a spus c\u0103 demisioneaz\u0103 din func\u021bia de Ambasador al [&hellip;]","og_url":"https:\/\/www.btv.md\/ro\/ambasadorul-moldovei-in-austria-a-parasit-partidul-democrat\/","og_site_name":"BTV","article_publisher":"https:\/\/www.facebook.com\/btvmoldova\/","article_published_time":"2016-03-16T10:05:26+00:00","article_modified_time":"2016-03-16T16:16:56+00:00","og_image":[{"width":620,"height":345,"url":"https:\/\/www.btv.md\/wp-content\/uploads\/2016\/03\/media_145804591692326500.png","type":"image\/png"}],"author":"admin","twitter_misc":{"Scris de":"admin","Timp estimat pentru citire":"1 minut"},"schema":{"@context":"https:\/\/schema.org","@graph":[{"@type":"Article","@id":"https:\/\/www.btv.md\/ro\/ambasadorul-moldovei-in-austria-a-parasit-partidul-democrat\/#article","isPartOf":{"@id":"https:\/\/www.btv.md\/ro\/ambasadorul-moldovei-in-austria-a-parasit-partidul-democrat\/"},"author":{"name":"admin","@id":"https:\/\/www.btv.md\/#\/schema\/person\/8fadce81561b3ce2c34c46dadc4ccbf2"},"headline":"AMBASADORUL MOLDOVEI \u00ceN AUSTRIA A P\u0102R\u0102SIT PARTIDUL DEMOCRAT","datePublished":"2016-03-16T10:05:26+00:00","dateModified":"2016-03-16T16:16:56+00:00","mainEntityOfPage":{"@id":"https:\/\/www.btv.md\/ro\/ambasadorul-moldovei-in-austria-a-parasit-partidul-democrat\/"},"wordCount":206,"image":{"@id":"https:\/\/www.btv.md\/ro\/ambasadorul-moldovei-in-austria-a-parasit-partidul-democrat\/#primaryimage"},"thumbnailUrl":"https:\/\/www.btv.md\/wp-content\/uploads\/2016\/03\/media_145804591692326500.png","articleSection":["Politic\u0103"],"inLanguage":"ro-RO"},{"@type":"WebPage","@id":"https:\/\/www.btv.md\/ro\/ambasadorul-moldovei-in-austria-a-parasit-partidul-democrat\/","url":"https:\/\/www.btv.md\/ro\/ambasadorul-moldovei-in-austria-a-parasit-partidul-democrat\/","name":"AMBASADORUL MOLDOVEI \u00ceN AUSTRIA A P\u0102R\u0102SIT PARTIDUL DEMOCRAT - BTV","isPartOf":{"@id":"https:\/\/www.btv.md\/#website"},"primaryImageOfPage":{"@id":"https:\/\/www.btv.md\/ro\/ambasadorul-moldovei-in-austria-a-parasit-partidul-democrat\/#primaryimage"},"image":{"@id":"https:\/\/www.btv.md\/ro\/ambasadorul-moldovei-in-austria-a-parasit-partidul-democrat\/#primaryimage"},"thumbnailUrl":"https:\/\/www.btv.md\/wp-content\/uploads\/2016\/03\/media_145804591692326500.png","datePublished":"2016-03-16T10:05:26+00:00","dateModified":"2016-03-16T16:16:56+00:00","author":{"@id":"https:\/\/www.btv.md\/#\/schema\/person\/8fadce81561b3ce2c34c46dadc4ccbf2"},"inLanguage":"ro-RO","potentialAction":[{"@type":"ReadAction","target":["https:\/\/www.btv.md\/ro\/ambasadorul-moldovei-in-austria-a-parasit-partidul-democrat\/"]}]},{"@type":"ImageObject","inLanguage":"ro-RO","@id":"https:\/\/www.btv.md\/ro\/ambasadorul-moldovei-in-austria-a-parasit-partidul-democrat\/#primaryimage","url":"https:\/\/www.btv.md\/wp-content\/uploads\/2016\/03\/media_145804591692326500.png","contentUrl":"https:\/\/www.btv.md\/wp-content\/uploads\/2016\/03\/media_145804591692326500.png","width":620,"height":345,"caption":"www.realitatea.md"},{"@type":"WebSite","@id":"https:\/\/www.btv.md\/#website","url":"https:\/\/www.btv.md\/","name":"BTV","description":"\u0411\u0435\u043b\u044c\u0446\u043a\u043e\u0435 \u0442\u0435\u043b\u0435\u0432\u0438\u0434\u0435\u043d\u0438\u0435","potentialAction":[{"@type":"SearchAction","target":{"@type":"EntryPoint","urlTemplate":"https:\/\/www.btv.md\/?s={search_term_string}"},"query-input":{"@type":"PropertyValueSpecification","valueRequired":true,"valueName":"search_term_string"}}],"inLanguage":"ro-RO"},{"@type":"Person","@id":"https:\/\/www.btv.md\/#\/schema\/person\/8fadce81561b3ce2c34c46dadc4ccbf2","name":"admin"}]}},"_links":{"self":[{"href":"https:\/\/www.btv.md\/ro\/wp-json\/wp\/v2\/posts\/9044","targetHints":{"allow":["GET"]}}],"collection":[{"href":"https:\/\/www.btv.md\/ro\/wp-json\/wp\/v2\/posts"}],"about":[{"href":"https:\/\/www.btv.md\/ro\/wp-json\/wp\/v2\/types\/post"}],"author":[{"embeddable":true,"href":"https:\/\/www.btv.md\/ro\/wp-json\/wp\/v2\/users\/4"}],"replies":[{"embeddable":true,"href":"https:\/\/www.btv.md\/ro\/wp-json\/wp\/v2\/comments?post=9044"}],"version-history":[{"count":0,"href":"https:\/\/www.btv.md\/ro\/wp-json\/wp\/v2\/posts\/9044\/revisions"}],"wp:featuredmedia":[{"embeddable":true,"href":"https:\/\/www.btv.md\/ro\/wp-json\/wp\/v2\/media\/9045"}],"wp:attachment":[{"href":"https:\/\/www.btv.md\/ro\/wp-json\/wp\/v2\/media?parent=9044"}],"wp:term":[{"taxonomy":"category","embeddable":true,"href":"https:\/\/www.btv.md\/ro\/wp-json\/wp\/v2\/categories?post=9044"},{"taxonomy":"post_tag","embeddable":true,"href":"https:\/\/www.btv.md\/ro\/wp-json\/wp\/v2\/tags?post=9044"}],"curies":[{"name":"wp","href":"https:\/\/api.w.org\/{rel}","templated":true}]}}