{"id":9047,"date":"2016-03-16T13:10:21","date_gmt":"2016-03-16T10:10:21","guid":{"rendered":"http:\/\/btv.md\/?p=9047"},"modified":"2016-03-16T19:21:59","modified_gmt":"2016-03-16T16:21:59","slug":"fermierii-critica-dur-proiectul-politicii-bugetar-fiscale","status":"publish","type":"post","link":"https:\/\/www.btv.md\/ro\/fermierii-critica-dur-proiectul-politicii-bugetar-fiscale\/","title":{"rendered":"FERMIERII  CRITIC\u0102  DUR  PROIECTUL  POLITICII  BUGETAR-FISCALE"},"content":{"rendered":"<p><strong>Fermierii din Republica Moldova se arat\u0103 indigna\u021bi de propunerile f\u0103cute \u00een proiectul politicii bugetar-fiscale pentru anul 2016, prin care au fost majorate mai multe taxe care vizeaz\u0103 domeniul agriculturii, scrie <a href=\"http:\/\/www.ziarulnational.md\/fermierii-ameninta-guvernarea-cu-proteste\/\" target=\"_blank\">Ziarul Na\u021bional<\/a>.<\/strong><\/p>\n<p>Asocia\u021biile \u201eUniagroprotect\u201d, \u201eAgroinform\u201d, \u201eMoldova-Fruct\u201d \u0219i Federa\u021bia Na\u021bional\u0103 a Fermierilor din Moldova le cer deputa\u021bilor \u201e<em>s\u0103 nu voteze nicio ini\u021biativ\u0103 care urmeaz\u0103 s\u0103 majoreze presiunea fiscal\u0103 asupra fermierilor<\/em>\u201d. <\/p>\n<p>Autorit\u0103\u021bile au propus \u00een politica bugetar-fiscal\u0103 s\u0103 fie majorat impozitul funciar cu 15%, de la 1,5 lei pentru 1 grad hectar \u2013 la 1,73 lei. De asemenea, se introduce TVA la piesele de schimb pentru utilajul agricol.  <\/p>\n<p>\u201d<em>Aceast\u0103 majorare este lipsit\u0103 de orice moral\u0103. S\u0103 vii cu presiuni fiscale, atunci c\u00e2nd voi a\u021bi organizat aceast\u0103 criz\u0103 \u0219i acum tot din contul agricultorilor vre\u021bi s\u0103 recupera\u021bi banii care au fost sustra\u0219i din buget<\/em>\u201d, a adresat un mesaj guvern\u0103rii Alexandru Slusari, pre\u0219edintele \u201eUniagroprotect\u201d. <\/p>\n<p>Fermierii care fac parte din cele nou\u0103 uniuni din domeniul agricol din R. Moldova anun\u021b\u0103 c\u0103 vor organiza o \u0219edin\u021b\u0103 comun\u0103 \u00een viitorul apropiat \u00een cadrul c\u0103reia vor decide cum s\u0103 procedeze mai departe. Ace\u0219tia anun\u021b\u0103 c\u0103 vor face presiuni asupra guvern\u0103rii \u0219i admit c\u0103 ar putea relua protestele. <\/p>\n<p>\u201e<em>Nu putem tolera acest\u0103 batjocur\u0103 fa\u021b\u0103 de agricultori<\/em>\u201d, a punctat Alexandru Slusari \u00een cadrul unei conferin\u021be de pres\u0103. <\/p>\n","protected":false},"excerpt":{"rendered":"<p>Fermierii din Republica Moldova se arat\u0103 indigna\u021bi de propunerile f\u0103cute \u00een proiectul politicii bugetar-fiscale pentru anul 2016, prin care au fost majorate mai multe taxe care vizeaz\u0103 domeniul agriculturii, scrie Ziarul Na\u021bional. Asocia\u021biile \u201eUniagroprotect\u201d, \u201eAgroinform\u201d, \u201eMoldova-Fruct\u201d \u0219i Federa\u021bia Na\u021bional\u0103 a Fermierilor din Moldova le cer deputa\u021bilor \u201es\u0103 nu voteze nicio ini\u021biativ\u0103 care urmeaz\u0103 s\u0103 majoreze [&hellip;]<\/p>\n","protected":false},"author":4,"featured_media":9048,"comment_status":"closed","ping_status":"closed","sticky":false,"template":"","format":"standard","meta":{"footnotes":""},"categories":[6349],"tags":[],"class_list":["post-9047","post","type-post","status-publish","format-standard","has-post-thumbnail","hentry","category-social"],"yoast_head":"<!-- This site is optimized with the Yoast SEO plugin v27.4 - https:\/\/yoast.com\/product\/yoast-seo-wordpress\/ -->\n<title>FERMIERII CRITIC\u0102 DUR PROIECTUL POLITICII BUGETAR-FISCALE - BTV<\/title>\n<meta name=\"robots\" content=\"index, follow, max-snippet:-1, max-image-preview:large, max-video-preview:-1\" \/>\n<link rel=\"canonical\" href=\"https:\/\/www.btv.md\/ro\/fermierii-critica-dur-proiectul-politicii-bugetar-fiscale\/\" \/>\n<meta property=\"og:locale\" content=\"ro_RO\" \/>\n<meta property=\"og:type\" content=\"article\" \/>\n<meta property=\"og:title\" content=\"FERMIERII CRITIC\u0102 DUR PROIECTUL POLITICII BUGETAR-FISCALE - BTV\" \/>\n<meta property=\"og:description\" content=\"Fermierii din Republica Moldova se arat\u0103 indigna\u021bi de propunerile f\u0103cute \u00een proiectul politicii bugetar-fiscale pentru anul 2016, prin care au fost majorate mai multe taxe care vizeaz\u0103 domeniul agriculturii, scrie Ziarul Na\u021bional. Asocia\u021biile \u201eUniagroprotect\u201d, \u201eAgroinform\u201d, \u201eMoldova-Fruct\u201d \u0219i Federa\u021bia Na\u021bional\u0103 a Fermierilor din Moldova le cer deputa\u021bilor \u201es\u0103 nu voteze nicio ini\u021biativ\u0103 care urmeaz\u0103 s\u0103 majoreze [&hellip;]\" \/>\n<meta property=\"og:url\" content=\"https:\/\/www.btv.md\/ro\/fermierii-critica-dur-proiectul-politicii-bugetar-fiscale\/\" \/>\n<meta property=\"og:site_name\" content=\"BTV\" \/>\n<meta property=\"article:publisher\" content=\"https:\/\/www.facebook.com\/btvmoldova\/\" \/>\n<meta property=\"article:published_time\" content=\"2016-03-16T10:10:21+00:00\" \/>\n<meta property=\"article:modified_time\" content=\"2016-03-16T16:21:59+00:00\" \/>\n<meta property=\"og:image\" content=\"https:\/\/www.btv.md\/wp-content\/uploads\/2016\/03\/Alexandru-Slusari-660x330.jpg\" \/>\n\t<meta property=\"og:image:width\" content=\"660\" \/>\n\t<meta property=\"og:image:height\" content=\"330\" \/>\n\t<meta property=\"og:image:type\" content=\"image\/jpeg\" \/>\n<meta name=\"author\" content=\"admin\" \/>\n<meta name=\"twitter:label1\" content=\"Scris de\" \/>\n\t<meta name=\"twitter:data1\" content=\"admin\" \/>\n\t<meta name=\"twitter:label2\" content=\"Timp estimat pentru citire\" \/>\n\t<meta name=\"twitter:data2\" content=\"1 minut\" \/>\n<script type=\"application\/ld+json\" class=\"yoast-schema-graph\">{\"@context\":\"https:\\\/\\\/schema.org\",\"@graph\":[{\"@type\":\"Article\",\"@id\":\"https:\\\/\\\/www.btv.md\\\/ro\\\/fermierii-critica-dur-proiectul-politicii-bugetar-fiscale\\\/#article\",\"isPartOf\":{\"@id\":\"https:\\\/\\\/www.btv.md\\\/ro\\\/fermierii-critica-dur-proiectul-politicii-bugetar-fiscale\\\/\"},\"author\":{\"name\":\"admin\",\"@id\":\"https:\\\/\\\/www.btv.md\\\/#\\\/schema\\\/person\\\/8fadce81561b3ce2c34c46dadc4ccbf2\"},\"headline\":\"FERMIERII CRITIC\u0102 DUR PROIECTUL POLITICII BUGETAR-FISCALE\",\"datePublished\":\"2016-03-16T10:10:21+00:00\",\"dateModified\":\"2016-03-16T16:21:59+00:00\",\"mainEntityOfPage\":{\"@id\":\"https:\\\/\\\/www.btv.md\\\/ro\\\/fermierii-critica-dur-proiectul-politicii-bugetar-fiscale\\\/\"},\"wordCount\":227,\"image\":{\"@id\":\"https:\\\/\\\/www.btv.md\\\/ro\\\/fermierii-critica-dur-proiectul-politicii-bugetar-fiscale\\\/#primaryimage\"},\"thumbnailUrl\":\"https:\\\/\\\/www.btv.md\\\/wp-content\\\/uploads\\\/2016\\\/03\\\/Alexandru-Slusari-660x330.jpg\",\"articleSection\":[\"Social\"],\"inLanguage\":\"ro-RO\"},{\"@type\":\"WebPage\",\"@id\":\"https:\\\/\\\/www.btv.md\\\/ro\\\/fermierii-critica-dur-proiectul-politicii-bugetar-fiscale\\\/\",\"url\":\"https:\\\/\\\/www.btv.md\\\/ro\\\/fermierii-critica-dur-proiectul-politicii-bugetar-fiscale\\\/\",\"name\":\"FERMIERII CRITIC\u0102 DUR PROIECTUL POLITICII BUGETAR-FISCALE - BTV\",\"isPartOf\":{\"@id\":\"https:\\\/\\\/www.btv.md\\\/#website\"},\"primaryImageOfPage\":{\"@id\":\"https:\\\/\\\/www.btv.md\\\/ro\\\/fermierii-critica-dur-proiectul-politicii-bugetar-fiscale\\\/#primaryimage\"},\"image\":{\"@id\":\"https:\\\/\\\/www.btv.md\\\/ro\\\/fermierii-critica-dur-proiectul-politicii-bugetar-fiscale\\\/#primaryimage\"},\"thumbnailUrl\":\"https:\\\/\\\/www.btv.md\\\/wp-content\\\/uploads\\\/2016\\\/03\\\/Alexandru-Slusari-660x330.jpg\",\"datePublished\":\"2016-03-16T10:10:21+00:00\",\"dateModified\":\"2016-03-16T16:21:59+00:00\",\"author\":{\"@id\":\"https:\\\/\\\/www.btv.md\\\/#\\\/schema\\\/person\\\/8fadce81561b3ce2c34c46dadc4ccbf2\"},\"inLanguage\":\"ro-RO\",\"potentialAction\":[{\"@type\":\"ReadAction\",\"target\":[\"https:\\\/\\\/www.btv.md\\\/ro\\\/fermierii-critica-dur-proiectul-politicii-bugetar-fiscale\\\/\"]}]},{\"@type\":\"ImageObject\",\"inLanguage\":\"ro-RO\",\"@id\":\"https:\\\/\\\/www.btv.md\\\/ro\\\/fermierii-critica-dur-proiectul-politicii-bugetar-fiscale\\\/#primaryimage\",\"url\":\"https:\\\/\\\/www.btv.md\\\/wp-content\\\/uploads\\\/2016\\\/03\\\/Alexandru-Slusari-660x330.jpg\",\"contentUrl\":\"https:\\\/\\\/www.btv.md\\\/wp-content\\\/uploads\\\/2016\\\/03\\\/Alexandru-Slusari-660x330.jpg\",\"width\":660,\"height\":330,\"caption\":\"agricol.md\"},{\"@type\":\"WebSite\",\"@id\":\"https:\\\/\\\/www.btv.md\\\/#website\",\"url\":\"https:\\\/\\\/www.btv.md\\\/\",\"name\":\"BTV\",\"description\":\"\u0411\u0435\u043b\u044c\u0446\u043a\u043e\u0435 \u0442\u0435\u043b\u0435\u0432\u0438\u0434\u0435\u043d\u0438\u0435\",\"potentialAction\":[{\"@type\":\"SearchAction\",\"target\":{\"@type\":\"EntryPoint\",\"urlTemplate\":\"https:\\\/\\\/www.btv.md\\\/?s={search_term_string}\"},\"query-input\":{\"@type\":\"PropertyValueSpecification\",\"valueRequired\":true,\"valueName\":\"search_term_string\"}}],\"inLanguage\":\"ro-RO\"},{\"@type\":\"Person\",\"@id\":\"https:\\\/\\\/www.btv.md\\\/#\\\/schema\\\/person\\\/8fadce81561b3ce2c34c46dadc4ccbf2\",\"name\":\"admin\"}]}<\/script>\n<!-- \/ Yoast SEO plugin. -->","yoast_head_json":{"title":"FERMIERII CRITIC\u0102 DUR PROIECTUL POLITICII BUGETAR-FISCALE - BTV","robots":{"index":"index","follow":"follow","max-snippet":"max-snippet:-1","max-image-preview":"max-image-preview:large","max-video-preview":"max-video-preview:-1"},"canonical":"https:\/\/www.btv.md\/ro\/fermierii-critica-dur-proiectul-politicii-bugetar-fiscale\/","og_locale":"ro_RO","og_type":"article","og_title":"FERMIERII CRITIC\u0102 DUR PROIECTUL POLITICII BUGETAR-FISCALE - BTV","og_description":"Fermierii din Republica Moldova se arat\u0103 indigna\u021bi de propunerile f\u0103cute \u00een proiectul politicii bugetar-fiscale pentru anul 2016, prin care au fost majorate mai multe taxe care vizeaz\u0103 domeniul agriculturii, scrie Ziarul Na\u021bional. Asocia\u021biile \u201eUniagroprotect\u201d, \u201eAgroinform\u201d, \u201eMoldova-Fruct\u201d \u0219i Federa\u021bia Na\u021bional\u0103 a Fermierilor din Moldova le cer deputa\u021bilor \u201es\u0103 nu voteze nicio ini\u021biativ\u0103 care urmeaz\u0103 s\u0103 majoreze [&hellip;]","og_url":"https:\/\/www.btv.md\/ro\/fermierii-critica-dur-proiectul-politicii-bugetar-fiscale\/","og_site_name":"BTV","article_publisher":"https:\/\/www.facebook.com\/btvmoldova\/","article_published_time":"2016-03-16T10:10:21+00:00","article_modified_time":"2016-03-16T16:21:59+00:00","og_image":[{"width":660,"height":330,"url":"https:\/\/www.btv.md\/wp-content\/uploads\/2016\/03\/Alexandru-Slusari-660x330.jpg","type":"image\/jpeg"}],"author":"admin","twitter_misc":{"Scris de":"admin","Timp estimat pentru citire":"1 minut"},"schema":{"@context":"https:\/\/schema.org","@graph":[{"@type":"Article","@id":"https:\/\/www.btv.md\/ro\/fermierii-critica-dur-proiectul-politicii-bugetar-fiscale\/#article","isPartOf":{"@id":"https:\/\/www.btv.md\/ro\/fermierii-critica-dur-proiectul-politicii-bugetar-fiscale\/"},"author":{"name":"admin","@id":"https:\/\/www.btv.md\/#\/schema\/person\/8fadce81561b3ce2c34c46dadc4ccbf2"},"headline":"FERMIERII CRITIC\u0102 DUR PROIECTUL POLITICII BUGETAR-FISCALE","datePublished":"2016-03-16T10:10:21+00:00","dateModified":"2016-03-16T16:21:59+00:00","mainEntityOfPage":{"@id":"https:\/\/www.btv.md\/ro\/fermierii-critica-dur-proiectul-politicii-bugetar-fiscale\/"},"wordCount":227,"image":{"@id":"https:\/\/www.btv.md\/ro\/fermierii-critica-dur-proiectul-politicii-bugetar-fiscale\/#primaryimage"},"thumbnailUrl":"https:\/\/www.btv.md\/wp-content\/uploads\/2016\/03\/Alexandru-Slusari-660x330.jpg","articleSection":["Social"],"inLanguage":"ro-RO"},{"@type":"WebPage","@id":"https:\/\/www.btv.md\/ro\/fermierii-critica-dur-proiectul-politicii-bugetar-fiscale\/","url":"https:\/\/www.btv.md\/ro\/fermierii-critica-dur-proiectul-politicii-bugetar-fiscale\/","name":"FERMIERII CRITIC\u0102 DUR PROIECTUL POLITICII BUGETAR-FISCALE - BTV","isPartOf":{"@id":"https:\/\/www.btv.md\/#website"},"primaryImageOfPage":{"@id":"https:\/\/www.btv.md\/ro\/fermierii-critica-dur-proiectul-politicii-bugetar-fiscale\/#primaryimage"},"image":{"@id":"https:\/\/www.btv.md\/ro\/fermierii-critica-dur-proiectul-politicii-bugetar-fiscale\/#primaryimage"},"thumbnailUrl":"https:\/\/www.btv.md\/wp-content\/uploads\/2016\/03\/Alexandru-Slusari-660x330.jpg","datePublished":"2016-03-16T10:10:21+00:00","dateModified":"2016-03-16T16:21:59+00:00","author":{"@id":"https:\/\/www.btv.md\/#\/schema\/person\/8fadce81561b3ce2c34c46dadc4ccbf2"},"inLanguage":"ro-RO","potentialAction":[{"@type":"ReadAction","target":["https:\/\/www.btv.md\/ro\/fermierii-critica-dur-proiectul-politicii-bugetar-fiscale\/"]}]},{"@type":"ImageObject","inLanguage":"ro-RO","@id":"https:\/\/www.btv.md\/ro\/fermierii-critica-dur-proiectul-politicii-bugetar-fiscale\/#primaryimage","url":"https:\/\/www.btv.md\/wp-content\/uploads\/2016\/03\/Alexandru-Slusari-660x330.jpg","contentUrl":"https:\/\/www.btv.md\/wp-content\/uploads\/2016\/03\/Alexandru-Slusari-660x330.jpg","width":660,"height":330,"caption":"agricol.md"},{"@type":"WebSite","@id":"https:\/\/www.btv.md\/#website","url":"https:\/\/www.btv.md\/","name":"BTV","description":"\u0411\u0435\u043b\u044c\u0446\u043a\u043e\u0435 \u0442\u0435\u043b\u0435\u0432\u0438\u0434\u0435\u043d\u0438\u0435","potentialAction":[{"@type":"SearchAction","target":{"@type":"EntryPoint","urlTemplate":"https:\/\/www.btv.md\/?s={search_term_string}"},"query-input":{"@type":"PropertyValueSpecification","valueRequired":true,"valueName":"search_term_string"}}],"inLanguage":"ro-RO"},{"@type":"Person","@id":"https:\/\/www.btv.md\/#\/schema\/person\/8fadce81561b3ce2c34c46dadc4ccbf2","name":"admin"}]}},"_links":{"self":[{"href":"https:\/\/www.btv.md\/ro\/wp-json\/wp\/v2\/posts\/9047","targetHints":{"allow":["GET"]}}],"collection":[{"href":"https:\/\/www.btv.md\/ro\/wp-json\/wp\/v2\/posts"}],"about":[{"href":"https:\/\/www.btv.md\/ro\/wp-json\/wp\/v2\/types\/post"}],"author":[{"embeddable":true,"href":"https:\/\/www.btv.md\/ro\/wp-json\/wp\/v2\/users\/4"}],"replies":[{"embeddable":true,"href":"https:\/\/www.btv.md\/ro\/wp-json\/wp\/v2\/comments?post=9047"}],"version-history":[{"count":0,"href":"https:\/\/www.btv.md\/ro\/wp-json\/wp\/v2\/posts\/9047\/revisions"}],"wp:featuredmedia":[{"embeddable":true,"href":"https:\/\/www.btv.md\/ro\/wp-json\/wp\/v2\/media\/9048"}],"wp:attachment":[{"href":"https:\/\/www.btv.md\/ro\/wp-json\/wp\/v2\/media?parent=9047"}],"wp:term":[{"taxonomy":"category","embeddable":true,"href":"https:\/\/www.btv.md\/ro\/wp-json\/wp\/v2\/categories?post=9047"},{"taxonomy":"post_tag","embeddable":true,"href":"https:\/\/www.btv.md\/ro\/wp-json\/wp\/v2\/tags?post=9047"}],"curies":[{"name":"wp","href":"https:\/\/api.w.org\/{rel}","templated":true}]}}