{"id":9050,"date":"2016-03-16T13:15:02","date_gmt":"2016-03-16T10:15:02","guid":{"rendered":"http:\/\/btv.md\/?p=9050"},"modified":"2016-03-16T19:26:02","modified_gmt":"2016-03-16T16:26:02","slug":"mii-de-copii-din-r-moldova-sunt-abuzati-si-neglijati","status":"publish","type":"post","link":"https:\/\/www.btv.md\/ro\/mii-de-copii-din-r-moldova-sunt-abuzati-si-neglijati\/","title":{"rendered":"MII  DE  COPII DIN  R. MOLDOVA  SUNT  ABUZA\u021aI  \u0218I  NEGLIJA\u021aI"},"content":{"rendered":"<p><strong>Pe parcursul primului semestrului al anului de studii 2015-2016, angaja\u021bii din sistemul educa\u021bional au semnalat circa cinci mii de cazuri de violen\u021b\u0103 asupra copilului care au avut loc \u00een familie, \u0219coal\u0103 sau comunitate, scrie <a href=\"http:\/\/www.ziarulnational.md\/mii-de-copii-din-r-moldova-abuzati-si-neglijati\/\" target=\"_blank\">Ziarul Na\u021bional<\/a>.<\/strong><\/p>\n<p>Num\u0103rul acestora, conform datelor colectate de la institu\u021biile de \u00eenv\u0103\u021b\u0103m\u00e2nt general \u0219i profesional-tehnic, este \u00een descre\u0219tere cu peste dou\u0103 mii de cazuri fa\u021b\u0103 de primul semestru al anului precedent \u0219i cu peste o mie mai pu\u021bine fat\u0103 de semestrul II al anului de \u00eenv\u0103\u021b\u0103m\u00e2nt 2014-2015. <\/p>\n<p>Cele mai multe cazuri, circa dou\u0103 mii \u0219i jum\u0103tate, se refer\u0103 la violen\u021ba fizic\u0103, alte peste o mie \u2013 la violen\u021ba emo\u021bional\u0103 \u0219i neglijare. \u00cen acela\u0219i timp, \u00een perioada de raportare, au fost semnalate peste 70 de cazuri de exploatare prin munc\u0103 \u0219i 25 de cazuri de abuz sexual. <\/p>\n<p>Potrivit Ministerului Educa\u021biei, \u00een perioada septembrie \u2013 decembrie 2015, institu\u021biile de \u00eenv\u0103\u021b\u0103m\u00e2nt au adus la cuno\u0219tin\u021b\u0103 organelor cu atribu\u021bii \u00een protec\u021bia copilului de nivel local peste 700  de cazuri grave de violen\u021b\u0103 asupra copilului. <\/p>\n<p>Totodat\u0103, se observ\u0103 o tendin\u021b\u0103 \u00een cre\u0219tere a num\u0103rului de cazuri identificate \u0219i sesizate de c\u0103tre adul\u021bi cu responsabilit\u0103\u021bi legale fa\u021b\u0103 de cre\u0219terea \u0219i dezvoltarea copilului. Astfel, din cele circa cinci mii de cazuri \u00eenregistrate \u00een semestrul I, peste trei mii de cazuri au fost raportate de c\u0103tre profesori, personalul non-didactic din institu\u021bii \u0219i p\u0103rin\u021bi, iar alte peste o mie &#8211; de c\u0103tre copii. <\/p>\n","protected":false},"excerpt":{"rendered":"<p>Pe parcursul primului semestrului al anului de studii 2015-2016, angaja\u021bii din sistemul educa\u021bional au semnalat circa cinci mii de cazuri de violen\u021b\u0103 asupra copilului care au avut loc \u00een familie, \u0219coal\u0103 sau comunitate, scrie Ziarul Na\u021bional. Num\u0103rul acestora, conform datelor colectate de la institu\u021biile de \u00eenv\u0103\u021b\u0103m\u00e2nt general \u0219i profesional-tehnic, este \u00een descre\u0219tere cu peste dou\u0103 [&hellip;]<\/p>\n","protected":false},"author":4,"featured_media":9051,"comment_status":"closed","ping_status":"closed","sticky":false,"template":"","format":"standard","meta":{"footnotes":""},"categories":[6349],"tags":[],"class_list":["post-9050","post","type-post","status-publish","format-standard","has-post-thumbnail","hentry","category-social"],"yoast_head":"<!-- This site is optimized with the Yoast SEO plugin v27.4 - https:\/\/yoast.com\/product\/yoast-seo-wordpress\/ -->\n<title>MII DE COPII DIN R. MOLDOVA SUNT ABUZA\u021aI \u0218I NEGLIJA\u021aI - BTV<\/title>\n<meta name=\"robots\" content=\"index, follow, max-snippet:-1, max-image-preview:large, max-video-preview:-1\" \/>\n<link rel=\"canonical\" href=\"https:\/\/www.btv.md\/ro\/mii-de-copii-din-r-moldova-sunt-abuzati-si-neglijati\/\" \/>\n<meta property=\"og:locale\" content=\"ro_RO\" \/>\n<meta property=\"og:type\" content=\"article\" \/>\n<meta property=\"og:title\" content=\"MII DE COPII DIN R. MOLDOVA SUNT ABUZA\u021aI \u0218I NEGLIJA\u021aI - BTV\" \/>\n<meta property=\"og:description\" content=\"Pe parcursul primului semestrului al anului de studii 2015-2016, angaja\u021bii din sistemul educa\u021bional au semnalat circa cinci mii de cazuri de violen\u021b\u0103 asupra copilului care au avut loc \u00een familie, \u0219coal\u0103 sau comunitate, scrie Ziarul Na\u021bional. Num\u0103rul acestora, conform datelor colectate de la institu\u021biile de \u00eenv\u0103\u021b\u0103m\u00e2nt general \u0219i profesional-tehnic, este \u00een descre\u0219tere cu peste dou\u0103 [&hellip;]\" \/>\n<meta property=\"og:url\" content=\"https:\/\/www.btv.md\/ro\/mii-de-copii-din-r-moldova-sunt-abuzati-si-neglijati\/\" \/>\n<meta property=\"og:site_name\" content=\"BTV\" \/>\n<meta property=\"article:publisher\" content=\"https:\/\/www.facebook.com\/btvmoldova\/\" \/>\n<meta property=\"article:published_time\" content=\"2016-03-16T10:15:02+00:00\" \/>\n<meta property=\"article:modified_time\" content=\"2016-03-16T16:26:02+00:00\" \/>\n<meta property=\"og:image\" content=\"https:\/\/www.btv.md\/wp-content\/uploads\/2016\/03\/skachannye-fajly-7.jpg\" \/>\n\t<meta property=\"og:image:width\" content=\"294\" \/>\n\t<meta property=\"og:image:height\" content=\"171\" \/>\n\t<meta property=\"og:image:type\" content=\"image\/jpeg\" \/>\n<meta name=\"author\" content=\"admin\" \/>\n<meta name=\"twitter:label1\" content=\"Scris de\" \/>\n\t<meta name=\"twitter:data1\" content=\"admin\" \/>\n\t<meta name=\"twitter:label2\" content=\"Timp estimat pentru citire\" \/>\n\t<meta name=\"twitter:data2\" content=\"1 minut\" \/>\n<script type=\"application\/ld+json\" class=\"yoast-schema-graph\">{\"@context\":\"https:\\\/\\\/schema.org\",\"@graph\":[{\"@type\":\"Article\",\"@id\":\"https:\\\/\\\/www.btv.md\\\/ro\\\/mii-de-copii-din-r-moldova-sunt-abuzati-si-neglijati\\\/#article\",\"isPartOf\":{\"@id\":\"https:\\\/\\\/www.btv.md\\\/ro\\\/mii-de-copii-din-r-moldova-sunt-abuzati-si-neglijati\\\/\"},\"author\":{\"name\":\"admin\",\"@id\":\"https:\\\/\\\/www.btv.md\\\/#\\\/schema\\\/person\\\/8fadce81561b3ce2c34c46dadc4ccbf2\"},\"headline\":\"MII DE COPII DIN R. MOLDOVA SUNT ABUZA\u021aI \u0218I NEGLIJA\u021aI\",\"datePublished\":\"2016-03-16T10:15:02+00:00\",\"dateModified\":\"2016-03-16T16:26:02+00:00\",\"mainEntityOfPage\":{\"@id\":\"https:\\\/\\\/www.btv.md\\\/ro\\\/mii-de-copii-din-r-moldova-sunt-abuzati-si-neglijati\\\/\"},\"wordCount\":268,\"image\":{\"@id\":\"https:\\\/\\\/www.btv.md\\\/ro\\\/mii-de-copii-din-r-moldova-sunt-abuzati-si-neglijati\\\/#primaryimage\"},\"thumbnailUrl\":\"https:\\\/\\\/www.btv.md\\\/wp-content\\\/uploads\\\/2016\\\/03\\\/skachannye-fajly-7.jpg\",\"articleSection\":[\"Social\"],\"inLanguage\":\"ro-RO\"},{\"@type\":\"WebPage\",\"@id\":\"https:\\\/\\\/www.btv.md\\\/ro\\\/mii-de-copii-din-r-moldova-sunt-abuzati-si-neglijati\\\/\",\"url\":\"https:\\\/\\\/www.btv.md\\\/ro\\\/mii-de-copii-din-r-moldova-sunt-abuzati-si-neglijati\\\/\",\"name\":\"MII DE COPII DIN R. MOLDOVA SUNT ABUZA\u021aI \u0218I NEGLIJA\u021aI - BTV\",\"isPartOf\":{\"@id\":\"https:\\\/\\\/www.btv.md\\\/#website\"},\"primaryImageOfPage\":{\"@id\":\"https:\\\/\\\/www.btv.md\\\/ro\\\/mii-de-copii-din-r-moldova-sunt-abuzati-si-neglijati\\\/#primaryimage\"},\"image\":{\"@id\":\"https:\\\/\\\/www.btv.md\\\/ro\\\/mii-de-copii-din-r-moldova-sunt-abuzati-si-neglijati\\\/#primaryimage\"},\"thumbnailUrl\":\"https:\\\/\\\/www.btv.md\\\/wp-content\\\/uploads\\\/2016\\\/03\\\/skachannye-fajly-7.jpg\",\"datePublished\":\"2016-03-16T10:15:02+00:00\",\"dateModified\":\"2016-03-16T16:26:02+00:00\",\"author\":{\"@id\":\"https:\\\/\\\/www.btv.md\\\/#\\\/schema\\\/person\\\/8fadce81561b3ce2c34c46dadc4ccbf2\"},\"inLanguage\":\"ro-RO\",\"potentialAction\":[{\"@type\":\"ReadAction\",\"target\":[\"https:\\\/\\\/www.btv.md\\\/ro\\\/mii-de-copii-din-r-moldova-sunt-abuzati-si-neglijati\\\/\"]}]},{\"@type\":\"ImageObject\",\"inLanguage\":\"ro-RO\",\"@id\":\"https:\\\/\\\/www.btv.md\\\/ro\\\/mii-de-copii-din-r-moldova-sunt-abuzati-si-neglijati\\\/#primaryimage\",\"url\":\"https:\\\/\\\/www.btv.md\\\/wp-content\\\/uploads\\\/2016\\\/03\\\/skachannye-fajly-7.jpg\",\"contentUrl\":\"https:\\\/\\\/www.btv.md\\\/wp-content\\\/uploads\\\/2016\\\/03\\\/skachannye-fajly-7.jpg\",\"width\":294,\"height\":171,\"caption\":\"www.descopera.ro\"},{\"@type\":\"WebSite\",\"@id\":\"https:\\\/\\\/www.btv.md\\\/#website\",\"url\":\"https:\\\/\\\/www.btv.md\\\/\",\"name\":\"BTV\",\"description\":\"\u0411\u0435\u043b\u044c\u0446\u043a\u043e\u0435 \u0442\u0435\u043b\u0435\u0432\u0438\u0434\u0435\u043d\u0438\u0435\",\"potentialAction\":[{\"@type\":\"SearchAction\",\"target\":{\"@type\":\"EntryPoint\",\"urlTemplate\":\"https:\\\/\\\/www.btv.md\\\/?s={search_term_string}\"},\"query-input\":{\"@type\":\"PropertyValueSpecification\",\"valueRequired\":true,\"valueName\":\"search_term_string\"}}],\"inLanguage\":\"ro-RO\"},{\"@type\":\"Person\",\"@id\":\"https:\\\/\\\/www.btv.md\\\/#\\\/schema\\\/person\\\/8fadce81561b3ce2c34c46dadc4ccbf2\",\"name\":\"admin\"}]}<\/script>\n<!-- \/ Yoast SEO plugin. -->","yoast_head_json":{"title":"MII DE COPII DIN R. MOLDOVA SUNT ABUZA\u021aI \u0218I NEGLIJA\u021aI - BTV","robots":{"index":"index","follow":"follow","max-snippet":"max-snippet:-1","max-image-preview":"max-image-preview:large","max-video-preview":"max-video-preview:-1"},"canonical":"https:\/\/www.btv.md\/ro\/mii-de-copii-din-r-moldova-sunt-abuzati-si-neglijati\/","og_locale":"ro_RO","og_type":"article","og_title":"MII DE COPII DIN R. MOLDOVA SUNT ABUZA\u021aI \u0218I NEGLIJA\u021aI - BTV","og_description":"Pe parcursul primului semestrului al anului de studii 2015-2016, angaja\u021bii din sistemul educa\u021bional au semnalat circa cinci mii de cazuri de violen\u021b\u0103 asupra copilului care au avut loc \u00een familie, \u0219coal\u0103 sau comunitate, scrie Ziarul Na\u021bional. Num\u0103rul acestora, conform datelor colectate de la institu\u021biile de \u00eenv\u0103\u021b\u0103m\u00e2nt general \u0219i profesional-tehnic, este \u00een descre\u0219tere cu peste dou\u0103 [&hellip;]","og_url":"https:\/\/www.btv.md\/ro\/mii-de-copii-din-r-moldova-sunt-abuzati-si-neglijati\/","og_site_name":"BTV","article_publisher":"https:\/\/www.facebook.com\/btvmoldova\/","article_published_time":"2016-03-16T10:15:02+00:00","article_modified_time":"2016-03-16T16:26:02+00:00","og_image":[{"width":294,"height":171,"url":"https:\/\/www.btv.md\/wp-content\/uploads\/2016\/03\/skachannye-fajly-7.jpg","type":"image\/jpeg"}],"author":"admin","twitter_misc":{"Scris de":"admin","Timp estimat pentru citire":"1 minut"},"schema":{"@context":"https:\/\/schema.org","@graph":[{"@type":"Article","@id":"https:\/\/www.btv.md\/ro\/mii-de-copii-din-r-moldova-sunt-abuzati-si-neglijati\/#article","isPartOf":{"@id":"https:\/\/www.btv.md\/ro\/mii-de-copii-din-r-moldova-sunt-abuzati-si-neglijati\/"},"author":{"name":"admin","@id":"https:\/\/www.btv.md\/#\/schema\/person\/8fadce81561b3ce2c34c46dadc4ccbf2"},"headline":"MII DE COPII DIN R. MOLDOVA SUNT ABUZA\u021aI \u0218I NEGLIJA\u021aI","datePublished":"2016-03-16T10:15:02+00:00","dateModified":"2016-03-16T16:26:02+00:00","mainEntityOfPage":{"@id":"https:\/\/www.btv.md\/ro\/mii-de-copii-din-r-moldova-sunt-abuzati-si-neglijati\/"},"wordCount":268,"image":{"@id":"https:\/\/www.btv.md\/ro\/mii-de-copii-din-r-moldova-sunt-abuzati-si-neglijati\/#primaryimage"},"thumbnailUrl":"https:\/\/www.btv.md\/wp-content\/uploads\/2016\/03\/skachannye-fajly-7.jpg","articleSection":["Social"],"inLanguage":"ro-RO"},{"@type":"WebPage","@id":"https:\/\/www.btv.md\/ro\/mii-de-copii-din-r-moldova-sunt-abuzati-si-neglijati\/","url":"https:\/\/www.btv.md\/ro\/mii-de-copii-din-r-moldova-sunt-abuzati-si-neglijati\/","name":"MII DE COPII DIN R. MOLDOVA SUNT ABUZA\u021aI \u0218I NEGLIJA\u021aI - BTV","isPartOf":{"@id":"https:\/\/www.btv.md\/#website"},"primaryImageOfPage":{"@id":"https:\/\/www.btv.md\/ro\/mii-de-copii-din-r-moldova-sunt-abuzati-si-neglijati\/#primaryimage"},"image":{"@id":"https:\/\/www.btv.md\/ro\/mii-de-copii-din-r-moldova-sunt-abuzati-si-neglijati\/#primaryimage"},"thumbnailUrl":"https:\/\/www.btv.md\/wp-content\/uploads\/2016\/03\/skachannye-fajly-7.jpg","datePublished":"2016-03-16T10:15:02+00:00","dateModified":"2016-03-16T16:26:02+00:00","author":{"@id":"https:\/\/www.btv.md\/#\/schema\/person\/8fadce81561b3ce2c34c46dadc4ccbf2"},"inLanguage":"ro-RO","potentialAction":[{"@type":"ReadAction","target":["https:\/\/www.btv.md\/ro\/mii-de-copii-din-r-moldova-sunt-abuzati-si-neglijati\/"]}]},{"@type":"ImageObject","inLanguage":"ro-RO","@id":"https:\/\/www.btv.md\/ro\/mii-de-copii-din-r-moldova-sunt-abuzati-si-neglijati\/#primaryimage","url":"https:\/\/www.btv.md\/wp-content\/uploads\/2016\/03\/skachannye-fajly-7.jpg","contentUrl":"https:\/\/www.btv.md\/wp-content\/uploads\/2016\/03\/skachannye-fajly-7.jpg","width":294,"height":171,"caption":"www.descopera.ro"},{"@type":"WebSite","@id":"https:\/\/www.btv.md\/#website","url":"https:\/\/www.btv.md\/","name":"BTV","description":"\u0411\u0435\u043b\u044c\u0446\u043a\u043e\u0435 \u0442\u0435\u043b\u0435\u0432\u0438\u0434\u0435\u043d\u0438\u0435","potentialAction":[{"@type":"SearchAction","target":{"@type":"EntryPoint","urlTemplate":"https:\/\/www.btv.md\/?s={search_term_string}"},"query-input":{"@type":"PropertyValueSpecification","valueRequired":true,"valueName":"search_term_string"}}],"inLanguage":"ro-RO"},{"@type":"Person","@id":"https:\/\/www.btv.md\/#\/schema\/person\/8fadce81561b3ce2c34c46dadc4ccbf2","name":"admin"}]}},"_links":{"self":[{"href":"https:\/\/www.btv.md\/ro\/wp-json\/wp\/v2\/posts\/9050","targetHints":{"allow":["GET"]}}],"collection":[{"href":"https:\/\/www.btv.md\/ro\/wp-json\/wp\/v2\/posts"}],"about":[{"href":"https:\/\/www.btv.md\/ro\/wp-json\/wp\/v2\/types\/post"}],"author":[{"embeddable":true,"href":"https:\/\/www.btv.md\/ro\/wp-json\/wp\/v2\/users\/4"}],"replies":[{"embeddable":true,"href":"https:\/\/www.btv.md\/ro\/wp-json\/wp\/v2\/comments?post=9050"}],"version-history":[{"count":0,"href":"https:\/\/www.btv.md\/ro\/wp-json\/wp\/v2\/posts\/9050\/revisions"}],"wp:featuredmedia":[{"embeddable":true,"href":"https:\/\/www.btv.md\/ro\/wp-json\/wp\/v2\/media\/9051"}],"wp:attachment":[{"href":"https:\/\/www.btv.md\/ro\/wp-json\/wp\/v2\/media?parent=9050"}],"wp:term":[{"taxonomy":"category","embeddable":true,"href":"https:\/\/www.btv.md\/ro\/wp-json\/wp\/v2\/categories?post=9050"},{"taxonomy":"post_tag","embeddable":true,"href":"https:\/\/www.btv.md\/ro\/wp-json\/wp\/v2\/tags?post=9050"}],"curies":[{"name":"wp","href":"https:\/\/api.w.org\/{rel}","templated":true}]}}