{"id":9056,"date":"2016-03-16T13:25:46","date_gmt":"2016-03-16T10:25:46","guid":{"rendered":"http:\/\/btv.md\/?p=9056"},"modified":"2016-03-16T19:33:24","modified_gmt":"2016-03-16T16:33:24","slug":"filat-ne-vedem-la-cc-intr-o-sedinta-publica","status":"publish","type":"post","link":"https:\/\/www.btv.md\/ro\/filat-ne-vedem-la-cc-intr-o-sedinta-publica\/","title":{"rendered":"FILAT:  NE  VEDEM  LA  CC,  \u00ceNTR-O  \u0218EDIN\u021a\u0102  PUBLIC\u0102"},"content":{"rendered":"<p><strong>Magistra\u021bii de la Judec\u0103toria Buiucani au admis demersul avoca\u021bilor lui Vlad Filat, potrivit c\u0103ruia clientul lor este men\u021binut \u00een arest \u00een baza unei norme care a fost declarat\u0103 neconstitu\u021bional\u0103 la \u00eenceputul anului curent, noteaz\u0103 <a href=\"http:\/\/www.ziarulnational.md\/vlad-filat-fata-in-fata-cu-alexandru-tanase-ne-veti-vedea-la-cc-intr-o-sedinta-publica\/\" target=\"_blank\">Ziarul Na\u021bional<\/a>.<\/strong><\/p>\n<p>\u201e<em>De la \u00eenceputul acestui proces al lui Vlad Filat, noi am ob\u021binut ast\u0103zi o mic\u0103 reu\u0219it\u0103 prin faptul c\u0103 instan\u021ba a acceptat ridicarea excep\u021biei de neconstitu\u021bionalitate a unui articol din Codul de Procedur\u0103 Penal\u0103 (CPP). Acest articol, \u00een opinia noastr\u0103, contravine Constitu\u021biei<\/em>\u201d, a declarat avocatul Igor Popa. <\/p>\n<p>Totu\u0219i, avocatul lui Vlad Filat are unele nel\u0103muriri vizavi de faptul c\u0103 instan\u021ba a admis cererea respectiv\u0103, dar \u00een acela\u0219i timp a dispus ca procesul s\u0103 se desf\u0103\u0219oare \u00een paralel. <\/p>\n<p>\u201e<em>\u00cen mod normal, dac\u0103 instan\u021ba de judecat\u0103 a acceptat aceast\u0103 cerere, atunci procesul trebuia s\u0103 fie suspendat p\u00e2n\u0103 c\u00e2nd CC urma s\u0103 examineze acest dosar. Mi se pare c\u0103 e un mic abuz. Cum po\u021bi examina un dosar \u00een privin\u021ba inculpatului Vlad Filat, pe baza unei norme declarate neconstitu\u021bionale? Vom reveni cu detalii la acest capitol<\/em>\u201d, a precizat Popa. <\/p>\n<p>\u00cen termen de 15 zile, CC urmeaz\u0103 s\u0103 pun\u0103 pe rol spre examinare acest dosar. \u201e<em>Dup\u0103 ce va fi stabilit\u0103 data la care va fi examinat dosarul, o s\u0103 ne vede\u021bi acolo, \u00eentr-o \u0219edin\u021b\u0103 public\u0103<\/em>\u201d, a conchis Popa. <\/p>\n<p>Amintim c\u0103, pe 10 martie curent, Curtea de Apel Chi\u0219in\u0103u a men\u021binut \u00eencheierea Judec\u0103toriei Buiucani prin care liderul PLDM Vlad Filat a mai primit un mandat de arest pentru un termen de 30 de zile. <\/p>\n","protected":false},"excerpt":{"rendered":"<p>Magistra\u021bii de la Judec\u0103toria Buiucani au admis demersul avoca\u021bilor lui Vlad Filat, potrivit c\u0103ruia clientul lor este men\u021binut \u00een arest \u00een baza unei norme care a fost declarat\u0103 neconstitu\u021bional\u0103 la \u00eenceputul anului curent, noteaz\u0103 Ziarul Na\u021bional. \u201eDe la \u00eenceputul acestui proces al lui Vlad Filat, noi am ob\u021binut ast\u0103zi o mic\u0103 reu\u0219it\u0103 prin faptul c\u0103 [&hellip;]<\/p>\n","protected":false},"author":4,"featured_media":9057,"comment_status":"closed","ping_status":"closed","sticky":false,"template":"","format":"standard","meta":{"footnotes":""},"categories":[6368],"tags":[],"class_list":["post-9056","post","type-post","status-publish","format-standard","has-post-thumbnail","hentry","category-politica-ro"],"yoast_head":"<!-- This site is optimized with the Yoast SEO plugin v27.4 - https:\/\/yoast.com\/product\/yoast-seo-wordpress\/ -->\n<title>FILAT: NE VEDEM LA CC, \u00ceNTR-O \u0218EDIN\u021a\u0102 PUBLIC\u0102 - BTV<\/title>\n<meta name=\"robots\" content=\"index, follow, max-snippet:-1, max-image-preview:large, max-video-preview:-1\" \/>\n<link rel=\"canonical\" href=\"https:\/\/www.btv.md\/ro\/filat-ne-vedem-la-cc-intr-o-sedinta-publica\/\" \/>\n<meta property=\"og:locale\" content=\"ro_RO\" \/>\n<meta property=\"og:type\" content=\"article\" \/>\n<meta property=\"og:title\" content=\"FILAT: NE VEDEM LA CC, \u00ceNTR-O \u0218EDIN\u021a\u0102 PUBLIC\u0102 - BTV\" \/>\n<meta property=\"og:description\" content=\"Magistra\u021bii de la Judec\u0103toria Buiucani au admis demersul avoca\u021bilor lui Vlad Filat, potrivit c\u0103ruia clientul lor este men\u021binut \u00een arest \u00een baza unei norme care a fost declarat\u0103 neconstitu\u021bional\u0103 la \u00eenceputul anului curent, noteaz\u0103 Ziarul Na\u021bional. \u201eDe la \u00eenceputul acestui proces al lui Vlad Filat, noi am ob\u021binut ast\u0103zi o mic\u0103 reu\u0219it\u0103 prin faptul c\u0103 [&hellip;]\" \/>\n<meta property=\"og:url\" content=\"https:\/\/www.btv.md\/ro\/filat-ne-vedem-la-cc-intr-o-sedinta-publica\/\" \/>\n<meta property=\"og:site_name\" content=\"BTV\" \/>\n<meta property=\"article:publisher\" content=\"https:\/\/www.facebook.com\/btvmoldova\/\" \/>\n<meta property=\"article:published_time\" content=\"2016-03-16T10:25:46+00:00\" \/>\n<meta property=\"article:modified_time\" content=\"2016-03-16T16:33:24+00:00\" \/>\n<meta property=\"og:image\" content=\"https:\/\/www.btv.md\/wp-content\/uploads\/2016\/03\/foto-scrisori-din-inchisoare-de-la-vlad-filat-saptamana-viitoare-voi-face-testamentul-14569_0.jpg\" \/>\n\t<meta property=\"og:image:width\" content=\"1200\" \/>\n\t<meta property=\"og:image:height\" content=\"675\" \/>\n\t<meta property=\"og:image:type\" content=\"image\/jpeg\" \/>\n<meta name=\"author\" content=\"admin\" \/>\n<meta name=\"twitter:label1\" content=\"Scris de\" \/>\n\t<meta name=\"twitter:data1\" content=\"admin\" \/>\n\t<meta name=\"twitter:label2\" content=\"Timp estimat pentru citire\" \/>\n\t<meta name=\"twitter:data2\" content=\"1 minut\" \/>\n<script type=\"application\/ld+json\" class=\"yoast-schema-graph\">{\"@context\":\"https:\\\/\\\/schema.org\",\"@graph\":[{\"@type\":\"Article\",\"@id\":\"https:\\\/\\\/www.btv.md\\\/ro\\\/filat-ne-vedem-la-cc-intr-o-sedinta-publica\\\/#article\",\"isPartOf\":{\"@id\":\"https:\\\/\\\/www.btv.md\\\/ro\\\/filat-ne-vedem-la-cc-intr-o-sedinta-publica\\\/\"},\"author\":{\"name\":\"admin\",\"@id\":\"https:\\\/\\\/www.btv.md\\\/#\\\/schema\\\/person\\\/8fadce81561b3ce2c34c46dadc4ccbf2\"},\"headline\":\"FILAT: NE VEDEM LA CC, \u00ceNTR-O \u0218EDIN\u021a\u0102 PUBLIC\u0102\",\"datePublished\":\"2016-03-16T10:25:46+00:00\",\"dateModified\":\"2016-03-16T16:33:24+00:00\",\"mainEntityOfPage\":{\"@id\":\"https:\\\/\\\/www.btv.md\\\/ro\\\/filat-ne-vedem-la-cc-intr-o-sedinta-publica\\\/\"},\"wordCount\":280,\"image\":{\"@id\":\"https:\\\/\\\/www.btv.md\\\/ro\\\/filat-ne-vedem-la-cc-intr-o-sedinta-publica\\\/#primaryimage\"},\"thumbnailUrl\":\"https:\\\/\\\/www.btv.md\\\/wp-content\\\/uploads\\\/2016\\\/03\\\/foto-scrisori-din-inchisoare-de-la-vlad-filat-saptamana-viitoare-voi-face-testamentul-14569_0.jpg\",\"articleSection\":[\"Politic\u0103\"],\"inLanguage\":\"ro-RO\"},{\"@type\":\"WebPage\",\"@id\":\"https:\\\/\\\/www.btv.md\\\/ro\\\/filat-ne-vedem-la-cc-intr-o-sedinta-publica\\\/\",\"url\":\"https:\\\/\\\/www.btv.md\\\/ro\\\/filat-ne-vedem-la-cc-intr-o-sedinta-publica\\\/\",\"name\":\"FILAT: NE VEDEM LA CC, \u00ceNTR-O \u0218EDIN\u021a\u0102 PUBLIC\u0102 - BTV\",\"isPartOf\":{\"@id\":\"https:\\\/\\\/www.btv.md\\\/#website\"},\"primaryImageOfPage\":{\"@id\":\"https:\\\/\\\/www.btv.md\\\/ro\\\/filat-ne-vedem-la-cc-intr-o-sedinta-publica\\\/#primaryimage\"},\"image\":{\"@id\":\"https:\\\/\\\/www.btv.md\\\/ro\\\/filat-ne-vedem-la-cc-intr-o-sedinta-publica\\\/#primaryimage\"},\"thumbnailUrl\":\"https:\\\/\\\/www.btv.md\\\/wp-content\\\/uploads\\\/2016\\\/03\\\/foto-scrisori-din-inchisoare-de-la-vlad-filat-saptamana-viitoare-voi-face-testamentul-14569_0.jpg\",\"datePublished\":\"2016-03-16T10:25:46+00:00\",\"dateModified\":\"2016-03-16T16:33:24+00:00\",\"author\":{\"@id\":\"https:\\\/\\\/www.btv.md\\\/#\\\/schema\\\/person\\\/8fadce81561b3ce2c34c46dadc4ccbf2\"},\"inLanguage\":\"ro-RO\",\"potentialAction\":[{\"@type\":\"ReadAction\",\"target\":[\"https:\\\/\\\/www.btv.md\\\/ro\\\/filat-ne-vedem-la-cc-intr-o-sedinta-publica\\\/\"]}]},{\"@type\":\"ImageObject\",\"inLanguage\":\"ro-RO\",\"@id\":\"https:\\\/\\\/www.btv.md\\\/ro\\\/filat-ne-vedem-la-cc-intr-o-sedinta-publica\\\/#primaryimage\",\"url\":\"https:\\\/\\\/www.btv.md\\\/wp-content\\\/uploads\\\/2016\\\/03\\\/foto-scrisori-din-inchisoare-de-la-vlad-filat-saptamana-viitoare-voi-face-testamentul-14569_0.jpg\",\"contentUrl\":\"https:\\\/\\\/www.btv.md\\\/wp-content\\\/uploads\\\/2016\\\/03\\\/foto-scrisori-din-inchisoare-de-la-vlad-filat-saptamana-viitoare-voi-face-testamentul-14569_0.jpg\",\"width\":1200,\"height\":675,\"caption\":\"libertv.md\"},{\"@type\":\"WebSite\",\"@id\":\"https:\\\/\\\/www.btv.md\\\/#website\",\"url\":\"https:\\\/\\\/www.btv.md\\\/\",\"name\":\"BTV\",\"description\":\"\u0411\u0435\u043b\u044c\u0446\u043a\u043e\u0435 \u0442\u0435\u043b\u0435\u0432\u0438\u0434\u0435\u043d\u0438\u0435\",\"potentialAction\":[{\"@type\":\"SearchAction\",\"target\":{\"@type\":\"EntryPoint\",\"urlTemplate\":\"https:\\\/\\\/www.btv.md\\\/?s={search_term_string}\"},\"query-input\":{\"@type\":\"PropertyValueSpecification\",\"valueRequired\":true,\"valueName\":\"search_term_string\"}}],\"inLanguage\":\"ro-RO\"},{\"@type\":\"Person\",\"@id\":\"https:\\\/\\\/www.btv.md\\\/#\\\/schema\\\/person\\\/8fadce81561b3ce2c34c46dadc4ccbf2\",\"name\":\"admin\"}]}<\/script>\n<!-- \/ Yoast SEO plugin. -->","yoast_head_json":{"title":"FILAT: NE VEDEM LA CC, \u00ceNTR-O \u0218EDIN\u021a\u0102 PUBLIC\u0102 - BTV","robots":{"index":"index","follow":"follow","max-snippet":"max-snippet:-1","max-image-preview":"max-image-preview:large","max-video-preview":"max-video-preview:-1"},"canonical":"https:\/\/www.btv.md\/ro\/filat-ne-vedem-la-cc-intr-o-sedinta-publica\/","og_locale":"ro_RO","og_type":"article","og_title":"FILAT: NE VEDEM LA CC, \u00ceNTR-O \u0218EDIN\u021a\u0102 PUBLIC\u0102 - BTV","og_description":"Magistra\u021bii de la Judec\u0103toria Buiucani au admis demersul avoca\u021bilor lui Vlad Filat, potrivit c\u0103ruia clientul lor este men\u021binut \u00een arest \u00een baza unei norme care a fost declarat\u0103 neconstitu\u021bional\u0103 la \u00eenceputul anului curent, noteaz\u0103 Ziarul Na\u021bional. \u201eDe la \u00eenceputul acestui proces al lui Vlad Filat, noi am ob\u021binut ast\u0103zi o mic\u0103 reu\u0219it\u0103 prin faptul c\u0103 [&hellip;]","og_url":"https:\/\/www.btv.md\/ro\/filat-ne-vedem-la-cc-intr-o-sedinta-publica\/","og_site_name":"BTV","article_publisher":"https:\/\/www.facebook.com\/btvmoldova\/","article_published_time":"2016-03-16T10:25:46+00:00","article_modified_time":"2016-03-16T16:33:24+00:00","og_image":[{"width":1200,"height":675,"url":"https:\/\/www.btv.md\/wp-content\/uploads\/2016\/03\/foto-scrisori-din-inchisoare-de-la-vlad-filat-saptamana-viitoare-voi-face-testamentul-14569_0.jpg","type":"image\/jpeg"}],"author":"admin","twitter_misc":{"Scris de":"admin","Timp estimat pentru citire":"1 minut"},"schema":{"@context":"https:\/\/schema.org","@graph":[{"@type":"Article","@id":"https:\/\/www.btv.md\/ro\/filat-ne-vedem-la-cc-intr-o-sedinta-publica\/#article","isPartOf":{"@id":"https:\/\/www.btv.md\/ro\/filat-ne-vedem-la-cc-intr-o-sedinta-publica\/"},"author":{"name":"admin","@id":"https:\/\/www.btv.md\/#\/schema\/person\/8fadce81561b3ce2c34c46dadc4ccbf2"},"headline":"FILAT: NE VEDEM LA CC, \u00ceNTR-O \u0218EDIN\u021a\u0102 PUBLIC\u0102","datePublished":"2016-03-16T10:25:46+00:00","dateModified":"2016-03-16T16:33:24+00:00","mainEntityOfPage":{"@id":"https:\/\/www.btv.md\/ro\/filat-ne-vedem-la-cc-intr-o-sedinta-publica\/"},"wordCount":280,"image":{"@id":"https:\/\/www.btv.md\/ro\/filat-ne-vedem-la-cc-intr-o-sedinta-publica\/#primaryimage"},"thumbnailUrl":"https:\/\/www.btv.md\/wp-content\/uploads\/2016\/03\/foto-scrisori-din-inchisoare-de-la-vlad-filat-saptamana-viitoare-voi-face-testamentul-14569_0.jpg","articleSection":["Politic\u0103"],"inLanguage":"ro-RO"},{"@type":"WebPage","@id":"https:\/\/www.btv.md\/ro\/filat-ne-vedem-la-cc-intr-o-sedinta-publica\/","url":"https:\/\/www.btv.md\/ro\/filat-ne-vedem-la-cc-intr-o-sedinta-publica\/","name":"FILAT: NE VEDEM LA CC, \u00ceNTR-O \u0218EDIN\u021a\u0102 PUBLIC\u0102 - BTV","isPartOf":{"@id":"https:\/\/www.btv.md\/#website"},"primaryImageOfPage":{"@id":"https:\/\/www.btv.md\/ro\/filat-ne-vedem-la-cc-intr-o-sedinta-publica\/#primaryimage"},"image":{"@id":"https:\/\/www.btv.md\/ro\/filat-ne-vedem-la-cc-intr-o-sedinta-publica\/#primaryimage"},"thumbnailUrl":"https:\/\/www.btv.md\/wp-content\/uploads\/2016\/03\/foto-scrisori-din-inchisoare-de-la-vlad-filat-saptamana-viitoare-voi-face-testamentul-14569_0.jpg","datePublished":"2016-03-16T10:25:46+00:00","dateModified":"2016-03-16T16:33:24+00:00","author":{"@id":"https:\/\/www.btv.md\/#\/schema\/person\/8fadce81561b3ce2c34c46dadc4ccbf2"},"inLanguage":"ro-RO","potentialAction":[{"@type":"ReadAction","target":["https:\/\/www.btv.md\/ro\/filat-ne-vedem-la-cc-intr-o-sedinta-publica\/"]}]},{"@type":"ImageObject","inLanguage":"ro-RO","@id":"https:\/\/www.btv.md\/ro\/filat-ne-vedem-la-cc-intr-o-sedinta-publica\/#primaryimage","url":"https:\/\/www.btv.md\/wp-content\/uploads\/2016\/03\/foto-scrisori-din-inchisoare-de-la-vlad-filat-saptamana-viitoare-voi-face-testamentul-14569_0.jpg","contentUrl":"https:\/\/www.btv.md\/wp-content\/uploads\/2016\/03\/foto-scrisori-din-inchisoare-de-la-vlad-filat-saptamana-viitoare-voi-face-testamentul-14569_0.jpg","width":1200,"height":675,"caption":"libertv.md"},{"@type":"WebSite","@id":"https:\/\/www.btv.md\/#website","url":"https:\/\/www.btv.md\/","name":"BTV","description":"\u0411\u0435\u043b\u044c\u0446\u043a\u043e\u0435 \u0442\u0435\u043b\u0435\u0432\u0438\u0434\u0435\u043d\u0438\u0435","potentialAction":[{"@type":"SearchAction","target":{"@type":"EntryPoint","urlTemplate":"https:\/\/www.btv.md\/?s={search_term_string}"},"query-input":{"@type":"PropertyValueSpecification","valueRequired":true,"valueName":"search_term_string"}}],"inLanguage":"ro-RO"},{"@type":"Person","@id":"https:\/\/www.btv.md\/#\/schema\/person\/8fadce81561b3ce2c34c46dadc4ccbf2","name":"admin"}]}},"_links":{"self":[{"href":"https:\/\/www.btv.md\/ro\/wp-json\/wp\/v2\/posts\/9056","targetHints":{"allow":["GET"]}}],"collection":[{"href":"https:\/\/www.btv.md\/ro\/wp-json\/wp\/v2\/posts"}],"about":[{"href":"https:\/\/www.btv.md\/ro\/wp-json\/wp\/v2\/types\/post"}],"author":[{"embeddable":true,"href":"https:\/\/www.btv.md\/ro\/wp-json\/wp\/v2\/users\/4"}],"replies":[{"embeddable":true,"href":"https:\/\/www.btv.md\/ro\/wp-json\/wp\/v2\/comments?post=9056"}],"version-history":[{"count":0,"href":"https:\/\/www.btv.md\/ro\/wp-json\/wp\/v2\/posts\/9056\/revisions"}],"wp:featuredmedia":[{"embeddable":true,"href":"https:\/\/www.btv.md\/ro\/wp-json\/wp\/v2\/media\/9057"}],"wp:attachment":[{"href":"https:\/\/www.btv.md\/ro\/wp-json\/wp\/v2\/media?parent=9056"}],"wp:term":[{"taxonomy":"category","embeddable":true,"href":"https:\/\/www.btv.md\/ro\/wp-json\/wp\/v2\/categories?post=9056"},{"taxonomy":"post_tag","embeddable":true,"href":"https:\/\/www.btv.md\/ro\/wp-json\/wp\/v2\/tags?post=9056"}],"curies":[{"name":"wp","href":"https:\/\/api.w.org\/{rel}","templated":true}]}}