{"id":9081,"date":"2016-03-16T23:05:37","date_gmt":"2016-03-16T20:05:37","guid":{"rendered":"http:\/\/btv.md\/?p=9081"},"modified":"2016-03-16T23:05:37","modified_gmt":"2016-03-16T20:05:37","slug":"delegatia-din-nijnii-novgorod-a-ajuns-la-balti-primele-impresii","status":"publish","type":"post","link":"https:\/\/www.btv.md\/ro\/delegatia-din-nijnii-novgorod-a-ajuns-la-balti-primele-impresii\/","title":{"rendered":"DELEGA\u021aIA  DIN  NIJNII  NOVGOROD  A  AJUNS  LA  B\u0102L\u021aI. PRIMELE  IMPRESII"},"content":{"rendered":"<p><strong>Delega\u021bia din Nijnii Novgorod a ajuns \u00een municipiul B\u0103l\u021bi. La invita\u021bia primarului de B\u0103l\u021bi, Renato Usat\u00eei, cu o vizit\u0103 oficial\u0103 au venit, ministrul \u00eenv\u0103\u021b\u0103m\u00eentului din regiunea Nijnii Novgorod, Serghei Naumov, adjunctul ministrului Alexandr U\u0219akov \u0219i rectorul Universit\u0103\u021bii de Stat de Inginerie \u0219i Economie din Nijnii Novgorod, Anatolii \u0218amin. Ace\u0219tia au vizitat Centrul de excelen\u021b\u0103 \u00een servicii \u0219i prelucrarea alimentelor, Liceul Teoretic \u201eMihail Lomonosov\u201d, \u0219coala sportiv\u0103 \u201eBoris Petuhov\u201d \u0219i asocia\u021bia ob\u0219teasc\u0103 \u201eTinerii pentru dreptul la via\u021b\u0103\u201d.<\/strong><\/p>\n<p>Dup\u0103 o scurt\u0103 excursie prin Centrul de excelen\u021b\u0103 \u00een servicii \u0219i prelucrarea alimentelor, ministrul \u00eenv\u0103\u021b\u0103m\u00eentului, Serghei Naumov, a declarat c\u0103 este convins de faptul, c\u0103 vor avea parte de o colaborare str\u00e2ns\u0103.<\/p>\n<p>Oaspe\u021bii nu au r\u0103mas la fel de impresiona\u021bi \u00eens\u0103 de sala de informatic\u0103 din cadrul Liceului Teoretic \u201eMihail Lomonosov\u201d. Ministrul a \u021binut s\u0103 fac\u0103 o compara\u021bia cu situa\u021bia din Nijnii Novgorod, unde unele institu\u021bii de \u00eenv\u0103\u021b\u0103m\u00e2nt au p\u00e2n\u0103 nou\u0103 s\u0103li dotate cu calculatoare.<\/p>\n<p>Rectorul Universit\u0103\u021bii de Stat de Inginerie \u0219i Economie din Nijnii Novgorod, Anatolii \u0218amin, a men\u021bionat c\u0103 au deja o practic\u0103 bogat\u0103 \u00een colaborarea cu alte regiuni. Asta pentru c\u0103 dispun de o gam\u0103 larg\u0103 de specialit\u0103\u021bi.<\/p>\n<p>Seara s-a \u00eencheiat cu o mas\u0103 rotund\u0103 la sediul asocia\u021biei ob\u0219te\u0219ti \u201eTinerii pentru dreptul la via\u021b\u0103\u201d. Oaspe\u021bii au f\u0103cut cuno\u0219tin\u021b\u0103 cu reprezentan\u021bii mai multor organiza\u021bii ob\u0219e\u0219ti, dup\u0103 care au men\u021bionat c\u0103 a\u0219teapt\u0103 propuneri \u0219i solicit\u0103ri concrete. Totodat\u0103, ace\u0219tia au specificat pentru ce manifest\u0103 un interese deosebit.<\/p>\n<p>M\u00e2ine urmeaz\u0103 la B\u0103l\u021bi va veni \u0219i rectorul Universit\u0103\u021bii Agrare de Stat din Sankt Petersburg, Serghei \u0218irokov. Tot \u00een ziua de joi va avea loc semnarea acordurilor de colaborare \u00eentre cele dou\u0103 institu\u021bii de \u00eenv\u0103\u021b\u0103m\u00eent din Rusia \u0219i prim\u0103ria municipiului. Semnarea acordurilor va permite tinerilor din Republica Moldova s\u0103 studieze gratuit \u00een mai multe institu\u021bii universitare din Federa\u021bia Rus\u0103.<\/p>\n<p><iframe width=\"420\" height=\"315\" data-src=\"https:\/\/www.youtube.com\/embed\/g8RHSrS2FSg\" frameborder=\"0\" allowfullscreen src=\"data:image\/svg+xml;base64,PHN2ZyB3aWR0aD0iMSIgaGVpZ2h0PSIxIiB4bWxucz0iaHR0cDovL3d3dy53My5vcmcvMjAwMC9zdmciPjwvc3ZnPg==\" class=\"lazyload\" data-load-mode=\"1\"><\/iframe><\/p>\n","protected":false},"excerpt":{"rendered":"<p>Delega\u021bia din Nijnii Novgorod a ajuns \u00een municipiul B\u0103l\u021bi. La invita\u021bia primarului de B\u0103l\u021bi, Renato Usat\u00eei, cu o vizit\u0103 oficial\u0103 au venit, ministrul \u00eenv\u0103\u021b\u0103m\u00eentului din regiunea Nijnii Novgorod, Serghei Naumov, adjunctul ministrului Alexandr U\u0219akov \u0219i rectorul Universit\u0103\u021bii de Stat de Inginerie \u0219i Economie din Nijnii Novgorod, Anatolii \u0218amin. Ace\u0219tia au vizitat Centrul de excelen\u021b\u0103 \u00een [&hellip;]<\/p>\n","protected":false},"author":4,"featured_media":9082,"comment_status":"closed","ping_status":"closed","sticky":false,"template":"","format":"standard","meta":{"footnotes":""},"categories":[6353],"tags":[],"class_list":["post-9081","post","type-post","status-publish","format-standard","has-post-thumbnail","hentry","category-oras"],"yoast_head":"<!-- This site is optimized with the Yoast SEO plugin v27.4 - https:\/\/yoast.com\/product\/yoast-seo-wordpress\/ -->\n<title>DELEGA\u021aIA DIN NIJNII NOVGOROD A AJUNS LA B\u0102L\u021aI. PRIMELE IMPRESII  - BTV<\/title>\n<meta name=\"robots\" content=\"index, follow, max-snippet:-1, max-image-preview:large, max-video-preview:-1\" \/>\n<link rel=\"canonical\" href=\"https:\/\/www.btv.md\/ro\/delegatia-din-nijnii-novgorod-a-ajuns-la-balti-primele-impresii\/\" \/>\n<meta property=\"og:locale\" content=\"ro_RO\" \/>\n<meta property=\"og:type\" content=\"article\" \/>\n<meta property=\"og:title\" content=\"DELEGA\u021aIA DIN NIJNII NOVGOROD A AJUNS LA B\u0102L\u021aI. PRIMELE IMPRESII  - BTV\" \/>\n<meta property=\"og:description\" content=\"Delega\u021bia din Nijnii Novgorod a ajuns \u00een municipiul B\u0103l\u021bi. La invita\u021bia primarului de B\u0103l\u021bi, Renato Usat\u00eei, cu o vizit\u0103 oficial\u0103 au venit, ministrul \u00eenv\u0103\u021b\u0103m\u00eentului din regiunea Nijnii Novgorod, Serghei Naumov, adjunctul ministrului Alexandr U\u0219akov \u0219i rectorul Universit\u0103\u021bii de Stat de Inginerie \u0219i Economie din Nijnii Novgorod, Anatolii \u0218amin. Ace\u0219tia au vizitat Centrul de excelen\u021b\u0103 \u00een [&hellip;]\" \/>\n<meta property=\"og:url\" content=\"https:\/\/www.btv.md\/ro\/delegatia-din-nijnii-novgorod-a-ajuns-la-balti-primele-impresii\/\" \/>\n<meta property=\"og:site_name\" content=\"BTV\" \/>\n<meta property=\"article:publisher\" content=\"https:\/\/www.facebook.com\/btvmoldova\/\" \/>\n<meta property=\"article:published_time\" content=\"2016-03-16T20:05:37+00:00\" \/>\n<meta property=\"og:image\" content=\"https:\/\/www.btv.md\/wp-content\/uploads\/2016\/03\/DELEGATSIA-MD.png\" \/>\n\t<meta property=\"og:image:width\" content=\"1017\" \/>\n\t<meta property=\"og:image:height\" content=\"615\" \/>\n\t<meta property=\"og:image:type\" content=\"image\/png\" \/>\n<meta name=\"author\" content=\"admin\" \/>\n<meta name=\"twitter:label1\" content=\"Scris de\" \/>\n\t<meta name=\"twitter:data1\" content=\"admin\" \/>\n\t<meta name=\"twitter:label2\" content=\"Timp estimat pentru citire\" \/>\n\t<meta name=\"twitter:data2\" content=\"2 minute\" \/>\n<script type=\"application\/ld+json\" class=\"yoast-schema-graph\">{\"@context\":\"https:\\\/\\\/schema.org\",\"@graph\":[{\"@type\":\"Article\",\"@id\":\"https:\\\/\\\/www.btv.md\\\/ro\\\/delegatia-din-nijnii-novgorod-a-ajuns-la-balti-primele-impresii\\\/#article\",\"isPartOf\":{\"@id\":\"https:\\\/\\\/www.btv.md\\\/ro\\\/delegatia-din-nijnii-novgorod-a-ajuns-la-balti-primele-impresii\\\/\"},\"author\":{\"name\":\"admin\",\"@id\":\"https:\\\/\\\/www.btv.md\\\/#\\\/schema\\\/person\\\/8fadce81561b3ce2c34c46dadc4ccbf2\"},\"headline\":\"DELEGA\u021aIA DIN NIJNII NOVGOROD A AJUNS LA B\u0102L\u021aI. PRIMELE IMPRESII\",\"datePublished\":\"2016-03-16T20:05:37+00:00\",\"mainEntityOfPage\":{\"@id\":\"https:\\\/\\\/www.btv.md\\\/ro\\\/delegatia-din-nijnii-novgorod-a-ajuns-la-balti-primele-impresii\\\/\"},\"wordCount\":358,\"image\":{\"@id\":\"https:\\\/\\\/www.btv.md\\\/ro\\\/delegatia-din-nijnii-novgorod-a-ajuns-la-balti-primele-impresii\\\/#primaryimage\"},\"thumbnailUrl\":\"https:\\\/\\\/www.btv.md\\\/wp-content\\\/uploads\\\/2016\\\/03\\\/DELEGATSIA-MD.png\",\"articleSection\":[\"Ora\u0219\"],\"inLanguage\":\"ro-RO\"},{\"@type\":\"WebPage\",\"@id\":\"https:\\\/\\\/www.btv.md\\\/ro\\\/delegatia-din-nijnii-novgorod-a-ajuns-la-balti-primele-impresii\\\/\",\"url\":\"https:\\\/\\\/www.btv.md\\\/ro\\\/delegatia-din-nijnii-novgorod-a-ajuns-la-balti-primele-impresii\\\/\",\"name\":\"DELEGA\u021aIA DIN NIJNII NOVGOROD A AJUNS LA B\u0102L\u021aI. PRIMELE IMPRESII - BTV\",\"isPartOf\":{\"@id\":\"https:\\\/\\\/www.btv.md\\\/#website\"},\"primaryImageOfPage\":{\"@id\":\"https:\\\/\\\/www.btv.md\\\/ro\\\/delegatia-din-nijnii-novgorod-a-ajuns-la-balti-primele-impresii\\\/#primaryimage\"},\"image\":{\"@id\":\"https:\\\/\\\/www.btv.md\\\/ro\\\/delegatia-din-nijnii-novgorod-a-ajuns-la-balti-primele-impresii\\\/#primaryimage\"},\"thumbnailUrl\":\"https:\\\/\\\/www.btv.md\\\/wp-content\\\/uploads\\\/2016\\\/03\\\/DELEGATSIA-MD.png\",\"datePublished\":\"2016-03-16T20:05:37+00:00\",\"author\":{\"@id\":\"https:\\\/\\\/www.btv.md\\\/#\\\/schema\\\/person\\\/8fadce81561b3ce2c34c46dadc4ccbf2\"},\"inLanguage\":\"ro-RO\",\"potentialAction\":[{\"@type\":\"ReadAction\",\"target\":[\"https:\\\/\\\/www.btv.md\\\/ro\\\/delegatia-din-nijnii-novgorod-a-ajuns-la-balti-primele-impresii\\\/\"]}]},{\"@type\":\"ImageObject\",\"inLanguage\":\"ro-RO\",\"@id\":\"https:\\\/\\\/www.btv.md\\\/ro\\\/delegatia-din-nijnii-novgorod-a-ajuns-la-balti-primele-impresii\\\/#primaryimage\",\"url\":\"https:\\\/\\\/www.btv.md\\\/wp-content\\\/uploads\\\/2016\\\/03\\\/DELEGATSIA-MD.png\",\"contentUrl\":\"https:\\\/\\\/www.btv.md\\\/wp-content\\\/uploads\\\/2016\\\/03\\\/DELEGATSIA-MD.png\",\"width\":1017,\"height\":615},{\"@type\":\"WebSite\",\"@id\":\"https:\\\/\\\/www.btv.md\\\/#website\",\"url\":\"https:\\\/\\\/www.btv.md\\\/\",\"name\":\"BTV\",\"description\":\"\u0411\u0435\u043b\u044c\u0446\u043a\u043e\u0435 \u0442\u0435\u043b\u0435\u0432\u0438\u0434\u0435\u043d\u0438\u0435\",\"potentialAction\":[{\"@type\":\"SearchAction\",\"target\":{\"@type\":\"EntryPoint\",\"urlTemplate\":\"https:\\\/\\\/www.btv.md\\\/?s={search_term_string}\"},\"query-input\":{\"@type\":\"PropertyValueSpecification\",\"valueRequired\":true,\"valueName\":\"search_term_string\"}}],\"inLanguage\":\"ro-RO\"},{\"@type\":\"Person\",\"@id\":\"https:\\\/\\\/www.btv.md\\\/#\\\/schema\\\/person\\\/8fadce81561b3ce2c34c46dadc4ccbf2\",\"name\":\"admin\"}]}<\/script>\n<!-- \/ Yoast SEO plugin. -->","yoast_head_json":{"title":"DELEGA\u021aIA DIN NIJNII NOVGOROD A AJUNS LA B\u0102L\u021aI. PRIMELE IMPRESII  - BTV","robots":{"index":"index","follow":"follow","max-snippet":"max-snippet:-1","max-image-preview":"max-image-preview:large","max-video-preview":"max-video-preview:-1"},"canonical":"https:\/\/www.btv.md\/ro\/delegatia-din-nijnii-novgorod-a-ajuns-la-balti-primele-impresii\/","og_locale":"ro_RO","og_type":"article","og_title":"DELEGA\u021aIA DIN NIJNII NOVGOROD A AJUNS LA B\u0102L\u021aI. PRIMELE IMPRESII  - BTV","og_description":"Delega\u021bia din Nijnii Novgorod a ajuns \u00een municipiul B\u0103l\u021bi. La invita\u021bia primarului de B\u0103l\u021bi, Renato Usat\u00eei, cu o vizit\u0103 oficial\u0103 au venit, ministrul \u00eenv\u0103\u021b\u0103m\u00eentului din regiunea Nijnii Novgorod, Serghei Naumov, adjunctul ministrului Alexandr U\u0219akov \u0219i rectorul Universit\u0103\u021bii de Stat de Inginerie \u0219i Economie din Nijnii Novgorod, Anatolii \u0218amin. Ace\u0219tia au vizitat Centrul de excelen\u021b\u0103 \u00een [&hellip;]","og_url":"https:\/\/www.btv.md\/ro\/delegatia-din-nijnii-novgorod-a-ajuns-la-balti-primele-impresii\/","og_site_name":"BTV","article_publisher":"https:\/\/www.facebook.com\/btvmoldova\/","article_published_time":"2016-03-16T20:05:37+00:00","og_image":[{"width":1017,"height":615,"url":"https:\/\/www.btv.md\/wp-content\/uploads\/2016\/03\/DELEGATSIA-MD.png","type":"image\/png"}],"author":"admin","twitter_misc":{"Scris de":"admin","Timp estimat pentru citire":"2 minute"},"schema":{"@context":"https:\/\/schema.org","@graph":[{"@type":"Article","@id":"https:\/\/www.btv.md\/ro\/delegatia-din-nijnii-novgorod-a-ajuns-la-balti-primele-impresii\/#article","isPartOf":{"@id":"https:\/\/www.btv.md\/ro\/delegatia-din-nijnii-novgorod-a-ajuns-la-balti-primele-impresii\/"},"author":{"name":"admin","@id":"https:\/\/www.btv.md\/#\/schema\/person\/8fadce81561b3ce2c34c46dadc4ccbf2"},"headline":"DELEGA\u021aIA DIN NIJNII NOVGOROD A AJUNS LA B\u0102L\u021aI. PRIMELE IMPRESII","datePublished":"2016-03-16T20:05:37+00:00","mainEntityOfPage":{"@id":"https:\/\/www.btv.md\/ro\/delegatia-din-nijnii-novgorod-a-ajuns-la-balti-primele-impresii\/"},"wordCount":358,"image":{"@id":"https:\/\/www.btv.md\/ro\/delegatia-din-nijnii-novgorod-a-ajuns-la-balti-primele-impresii\/#primaryimage"},"thumbnailUrl":"https:\/\/www.btv.md\/wp-content\/uploads\/2016\/03\/DELEGATSIA-MD.png","articleSection":["Ora\u0219"],"inLanguage":"ro-RO"},{"@type":"WebPage","@id":"https:\/\/www.btv.md\/ro\/delegatia-din-nijnii-novgorod-a-ajuns-la-balti-primele-impresii\/","url":"https:\/\/www.btv.md\/ro\/delegatia-din-nijnii-novgorod-a-ajuns-la-balti-primele-impresii\/","name":"DELEGA\u021aIA DIN NIJNII NOVGOROD A AJUNS LA B\u0102L\u021aI. PRIMELE IMPRESII - BTV","isPartOf":{"@id":"https:\/\/www.btv.md\/#website"},"primaryImageOfPage":{"@id":"https:\/\/www.btv.md\/ro\/delegatia-din-nijnii-novgorod-a-ajuns-la-balti-primele-impresii\/#primaryimage"},"image":{"@id":"https:\/\/www.btv.md\/ro\/delegatia-din-nijnii-novgorod-a-ajuns-la-balti-primele-impresii\/#primaryimage"},"thumbnailUrl":"https:\/\/www.btv.md\/wp-content\/uploads\/2016\/03\/DELEGATSIA-MD.png","datePublished":"2016-03-16T20:05:37+00:00","author":{"@id":"https:\/\/www.btv.md\/#\/schema\/person\/8fadce81561b3ce2c34c46dadc4ccbf2"},"inLanguage":"ro-RO","potentialAction":[{"@type":"ReadAction","target":["https:\/\/www.btv.md\/ro\/delegatia-din-nijnii-novgorod-a-ajuns-la-balti-primele-impresii\/"]}]},{"@type":"ImageObject","inLanguage":"ro-RO","@id":"https:\/\/www.btv.md\/ro\/delegatia-din-nijnii-novgorod-a-ajuns-la-balti-primele-impresii\/#primaryimage","url":"https:\/\/www.btv.md\/wp-content\/uploads\/2016\/03\/DELEGATSIA-MD.png","contentUrl":"https:\/\/www.btv.md\/wp-content\/uploads\/2016\/03\/DELEGATSIA-MD.png","width":1017,"height":615},{"@type":"WebSite","@id":"https:\/\/www.btv.md\/#website","url":"https:\/\/www.btv.md\/","name":"BTV","description":"\u0411\u0435\u043b\u044c\u0446\u043a\u043e\u0435 \u0442\u0435\u043b\u0435\u0432\u0438\u0434\u0435\u043d\u0438\u0435","potentialAction":[{"@type":"SearchAction","target":{"@type":"EntryPoint","urlTemplate":"https:\/\/www.btv.md\/?s={search_term_string}"},"query-input":{"@type":"PropertyValueSpecification","valueRequired":true,"valueName":"search_term_string"}}],"inLanguage":"ro-RO"},{"@type":"Person","@id":"https:\/\/www.btv.md\/#\/schema\/person\/8fadce81561b3ce2c34c46dadc4ccbf2","name":"admin"}]}},"_links":{"self":[{"href":"https:\/\/www.btv.md\/ro\/wp-json\/wp\/v2\/posts\/9081","targetHints":{"allow":["GET"]}}],"collection":[{"href":"https:\/\/www.btv.md\/ro\/wp-json\/wp\/v2\/posts"}],"about":[{"href":"https:\/\/www.btv.md\/ro\/wp-json\/wp\/v2\/types\/post"}],"author":[{"embeddable":true,"href":"https:\/\/www.btv.md\/ro\/wp-json\/wp\/v2\/users\/4"}],"replies":[{"embeddable":true,"href":"https:\/\/www.btv.md\/ro\/wp-json\/wp\/v2\/comments?post=9081"}],"version-history":[{"count":0,"href":"https:\/\/www.btv.md\/ro\/wp-json\/wp\/v2\/posts\/9081\/revisions"}],"wp:featuredmedia":[{"embeddable":true,"href":"https:\/\/www.btv.md\/ro\/wp-json\/wp\/v2\/media\/9082"}],"wp:attachment":[{"href":"https:\/\/www.btv.md\/ro\/wp-json\/wp\/v2\/media?parent=9081"}],"wp:term":[{"taxonomy":"category","embeddable":true,"href":"https:\/\/www.btv.md\/ro\/wp-json\/wp\/v2\/categories?post=9081"},{"taxonomy":"post_tag","embeddable":true,"href":"https:\/\/www.btv.md\/ro\/wp-json\/wp\/v2\/tags?post=9081"}],"curies":[{"name":"wp","href":"https:\/\/api.w.org\/{rel}","templated":true}]}}