{"id":9091,"date":"2016-03-17T13:45:09","date_gmt":"2016-03-17T10:45:09","guid":{"rendered":"http:\/\/btv.md\/?p=9091"},"modified":"2016-03-17T13:45:09","modified_gmt":"2016-03-17T10:45:09","slug":"o-minora-de-16-ani-din-falesti-a-disparut-acum-o-saptamana","status":"publish","type":"post","link":"https:\/\/www.btv.md\/ro\/o-minora-de-16-ani-din-falesti-a-disparut-acum-o-saptamana\/","title":{"rendered":"O MINOR\u0102  DE  16  ANI  DIN  F\u0102LE\u0218TI  A  DISP\u0102RUT  ACUM  O  S\u0102PT\u0102M\u00c2N\u0102"},"content":{"rendered":"<p><strong>Inspectoratul de Poli\u021bie B\u0103l\u021bi a demarat ac\u021biuni de c\u0103utare a minorei Larisa Tarlapan, originar\u0103 din satul P\u00e2rli\u021ba, raionul F\u0103le\u0219ti, care \u00een data de 10 martie a plecat \u00eentr-o direc\u021bie necunoscut\u0103. <\/strong><\/p>\n<p><strong>Ultima oar\u0103, t\u00e2n\u0103ra de numai 16 ani a fost v\u0103zut\u0103 de mama sa, la autogara din B\u0103l\u021bi, c\u00e2nd se \u00eentorceau dintr-o vizit\u0103. Potrivit Inspectoratului de Poli\u021bie B\u0103l\u021bi, minora i-a spus mamei c\u0103 \u00ee\u0219i va continua vizita, f\u0103r\u0103 a indica vreo direc\u021bie. Seara, aceasta nu s-a mai \u00eentors acas\u0103.<\/strong><\/p>\n<p><strong>Persoanele care de\u021bin informa\u021bii referitor la locul afl\u0103rii fetei sau alte detalii importante, sunt rugate s\u0103 se adreseze la numerele de telefon 902, 0231 2 34 76 sau 079883881.<\/strong><\/p>\n<p><iframe width=\"420\" height=\"315\" data-src=\"https:\/\/www.youtube.com\/embed\/vLOOZAsJCwA\" frameborder=\"0\" allowfullscreen src=\"data:image\/svg+xml;base64,PHN2ZyB3aWR0aD0iMSIgaGVpZ2h0PSIxIiB4bWxucz0iaHR0cDovL3d3dy53My5vcmcvMjAwMC9zdmciPjwvc3ZnPg==\" class=\"lazyload\" data-load-mode=\"1\"><\/iframe><\/p>\n","protected":false},"excerpt":{"rendered":"<p>Inspectoratul de Poli\u021bie B\u0103l\u021bi a demarat ac\u021biuni de c\u0103utare a minorei Larisa Tarlapan, originar\u0103 din satul P\u00e2rli\u021ba, raionul F\u0103le\u0219ti, care \u00een data de 10 martie a plecat \u00eentr-o direc\u021bie necunoscut\u0103. Ultima oar\u0103, t\u00e2n\u0103ra de numai 16 ani a fost v\u0103zut\u0103 de mama sa, la autogara din B\u0103l\u021bi, c\u00e2nd se \u00eentorceau dintr-o vizit\u0103. Potrivit Inspectoratului de [&hellip;]<\/p>\n","protected":false},"author":4,"featured_media":9092,"comment_status":"closed","ping_status":"closed","sticky":false,"template":"","format":"standard","meta":{"footnotes":""},"categories":[6353],"tags":[],"class_list":["post-9091","post","type-post","status-publish","format-standard","has-post-thumbnail","hentry","category-oras"],"yoast_head":"<!-- This site is optimized with the Yoast SEO plugin v27.4 - https:\/\/yoast.com\/product\/yoast-seo-wordpress\/ -->\n<title>O MINOR\u0102 DE 16 ANI DIN F\u0102LE\u0218TI A DISP\u0102RUT ACUM O S\u0102PT\u0102M\u00c2N\u0102 - BTV<\/title>\n<meta name=\"robots\" content=\"index, follow, max-snippet:-1, max-image-preview:large, max-video-preview:-1\" \/>\n<link rel=\"canonical\" href=\"https:\/\/www.btv.md\/ro\/o-minora-de-16-ani-din-falesti-a-disparut-acum-o-saptamana\/\" \/>\n<meta property=\"og:locale\" content=\"ro_RO\" \/>\n<meta property=\"og:type\" content=\"article\" \/>\n<meta property=\"og:title\" content=\"O MINOR\u0102 DE 16 ANI DIN F\u0102LE\u0218TI A DISP\u0102RUT ACUM O S\u0102PT\u0102M\u00c2N\u0102 - BTV\" \/>\n<meta property=\"og:description\" content=\"Inspectoratul de Poli\u021bie B\u0103l\u021bi a demarat ac\u021biuni de c\u0103utare a minorei Larisa Tarlapan, originar\u0103 din satul P\u00e2rli\u021ba, raionul F\u0103le\u0219ti, care \u00een data de 10 martie a plecat \u00eentr-o direc\u021bie necunoscut\u0103. Ultima oar\u0103, t\u00e2n\u0103ra de numai 16 ani a fost v\u0103zut\u0103 de mama sa, la autogara din B\u0103l\u021bi, c\u00e2nd se \u00eentorceau dintr-o vizit\u0103. Potrivit Inspectoratului de [&hellip;]\" \/>\n<meta property=\"og:url\" content=\"https:\/\/www.btv.md\/ro\/o-minora-de-16-ani-din-falesti-a-disparut-acum-o-saptamana\/\" \/>\n<meta property=\"og:site_name\" content=\"BTV\" \/>\n<meta property=\"article:publisher\" content=\"https:\/\/www.facebook.com\/btvmoldova\/\" \/>\n<meta property=\"article:published_time\" content=\"2016-03-17T10:45:09+00:00\" \/>\n<meta property=\"og:image\" content=\"https:\/\/www.btv.md\/wp-content\/uploads\/2016\/03\/image-8a8fa52e1629e2f85ea41d12024a06e61516844595b01ae1774f6932ce40ef6c-V.jpg\" \/>\n\t<meta property=\"og:image:width\" content=\"484\" \/>\n\t<meta property=\"og:image:height\" content=\"419\" \/>\n\t<meta property=\"og:image:type\" content=\"image\/jpeg\" \/>\n<meta name=\"author\" content=\"admin\" \/>\n<meta name=\"twitter:label1\" content=\"Scris de\" \/>\n\t<meta name=\"twitter:data1\" content=\"admin\" \/>\n\t<meta name=\"twitter:label2\" content=\"Timp estimat pentru citire\" \/>\n\t<meta name=\"twitter:data2\" content=\"1 minut\" \/>\n<script type=\"application\/ld+json\" class=\"yoast-schema-graph\">{\"@context\":\"https:\\\/\\\/schema.org\",\"@graph\":[{\"@type\":\"Article\",\"@id\":\"https:\\\/\\\/www.btv.md\\\/ro\\\/o-minora-de-16-ani-din-falesti-a-disparut-acum-o-saptamana\\\/#article\",\"isPartOf\":{\"@id\":\"https:\\\/\\\/www.btv.md\\\/ro\\\/o-minora-de-16-ani-din-falesti-a-disparut-acum-o-saptamana\\\/\"},\"author\":{\"name\":\"admin\",\"@id\":\"https:\\\/\\\/www.btv.md\\\/#\\\/schema\\\/person\\\/8fadce81561b3ce2c34c46dadc4ccbf2\"},\"headline\":\"O MINOR\u0102 DE 16 ANI DIN F\u0102LE\u0218TI A DISP\u0102RUT ACUM O S\u0102PT\u0102M\u00c2N\u0102\",\"datePublished\":\"2016-03-17T10:45:09+00:00\",\"mainEntityOfPage\":{\"@id\":\"https:\\\/\\\/www.btv.md\\\/ro\\\/o-minora-de-16-ani-din-falesti-a-disparut-acum-o-saptamana\\\/\"},\"wordCount\":140,\"image\":{\"@id\":\"https:\\\/\\\/www.btv.md\\\/ro\\\/o-minora-de-16-ani-din-falesti-a-disparut-acum-o-saptamana\\\/#primaryimage\"},\"thumbnailUrl\":\"https:\\\/\\\/www.btv.md\\\/wp-content\\\/uploads\\\/2016\\\/03\\\/image-8a8fa52e1629e2f85ea41d12024a06e61516844595b01ae1774f6932ce40ef6c-V.jpg\",\"articleSection\":[\"Ora\u0219\"],\"inLanguage\":\"ro-RO\"},{\"@type\":\"WebPage\",\"@id\":\"https:\\\/\\\/www.btv.md\\\/ro\\\/o-minora-de-16-ani-din-falesti-a-disparut-acum-o-saptamana\\\/\",\"url\":\"https:\\\/\\\/www.btv.md\\\/ro\\\/o-minora-de-16-ani-din-falesti-a-disparut-acum-o-saptamana\\\/\",\"name\":\"O MINOR\u0102 DE 16 ANI DIN F\u0102LE\u0218TI A DISP\u0102RUT ACUM O S\u0102PT\u0102M\u00c2N\u0102 - BTV\",\"isPartOf\":{\"@id\":\"https:\\\/\\\/www.btv.md\\\/#website\"},\"primaryImageOfPage\":{\"@id\":\"https:\\\/\\\/www.btv.md\\\/ro\\\/o-minora-de-16-ani-din-falesti-a-disparut-acum-o-saptamana\\\/#primaryimage\"},\"image\":{\"@id\":\"https:\\\/\\\/www.btv.md\\\/ro\\\/o-minora-de-16-ani-din-falesti-a-disparut-acum-o-saptamana\\\/#primaryimage\"},\"thumbnailUrl\":\"https:\\\/\\\/www.btv.md\\\/wp-content\\\/uploads\\\/2016\\\/03\\\/image-8a8fa52e1629e2f85ea41d12024a06e61516844595b01ae1774f6932ce40ef6c-V.jpg\",\"datePublished\":\"2016-03-17T10:45:09+00:00\",\"author\":{\"@id\":\"https:\\\/\\\/www.btv.md\\\/#\\\/schema\\\/person\\\/8fadce81561b3ce2c34c46dadc4ccbf2\"},\"inLanguage\":\"ro-RO\",\"potentialAction\":[{\"@type\":\"ReadAction\",\"target\":[\"https:\\\/\\\/www.btv.md\\\/ro\\\/o-minora-de-16-ani-din-falesti-a-disparut-acum-o-saptamana\\\/\"]}]},{\"@type\":\"ImageObject\",\"inLanguage\":\"ro-RO\",\"@id\":\"https:\\\/\\\/www.btv.md\\\/ro\\\/o-minora-de-16-ani-din-falesti-a-disparut-acum-o-saptamana\\\/#primaryimage\",\"url\":\"https:\\\/\\\/www.btv.md\\\/wp-content\\\/uploads\\\/2016\\\/03\\\/image-8a8fa52e1629e2f85ea41d12024a06e61516844595b01ae1774f6932ce40ef6c-V.jpg\",\"contentUrl\":\"https:\\\/\\\/www.btv.md\\\/wp-content\\\/uploads\\\/2016\\\/03\\\/image-8a8fa52e1629e2f85ea41d12024a06e61516844595b01ae1774f6932ce40ef6c-V.jpg\",\"width\":484,\"height\":419},{\"@type\":\"WebSite\",\"@id\":\"https:\\\/\\\/www.btv.md\\\/#website\",\"url\":\"https:\\\/\\\/www.btv.md\\\/\",\"name\":\"BTV\",\"description\":\"\u0411\u0435\u043b\u044c\u0446\u043a\u043e\u0435 \u0442\u0435\u043b\u0435\u0432\u0438\u0434\u0435\u043d\u0438\u0435\",\"potentialAction\":[{\"@type\":\"SearchAction\",\"target\":{\"@type\":\"EntryPoint\",\"urlTemplate\":\"https:\\\/\\\/www.btv.md\\\/?s={search_term_string}\"},\"query-input\":{\"@type\":\"PropertyValueSpecification\",\"valueRequired\":true,\"valueName\":\"search_term_string\"}}],\"inLanguage\":\"ro-RO\"},{\"@type\":\"Person\",\"@id\":\"https:\\\/\\\/www.btv.md\\\/#\\\/schema\\\/person\\\/8fadce81561b3ce2c34c46dadc4ccbf2\",\"name\":\"admin\"}]}<\/script>\n<!-- \/ Yoast SEO plugin. -->","yoast_head_json":{"title":"O MINOR\u0102 DE 16 ANI DIN F\u0102LE\u0218TI A DISP\u0102RUT ACUM O S\u0102PT\u0102M\u00c2N\u0102 - BTV","robots":{"index":"index","follow":"follow","max-snippet":"max-snippet:-1","max-image-preview":"max-image-preview:large","max-video-preview":"max-video-preview:-1"},"canonical":"https:\/\/www.btv.md\/ro\/o-minora-de-16-ani-din-falesti-a-disparut-acum-o-saptamana\/","og_locale":"ro_RO","og_type":"article","og_title":"O MINOR\u0102 DE 16 ANI DIN F\u0102LE\u0218TI A DISP\u0102RUT ACUM O S\u0102PT\u0102M\u00c2N\u0102 - BTV","og_description":"Inspectoratul de Poli\u021bie B\u0103l\u021bi a demarat ac\u021biuni de c\u0103utare a minorei Larisa Tarlapan, originar\u0103 din satul P\u00e2rli\u021ba, raionul F\u0103le\u0219ti, care \u00een data de 10 martie a plecat \u00eentr-o direc\u021bie necunoscut\u0103. Ultima oar\u0103, t\u00e2n\u0103ra de numai 16 ani a fost v\u0103zut\u0103 de mama sa, la autogara din B\u0103l\u021bi, c\u00e2nd se \u00eentorceau dintr-o vizit\u0103. Potrivit Inspectoratului de [&hellip;]","og_url":"https:\/\/www.btv.md\/ro\/o-minora-de-16-ani-din-falesti-a-disparut-acum-o-saptamana\/","og_site_name":"BTV","article_publisher":"https:\/\/www.facebook.com\/btvmoldova\/","article_published_time":"2016-03-17T10:45:09+00:00","og_image":[{"width":484,"height":419,"url":"https:\/\/www.btv.md\/wp-content\/uploads\/2016\/03\/image-8a8fa52e1629e2f85ea41d12024a06e61516844595b01ae1774f6932ce40ef6c-V.jpg","type":"image\/jpeg"}],"author":"admin","twitter_misc":{"Scris de":"admin","Timp estimat pentru citire":"1 minut"},"schema":{"@context":"https:\/\/schema.org","@graph":[{"@type":"Article","@id":"https:\/\/www.btv.md\/ro\/o-minora-de-16-ani-din-falesti-a-disparut-acum-o-saptamana\/#article","isPartOf":{"@id":"https:\/\/www.btv.md\/ro\/o-minora-de-16-ani-din-falesti-a-disparut-acum-o-saptamana\/"},"author":{"name":"admin","@id":"https:\/\/www.btv.md\/#\/schema\/person\/8fadce81561b3ce2c34c46dadc4ccbf2"},"headline":"O MINOR\u0102 DE 16 ANI DIN F\u0102LE\u0218TI A DISP\u0102RUT ACUM O S\u0102PT\u0102M\u00c2N\u0102","datePublished":"2016-03-17T10:45:09+00:00","mainEntityOfPage":{"@id":"https:\/\/www.btv.md\/ro\/o-minora-de-16-ani-din-falesti-a-disparut-acum-o-saptamana\/"},"wordCount":140,"image":{"@id":"https:\/\/www.btv.md\/ro\/o-minora-de-16-ani-din-falesti-a-disparut-acum-o-saptamana\/#primaryimage"},"thumbnailUrl":"https:\/\/www.btv.md\/wp-content\/uploads\/2016\/03\/image-8a8fa52e1629e2f85ea41d12024a06e61516844595b01ae1774f6932ce40ef6c-V.jpg","articleSection":["Ora\u0219"],"inLanguage":"ro-RO"},{"@type":"WebPage","@id":"https:\/\/www.btv.md\/ro\/o-minora-de-16-ani-din-falesti-a-disparut-acum-o-saptamana\/","url":"https:\/\/www.btv.md\/ro\/o-minora-de-16-ani-din-falesti-a-disparut-acum-o-saptamana\/","name":"O MINOR\u0102 DE 16 ANI DIN F\u0102LE\u0218TI A DISP\u0102RUT ACUM O S\u0102PT\u0102M\u00c2N\u0102 - BTV","isPartOf":{"@id":"https:\/\/www.btv.md\/#website"},"primaryImageOfPage":{"@id":"https:\/\/www.btv.md\/ro\/o-minora-de-16-ani-din-falesti-a-disparut-acum-o-saptamana\/#primaryimage"},"image":{"@id":"https:\/\/www.btv.md\/ro\/o-minora-de-16-ani-din-falesti-a-disparut-acum-o-saptamana\/#primaryimage"},"thumbnailUrl":"https:\/\/www.btv.md\/wp-content\/uploads\/2016\/03\/image-8a8fa52e1629e2f85ea41d12024a06e61516844595b01ae1774f6932ce40ef6c-V.jpg","datePublished":"2016-03-17T10:45:09+00:00","author":{"@id":"https:\/\/www.btv.md\/#\/schema\/person\/8fadce81561b3ce2c34c46dadc4ccbf2"},"inLanguage":"ro-RO","potentialAction":[{"@type":"ReadAction","target":["https:\/\/www.btv.md\/ro\/o-minora-de-16-ani-din-falesti-a-disparut-acum-o-saptamana\/"]}]},{"@type":"ImageObject","inLanguage":"ro-RO","@id":"https:\/\/www.btv.md\/ro\/o-minora-de-16-ani-din-falesti-a-disparut-acum-o-saptamana\/#primaryimage","url":"https:\/\/www.btv.md\/wp-content\/uploads\/2016\/03\/image-8a8fa52e1629e2f85ea41d12024a06e61516844595b01ae1774f6932ce40ef6c-V.jpg","contentUrl":"https:\/\/www.btv.md\/wp-content\/uploads\/2016\/03\/image-8a8fa52e1629e2f85ea41d12024a06e61516844595b01ae1774f6932ce40ef6c-V.jpg","width":484,"height":419},{"@type":"WebSite","@id":"https:\/\/www.btv.md\/#website","url":"https:\/\/www.btv.md\/","name":"BTV","description":"\u0411\u0435\u043b\u044c\u0446\u043a\u043e\u0435 \u0442\u0435\u043b\u0435\u0432\u0438\u0434\u0435\u043d\u0438\u0435","potentialAction":[{"@type":"SearchAction","target":{"@type":"EntryPoint","urlTemplate":"https:\/\/www.btv.md\/?s={search_term_string}"},"query-input":{"@type":"PropertyValueSpecification","valueRequired":true,"valueName":"search_term_string"}}],"inLanguage":"ro-RO"},{"@type":"Person","@id":"https:\/\/www.btv.md\/#\/schema\/person\/8fadce81561b3ce2c34c46dadc4ccbf2","name":"admin"}]}},"_links":{"self":[{"href":"https:\/\/www.btv.md\/ro\/wp-json\/wp\/v2\/posts\/9091","targetHints":{"allow":["GET"]}}],"collection":[{"href":"https:\/\/www.btv.md\/ro\/wp-json\/wp\/v2\/posts"}],"about":[{"href":"https:\/\/www.btv.md\/ro\/wp-json\/wp\/v2\/types\/post"}],"author":[{"embeddable":true,"href":"https:\/\/www.btv.md\/ro\/wp-json\/wp\/v2\/users\/4"}],"replies":[{"embeddable":true,"href":"https:\/\/www.btv.md\/ro\/wp-json\/wp\/v2\/comments?post=9091"}],"version-history":[{"count":0,"href":"https:\/\/www.btv.md\/ro\/wp-json\/wp\/v2\/posts\/9091\/revisions"}],"wp:featuredmedia":[{"embeddable":true,"href":"https:\/\/www.btv.md\/ro\/wp-json\/wp\/v2\/media\/9092"}],"wp:attachment":[{"href":"https:\/\/www.btv.md\/ro\/wp-json\/wp\/v2\/media?parent=9091"}],"wp:term":[{"taxonomy":"category","embeddable":true,"href":"https:\/\/www.btv.md\/ro\/wp-json\/wp\/v2\/categories?post=9091"},{"taxonomy":"post_tag","embeddable":true,"href":"https:\/\/www.btv.md\/ro\/wp-json\/wp\/v2\/tags?post=9091"}],"curies":[{"name":"wp","href":"https:\/\/api.w.org\/{rel}","templated":true}]}}