{"id":9120,"date":"2016-03-17T18:35:42","date_gmt":"2016-03-17T15:35:42","guid":{"rendered":"http:\/\/btv.md\/?p=9120"},"modified":"2016-03-17T18:35:42","modified_gmt":"2016-03-17T15:35:42","slug":"delegatia-din-rusia-in-vizita-la-universitatea-de-stat-alecu-russo-din-balti","status":"publish","type":"post","link":"https:\/\/www.btv.md\/ro\/delegatia-din-rusia-in-vizita-la-universitatea-de-stat-alecu-russo-din-balti\/","title":{"rendered":"DELEGA\u021aIA  DIN  RUSIA, \u00ceN  VIZIT\u0102  LA  UNIVERSITATEA  DE  STAT  \u201eALECU  RUSSO\u201d DIN  B\u0102L\u021aI"},"content":{"rendered":"<p><strong>Delega\u021bia din Nijni Novgorod, \u00eempreun\u0103 cu rectorul Universit\u0103\u021bii Agrare de Stat din Sankt Petersburg, au efectuat o vizit\u0103 oficial\u0103 la Universitatea de Stat \u201eAlecu Russo\u201d din B\u0103l\u021bi.<\/strong><\/p>\n<p>\u00cenainte de semnarea acordurilor de colaborare cu cele dou\u0103 institu\u021bii de \u00eenv\u0103\u021b\u0103m\u00eent superior din Rusia \u0219i prim\u0103ria municipiului, oaspe\u021bii au f\u0103cut schimb de opinii cu reprezentan\u021bii universit\u0103\u021bii din B\u0103l\u021bi.<\/p>\n<p>Unul dintre subiectele abordate a fost insuficien\u021ba cadrelor didactice, unde Ministrul \u00cenv\u0103\u021b\u0103m\u00e2ntului din Nijni Novgorod, Serghei Naumov, a povestit despre metoda prin care au reu\u0219it s\u0103 rezolve aceast\u0103 problem\u0103.<\/p>\n<p>Totodat\u0103, ministrul a \u021binut s\u0103 men\u021bioneze c\u0103 pentru o caloborare eficient\u0103, reprezentan\u021bii universit\u0103\u021bii \u201eAlecu Russo\u201d trebuie s\u0103 vin\u0103 cu ini\u021biative concrete. Una dintre ideile enun\u021bate de c\u0103tre Serghei Naumov a fost \u0219i un program de schimb de experien\u021b\u0103 \u00eentre studen\u021bi.<\/p>\n<p>Pentru a fi admi\u0219i la institu\u021biile de \u00eenv\u0103\u021b\u0103m\u00eent \u00een Federa\u021bia Rus\u0103, abiturien\u021bii trebuie s\u0103 r\u0103spund\u0103 unui \u0219ir de cerin\u021be, printre care cunoa\u0219terea limbii ruse \u0219i absolvirea liceului cu note bune. <\/p>\n<p>Amintim c\u0103, conform \u00een\u021belegerii din cadrul vizitelor oficiale ale primarului Renato Usat\u00eei \u00een Rusia, pentru studen\u021bii moldoveni au fost oferite cote \u00een mai multe  institu\u021bii de \u00eenv\u0103\u021b\u0103m\u00e2nt superior din Federa\u021bia Rus\u0103.<\/p>\n<p><iframe width=\"420\" height=\"315\" data-src=\"https:\/\/www.youtube.com\/embed\/7H1-KepX0Ls\" frameborder=\"0\" allowfullscreen src=\"data:image\/svg+xml;base64,PHN2ZyB3aWR0aD0iMSIgaGVpZ2h0PSIxIiB4bWxucz0iaHR0cDovL3d3dy53My5vcmcvMjAwMC9zdmciPjwvc3ZnPg==\" class=\"lazyload\" data-load-mode=\"1\"><\/iframe><\/p>\n","protected":false},"excerpt":{"rendered":"<p>Delega\u021bia din Nijni Novgorod, \u00eempreun\u0103 cu rectorul Universit\u0103\u021bii Agrare de Stat din Sankt Petersburg, au efectuat o vizit\u0103 oficial\u0103 la Universitatea de Stat \u201eAlecu Russo\u201d din B\u0103l\u021bi. \u00cenainte de semnarea acordurilor de colaborare cu cele dou\u0103 institu\u021bii de \u00eenv\u0103\u021b\u0103m\u00eent superior din Rusia \u0219i prim\u0103ria municipiului, oaspe\u021bii au f\u0103cut schimb de opinii cu reprezentan\u021bii universit\u0103\u021bii din [&hellip;]<\/p>\n","protected":false},"author":4,"featured_media":9121,"comment_status":"closed","ping_status":"closed","sticky":false,"template":"","format":"standard","meta":{"footnotes":""},"categories":[12],"tags":[],"class_list":["post-9120","post","type-post","status-publish","format-standard","has-post-thumbnail","hentry","category-balti"],"yoast_head":"<!-- This site is optimized with the Yoast SEO plugin v27.4 - https:\/\/yoast.com\/product\/yoast-seo-wordpress\/ -->\n<title>DELEGA\u021aIA DIN RUSIA, \u00ceN VIZIT\u0102 LA UNIVERSITATEA DE STAT \u201eALECU RUSSO\u201d DIN B\u0102L\u021aI - BTV<\/title>\n<meta name=\"robots\" content=\"index, follow, max-snippet:-1, max-image-preview:large, max-video-preview:-1\" \/>\n<link rel=\"canonical\" href=\"https:\/\/www.btv.md\/ro\/delegatia-din-rusia-in-vizita-la-universitatea-de-stat-alecu-russo-din-balti\/\" \/>\n<meta property=\"og:locale\" content=\"ro_RO\" \/>\n<meta property=\"og:type\" content=\"article\" \/>\n<meta property=\"og:title\" content=\"DELEGA\u021aIA DIN RUSIA, \u00ceN VIZIT\u0102 LA UNIVERSITATEA DE STAT \u201eALECU RUSSO\u201d DIN B\u0102L\u021aI - BTV\" \/>\n<meta property=\"og:description\" content=\"Delega\u021bia din Nijni Novgorod, \u00eempreun\u0103 cu rectorul Universit\u0103\u021bii Agrare de Stat din Sankt Petersburg, au efectuat o vizit\u0103 oficial\u0103 la Universitatea de Stat \u201eAlecu Russo\u201d din B\u0103l\u021bi. \u00cenainte de semnarea acordurilor de colaborare cu cele dou\u0103 institu\u021bii de \u00eenv\u0103\u021b\u0103m\u00eent superior din Rusia \u0219i prim\u0103ria municipiului, oaspe\u021bii au f\u0103cut schimb de opinii cu reprezentan\u021bii universit\u0103\u021bii din [&hellip;]\" \/>\n<meta property=\"og:url\" content=\"https:\/\/www.btv.md\/ro\/delegatia-din-rusia-in-vizita-la-universitatea-de-stat-alecu-russo-din-balti\/\" \/>\n<meta property=\"og:site_name\" content=\"BTV\" \/>\n<meta property=\"article:publisher\" content=\"https:\/\/www.facebook.com\/btvmoldova\/\" \/>\n<meta property=\"article:published_time\" content=\"2016-03-17T15:35:42+00:00\" \/>\n<meta property=\"og:image\" content=\"https:\/\/www.btv.md\/wp-content\/uploads\/2016\/03\/univer.png\" \/>\n\t<meta property=\"og:image:width\" content=\"977\" \/>\n\t<meta property=\"og:image:height\" content=\"527\" \/>\n\t<meta property=\"og:image:type\" content=\"image\/png\" \/>\n<meta name=\"author\" content=\"admin\" \/>\n<meta name=\"twitter:label1\" content=\"Scris de\" \/>\n\t<meta name=\"twitter:data1\" content=\"admin\" \/>\n\t<meta name=\"twitter:label2\" content=\"Timp estimat pentru citire\" \/>\n\t<meta name=\"twitter:data2\" content=\"1 minut\" \/>\n<script type=\"application\/ld+json\" class=\"yoast-schema-graph\">{\"@context\":\"https:\\\/\\\/schema.org\",\"@graph\":[{\"@type\":\"Article\",\"@id\":\"https:\\\/\\\/www.btv.md\\\/ro\\\/delegatia-din-rusia-in-vizita-la-universitatea-de-stat-alecu-russo-din-balti\\\/#article\",\"isPartOf\":{\"@id\":\"https:\\\/\\\/www.btv.md\\\/ro\\\/delegatia-din-rusia-in-vizita-la-universitatea-de-stat-alecu-russo-din-balti\\\/\"},\"author\":{\"name\":\"admin\",\"@id\":\"https:\\\/\\\/www.btv.md\\\/#\\\/schema\\\/person\\\/8fadce81561b3ce2c34c46dadc4ccbf2\"},\"headline\":\"DELEGA\u021aIA DIN RUSIA, \u00ceN VIZIT\u0102 LA UNIVERSITATEA DE STAT \u201eALECU RUSSO\u201d DIN B\u0102L\u021aI\",\"datePublished\":\"2016-03-17T15:35:42+00:00\",\"mainEntityOfPage\":{\"@id\":\"https:\\\/\\\/www.btv.md\\\/ro\\\/delegatia-din-rusia-in-vizita-la-universitatea-de-stat-alecu-russo-din-balti\\\/\"},\"wordCount\":243,\"image\":{\"@id\":\"https:\\\/\\\/www.btv.md\\\/ro\\\/delegatia-din-rusia-in-vizita-la-universitatea-de-stat-alecu-russo-din-balti\\\/#primaryimage\"},\"thumbnailUrl\":\"https:\\\/\\\/www.btv.md\\\/wp-content\\\/uploads\\\/2016\\\/03\\\/univer.png\",\"articleSection\":[\"\u0413\u043e\u0440\u043e\u0434\"],\"inLanguage\":\"ro-RO\"},{\"@type\":\"WebPage\",\"@id\":\"https:\\\/\\\/www.btv.md\\\/ro\\\/delegatia-din-rusia-in-vizita-la-universitatea-de-stat-alecu-russo-din-balti\\\/\",\"url\":\"https:\\\/\\\/www.btv.md\\\/ro\\\/delegatia-din-rusia-in-vizita-la-universitatea-de-stat-alecu-russo-din-balti\\\/\",\"name\":\"DELEGA\u021aIA DIN RUSIA, \u00ceN VIZIT\u0102 LA UNIVERSITATEA DE STAT \u201eALECU RUSSO\u201d DIN B\u0102L\u021aI - BTV\",\"isPartOf\":{\"@id\":\"https:\\\/\\\/www.btv.md\\\/#website\"},\"primaryImageOfPage\":{\"@id\":\"https:\\\/\\\/www.btv.md\\\/ro\\\/delegatia-din-rusia-in-vizita-la-universitatea-de-stat-alecu-russo-din-balti\\\/#primaryimage\"},\"image\":{\"@id\":\"https:\\\/\\\/www.btv.md\\\/ro\\\/delegatia-din-rusia-in-vizita-la-universitatea-de-stat-alecu-russo-din-balti\\\/#primaryimage\"},\"thumbnailUrl\":\"https:\\\/\\\/www.btv.md\\\/wp-content\\\/uploads\\\/2016\\\/03\\\/univer.png\",\"datePublished\":\"2016-03-17T15:35:42+00:00\",\"author\":{\"@id\":\"https:\\\/\\\/www.btv.md\\\/#\\\/schema\\\/person\\\/8fadce81561b3ce2c34c46dadc4ccbf2\"},\"inLanguage\":\"ro-RO\",\"potentialAction\":[{\"@type\":\"ReadAction\",\"target\":[\"https:\\\/\\\/www.btv.md\\\/ro\\\/delegatia-din-rusia-in-vizita-la-universitatea-de-stat-alecu-russo-din-balti\\\/\"]}]},{\"@type\":\"ImageObject\",\"inLanguage\":\"ro-RO\",\"@id\":\"https:\\\/\\\/www.btv.md\\\/ro\\\/delegatia-din-rusia-in-vizita-la-universitatea-de-stat-alecu-russo-din-balti\\\/#primaryimage\",\"url\":\"https:\\\/\\\/www.btv.md\\\/wp-content\\\/uploads\\\/2016\\\/03\\\/univer.png\",\"contentUrl\":\"https:\\\/\\\/www.btv.md\\\/wp-content\\\/uploads\\\/2016\\\/03\\\/univer.png\",\"width\":977,\"height\":527},{\"@type\":\"WebSite\",\"@id\":\"https:\\\/\\\/www.btv.md\\\/#website\",\"url\":\"https:\\\/\\\/www.btv.md\\\/\",\"name\":\"BTV\",\"description\":\"\u0411\u0435\u043b\u044c\u0446\u043a\u043e\u0435 \u0442\u0435\u043b\u0435\u0432\u0438\u0434\u0435\u043d\u0438\u0435\",\"potentialAction\":[{\"@type\":\"SearchAction\",\"target\":{\"@type\":\"EntryPoint\",\"urlTemplate\":\"https:\\\/\\\/www.btv.md\\\/?s={search_term_string}\"},\"query-input\":{\"@type\":\"PropertyValueSpecification\",\"valueRequired\":true,\"valueName\":\"search_term_string\"}}],\"inLanguage\":\"ro-RO\"},{\"@type\":\"Person\",\"@id\":\"https:\\\/\\\/www.btv.md\\\/#\\\/schema\\\/person\\\/8fadce81561b3ce2c34c46dadc4ccbf2\",\"name\":\"admin\"}]}<\/script>\n<!-- \/ Yoast SEO plugin. -->","yoast_head_json":{"title":"DELEGA\u021aIA DIN RUSIA, \u00ceN VIZIT\u0102 LA UNIVERSITATEA DE STAT \u201eALECU RUSSO\u201d DIN B\u0102L\u021aI - BTV","robots":{"index":"index","follow":"follow","max-snippet":"max-snippet:-1","max-image-preview":"max-image-preview:large","max-video-preview":"max-video-preview:-1"},"canonical":"https:\/\/www.btv.md\/ro\/delegatia-din-rusia-in-vizita-la-universitatea-de-stat-alecu-russo-din-balti\/","og_locale":"ro_RO","og_type":"article","og_title":"DELEGA\u021aIA DIN RUSIA, \u00ceN VIZIT\u0102 LA UNIVERSITATEA DE STAT \u201eALECU RUSSO\u201d DIN B\u0102L\u021aI - BTV","og_description":"Delega\u021bia din Nijni Novgorod, \u00eempreun\u0103 cu rectorul Universit\u0103\u021bii Agrare de Stat din Sankt Petersburg, au efectuat o vizit\u0103 oficial\u0103 la Universitatea de Stat \u201eAlecu Russo\u201d din B\u0103l\u021bi. \u00cenainte de semnarea acordurilor de colaborare cu cele dou\u0103 institu\u021bii de \u00eenv\u0103\u021b\u0103m\u00eent superior din Rusia \u0219i prim\u0103ria municipiului, oaspe\u021bii au f\u0103cut schimb de opinii cu reprezentan\u021bii universit\u0103\u021bii din [&hellip;]","og_url":"https:\/\/www.btv.md\/ro\/delegatia-din-rusia-in-vizita-la-universitatea-de-stat-alecu-russo-din-balti\/","og_site_name":"BTV","article_publisher":"https:\/\/www.facebook.com\/btvmoldova\/","article_published_time":"2016-03-17T15:35:42+00:00","og_image":[{"width":977,"height":527,"url":"https:\/\/www.btv.md\/wp-content\/uploads\/2016\/03\/univer.png","type":"image\/png"}],"author":"admin","twitter_misc":{"Scris de":"admin","Timp estimat pentru citire":"1 minut"},"schema":{"@context":"https:\/\/schema.org","@graph":[{"@type":"Article","@id":"https:\/\/www.btv.md\/ro\/delegatia-din-rusia-in-vizita-la-universitatea-de-stat-alecu-russo-din-balti\/#article","isPartOf":{"@id":"https:\/\/www.btv.md\/ro\/delegatia-din-rusia-in-vizita-la-universitatea-de-stat-alecu-russo-din-balti\/"},"author":{"name":"admin","@id":"https:\/\/www.btv.md\/#\/schema\/person\/8fadce81561b3ce2c34c46dadc4ccbf2"},"headline":"DELEGA\u021aIA DIN RUSIA, \u00ceN VIZIT\u0102 LA UNIVERSITATEA DE STAT \u201eALECU RUSSO\u201d DIN B\u0102L\u021aI","datePublished":"2016-03-17T15:35:42+00:00","mainEntityOfPage":{"@id":"https:\/\/www.btv.md\/ro\/delegatia-din-rusia-in-vizita-la-universitatea-de-stat-alecu-russo-din-balti\/"},"wordCount":243,"image":{"@id":"https:\/\/www.btv.md\/ro\/delegatia-din-rusia-in-vizita-la-universitatea-de-stat-alecu-russo-din-balti\/#primaryimage"},"thumbnailUrl":"https:\/\/www.btv.md\/wp-content\/uploads\/2016\/03\/univer.png","articleSection":["\u0413\u043e\u0440\u043e\u0434"],"inLanguage":"ro-RO"},{"@type":"WebPage","@id":"https:\/\/www.btv.md\/ro\/delegatia-din-rusia-in-vizita-la-universitatea-de-stat-alecu-russo-din-balti\/","url":"https:\/\/www.btv.md\/ro\/delegatia-din-rusia-in-vizita-la-universitatea-de-stat-alecu-russo-din-balti\/","name":"DELEGA\u021aIA DIN RUSIA, \u00ceN VIZIT\u0102 LA UNIVERSITATEA DE STAT \u201eALECU RUSSO\u201d DIN B\u0102L\u021aI - BTV","isPartOf":{"@id":"https:\/\/www.btv.md\/#website"},"primaryImageOfPage":{"@id":"https:\/\/www.btv.md\/ro\/delegatia-din-rusia-in-vizita-la-universitatea-de-stat-alecu-russo-din-balti\/#primaryimage"},"image":{"@id":"https:\/\/www.btv.md\/ro\/delegatia-din-rusia-in-vizita-la-universitatea-de-stat-alecu-russo-din-balti\/#primaryimage"},"thumbnailUrl":"https:\/\/www.btv.md\/wp-content\/uploads\/2016\/03\/univer.png","datePublished":"2016-03-17T15:35:42+00:00","author":{"@id":"https:\/\/www.btv.md\/#\/schema\/person\/8fadce81561b3ce2c34c46dadc4ccbf2"},"inLanguage":"ro-RO","potentialAction":[{"@type":"ReadAction","target":["https:\/\/www.btv.md\/ro\/delegatia-din-rusia-in-vizita-la-universitatea-de-stat-alecu-russo-din-balti\/"]}]},{"@type":"ImageObject","inLanguage":"ro-RO","@id":"https:\/\/www.btv.md\/ro\/delegatia-din-rusia-in-vizita-la-universitatea-de-stat-alecu-russo-din-balti\/#primaryimage","url":"https:\/\/www.btv.md\/wp-content\/uploads\/2016\/03\/univer.png","contentUrl":"https:\/\/www.btv.md\/wp-content\/uploads\/2016\/03\/univer.png","width":977,"height":527},{"@type":"WebSite","@id":"https:\/\/www.btv.md\/#website","url":"https:\/\/www.btv.md\/","name":"BTV","description":"\u0411\u0435\u043b\u044c\u0446\u043a\u043e\u0435 \u0442\u0435\u043b\u0435\u0432\u0438\u0434\u0435\u043d\u0438\u0435","potentialAction":[{"@type":"SearchAction","target":{"@type":"EntryPoint","urlTemplate":"https:\/\/www.btv.md\/?s={search_term_string}"},"query-input":{"@type":"PropertyValueSpecification","valueRequired":true,"valueName":"search_term_string"}}],"inLanguage":"ro-RO"},{"@type":"Person","@id":"https:\/\/www.btv.md\/#\/schema\/person\/8fadce81561b3ce2c34c46dadc4ccbf2","name":"admin"}]}},"_links":{"self":[{"href":"https:\/\/www.btv.md\/ro\/wp-json\/wp\/v2\/posts\/9120","targetHints":{"allow":["GET"]}}],"collection":[{"href":"https:\/\/www.btv.md\/ro\/wp-json\/wp\/v2\/posts"}],"about":[{"href":"https:\/\/www.btv.md\/ro\/wp-json\/wp\/v2\/types\/post"}],"author":[{"embeddable":true,"href":"https:\/\/www.btv.md\/ro\/wp-json\/wp\/v2\/users\/4"}],"replies":[{"embeddable":true,"href":"https:\/\/www.btv.md\/ro\/wp-json\/wp\/v2\/comments?post=9120"}],"version-history":[{"count":0,"href":"https:\/\/www.btv.md\/ro\/wp-json\/wp\/v2\/posts\/9120\/revisions"}],"wp:featuredmedia":[{"embeddable":true,"href":"https:\/\/www.btv.md\/ro\/wp-json\/wp\/v2\/media\/9121"}],"wp:attachment":[{"href":"https:\/\/www.btv.md\/ro\/wp-json\/wp\/v2\/media?parent=9120"}],"wp:term":[{"taxonomy":"category","embeddable":true,"href":"https:\/\/www.btv.md\/ro\/wp-json\/wp\/v2\/categories?post=9120"},{"taxonomy":"post_tag","embeddable":true,"href":"https:\/\/www.btv.md\/ro\/wp-json\/wp\/v2\/tags?post=9120"}],"curies":[{"name":"wp","href":"https:\/\/api.w.org\/{rel}","templated":true}]}}