{"id":9136,"date":"2016-03-18T11:28:35","date_gmt":"2016-03-18T08:28:35","guid":{"rendered":"http:\/\/btv.md\/?p=9136"},"modified":"2016-03-18T11:28:35","modified_gmt":"2016-03-18T08:28:35","slug":"luxul-etalat-de-printul-timka-si-oligarhul-plahotniuc-in-fata-unei-tari-umile","status":"publish","type":"post","link":"https:\/\/www.btv.md\/ro\/luxul-etalat-de-printul-timka-si-oligarhul-plahotniuc-in-fata-unei-tari-umile\/","title":{"rendered":"Luxul etalat de prin\u0163ul Timka \u015fi oligarhul Plahotniuc \u00een fa\u0163a unei \u0163\u0103ri umile"},"content":{"rendered":"<p><strong>\u00cen timp ce Republica Moldova pustie\u015fte pe zi ce trece, iar oamenii mor de foame, adu\u015fi la limita existen\u0163ei \u015fi nevoi\u0163i s\u0103 apuce calea str\u0103in\u0103t\u0103\u0163ii, oligarhul Vladimir Plahotniuc \u00ee\u015fi etaleaz\u0103 f\u0103r\u0103 \u015fov\u0103ial\u0103 luxul pe care \u015fi-l permite. \u015etirea despre ma\u015fina exclusivist\u0103 pe care a primit-o \u00een dar la majorat fiul lui Plahotniuc, Timofei, a c\u0103zut ca un tr\u0103snet peste popula\u0163ia m\u0103cinat\u0103 de s\u0103r\u0103cie \u015fi cu datoria miliardului furat din sistemul bancar pus\u0103 pe umeri, iar comentatorii spun c\u0103 nic\u0103ieri \u00een lume o asemenea sfidare a legii \u015fi a bunului sim\u0163 nu ar fi tolerat\u0103. <\/strong><\/p>\n<p>\u201e<em>\u00cen ianuarie a avut loc periplul lui Plahotniuc \u00een Dubai cu acel Airbus A-319, mega luxos, unul dintre cele mai luxoase avioane private. A plecat la Varna cu un avion mai pu\u0163in luxos, apoi de la Varna la Sofia mai departe, Airbus A-319 l-a luat de la Sofia \u015fi l-a dus \u00een Dubai, iar cursa a costat \u00eentre 250-350 de mii de euro. Plahotniuc zboar\u0103 doar cu avioane private \u015fi face c\u00e2te 3-4 opriri pentru a nu fi depistat. Deci cu a\u015fa curse individul \u0103sta poate s\u0103 ajung\u0103 \u00een 2-3 zile la un milion de euro. Dar ce e pentru el un milion de euro, c\u0103 el \u00eei cump\u0103r\u0103 de un milion ma\u015fin\u0103 lui fecioru-s\u0103u<\/em>\u201d, a men\u0163ionat jurnalistul Alex Cozer, \u00een cadrul emisiunii \u201eCabinetul din Umbr\u0103\u201d, de la Jurnal TV.<\/p>\n<p>\u201e<em>Dac\u0103 s-ar \u0163ine cont c\u00e2t de c\u00e2t de lege, eu cred c\u0103 nimeni \u015fi nic\u0103ieri \u00een lume nu \u015fi-ar fi permis s\u0103-i cumpere lui fecioru-s\u0103u ma\u015fin\u0103 de un milion. A\u015fa ceva nu se poate, exist\u0103 ni\u015fte limite. Dar uite c\u0103 la noi e posibil, sfid\u00e2nd pe toat\u0103 lumea<\/em>\u201d, a ad\u0103ugat moderatorul emisiunii, Val Butnaru.<\/p>\n<p>\u00cen context, Liliana Cara\u015fciuc, directoarea Transparency International Moldova, a \u0163inut s\u0103 men\u0163ioneze exemplul fiicelor pre\u015fedintelui american, care duc o via\u0163\u0103 relativ obi\u015fnuit\u0103, f\u0103r\u0103 a face uz de statutul familiei. \u201e<em>Deci fiicele lui Barack Obama merg la s\u0103li publice de fitness \u015fi gym! Acolo chiar este posibilitatea de a chema un antrenor \u00een Casa Alb\u0103, dar iat\u0103 c\u0103 nu se face acest lucru, se duc de r\u00e2nd cu lumea, pentru c\u0103 este o politic\u0103 acolo, s\u0103 fie \u00een r\u00e2nd cu lumea<\/em>\u201d, a punctat Cara\u015fciuc.<\/p>\n<p>\u201e<em>Fostul pre\u015fedinte al Braziliei a primit o locuin\u0163\u0103. Da, luxoas\u0103, dar&#8230; o locuin\u0163\u0103. \u015ei a izbucnit un scandal monstru, toat\u0103 Brazilia a ie\u015fit \u00een strad\u0103. La noi se construiesc palate, lui fecioru-s\u0103u ma\u015fin\u0103 de un milion i se cump\u0103r\u0103 \u015fi nimic nu se \u00eent\u00e2mpl\u0103. \u00cen Germania un ministru a c\u0103l\u0103torit pe banii un businessman \u015fi a fost nevoit s\u0103 demisioneze imediat<\/em>\u201d, a ad\u0103ugat \u015fi analistul politic Anatol \u0162\u0103ranu.<\/p>\n<p>\u00cen aceea\u015fi ordine de idei, Alex Cozer a mai spus c\u0103 sfidarea nici m\u0103car nu const\u0103 \u00een pre\u0163ul ma\u015finii, ci \u00een exclusivismul acesteia, etalat cu tupeu. \u201e<em>Ma\u015fina aia nu este un simplu Mercedes. E un Mercedes modificat de Mansory, iar Mansory este ceva extrem de exclusivist. Eu chiar s\u0103 am 10 milioane de dolari, c\u0103 Mansory mie n-o s\u0103-mi fac\u0103 ma\u015fina aia. Ca s\u0103 \u00een\u0163elege\u0163i, Mansory face astfel de ma\u015fini pentru cei mai importan\u0163i fotbali\u015fti din Na\u0163ionala Fran\u0163ei, de exemplu. Iat\u0103 unde s-a ajuns, la ce tupeu! Ei vor s\u0103 epateze exclusivismul acesta, s\u0103 arate c\u0103 el merge cu aceea\u015fi ma\u015fin\u0103 ca \u015fi fotbalistul Karim Benzema<\/em>\u201d, a spus Cozer.<\/p>\n<p>\u0418\u0441\u0442\u043e\u0447\u043d\u0438\u043a: <a href=\"http:\/\/jurnal.md\/ro\/politic\/2016\/3\/18\/luxul-etalat-de-printul-timka-si-oligarhul-plahotniuc-in-fata-unei-tari-umile-milioane-de-euro-pe-masini-exclusiviste-si-zboruri-private-in-dubai-cu-escapade-prin-toata-europa\/\" target=\"_blank\">jurnal.md<\/a><\/p>\n","protected":false},"excerpt":{"rendered":"<p>\u00cen timp ce Republica Moldova pustie\u015fte pe zi ce trece, iar oamenii mor de foame, adu\u015fi la limita existen\u0163ei \u015fi nevoi\u0163i s\u0103 apuce calea str\u0103in\u0103t\u0103\u0163ii, oligarhul Vladimir Plahotniuc \u00ee\u015fi etaleaz\u0103 f\u0103r\u0103 \u015fov\u0103ial\u0103 luxul pe care \u015fi-l permite. \u015etirea despre ma\u015fina exclusivist\u0103 pe care a primit-o \u00een dar la majorat fiul lui Plahotniuc, Timofei, a c\u0103zut [&hellip;]<\/p>\n","protected":false},"author":4,"featured_media":9137,"comment_status":"closed","ping_status":"closed","sticky":false,"template":"","format":"standard","meta":{"footnotes":""},"categories":[6349],"tags":[],"class_list":["post-9136","post","type-post","status-publish","format-standard","has-post-thumbnail","hentry","category-social"],"yoast_head":"<!-- This site is optimized with the Yoast SEO plugin v27.4 - https:\/\/yoast.com\/product\/yoast-seo-wordpress\/ -->\n<title>Luxul etalat de prin\u0163ul Timka \u015fi oligarhul Plahotniuc \u00een fa\u0163a unei \u0163\u0103ri umile - BTV<\/title>\n<meta name=\"robots\" content=\"index, follow, max-snippet:-1, max-image-preview:large, max-video-preview:-1\" \/>\n<link rel=\"canonical\" href=\"https:\/\/www.btv.md\/ro\/luxul-etalat-de-printul-timka-si-oligarhul-plahotniuc-in-fata-unei-tari-umile\/\" \/>\n<meta property=\"og:locale\" content=\"ro_RO\" \/>\n<meta property=\"og:type\" content=\"article\" \/>\n<meta property=\"og:title\" content=\"Luxul etalat de prin\u0163ul Timka \u015fi oligarhul Plahotniuc \u00een fa\u0163a unei \u0163\u0103ri umile - BTV\" \/>\n<meta property=\"og:description\" content=\"\u00cen timp ce Republica Moldova pustie\u015fte pe zi ce trece, iar oamenii mor de foame, adu\u015fi la limita existen\u0163ei \u015fi nevoi\u0163i s\u0103 apuce calea str\u0103in\u0103t\u0103\u0163ii, oligarhul Vladimir Plahotniuc \u00ee\u015fi etaleaz\u0103 f\u0103r\u0103 \u015fov\u0103ial\u0103 luxul pe care \u015fi-l permite. \u015etirea despre ma\u015fina exclusivist\u0103 pe care a primit-o \u00een dar la majorat fiul lui Plahotniuc, Timofei, a c\u0103zut [&hellip;]\" \/>\n<meta property=\"og:url\" content=\"https:\/\/www.btv.md\/ro\/luxul-etalat-de-printul-timka-si-oligarhul-plahotniuc-in-fata-unei-tari-umile\/\" \/>\n<meta property=\"og:site_name\" content=\"BTV\" \/>\n<meta property=\"article:publisher\" content=\"https:\/\/www.facebook.com\/btvmoldova\/\" \/>\n<meta property=\"article:published_time\" content=\"2016-03-18T08:28:35+00:00\" \/>\n<meta property=\"og:image\" content=\"https:\/\/www.btv.md\/wp-content\/uploads\/2016\/03\/big-luxul-etalat-de-printul-timka-si-oligarhul-plahotniuc-in-fata-unei-tari-umile-milioane-de-euro-pe-masini-exclusiviste-si-zboruri-private-in-dubai-cu-escapade-prin-toata-europa.jpg\" \/>\n\t<meta property=\"og:image:width\" content=\"460\" \/>\n\t<meta property=\"og:image:height\" content=\"270\" \/>\n\t<meta property=\"og:image:type\" content=\"image\/jpeg\" \/>\n<meta name=\"author\" content=\"admin\" \/>\n<meta name=\"twitter:label1\" content=\"Scris de\" \/>\n\t<meta name=\"twitter:data1\" content=\"admin\" \/>\n\t<meta name=\"twitter:label2\" content=\"Timp estimat pentru citire\" \/>\n\t<meta name=\"twitter:data2\" content=\"3 minute\" \/>\n<script type=\"application\/ld+json\" class=\"yoast-schema-graph\">{\"@context\":\"https:\\\/\\\/schema.org\",\"@graph\":[{\"@type\":\"Article\",\"@id\":\"https:\\\/\\\/www.btv.md\\\/ro\\\/luxul-etalat-de-printul-timka-si-oligarhul-plahotniuc-in-fata-unei-tari-umile\\\/#article\",\"isPartOf\":{\"@id\":\"https:\\\/\\\/www.btv.md\\\/ro\\\/luxul-etalat-de-printul-timka-si-oligarhul-plahotniuc-in-fata-unei-tari-umile\\\/\"},\"author\":{\"name\":\"admin\",\"@id\":\"https:\\\/\\\/www.btv.md\\\/#\\\/schema\\\/person\\\/8fadce81561b3ce2c34c46dadc4ccbf2\"},\"headline\":\"Luxul etalat de prin\u0163ul Timka \u015fi oligarhul Plahotniuc \u00een fa\u0163a unei \u0163\u0103ri umile\",\"datePublished\":\"2016-03-18T08:28:35+00:00\",\"mainEntityOfPage\":{\"@id\":\"https:\\\/\\\/www.btv.md\\\/ro\\\/luxul-etalat-de-printul-timka-si-oligarhul-plahotniuc-in-fata-unei-tari-umile\\\/\"},\"wordCount\":682,\"image\":{\"@id\":\"https:\\\/\\\/www.btv.md\\\/ro\\\/luxul-etalat-de-printul-timka-si-oligarhul-plahotniuc-in-fata-unei-tari-umile\\\/#primaryimage\"},\"thumbnailUrl\":\"https:\\\/\\\/www.btv.md\\\/wp-content\\\/uploads\\\/2016\\\/03\\\/big-luxul-etalat-de-printul-timka-si-oligarhul-plahotniuc-in-fata-unei-tari-umile-milioane-de-euro-pe-masini-exclusiviste-si-zboruri-private-in-dubai-cu-escapade-prin-toata-europa.jpg\",\"articleSection\":[\"Social\"],\"inLanguage\":\"ro-RO\"},{\"@type\":\"WebPage\",\"@id\":\"https:\\\/\\\/www.btv.md\\\/ro\\\/luxul-etalat-de-printul-timka-si-oligarhul-plahotniuc-in-fata-unei-tari-umile\\\/\",\"url\":\"https:\\\/\\\/www.btv.md\\\/ro\\\/luxul-etalat-de-printul-timka-si-oligarhul-plahotniuc-in-fata-unei-tari-umile\\\/\",\"name\":\"Luxul etalat de prin\u0163ul Timka \u015fi oligarhul Plahotniuc \u00een fa\u0163a unei \u0163\u0103ri umile - BTV\",\"isPartOf\":{\"@id\":\"https:\\\/\\\/www.btv.md\\\/#website\"},\"primaryImageOfPage\":{\"@id\":\"https:\\\/\\\/www.btv.md\\\/ro\\\/luxul-etalat-de-printul-timka-si-oligarhul-plahotniuc-in-fata-unei-tari-umile\\\/#primaryimage\"},\"image\":{\"@id\":\"https:\\\/\\\/www.btv.md\\\/ro\\\/luxul-etalat-de-printul-timka-si-oligarhul-plahotniuc-in-fata-unei-tari-umile\\\/#primaryimage\"},\"thumbnailUrl\":\"https:\\\/\\\/www.btv.md\\\/wp-content\\\/uploads\\\/2016\\\/03\\\/big-luxul-etalat-de-printul-timka-si-oligarhul-plahotniuc-in-fata-unei-tari-umile-milioane-de-euro-pe-masini-exclusiviste-si-zboruri-private-in-dubai-cu-escapade-prin-toata-europa.jpg\",\"datePublished\":\"2016-03-18T08:28:35+00:00\",\"author\":{\"@id\":\"https:\\\/\\\/www.btv.md\\\/#\\\/schema\\\/person\\\/8fadce81561b3ce2c34c46dadc4ccbf2\"},\"inLanguage\":\"ro-RO\",\"potentialAction\":[{\"@type\":\"ReadAction\",\"target\":[\"https:\\\/\\\/www.btv.md\\\/ro\\\/luxul-etalat-de-printul-timka-si-oligarhul-plahotniuc-in-fata-unei-tari-umile\\\/\"]}]},{\"@type\":\"ImageObject\",\"inLanguage\":\"ro-RO\",\"@id\":\"https:\\\/\\\/www.btv.md\\\/ro\\\/luxul-etalat-de-printul-timka-si-oligarhul-plahotniuc-in-fata-unei-tari-umile\\\/#primaryimage\",\"url\":\"https:\\\/\\\/www.btv.md\\\/wp-content\\\/uploads\\\/2016\\\/03\\\/big-luxul-etalat-de-printul-timka-si-oligarhul-plahotniuc-in-fata-unei-tari-umile-milioane-de-euro-pe-masini-exclusiviste-si-zboruri-private-in-dubai-cu-escapade-prin-toata-europa.jpg\",\"contentUrl\":\"https:\\\/\\\/www.btv.md\\\/wp-content\\\/uploads\\\/2016\\\/03\\\/big-luxul-etalat-de-printul-timka-si-oligarhul-plahotniuc-in-fata-unei-tari-umile-milioane-de-euro-pe-masini-exclusiviste-si-zboruri-private-in-dubai-cu-escapade-prin-toata-europa.jpg\",\"width\":460,\"height\":270,\"caption\":\"http:\\\/\\\/jurnal.md\\\/\"},{\"@type\":\"WebSite\",\"@id\":\"https:\\\/\\\/www.btv.md\\\/#website\",\"url\":\"https:\\\/\\\/www.btv.md\\\/\",\"name\":\"BTV\",\"description\":\"\u0411\u0435\u043b\u044c\u0446\u043a\u043e\u0435 \u0442\u0435\u043b\u0435\u0432\u0438\u0434\u0435\u043d\u0438\u0435\",\"potentialAction\":[{\"@type\":\"SearchAction\",\"target\":{\"@type\":\"EntryPoint\",\"urlTemplate\":\"https:\\\/\\\/www.btv.md\\\/?s={search_term_string}\"},\"query-input\":{\"@type\":\"PropertyValueSpecification\",\"valueRequired\":true,\"valueName\":\"search_term_string\"}}],\"inLanguage\":\"ro-RO\"},{\"@type\":\"Person\",\"@id\":\"https:\\\/\\\/www.btv.md\\\/#\\\/schema\\\/person\\\/8fadce81561b3ce2c34c46dadc4ccbf2\",\"name\":\"admin\"}]}<\/script>\n<!-- \/ Yoast SEO plugin. -->","yoast_head_json":{"title":"Luxul etalat de prin\u0163ul Timka \u015fi oligarhul Plahotniuc \u00een fa\u0163a unei \u0163\u0103ri umile - BTV","robots":{"index":"index","follow":"follow","max-snippet":"max-snippet:-1","max-image-preview":"max-image-preview:large","max-video-preview":"max-video-preview:-1"},"canonical":"https:\/\/www.btv.md\/ro\/luxul-etalat-de-printul-timka-si-oligarhul-plahotniuc-in-fata-unei-tari-umile\/","og_locale":"ro_RO","og_type":"article","og_title":"Luxul etalat de prin\u0163ul Timka \u015fi oligarhul Plahotniuc \u00een fa\u0163a unei \u0163\u0103ri umile - BTV","og_description":"\u00cen timp ce Republica Moldova pustie\u015fte pe zi ce trece, iar oamenii mor de foame, adu\u015fi la limita existen\u0163ei \u015fi nevoi\u0163i s\u0103 apuce calea str\u0103in\u0103t\u0103\u0163ii, oligarhul Vladimir Plahotniuc \u00ee\u015fi etaleaz\u0103 f\u0103r\u0103 \u015fov\u0103ial\u0103 luxul pe care \u015fi-l permite. \u015etirea despre ma\u015fina exclusivist\u0103 pe care a primit-o \u00een dar la majorat fiul lui Plahotniuc, Timofei, a c\u0103zut [&hellip;]","og_url":"https:\/\/www.btv.md\/ro\/luxul-etalat-de-printul-timka-si-oligarhul-plahotniuc-in-fata-unei-tari-umile\/","og_site_name":"BTV","article_publisher":"https:\/\/www.facebook.com\/btvmoldova\/","article_published_time":"2016-03-18T08:28:35+00:00","og_image":[{"width":460,"height":270,"url":"https:\/\/www.btv.md\/wp-content\/uploads\/2016\/03\/big-luxul-etalat-de-printul-timka-si-oligarhul-plahotniuc-in-fata-unei-tari-umile-milioane-de-euro-pe-masini-exclusiviste-si-zboruri-private-in-dubai-cu-escapade-prin-toata-europa.jpg","type":"image\/jpeg"}],"author":"admin","twitter_misc":{"Scris de":"admin","Timp estimat pentru citire":"3 minute"},"schema":{"@context":"https:\/\/schema.org","@graph":[{"@type":"Article","@id":"https:\/\/www.btv.md\/ro\/luxul-etalat-de-printul-timka-si-oligarhul-plahotniuc-in-fata-unei-tari-umile\/#article","isPartOf":{"@id":"https:\/\/www.btv.md\/ro\/luxul-etalat-de-printul-timka-si-oligarhul-plahotniuc-in-fata-unei-tari-umile\/"},"author":{"name":"admin","@id":"https:\/\/www.btv.md\/#\/schema\/person\/8fadce81561b3ce2c34c46dadc4ccbf2"},"headline":"Luxul etalat de prin\u0163ul Timka \u015fi oligarhul Plahotniuc \u00een fa\u0163a unei \u0163\u0103ri umile","datePublished":"2016-03-18T08:28:35+00:00","mainEntityOfPage":{"@id":"https:\/\/www.btv.md\/ro\/luxul-etalat-de-printul-timka-si-oligarhul-plahotniuc-in-fata-unei-tari-umile\/"},"wordCount":682,"image":{"@id":"https:\/\/www.btv.md\/ro\/luxul-etalat-de-printul-timka-si-oligarhul-plahotniuc-in-fata-unei-tari-umile\/#primaryimage"},"thumbnailUrl":"https:\/\/www.btv.md\/wp-content\/uploads\/2016\/03\/big-luxul-etalat-de-printul-timka-si-oligarhul-plahotniuc-in-fata-unei-tari-umile-milioane-de-euro-pe-masini-exclusiviste-si-zboruri-private-in-dubai-cu-escapade-prin-toata-europa.jpg","articleSection":["Social"],"inLanguage":"ro-RO"},{"@type":"WebPage","@id":"https:\/\/www.btv.md\/ro\/luxul-etalat-de-printul-timka-si-oligarhul-plahotniuc-in-fata-unei-tari-umile\/","url":"https:\/\/www.btv.md\/ro\/luxul-etalat-de-printul-timka-si-oligarhul-plahotniuc-in-fata-unei-tari-umile\/","name":"Luxul etalat de prin\u0163ul Timka \u015fi oligarhul Plahotniuc \u00een fa\u0163a unei \u0163\u0103ri umile - BTV","isPartOf":{"@id":"https:\/\/www.btv.md\/#website"},"primaryImageOfPage":{"@id":"https:\/\/www.btv.md\/ro\/luxul-etalat-de-printul-timka-si-oligarhul-plahotniuc-in-fata-unei-tari-umile\/#primaryimage"},"image":{"@id":"https:\/\/www.btv.md\/ro\/luxul-etalat-de-printul-timka-si-oligarhul-plahotniuc-in-fata-unei-tari-umile\/#primaryimage"},"thumbnailUrl":"https:\/\/www.btv.md\/wp-content\/uploads\/2016\/03\/big-luxul-etalat-de-printul-timka-si-oligarhul-plahotniuc-in-fata-unei-tari-umile-milioane-de-euro-pe-masini-exclusiviste-si-zboruri-private-in-dubai-cu-escapade-prin-toata-europa.jpg","datePublished":"2016-03-18T08:28:35+00:00","author":{"@id":"https:\/\/www.btv.md\/#\/schema\/person\/8fadce81561b3ce2c34c46dadc4ccbf2"},"inLanguage":"ro-RO","potentialAction":[{"@type":"ReadAction","target":["https:\/\/www.btv.md\/ro\/luxul-etalat-de-printul-timka-si-oligarhul-plahotniuc-in-fata-unei-tari-umile\/"]}]},{"@type":"ImageObject","inLanguage":"ro-RO","@id":"https:\/\/www.btv.md\/ro\/luxul-etalat-de-printul-timka-si-oligarhul-plahotniuc-in-fata-unei-tari-umile\/#primaryimage","url":"https:\/\/www.btv.md\/wp-content\/uploads\/2016\/03\/big-luxul-etalat-de-printul-timka-si-oligarhul-plahotniuc-in-fata-unei-tari-umile-milioane-de-euro-pe-masini-exclusiviste-si-zboruri-private-in-dubai-cu-escapade-prin-toata-europa.jpg","contentUrl":"https:\/\/www.btv.md\/wp-content\/uploads\/2016\/03\/big-luxul-etalat-de-printul-timka-si-oligarhul-plahotniuc-in-fata-unei-tari-umile-milioane-de-euro-pe-masini-exclusiviste-si-zboruri-private-in-dubai-cu-escapade-prin-toata-europa.jpg","width":460,"height":270,"caption":"http:\/\/jurnal.md\/"},{"@type":"WebSite","@id":"https:\/\/www.btv.md\/#website","url":"https:\/\/www.btv.md\/","name":"BTV","description":"\u0411\u0435\u043b\u044c\u0446\u043a\u043e\u0435 \u0442\u0435\u043b\u0435\u0432\u0438\u0434\u0435\u043d\u0438\u0435","potentialAction":[{"@type":"SearchAction","target":{"@type":"EntryPoint","urlTemplate":"https:\/\/www.btv.md\/?s={search_term_string}"},"query-input":{"@type":"PropertyValueSpecification","valueRequired":true,"valueName":"search_term_string"}}],"inLanguage":"ro-RO"},{"@type":"Person","@id":"https:\/\/www.btv.md\/#\/schema\/person\/8fadce81561b3ce2c34c46dadc4ccbf2","name":"admin"}]}},"_links":{"self":[{"href":"https:\/\/www.btv.md\/ro\/wp-json\/wp\/v2\/posts\/9136","targetHints":{"allow":["GET"]}}],"collection":[{"href":"https:\/\/www.btv.md\/ro\/wp-json\/wp\/v2\/posts"}],"about":[{"href":"https:\/\/www.btv.md\/ro\/wp-json\/wp\/v2\/types\/post"}],"author":[{"embeddable":true,"href":"https:\/\/www.btv.md\/ro\/wp-json\/wp\/v2\/users\/4"}],"replies":[{"embeddable":true,"href":"https:\/\/www.btv.md\/ro\/wp-json\/wp\/v2\/comments?post=9136"}],"version-history":[{"count":0,"href":"https:\/\/www.btv.md\/ro\/wp-json\/wp\/v2\/posts\/9136\/revisions"}],"wp:featuredmedia":[{"embeddable":true,"href":"https:\/\/www.btv.md\/ro\/wp-json\/wp\/v2\/media\/9137"}],"wp:attachment":[{"href":"https:\/\/www.btv.md\/ro\/wp-json\/wp\/v2\/media?parent=9136"}],"wp:term":[{"taxonomy":"category","embeddable":true,"href":"https:\/\/www.btv.md\/ro\/wp-json\/wp\/v2\/categories?post=9136"},{"taxonomy":"post_tag","embeddable":true,"href":"https:\/\/www.btv.md\/ro\/wp-json\/wp\/v2\/tags?post=9136"}],"curies":[{"name":"wp","href":"https:\/\/api.w.org\/{rel}","templated":true}]}}