{"id":9142,"date":"2016-03-18T17:10:16","date_gmt":"2016-03-18T14:10:16","guid":{"rendered":"http:\/\/btv.md\/?p=9142"},"modified":"2016-03-18T18:23:31","modified_gmt":"2016-03-18T15:23:31","slug":"alerta-falsa-cu-bomba-la-balti-mai-multe-persoane-au-fost-evacuate","status":"publish","type":"post","link":"https:\/\/www.btv.md\/ro\/alerta-falsa-cu-bomba-la-balti-mai-multe-persoane-au-fost-evacuate\/","title":{"rendered":"ALERT\u0102  FALS\u0102  CU  BOMB\u0102  LA  B\u0102L\u021aI. MAI  MULTE  PERSOANE  AU  FOST  EVACUATE"},"content":{"rendered":"<p><strong>Alert\u0103 fals\u0103 la B\u0103l\u021bi. Clien\u021bii unor localuri din ora\u0219 au fost evacua\u021bi din cauza unei alerte cu bomb\u0103. \u00cen seara zilei de 17 martie, la Inspectoratul de Poli\u021bie B\u0103l\u021bi a parvenit un apel anonim,  precum c\u0103 \u00eentr-o  cl\u0103dire din municipiu este plasat material explozibil. Poli\u021bi\u0219tii spun c\u0103 necunoscutul a \u00eenchis, f\u0103r\u0103 a spune unde exact s-ar afla explozibilul.<\/strong><\/p>\n<p>Potrivit datelor preliminare, apelul a parvenit de la un taxofon din preajma hotelului \u201eB\u0103l\u021bi\u201d. Poli\u021bi\u0219tii au \u00eencercuit zona \u00een raza de o sut\u0103 de metri pentru a investiga locul de unde a fost efectuat apelul telefonic.  <\/p>\n<p>\u201e<em>\u00cen seara de 17 martie curent, \u00een jurul orei 19.50 , poli\u021bia a fost sesizat\u0103 de c\u0103tre un b\u0103rbat, despre o eventual\u0103 minare cu bomb\u0103 . Acesta \u00eens\u0103 nu a indicat locul exact. Ulterior angaja\u021bii poli\u021biei au stabilit c\u0103 apelul telefonic a fost efectuat de la un taxofon din centrul municipiului B\u0103l\u021bi. Ulterior, angaja\u021bii Inspectoratului de Poli\u021bie B\u0103l\u021bi s-au deplasat la fa\u021ba locului unde au securizat zona \u0219i au efectuat verific\u0103ri. La moment, se \u00eentreprind m\u0103suri pentru stabilirea persoanei de la care a parvenit apelul telefonic<\/em>\u201d, a precizat ofi\u021berul de pres\u0103 al Inspectoratului de Poli\u021bie B\u0103l\u021bi, Olga Bejenaru.<\/p>\n<p>Angajata unui local din preajm\u0103, spune c\u0103 a tras o sperietur\u0103 zdrav\u0103n\u0103 \u0219i c\u0103 programul de lucru a localului unde munce\u0219te a fost \u00eentrerupt.  <\/p>\n<p>\u201e<em>Au spus c\u0103 prin apropiere ar exista o bomb\u0103. Poli\u021bia a venit \u0219i a \u00eencercuit zona. Nou\u0103 ne-au spus s\u0103 \u00eenchidem localul \u0219i s\u0103 plec\u0103m. Se vede c\u0103 cineva nu are cu ce se ocupa sau avem de-a face cu ni\u0219te terori\u0219ti<\/em>\u201d. <\/p>\n<p>Dac\u0103 f\u0103pta\u0219ul va fi identificat, acesta risc\u0103 amend\u0103 de p\u00e2n\u0103 la 10 mii de lei sau \u00eenchisoare de p\u00e2n\u0103 la doi ani.<\/p>\n<p>Aceasta nu este unica alarm\u0103 cu bomb\u0103 la B\u0103l\u021bi. Acum trei s\u0103pt\u0103m\u00e2ni, un incident similar a avut loc la Judec\u0103toria B\u0103l\u021bi. Atunci, doi de\u021binu\u021bi de la penitenciarul num\u0103rul 13 din Chi\u0219in\u0103u, au anu\u021bat c\u0103 vor arunca cl\u0103direa \u00een aer. Indivizii au solicitat s\u0103 fie examinat\u0103 de urgen\u021b\u0103 o cauz\u0103 penal\u0103.<\/p>\n<p><iframe width=\"420\" height=\"315\" data-src=\"https:\/\/www.youtube.com\/embed\/WoYdhLeyurg\" frameborder=\"0\" allowfullscreen src=\"data:image\/svg+xml;base64,PHN2ZyB3aWR0aD0iMSIgaGVpZ2h0PSIxIiB4bWxucz0iaHR0cDovL3d3dy53My5vcmcvMjAwMC9zdmciPjwvc3ZnPg==\" class=\"lazyload\" data-load-mode=\"1\"><\/iframe><\/p>\n","protected":false},"excerpt":{"rendered":"<p>Alert\u0103 fals\u0103 la B\u0103l\u021bi. Clien\u021bii unor localuri din ora\u0219 au fost evacua\u021bi din cauza unei alerte cu bomb\u0103. \u00cen seara zilei de 17 martie, la Inspectoratul de Poli\u021bie B\u0103l\u021bi a parvenit un apel anonim, precum c\u0103 \u00eentr-o cl\u0103dire din municipiu este plasat material explozibil. Poli\u021bi\u0219tii spun c\u0103 necunoscutul a \u00eenchis, f\u0103r\u0103 a spune unde exact [&hellip;]<\/p>\n","protected":false},"author":4,"featured_media":9143,"comment_status":"closed","ping_status":"closed","sticky":false,"template":"","format":"standard","meta":{"footnotes":""},"categories":[6353],"tags":[],"class_list":["post-9142","post","type-post","status-publish","format-standard","has-post-thumbnail","hentry","category-oras"],"yoast_head":"<!-- This site is optimized with the Yoast SEO plugin v27.4 - https:\/\/yoast.com\/product\/yoast-seo-wordpress\/ -->\n<title>ALERT\u0102 FALS\u0102 CU BOMB\u0102 LA B\u0102L\u021aI. MAI MULTE PERSOANE AU FOST EVACUATE - BTV<\/title>\n<meta name=\"robots\" content=\"index, follow, max-snippet:-1, max-image-preview:large, max-video-preview:-1\" \/>\n<link rel=\"canonical\" href=\"https:\/\/www.btv.md\/ro\/alerta-falsa-cu-bomba-la-balti-mai-multe-persoane-au-fost-evacuate\/\" \/>\n<meta property=\"og:locale\" content=\"ro_RO\" \/>\n<meta property=\"og:type\" content=\"article\" \/>\n<meta property=\"og:title\" content=\"ALERT\u0102 FALS\u0102 CU BOMB\u0102 LA B\u0102L\u021aI. MAI MULTE PERSOANE AU FOST EVACUATE - BTV\" \/>\n<meta property=\"og:description\" content=\"Alert\u0103 fals\u0103 la B\u0103l\u021bi. Clien\u021bii unor localuri din ora\u0219 au fost evacua\u021bi din cauza unei alerte cu bomb\u0103. \u00cen seara zilei de 17 martie, la Inspectoratul de Poli\u021bie B\u0103l\u021bi a parvenit un apel anonim, precum c\u0103 \u00eentr-o cl\u0103dire din municipiu este plasat material explozibil. Poli\u021bi\u0219tii spun c\u0103 necunoscutul a \u00eenchis, f\u0103r\u0103 a spune unde exact [&hellip;]\" \/>\n<meta property=\"og:url\" content=\"https:\/\/www.btv.md\/ro\/alerta-falsa-cu-bomba-la-balti-mai-multe-persoane-au-fost-evacuate\/\" \/>\n<meta property=\"og:site_name\" content=\"BTV\" \/>\n<meta property=\"article:publisher\" content=\"https:\/\/www.facebook.com\/btvmoldova\/\" \/>\n<meta property=\"article:published_time\" content=\"2016-03-18T14:10:16+00:00\" \/>\n<meta property=\"article:modified_time\" content=\"2016-03-18T15:23:31+00:00\" \/>\n<meta property=\"og:image\" content=\"https:\/\/www.btv.md\/wp-content\/uploads\/2016\/03\/bomba-md.png\" \/>\n\t<meta property=\"og:image:width\" content=\"1005\" \/>\n\t<meta property=\"og:image:height\" content=\"587\" \/>\n\t<meta property=\"og:image:type\" content=\"image\/png\" \/>\n<meta name=\"author\" content=\"admin\" \/>\n<meta name=\"twitter:label1\" content=\"Scris de\" \/>\n\t<meta name=\"twitter:data1\" content=\"admin\" \/>\n\t<meta name=\"twitter:label2\" content=\"Timp estimat pentru citire\" \/>\n\t<meta name=\"twitter:data2\" content=\"2 minute\" \/>\n<script type=\"application\/ld+json\" class=\"yoast-schema-graph\">{\"@context\":\"https:\\\/\\\/schema.org\",\"@graph\":[{\"@type\":\"Article\",\"@id\":\"https:\\\/\\\/www.btv.md\\\/ro\\\/alerta-falsa-cu-bomba-la-balti-mai-multe-persoane-au-fost-evacuate\\\/#article\",\"isPartOf\":{\"@id\":\"https:\\\/\\\/www.btv.md\\\/ro\\\/alerta-falsa-cu-bomba-la-balti-mai-multe-persoane-au-fost-evacuate\\\/\"},\"author\":{\"name\":\"admin\",\"@id\":\"https:\\\/\\\/www.btv.md\\\/#\\\/schema\\\/person\\\/8fadce81561b3ce2c34c46dadc4ccbf2\"},\"headline\":\"ALERT\u0102 FALS\u0102 CU BOMB\u0102 LA B\u0102L\u021aI. MAI MULTE PERSOANE AU FOST EVACUATE\",\"datePublished\":\"2016-03-18T14:10:16+00:00\",\"dateModified\":\"2016-03-18T15:23:31+00:00\",\"mainEntityOfPage\":{\"@id\":\"https:\\\/\\\/www.btv.md\\\/ro\\\/alerta-falsa-cu-bomba-la-balti-mai-multe-persoane-au-fost-evacuate\\\/\"},\"wordCount\":395,\"image\":{\"@id\":\"https:\\\/\\\/www.btv.md\\\/ro\\\/alerta-falsa-cu-bomba-la-balti-mai-multe-persoane-au-fost-evacuate\\\/#primaryimage\"},\"thumbnailUrl\":\"https:\\\/\\\/www.btv.md\\\/wp-content\\\/uploads\\\/2016\\\/03\\\/bomba-md.png\",\"articleSection\":[\"Ora\u0219\"],\"inLanguage\":\"ro-RO\"},{\"@type\":\"WebPage\",\"@id\":\"https:\\\/\\\/www.btv.md\\\/ro\\\/alerta-falsa-cu-bomba-la-balti-mai-multe-persoane-au-fost-evacuate\\\/\",\"url\":\"https:\\\/\\\/www.btv.md\\\/ro\\\/alerta-falsa-cu-bomba-la-balti-mai-multe-persoane-au-fost-evacuate\\\/\",\"name\":\"ALERT\u0102 FALS\u0102 CU BOMB\u0102 LA B\u0102L\u021aI. MAI MULTE PERSOANE AU FOST EVACUATE - BTV\",\"isPartOf\":{\"@id\":\"https:\\\/\\\/www.btv.md\\\/#website\"},\"primaryImageOfPage\":{\"@id\":\"https:\\\/\\\/www.btv.md\\\/ro\\\/alerta-falsa-cu-bomba-la-balti-mai-multe-persoane-au-fost-evacuate\\\/#primaryimage\"},\"image\":{\"@id\":\"https:\\\/\\\/www.btv.md\\\/ro\\\/alerta-falsa-cu-bomba-la-balti-mai-multe-persoane-au-fost-evacuate\\\/#primaryimage\"},\"thumbnailUrl\":\"https:\\\/\\\/www.btv.md\\\/wp-content\\\/uploads\\\/2016\\\/03\\\/bomba-md.png\",\"datePublished\":\"2016-03-18T14:10:16+00:00\",\"dateModified\":\"2016-03-18T15:23:31+00:00\",\"author\":{\"@id\":\"https:\\\/\\\/www.btv.md\\\/#\\\/schema\\\/person\\\/8fadce81561b3ce2c34c46dadc4ccbf2\"},\"inLanguage\":\"ro-RO\",\"potentialAction\":[{\"@type\":\"ReadAction\",\"target\":[\"https:\\\/\\\/www.btv.md\\\/ro\\\/alerta-falsa-cu-bomba-la-balti-mai-multe-persoane-au-fost-evacuate\\\/\"]}]},{\"@type\":\"ImageObject\",\"inLanguage\":\"ro-RO\",\"@id\":\"https:\\\/\\\/www.btv.md\\\/ro\\\/alerta-falsa-cu-bomba-la-balti-mai-multe-persoane-au-fost-evacuate\\\/#primaryimage\",\"url\":\"https:\\\/\\\/www.btv.md\\\/wp-content\\\/uploads\\\/2016\\\/03\\\/bomba-md.png\",\"contentUrl\":\"https:\\\/\\\/www.btv.md\\\/wp-content\\\/uploads\\\/2016\\\/03\\\/bomba-md.png\",\"width\":1005,\"height\":587},{\"@type\":\"WebSite\",\"@id\":\"https:\\\/\\\/www.btv.md\\\/#website\",\"url\":\"https:\\\/\\\/www.btv.md\\\/\",\"name\":\"BTV\",\"description\":\"\u0411\u0435\u043b\u044c\u0446\u043a\u043e\u0435 \u0442\u0435\u043b\u0435\u0432\u0438\u0434\u0435\u043d\u0438\u0435\",\"potentialAction\":[{\"@type\":\"SearchAction\",\"target\":{\"@type\":\"EntryPoint\",\"urlTemplate\":\"https:\\\/\\\/www.btv.md\\\/?s={search_term_string}\"},\"query-input\":{\"@type\":\"PropertyValueSpecification\",\"valueRequired\":true,\"valueName\":\"search_term_string\"}}],\"inLanguage\":\"ro-RO\"},{\"@type\":\"Person\",\"@id\":\"https:\\\/\\\/www.btv.md\\\/#\\\/schema\\\/person\\\/8fadce81561b3ce2c34c46dadc4ccbf2\",\"name\":\"admin\"}]}<\/script>\n<!-- \/ Yoast SEO plugin. -->","yoast_head_json":{"title":"ALERT\u0102 FALS\u0102 CU BOMB\u0102 LA B\u0102L\u021aI. MAI MULTE PERSOANE AU FOST EVACUATE - BTV","robots":{"index":"index","follow":"follow","max-snippet":"max-snippet:-1","max-image-preview":"max-image-preview:large","max-video-preview":"max-video-preview:-1"},"canonical":"https:\/\/www.btv.md\/ro\/alerta-falsa-cu-bomba-la-balti-mai-multe-persoane-au-fost-evacuate\/","og_locale":"ro_RO","og_type":"article","og_title":"ALERT\u0102 FALS\u0102 CU BOMB\u0102 LA B\u0102L\u021aI. MAI MULTE PERSOANE AU FOST EVACUATE - BTV","og_description":"Alert\u0103 fals\u0103 la B\u0103l\u021bi. Clien\u021bii unor localuri din ora\u0219 au fost evacua\u021bi din cauza unei alerte cu bomb\u0103. \u00cen seara zilei de 17 martie, la Inspectoratul de Poli\u021bie B\u0103l\u021bi a parvenit un apel anonim, precum c\u0103 \u00eentr-o cl\u0103dire din municipiu este plasat material explozibil. Poli\u021bi\u0219tii spun c\u0103 necunoscutul a \u00eenchis, f\u0103r\u0103 a spune unde exact [&hellip;]","og_url":"https:\/\/www.btv.md\/ro\/alerta-falsa-cu-bomba-la-balti-mai-multe-persoane-au-fost-evacuate\/","og_site_name":"BTV","article_publisher":"https:\/\/www.facebook.com\/btvmoldova\/","article_published_time":"2016-03-18T14:10:16+00:00","article_modified_time":"2016-03-18T15:23:31+00:00","og_image":[{"width":1005,"height":587,"url":"https:\/\/www.btv.md\/wp-content\/uploads\/2016\/03\/bomba-md.png","type":"image\/png"}],"author":"admin","twitter_misc":{"Scris de":"admin","Timp estimat pentru citire":"2 minute"},"schema":{"@context":"https:\/\/schema.org","@graph":[{"@type":"Article","@id":"https:\/\/www.btv.md\/ro\/alerta-falsa-cu-bomba-la-balti-mai-multe-persoane-au-fost-evacuate\/#article","isPartOf":{"@id":"https:\/\/www.btv.md\/ro\/alerta-falsa-cu-bomba-la-balti-mai-multe-persoane-au-fost-evacuate\/"},"author":{"name":"admin","@id":"https:\/\/www.btv.md\/#\/schema\/person\/8fadce81561b3ce2c34c46dadc4ccbf2"},"headline":"ALERT\u0102 FALS\u0102 CU BOMB\u0102 LA B\u0102L\u021aI. MAI MULTE PERSOANE AU FOST EVACUATE","datePublished":"2016-03-18T14:10:16+00:00","dateModified":"2016-03-18T15:23:31+00:00","mainEntityOfPage":{"@id":"https:\/\/www.btv.md\/ro\/alerta-falsa-cu-bomba-la-balti-mai-multe-persoane-au-fost-evacuate\/"},"wordCount":395,"image":{"@id":"https:\/\/www.btv.md\/ro\/alerta-falsa-cu-bomba-la-balti-mai-multe-persoane-au-fost-evacuate\/#primaryimage"},"thumbnailUrl":"https:\/\/www.btv.md\/wp-content\/uploads\/2016\/03\/bomba-md.png","articleSection":["Ora\u0219"],"inLanguage":"ro-RO"},{"@type":"WebPage","@id":"https:\/\/www.btv.md\/ro\/alerta-falsa-cu-bomba-la-balti-mai-multe-persoane-au-fost-evacuate\/","url":"https:\/\/www.btv.md\/ro\/alerta-falsa-cu-bomba-la-balti-mai-multe-persoane-au-fost-evacuate\/","name":"ALERT\u0102 FALS\u0102 CU BOMB\u0102 LA B\u0102L\u021aI. MAI MULTE PERSOANE AU FOST EVACUATE - BTV","isPartOf":{"@id":"https:\/\/www.btv.md\/#website"},"primaryImageOfPage":{"@id":"https:\/\/www.btv.md\/ro\/alerta-falsa-cu-bomba-la-balti-mai-multe-persoane-au-fost-evacuate\/#primaryimage"},"image":{"@id":"https:\/\/www.btv.md\/ro\/alerta-falsa-cu-bomba-la-balti-mai-multe-persoane-au-fost-evacuate\/#primaryimage"},"thumbnailUrl":"https:\/\/www.btv.md\/wp-content\/uploads\/2016\/03\/bomba-md.png","datePublished":"2016-03-18T14:10:16+00:00","dateModified":"2016-03-18T15:23:31+00:00","author":{"@id":"https:\/\/www.btv.md\/#\/schema\/person\/8fadce81561b3ce2c34c46dadc4ccbf2"},"inLanguage":"ro-RO","potentialAction":[{"@type":"ReadAction","target":["https:\/\/www.btv.md\/ro\/alerta-falsa-cu-bomba-la-balti-mai-multe-persoane-au-fost-evacuate\/"]}]},{"@type":"ImageObject","inLanguage":"ro-RO","@id":"https:\/\/www.btv.md\/ro\/alerta-falsa-cu-bomba-la-balti-mai-multe-persoane-au-fost-evacuate\/#primaryimage","url":"https:\/\/www.btv.md\/wp-content\/uploads\/2016\/03\/bomba-md.png","contentUrl":"https:\/\/www.btv.md\/wp-content\/uploads\/2016\/03\/bomba-md.png","width":1005,"height":587},{"@type":"WebSite","@id":"https:\/\/www.btv.md\/#website","url":"https:\/\/www.btv.md\/","name":"BTV","description":"\u0411\u0435\u043b\u044c\u0446\u043a\u043e\u0435 \u0442\u0435\u043b\u0435\u0432\u0438\u0434\u0435\u043d\u0438\u0435","potentialAction":[{"@type":"SearchAction","target":{"@type":"EntryPoint","urlTemplate":"https:\/\/www.btv.md\/?s={search_term_string}"},"query-input":{"@type":"PropertyValueSpecification","valueRequired":true,"valueName":"search_term_string"}}],"inLanguage":"ro-RO"},{"@type":"Person","@id":"https:\/\/www.btv.md\/#\/schema\/person\/8fadce81561b3ce2c34c46dadc4ccbf2","name":"admin"}]}},"_links":{"self":[{"href":"https:\/\/www.btv.md\/ro\/wp-json\/wp\/v2\/posts\/9142","targetHints":{"allow":["GET"]}}],"collection":[{"href":"https:\/\/www.btv.md\/ro\/wp-json\/wp\/v2\/posts"}],"about":[{"href":"https:\/\/www.btv.md\/ro\/wp-json\/wp\/v2\/types\/post"}],"author":[{"embeddable":true,"href":"https:\/\/www.btv.md\/ro\/wp-json\/wp\/v2\/users\/4"}],"replies":[{"embeddable":true,"href":"https:\/\/www.btv.md\/ro\/wp-json\/wp\/v2\/comments?post=9142"}],"version-history":[{"count":0,"href":"https:\/\/www.btv.md\/ro\/wp-json\/wp\/v2\/posts\/9142\/revisions"}],"wp:featuredmedia":[{"embeddable":true,"href":"https:\/\/www.btv.md\/ro\/wp-json\/wp\/v2\/media\/9143"}],"wp:attachment":[{"href":"https:\/\/www.btv.md\/ro\/wp-json\/wp\/v2\/media?parent=9142"}],"wp:term":[{"taxonomy":"category","embeddable":true,"href":"https:\/\/www.btv.md\/ro\/wp-json\/wp\/v2\/categories?post=9142"},{"taxonomy":"post_tag","embeddable":true,"href":"https:\/\/www.btv.md\/ro\/wp-json\/wp\/v2\/tags?post=9142"}],"curies":[{"name":"wp","href":"https:\/\/api.w.org\/{rel}","templated":true}]}}