{"id":9193,"date":"2016-03-18T17:05:22","date_gmt":"2016-03-18T14:05:22","guid":{"rendered":"http:\/\/btv.md\/?p=9193"},"modified":"2016-03-18T17:05:22","modified_gmt":"2016-03-18T14:05:22","slug":"cele-mai-importante-evenimente-ale-zilelor-trecute-17-18-martie","status":"publish","type":"post","link":"https:\/\/www.btv.md\/ro\/cele-mai-importante-evenimente-ale-zilelor-trecute-17-18-martie\/","title":{"rendered":"CELE MAI IMPORTANTE EVENIMENTE ALE ZILELOR TRECUTE 17 &#8211; 18 MARTIE"},"content":{"rendered":"<p><strong>C\u00c2ND  UCRAINENII  AR  PUTEA  C\u0102L\u0102TORI  F\u0102R\u0102 VIZE<\/strong><\/p>\n<p><strong>\u201dUcraina a efectuat reformele necesare pentru ca executivul Uniunii Europene s\u0103 recomande luna viitoare ca cet\u0103\u021benii ucraineni s\u0103 poat\u0103 c\u0103l\u0103tori \u00een blocul comunitar f\u0103r\u0103 viz\u0103\u201d. Declara\u021bia apar\u021bine pre\u0219edintelui Comisiei Europene, Jean-Claude Juncker.<\/strong><\/p>\n<p>Cu prilejul vizitei la Bruxelles, pre\u0219edintele ucrainean Petro Poro\u0219enko a declarat c\u0103 \u021bara sa a ob\u021binut \u201d<em>rezultate concrete<\/em>\u201d \u00een implementarea reformelor \u00een domeniile combaterii corup\u021biei, justi\u021biei \u0219i afacerilor interne.<\/p>\n<p>\u00cen cadrul convorbirilor cu Jean-Claude Juncker \u0219i cu Donald Tusk, pre\u0219edintele Consiliului European, a mai fost abordat\u0103 \u0219i chestiunea actualei crize politice din \u021bar\u0103, a spus Poro\u0219enko. Coali\u021bia aflat\u0103 la guvernare \u00een Ucraina \u0219i-a pierdut majoritatea legislativ\u0103 \u00een Ucraina luna trecut\u0103. Pre\u0219edintele ucrainean \u0219i-a exprimat speran\u021ba c\u0103 aceast\u0103 criz\u0103 va fi rezolvat\u0103 \u201d<em>p\u00e2n\u0103 la finalul acestei luni<\/em>\u201d.<\/p>\n<p>agerpres.ro<\/p>\n<p><strong>OBAMA  A  CERUT  ELIBERAREA  NADEJDEI  SAVCENKO<\/strong><\/p>\n<p><strong>Pre\u0219edintele american Barack Obama i-a cerut liderului rus Vladimir Putin s-o elibereze pe militara ucrainean\u0103 Nadejda Savcenko. <\/strong><\/p>\n<p>Obama i-a spus lui Putin \u00een timpul unei convorbiri telefonice c\u0103 eliberarea militarei aflate \u00een greva foamei este necesar\u0103 pentru \u00eendeplinirea acordurilor de pace de la Minsk. Acestea prev\u0103d c\u0103 toate p\u0103r\u021bile implicate \u00een conflictul din estul Ucrainei trebuie s\u0103 elibereze to\u021bi prizonierii. <\/p>\n<p>La Kiev, ambasadorii \u021b\u0103rilor din G7, grupul principalelor economii dezvoltate, au exprimat \u201e\u00eengrijor\u0103ri serioase\u201d \u00een leg\u0103tur\u0103 cu starea s\u0103n\u0103t\u0103\u021bii Nadejdei Savcenko. \u00cen v\u00e2rst\u0103 de 34 de ani, ea este judecat\u0103 \u00een Rusia pentru presupusa implicare \u00een moartea doi jurnali\u0219ti ru\u0219i \u00een luptele din estul Ucrainei, \u00een 2014, dar dezminte acuza\u021biile \u0219i spune c\u0103 a fost r\u0103pit\u0103 \u0219i \u00eentemni\u021bat\u0103 ilegal.<\/p>\n<p>europalibera.org<\/p>\n<p><strong>CELE  MAI  MARI  PERICOLE  CARE  P\u00c2NDESC  LUMEA<\/strong><\/p>\n<p><strong>Jurnali\u0219tii de la The Economist au f\u0103cut un top al celor mai mari pericole care p\u00e2ndesc omenirea. Pe primul loc se afl\u0103 o criz\u0103 economic\u0103 \u00een China care s-ar resim\u021bii pe tot globul, iar pe locul 6 \u00een acela\u0219i clasament, Donald Trump. Sau mai bine zis, posibilitatea ca Trump s\u0103 ajung\u0103 pre\u0219edintele Statelor Unite.<\/strong><\/p>\n<p>Donald Trump pre\u0219edinte este mai periculos pentru omenire dec\u00e2t o eventual\u0103 decizie a britanicilor de a ie\u0219i din Uniunea European\u0103. O spun cei de la The Economist Inteligence Unit, care au f\u0103cut un top 10 al celor mai grave lucruri cu care s-ar putea confrunta omenirea pe termen mediu.<\/p>\n<p>O posibil\u0103 victorie a lui Donald Trump \u00een alegerile preziden\u021biale de anul viitor a fost pus\u0103 pe locul 6 \u0219i printre lucrurile mai pu\u021bin grave care s-ar putea \u00eent\u00e2mpla se num\u0103r\u0103 expansiunea militar\u0103 a Chinei \u00een apele Asiei de Sud Est sau o pr\u0103bu\u0219ire \u00een mas\u0103 investi\u021biilor din sectorul petrolier.<\/p>\n<p>Dac\u0103 ar ajunge pre\u0219edinte, Trump a promis c\u0103 va taxa mai toate produsele de import \u0219i \u00een pericol ar fi \u0219i acordurile bilaterale care au fost negociate \u00een zeci de ani de zile, inclusiv parteneriatul Trans Pacific anun\u021bat \u00een urm\u0103 cu c\u00e2teva luni.<\/p>\n<p>Dincolo de faptul c\u0103 americanii ar putea fi tenta\u021bi s\u0103 consume mai multe produse na\u021bionale, industria din American\u0103 ar duce lipsa unor materii prime sau subansamble de import.<\/p>\n<p>Periculoas\u0103 este \u0219i inten\u021bia lui Trump de a le interzice musulmanilor s\u0103 c\u0103l\u0103toreasc\u0103 \u00een Statele Unite. Astfel de discursuri sunt de fapt de mare ajutor pentru terori\u0219ti, pentru c\u0103 nu fac altceva dec\u00e2t s\u0103 le legitimeze ac\u021biunile.<br \/>\nCei de la The Economist consider\u0103 c\u0103, \u00een condi\u021bii normale, Trump nu ar putea s\u0103 o \u00eenving\u0103 pe Hillary Clinton \u00een cursa pentru Casa Alba. Dar orice c\u0103dere mai serioas\u0103 a economiei americane \u00een urm\u0103toarea perioad\u0103 sau un eventual atac terorist \u00een Statele Unite ar putea face ca discursul lui Trump s\u0103 fie pe placul mai multor americani.<\/p>\n<p>digi24.ro<\/p>\n<p><strong>MOTIVUL  PENTRU  CARE  B\u0102SESCU  A  SOLICITAT  CET\u0102\u021aENIA  RM<\/strong><\/p>\n<p><strong>Fostul pre\u0219edinte al Rom\u00e2niei Traian B\u0103sescu \u0219i so\u021bia sa, au solicitat cet\u0103\u021benia Republicii Moldova \u0219i au depus la 8 martie o cerere \u00een acest sens la pre\u0219edin\u021bia de la Chi\u0219in\u0103u.<\/strong><\/p>\n<p>\u00cen prezent, cererea lor se afl\u0103 \u00een etapa de avizare, urm\u00e2nd ca apoi s\u0103 fie examinat\u0103.<\/p>\n<p>De\u0219i termenul legal este de un an, solicitarea fostului pre\u0219edinte rom\u00e2n ar putea fi examinat\u0103 \u00een regim prioritar, fiind vorba de o persoan\u0103 cu statut special.<\/p>\n<p>Traian B\u0103sescu declara \u00eenc\u0103 \u00een iulie 2013 \u2014 dup\u0103 o vizit\u0103 \u00een Republica Moldova \u2014 c\u0103 dup\u0103 ce \u00ee\u0219i va termina mandatul de pre\u0219edinte al Rom\u00e2niei va cere, &#8222;poate&#8221;, cet\u0103\u021benia moldovean\u0103 \u00een semn de respect \u0219i dragoste pentru Republica Moldova \u0219i oamenii ei.<\/p>\n<p>O s\u0103pt\u0103m\u00e2n\u0103 mai t\u00e2rziu, Traian B\u0103sescu spunea c\u0103 este decis &#8222;categoric&#8221; s\u0103 cear\u0103 cet\u0103\u021benia Republicii Moldova.<br \/>\n\u00cen aprilie 2015, B\u0103sescu a fost decorat cu ordinul &#8222;\u0218tefan cel Mare&#8221;, decora\u021bia militar\u0103 suprem\u0103 a Republicii Moldova.<\/p>\n<p>agerpres.ro<\/p>\n<p><strong>COREEA  DE  NORD  A  EFECTUAT  UN  NOU  TEST  CU  O  RACHET\u0102  BALISTIC\u0102<\/strong><\/p>\n<p><strong>Coreea de Nord a f\u0103cut un nou test cu o rachet\u0103 balistic\u0103, \u00een condi\u0163iile \u00een care tensiunile din regiune sunt deja la cote \u00eenalte.<\/strong><\/p>\n<p>Agen\u0163ia de pres\u0103 sud-coreean\u0103 Yonhap scrie c\u0103 cel mai probabil a fost vorba de o rachet\u0103 cu raz\u0103 medie de ac\u0163iune, care ar putea ajunge \u015fi \u00een Japonia. Este pentru prima oar\u0103 dup\u0103 2014 c\u00e2nd este testat\u0103 o astfel de arm\u0103.<\/p>\n<p>Proiectilul ar fi zburat 800 de kilometri p\u00e2n\u0103 c\u00e2nd s-a pr\u0103bu\u015fit \u00een mare, \u00een largul coastelor nord-coreene.<\/p>\n<p>Ac\u0163iunea regimului comunist de la Phenian a fost condamnat\u0103 de Coreea de Sud \u015fi Japonia. Oficialii de la Seul au spus c\u0103 sunt gata pentru orice provocare. Iar premierul Japoniei a \u00eendemnat oficialii nord-coreeni s\u0103 fie re\u0163inu\u0163i.<\/p>\n<p>\u201e<em>\u00cen timp ce cerem cu t\u0103rie ca nord-coreenii s\u0103 dea dovad\u0103 de re\u0163inere, ne asigur\u0103m c\u0103 putem r\u0103spunde la orice situa\u0163ie prin orice mijloace, inclusiv prin \u00eent\u0103rirea sistemelor de supraveghere<\/em>\u201d, a declarat Shinzo Abe, premierul Japoniei.<\/p>\n<p>digi24.ro<\/p>\n<p><iframe width=\"420\" height=\"315\" data-src=\"https:\/\/www.youtube.com\/embed\/lX9Sv713lmI\" frameborder=\"0\" allowfullscreen src=\"data:image\/svg+xml;base64,PHN2ZyB3aWR0aD0iMSIgaGVpZ2h0PSIxIiB4bWxucz0iaHR0cDovL3d3dy53My5vcmcvMjAwMC9zdmciPjwvc3ZnPg==\" class=\"lazyload\" data-load-mode=\"1\"><\/iframe><\/p>\n","protected":false},"excerpt":{"rendered":"<p>C\u00c2ND UCRAINENII AR PUTEA C\u0102L\u0102TORI F\u0102R\u0102 VIZE \u201dUcraina a efectuat reformele necesare pentru ca executivul Uniunii Europene s\u0103 recomande luna viitoare ca cet\u0103\u021benii ucraineni s\u0103 poat\u0103 c\u0103l\u0103tori \u00een blocul comunitar f\u0103r\u0103 viz\u0103\u201d. Declara\u021bia apar\u021bine pre\u0219edintelui Comisiei Europene, Jean-Claude Juncker. Cu prilejul vizitei la Bruxelles, pre\u0219edintele ucrainean Petro Poro\u0219enko a declarat c\u0103 \u021bara sa a ob\u021binut [&hellip;]<\/p>\n","protected":false},"author":4,"featured_media":9194,"comment_status":"closed","ping_status":"closed","sticky":false,"template":"","format":"standard","meta":{"footnotes":""},"categories":[6354],"tags":[],"class_list":["post-9193","post","type-post","status-publish","format-standard","has-post-thumbnail","hentry","category-externe-ro"],"yoast_head":"<!-- This site is optimized with the Yoast SEO plugin v27.4 - https:\/\/yoast.com\/product\/yoast-seo-wordpress\/ -->\n<title>CELE MAI IMPORTANTE EVENIMENTE ALE ZILELOR TRECUTE 17 - 18 MARTIE - BTV<\/title>\n<meta name=\"robots\" content=\"index, follow, max-snippet:-1, max-image-preview:large, max-video-preview:-1\" \/>\n<link rel=\"canonical\" href=\"https:\/\/www.btv.md\/ro\/cele-mai-importante-evenimente-ale-zilelor-trecute-17-18-martie\/\" \/>\n<meta property=\"og:locale\" content=\"ro_RO\" \/>\n<meta property=\"og:type\" content=\"article\" \/>\n<meta property=\"og:title\" content=\"CELE MAI IMPORTANTE EVENIMENTE ALE ZILELOR TRECUTE 17 - 18 MARTIE - BTV\" \/>\n<meta property=\"og:description\" content=\"C\u00c2ND UCRAINENII AR PUTEA C\u0102L\u0102TORI F\u0102R\u0102 VIZE \u201dUcraina a efectuat reformele necesare pentru ca executivul Uniunii Europene s\u0103 recomande luna viitoare ca cet\u0103\u021benii ucraineni s\u0103 poat\u0103 c\u0103l\u0103tori \u00een blocul comunitar f\u0103r\u0103 viz\u0103\u201d. Declara\u021bia apar\u021bine pre\u0219edintelui Comisiei Europene, Jean-Claude Juncker. Cu prilejul vizitei la Bruxelles, pre\u0219edintele ucrainean Petro Poro\u0219enko a declarat c\u0103 \u021bara sa a ob\u021binut [&hellip;]\" \/>\n<meta property=\"og:url\" content=\"https:\/\/www.btv.md\/ro\/cele-mai-importante-evenimente-ale-zilelor-trecute-17-18-martie\/\" \/>\n<meta property=\"og:site_name\" content=\"BTV\" \/>\n<meta property=\"article:publisher\" content=\"https:\/\/www.facebook.com\/btvmoldova\/\" \/>\n<meta property=\"article:published_time\" content=\"2016-03-18T14:05:22+00:00\" \/>\n<meta property=\"og:image\" content=\"https:\/\/www.btv.md\/wp-content\/uploads\/2016\/03\/big-revista-presei-internationale-din-6-august-2012.jpg\" \/>\n\t<meta property=\"og:image:width\" content=\"530\" \/>\n\t<meta property=\"og:image:height\" content=\"329\" \/>\n\t<meta property=\"og:image:type\" content=\"image\/jpeg\" \/>\n<meta name=\"author\" content=\"admin\" \/>\n<meta name=\"twitter:label1\" content=\"Scris de\" \/>\n\t<meta name=\"twitter:data1\" content=\"admin\" \/>\n\t<meta name=\"twitter:label2\" content=\"Timp estimat pentru citire\" \/>\n\t<meta name=\"twitter:data2\" content=\"5 minute\" \/>\n<script type=\"application\/ld+json\" class=\"yoast-schema-graph\">{\"@context\":\"https:\\\/\\\/schema.org\",\"@graph\":[{\"@type\":\"Article\",\"@id\":\"https:\\\/\\\/www.btv.md\\\/ro\\\/cele-mai-importante-evenimente-ale-zilelor-trecute-17-18-martie\\\/#article\",\"isPartOf\":{\"@id\":\"https:\\\/\\\/www.btv.md\\\/ro\\\/cele-mai-importante-evenimente-ale-zilelor-trecute-17-18-martie\\\/\"},\"author\":{\"name\":\"admin\",\"@id\":\"https:\\\/\\\/www.btv.md\\\/#\\\/schema\\\/person\\\/8fadce81561b3ce2c34c46dadc4ccbf2\"},\"headline\":\"CELE MAI IMPORTANTE EVENIMENTE ALE ZILELOR TRECUTE 17 &#8211; 18 MARTIE\",\"datePublished\":\"2016-03-18T14:05:22+00:00\",\"mainEntityOfPage\":{\"@id\":\"https:\\\/\\\/www.btv.md\\\/ro\\\/cele-mai-importante-evenimente-ale-zilelor-trecute-17-18-martie\\\/\"},\"wordCount\":1022,\"image\":{\"@id\":\"https:\\\/\\\/www.btv.md\\\/ro\\\/cele-mai-importante-evenimente-ale-zilelor-trecute-17-18-martie\\\/#primaryimage\"},\"thumbnailUrl\":\"https:\\\/\\\/www.btv.md\\\/wp-content\\\/uploads\\\/2016\\\/03\\\/big-revista-presei-internationale-din-6-august-2012.jpg\",\"articleSection\":[\"Externe\"],\"inLanguage\":\"ro-RO\"},{\"@type\":\"WebPage\",\"@id\":\"https:\\\/\\\/www.btv.md\\\/ro\\\/cele-mai-importante-evenimente-ale-zilelor-trecute-17-18-martie\\\/\",\"url\":\"https:\\\/\\\/www.btv.md\\\/ro\\\/cele-mai-importante-evenimente-ale-zilelor-trecute-17-18-martie\\\/\",\"name\":\"CELE MAI IMPORTANTE EVENIMENTE ALE ZILELOR TRECUTE 17 - 18 MARTIE - BTV\",\"isPartOf\":{\"@id\":\"https:\\\/\\\/www.btv.md\\\/#website\"},\"primaryImageOfPage\":{\"@id\":\"https:\\\/\\\/www.btv.md\\\/ro\\\/cele-mai-importante-evenimente-ale-zilelor-trecute-17-18-martie\\\/#primaryimage\"},\"image\":{\"@id\":\"https:\\\/\\\/www.btv.md\\\/ro\\\/cele-mai-importante-evenimente-ale-zilelor-trecute-17-18-martie\\\/#primaryimage\"},\"thumbnailUrl\":\"https:\\\/\\\/www.btv.md\\\/wp-content\\\/uploads\\\/2016\\\/03\\\/big-revista-presei-internationale-din-6-august-2012.jpg\",\"datePublished\":\"2016-03-18T14:05:22+00:00\",\"author\":{\"@id\":\"https:\\\/\\\/www.btv.md\\\/#\\\/schema\\\/person\\\/8fadce81561b3ce2c34c46dadc4ccbf2\"},\"inLanguage\":\"ro-RO\",\"potentialAction\":[{\"@type\":\"ReadAction\",\"target\":[\"https:\\\/\\\/www.btv.md\\\/ro\\\/cele-mai-importante-evenimente-ale-zilelor-trecute-17-18-martie\\\/\"]}]},{\"@type\":\"ImageObject\",\"inLanguage\":\"ro-RO\",\"@id\":\"https:\\\/\\\/www.btv.md\\\/ro\\\/cele-mai-importante-evenimente-ale-zilelor-trecute-17-18-martie\\\/#primaryimage\",\"url\":\"https:\\\/\\\/www.btv.md\\\/wp-content\\\/uploads\\\/2016\\\/03\\\/big-revista-presei-internationale-din-6-august-2012.jpg\",\"contentUrl\":\"https:\\\/\\\/www.btv.md\\\/wp-content\\\/uploads\\\/2016\\\/03\\\/big-revista-presei-internationale-din-6-august-2012.jpg\",\"width\":530,\"height\":329,\"caption\":\"trm.md\"},{\"@type\":\"WebSite\",\"@id\":\"https:\\\/\\\/www.btv.md\\\/#website\",\"url\":\"https:\\\/\\\/www.btv.md\\\/\",\"name\":\"BTV\",\"description\":\"\u0411\u0435\u043b\u044c\u0446\u043a\u043e\u0435 \u0442\u0435\u043b\u0435\u0432\u0438\u0434\u0435\u043d\u0438\u0435\",\"potentialAction\":[{\"@type\":\"SearchAction\",\"target\":{\"@type\":\"EntryPoint\",\"urlTemplate\":\"https:\\\/\\\/www.btv.md\\\/?s={search_term_string}\"},\"query-input\":{\"@type\":\"PropertyValueSpecification\",\"valueRequired\":true,\"valueName\":\"search_term_string\"}}],\"inLanguage\":\"ro-RO\"},{\"@type\":\"Person\",\"@id\":\"https:\\\/\\\/www.btv.md\\\/#\\\/schema\\\/person\\\/8fadce81561b3ce2c34c46dadc4ccbf2\",\"name\":\"admin\"}]}<\/script>\n<!-- \/ Yoast SEO plugin. -->","yoast_head_json":{"title":"CELE MAI IMPORTANTE EVENIMENTE ALE ZILELOR TRECUTE 17 - 18 MARTIE - BTV","robots":{"index":"index","follow":"follow","max-snippet":"max-snippet:-1","max-image-preview":"max-image-preview:large","max-video-preview":"max-video-preview:-1"},"canonical":"https:\/\/www.btv.md\/ro\/cele-mai-importante-evenimente-ale-zilelor-trecute-17-18-martie\/","og_locale":"ro_RO","og_type":"article","og_title":"CELE MAI IMPORTANTE EVENIMENTE ALE ZILELOR TRECUTE 17 - 18 MARTIE - BTV","og_description":"C\u00c2ND UCRAINENII AR PUTEA C\u0102L\u0102TORI F\u0102R\u0102 VIZE \u201dUcraina a efectuat reformele necesare pentru ca executivul Uniunii Europene s\u0103 recomande luna viitoare ca cet\u0103\u021benii ucraineni s\u0103 poat\u0103 c\u0103l\u0103tori \u00een blocul comunitar f\u0103r\u0103 viz\u0103\u201d. Declara\u021bia apar\u021bine pre\u0219edintelui Comisiei Europene, Jean-Claude Juncker. Cu prilejul vizitei la Bruxelles, pre\u0219edintele ucrainean Petro Poro\u0219enko a declarat c\u0103 \u021bara sa a ob\u021binut [&hellip;]","og_url":"https:\/\/www.btv.md\/ro\/cele-mai-importante-evenimente-ale-zilelor-trecute-17-18-martie\/","og_site_name":"BTV","article_publisher":"https:\/\/www.facebook.com\/btvmoldova\/","article_published_time":"2016-03-18T14:05:22+00:00","og_image":[{"width":530,"height":329,"url":"https:\/\/www.btv.md\/wp-content\/uploads\/2016\/03\/big-revista-presei-internationale-din-6-august-2012.jpg","type":"image\/jpeg"}],"author":"admin","twitter_misc":{"Scris de":"admin","Timp estimat pentru citire":"5 minute"},"schema":{"@context":"https:\/\/schema.org","@graph":[{"@type":"Article","@id":"https:\/\/www.btv.md\/ro\/cele-mai-importante-evenimente-ale-zilelor-trecute-17-18-martie\/#article","isPartOf":{"@id":"https:\/\/www.btv.md\/ro\/cele-mai-importante-evenimente-ale-zilelor-trecute-17-18-martie\/"},"author":{"name":"admin","@id":"https:\/\/www.btv.md\/#\/schema\/person\/8fadce81561b3ce2c34c46dadc4ccbf2"},"headline":"CELE MAI IMPORTANTE EVENIMENTE ALE ZILELOR TRECUTE 17 &#8211; 18 MARTIE","datePublished":"2016-03-18T14:05:22+00:00","mainEntityOfPage":{"@id":"https:\/\/www.btv.md\/ro\/cele-mai-importante-evenimente-ale-zilelor-trecute-17-18-martie\/"},"wordCount":1022,"image":{"@id":"https:\/\/www.btv.md\/ro\/cele-mai-importante-evenimente-ale-zilelor-trecute-17-18-martie\/#primaryimage"},"thumbnailUrl":"https:\/\/www.btv.md\/wp-content\/uploads\/2016\/03\/big-revista-presei-internationale-din-6-august-2012.jpg","articleSection":["Externe"],"inLanguage":"ro-RO"},{"@type":"WebPage","@id":"https:\/\/www.btv.md\/ro\/cele-mai-importante-evenimente-ale-zilelor-trecute-17-18-martie\/","url":"https:\/\/www.btv.md\/ro\/cele-mai-importante-evenimente-ale-zilelor-trecute-17-18-martie\/","name":"CELE MAI IMPORTANTE EVENIMENTE ALE ZILELOR TRECUTE 17 - 18 MARTIE - BTV","isPartOf":{"@id":"https:\/\/www.btv.md\/#website"},"primaryImageOfPage":{"@id":"https:\/\/www.btv.md\/ro\/cele-mai-importante-evenimente-ale-zilelor-trecute-17-18-martie\/#primaryimage"},"image":{"@id":"https:\/\/www.btv.md\/ro\/cele-mai-importante-evenimente-ale-zilelor-trecute-17-18-martie\/#primaryimage"},"thumbnailUrl":"https:\/\/www.btv.md\/wp-content\/uploads\/2016\/03\/big-revista-presei-internationale-din-6-august-2012.jpg","datePublished":"2016-03-18T14:05:22+00:00","author":{"@id":"https:\/\/www.btv.md\/#\/schema\/person\/8fadce81561b3ce2c34c46dadc4ccbf2"},"inLanguage":"ro-RO","potentialAction":[{"@type":"ReadAction","target":["https:\/\/www.btv.md\/ro\/cele-mai-importante-evenimente-ale-zilelor-trecute-17-18-martie\/"]}]},{"@type":"ImageObject","inLanguage":"ro-RO","@id":"https:\/\/www.btv.md\/ro\/cele-mai-importante-evenimente-ale-zilelor-trecute-17-18-martie\/#primaryimage","url":"https:\/\/www.btv.md\/wp-content\/uploads\/2016\/03\/big-revista-presei-internationale-din-6-august-2012.jpg","contentUrl":"https:\/\/www.btv.md\/wp-content\/uploads\/2016\/03\/big-revista-presei-internationale-din-6-august-2012.jpg","width":530,"height":329,"caption":"trm.md"},{"@type":"WebSite","@id":"https:\/\/www.btv.md\/#website","url":"https:\/\/www.btv.md\/","name":"BTV","description":"\u0411\u0435\u043b\u044c\u0446\u043a\u043e\u0435 \u0442\u0435\u043b\u0435\u0432\u0438\u0434\u0435\u043d\u0438\u0435","potentialAction":[{"@type":"SearchAction","target":{"@type":"EntryPoint","urlTemplate":"https:\/\/www.btv.md\/?s={search_term_string}"},"query-input":{"@type":"PropertyValueSpecification","valueRequired":true,"valueName":"search_term_string"}}],"inLanguage":"ro-RO"},{"@type":"Person","@id":"https:\/\/www.btv.md\/#\/schema\/person\/8fadce81561b3ce2c34c46dadc4ccbf2","name":"admin"}]}},"_links":{"self":[{"href":"https:\/\/www.btv.md\/ro\/wp-json\/wp\/v2\/posts\/9193","targetHints":{"allow":["GET"]}}],"collection":[{"href":"https:\/\/www.btv.md\/ro\/wp-json\/wp\/v2\/posts"}],"about":[{"href":"https:\/\/www.btv.md\/ro\/wp-json\/wp\/v2\/types\/post"}],"author":[{"embeddable":true,"href":"https:\/\/www.btv.md\/ro\/wp-json\/wp\/v2\/users\/4"}],"replies":[{"embeddable":true,"href":"https:\/\/www.btv.md\/ro\/wp-json\/wp\/v2\/comments?post=9193"}],"version-history":[{"count":0,"href":"https:\/\/www.btv.md\/ro\/wp-json\/wp\/v2\/posts\/9193\/revisions"}],"wp:featuredmedia":[{"embeddable":true,"href":"https:\/\/www.btv.md\/ro\/wp-json\/wp\/v2\/media\/9194"}],"wp:attachment":[{"href":"https:\/\/www.btv.md\/ro\/wp-json\/wp\/v2\/media?parent=9193"}],"wp:term":[{"taxonomy":"category","embeddable":true,"href":"https:\/\/www.btv.md\/ro\/wp-json\/wp\/v2\/categories?post=9193"},{"taxonomy":"post_tag","embeddable":true,"href":"https:\/\/www.btv.md\/ro\/wp-json\/wp\/v2\/tags?post=9193"}],"curies":[{"name":"wp","href":"https:\/\/api.w.org\/{rel}","templated":true}]}}