{"id":9203,"date":"2016-03-18T18:01:24","date_gmt":"2016-03-18T15:01:24","guid":{"rendered":"http:\/\/btv.md\/?p=9203"},"modified":"2016-03-18T18:01:24","modified_gmt":"2016-03-18T15:01:24","slug":"apicultorii-din-nordul-tarii-sunt-invatati-cum-sa-si-promoveze-produsul","status":"publish","type":"post","link":"https:\/\/www.btv.md\/ro\/apicultorii-din-nordul-tarii-sunt-invatati-cum-sa-si-promoveze-produsul\/","title":{"rendered":"APICULTORII  DIN  NORDUL  \u021a\u0102RII  SUNT  \u00ceNV\u0102\u021aA\u021aI  CUM  S\u0102-\u0218I  PROMOVEZE  PRODUSUL"},"content":{"rendered":"<p><strong>Peste o sut\u0103 de cresc\u0103tori de albine au participat la cea de-a doua sesiune la seminarul \u201eAspecte vechi \u0219i noi \u00een biologia, nutri\u021bia \u0219i patologia albinelor\u201d, desf\u0103\u0219urat \u00een cadrul proiectului-pilot \u201eCrearea sistemului integrat de dezvoltare durabil\u0103 a sectorului apicol \u00een Regiunea de Dezvoltare Nord a Republicii Moldova\u201d.<\/strong><\/p>\n<p>Stanislav Levin\u021b\u0103 se acup\u0103 de cre\u0219terea albinelor mai bine de cinci ani. Acesta de\u021bine 50 de famiilii de albine \u0219i spune c\u0103 acest seminar ofer\u0103 apicultorilor suportul informa\u021bional necesar pentru dezvoltarea afacerii.<\/p>\n<p>Aceia\u0219i p\u0103rere o \u00eemp\u0103rt\u0103\u0219e\u0219te \u0219i Vasile Iva\u0219cu, care practic\u0103 apicultura de 50 de ani, \u00eendeletnicire mo\u0219tenit\u0103 de la tat\u0103l s\u0103u.<\/p>\n<p>Cursurile de  instruirea a apicultorilor din nordul \u021b\u0103rii  au fost \u021binute de c\u0103tre  Narcisa Mederle, conferen\u021biarul de la Universitatea de \u0218tiin\u021be Agricole \u0219i Medicin\u0103 Veterinar\u0103 a Banatului din Timi\u0219oara, Rom\u00e2nia. Potrivit ei acest proiect vine \u00een \u00eent\u00e2mpirarea problemelor apicultorilor din zona de nord a Republicii Moldova.<\/p>\n<p>Potrivit coordonatorului proiectului  Maria Pris\u0103cari, acest plan prevede  crearea unui sistem de achizi\u021bii pentru stocare, procesare \u0219i ambalare a mierii.<\/p>\n<p>Proiectul este pus \u00een aplicare de Agen\u021bia de Dezvoltare Regional\u0103 Nord (ADR Nord) \u00een parteneriat cu Ministerul Dezvolt\u0103rii Regionale \u0219i Construc\u021biilor c\u00e2t \u0219i Consiliul Raional Edine\u021b. Acesta este finan\u021bat de Guvernul Rom\u00e2niei, valoarea total\u0103 a proiectului-pilot \u201eCrearea sistemului integrat de dezvoltare durabil\u0103 a sectorului apicol \u00een Regiunea de Dezvoltare Nord a Republicii Moldova\u201d se cifreaz\u0103 la 158 de mii de euro.Durata de implementare a proiectului este de 18 luni.<\/p>\n<p><iframe width=\"420\" height=\"315\" data-src=\"https:\/\/www.youtube.com\/embed\/VqLdC78c9s0\" frameborder=\"0\" allowfullscreen src=\"data:image\/svg+xml;base64,PHN2ZyB3aWR0aD0iMSIgaGVpZ2h0PSIxIiB4bWxucz0iaHR0cDovL3d3dy53My5vcmcvMjAwMC9zdmciPjwvc3ZnPg==\" class=\"lazyload\" data-load-mode=\"1\"><\/iframe><\/p>\n","protected":false},"excerpt":{"rendered":"<p>Peste o sut\u0103 de cresc\u0103tori de albine au participat la cea de-a doua sesiune la seminarul \u201eAspecte vechi \u0219i noi \u00een biologia, nutri\u021bia \u0219i patologia albinelor\u201d, desf\u0103\u0219urat \u00een cadrul proiectului-pilot \u201eCrearea sistemului integrat de dezvoltare durabil\u0103 a sectorului apicol \u00een Regiunea de Dezvoltare Nord a Republicii Moldova\u201d. Stanislav Levin\u021b\u0103 se acup\u0103 de cre\u0219terea albinelor mai [&hellip;]<\/p>\n","protected":false},"author":4,"featured_media":9204,"comment_status":"closed","ping_status":"closed","sticky":false,"template":"","format":"standard","meta":{"footnotes":""},"categories":[6353],"tags":[],"class_list":["post-9203","post","type-post","status-publish","format-standard","has-post-thumbnail","hentry","category-oras"],"yoast_head":"<!-- This site is optimized with the Yoast SEO plugin v27.4 - https:\/\/yoast.com\/product\/yoast-seo-wordpress\/ -->\n<title>APICULTORII DIN NORDUL \u021a\u0102RII SUNT \u00ceNV\u0102\u021aA\u021aI CUM S\u0102-\u0218I PROMOVEZE PRODUSUL  - BTV<\/title>\n<meta name=\"robots\" content=\"index, follow, max-snippet:-1, max-image-preview:large, max-video-preview:-1\" \/>\n<link rel=\"canonical\" href=\"https:\/\/www.btv.md\/ro\/apicultorii-din-nordul-tarii-sunt-invatati-cum-sa-si-promoveze-produsul\/\" \/>\n<meta property=\"og:locale\" content=\"ro_RO\" \/>\n<meta property=\"og:type\" content=\"article\" \/>\n<meta property=\"og:title\" content=\"APICULTORII DIN NORDUL \u021a\u0102RII SUNT \u00ceNV\u0102\u021aA\u021aI CUM S\u0102-\u0218I PROMOVEZE PRODUSUL  - BTV\" \/>\n<meta property=\"og:description\" content=\"Peste o sut\u0103 de cresc\u0103tori de albine au participat la cea de-a doua sesiune la seminarul \u201eAspecte vechi \u0219i noi \u00een biologia, nutri\u021bia \u0219i patologia albinelor\u201d, desf\u0103\u0219urat \u00een cadrul proiectului-pilot \u201eCrearea sistemului integrat de dezvoltare durabil\u0103 a sectorului apicol \u00een Regiunea de Dezvoltare Nord a Republicii Moldova\u201d. Stanislav Levin\u021b\u0103 se acup\u0103 de cre\u0219terea albinelor mai [&hellip;]\" \/>\n<meta property=\"og:url\" content=\"https:\/\/www.btv.md\/ro\/apicultorii-din-nordul-tarii-sunt-invatati-cum-sa-si-promoveze-produsul\/\" \/>\n<meta property=\"og:site_name\" content=\"BTV\" \/>\n<meta property=\"article:publisher\" content=\"https:\/\/www.facebook.com\/btvmoldova\/\" \/>\n<meta property=\"article:published_time\" content=\"2016-03-18T15:01:24+00:00\" \/>\n<meta property=\"og:image\" content=\"https:\/\/www.btv.md\/wp-content\/uploads\/2016\/03\/seminar.png\" \/>\n\t<meta property=\"og:image:width\" content=\"1023\" \/>\n\t<meta property=\"og:image:height\" content=\"575\" \/>\n\t<meta property=\"og:image:type\" content=\"image\/png\" \/>\n<meta name=\"author\" content=\"admin\" \/>\n<meta name=\"twitter:label1\" content=\"Scris de\" \/>\n\t<meta name=\"twitter:data1\" content=\"admin\" \/>\n\t<meta name=\"twitter:label2\" content=\"Timp estimat pentru citire\" \/>\n\t<meta name=\"twitter:data2\" content=\"1 minut\" \/>\n<script type=\"application\/ld+json\" class=\"yoast-schema-graph\">{\"@context\":\"https:\\\/\\\/schema.org\",\"@graph\":[{\"@type\":\"Article\",\"@id\":\"https:\\\/\\\/www.btv.md\\\/ro\\\/apicultorii-din-nordul-tarii-sunt-invatati-cum-sa-si-promoveze-produsul\\\/#article\",\"isPartOf\":{\"@id\":\"https:\\\/\\\/www.btv.md\\\/ro\\\/apicultorii-din-nordul-tarii-sunt-invatati-cum-sa-si-promoveze-produsul\\\/\"},\"author\":{\"name\":\"admin\",\"@id\":\"https:\\\/\\\/www.btv.md\\\/#\\\/schema\\\/person\\\/8fadce81561b3ce2c34c46dadc4ccbf2\"},\"headline\":\"APICULTORII DIN NORDUL \u021a\u0102RII SUNT \u00ceNV\u0102\u021aA\u021aI CUM S\u0102-\u0218I PROMOVEZE PRODUSUL\",\"datePublished\":\"2016-03-18T15:01:24+00:00\",\"mainEntityOfPage\":{\"@id\":\"https:\\\/\\\/www.btv.md\\\/ro\\\/apicultorii-din-nordul-tarii-sunt-invatati-cum-sa-si-promoveze-produsul\\\/\"},\"wordCount\":274,\"image\":{\"@id\":\"https:\\\/\\\/www.btv.md\\\/ro\\\/apicultorii-din-nordul-tarii-sunt-invatati-cum-sa-si-promoveze-produsul\\\/#primaryimage\"},\"thumbnailUrl\":\"https:\\\/\\\/www.btv.md\\\/wp-content\\\/uploads\\\/2016\\\/03\\\/seminar.png\",\"articleSection\":[\"Ora\u0219\"],\"inLanguage\":\"ro-RO\"},{\"@type\":\"WebPage\",\"@id\":\"https:\\\/\\\/www.btv.md\\\/ro\\\/apicultorii-din-nordul-tarii-sunt-invatati-cum-sa-si-promoveze-produsul\\\/\",\"url\":\"https:\\\/\\\/www.btv.md\\\/ro\\\/apicultorii-din-nordul-tarii-sunt-invatati-cum-sa-si-promoveze-produsul\\\/\",\"name\":\"APICULTORII DIN NORDUL \u021a\u0102RII SUNT \u00ceNV\u0102\u021aA\u021aI CUM S\u0102-\u0218I PROMOVEZE PRODUSUL - BTV\",\"isPartOf\":{\"@id\":\"https:\\\/\\\/www.btv.md\\\/#website\"},\"primaryImageOfPage\":{\"@id\":\"https:\\\/\\\/www.btv.md\\\/ro\\\/apicultorii-din-nordul-tarii-sunt-invatati-cum-sa-si-promoveze-produsul\\\/#primaryimage\"},\"image\":{\"@id\":\"https:\\\/\\\/www.btv.md\\\/ro\\\/apicultorii-din-nordul-tarii-sunt-invatati-cum-sa-si-promoveze-produsul\\\/#primaryimage\"},\"thumbnailUrl\":\"https:\\\/\\\/www.btv.md\\\/wp-content\\\/uploads\\\/2016\\\/03\\\/seminar.png\",\"datePublished\":\"2016-03-18T15:01:24+00:00\",\"author\":{\"@id\":\"https:\\\/\\\/www.btv.md\\\/#\\\/schema\\\/person\\\/8fadce81561b3ce2c34c46dadc4ccbf2\"},\"inLanguage\":\"ro-RO\",\"potentialAction\":[{\"@type\":\"ReadAction\",\"target\":[\"https:\\\/\\\/www.btv.md\\\/ro\\\/apicultorii-din-nordul-tarii-sunt-invatati-cum-sa-si-promoveze-produsul\\\/\"]}]},{\"@type\":\"ImageObject\",\"inLanguage\":\"ro-RO\",\"@id\":\"https:\\\/\\\/www.btv.md\\\/ro\\\/apicultorii-din-nordul-tarii-sunt-invatati-cum-sa-si-promoveze-produsul\\\/#primaryimage\",\"url\":\"https:\\\/\\\/www.btv.md\\\/wp-content\\\/uploads\\\/2016\\\/03\\\/seminar.png\",\"contentUrl\":\"https:\\\/\\\/www.btv.md\\\/wp-content\\\/uploads\\\/2016\\\/03\\\/seminar.png\",\"width\":1023,\"height\":575},{\"@type\":\"WebSite\",\"@id\":\"https:\\\/\\\/www.btv.md\\\/#website\",\"url\":\"https:\\\/\\\/www.btv.md\\\/\",\"name\":\"BTV\",\"description\":\"\u0411\u0435\u043b\u044c\u0446\u043a\u043e\u0435 \u0442\u0435\u043b\u0435\u0432\u0438\u0434\u0435\u043d\u0438\u0435\",\"potentialAction\":[{\"@type\":\"SearchAction\",\"target\":{\"@type\":\"EntryPoint\",\"urlTemplate\":\"https:\\\/\\\/www.btv.md\\\/?s={search_term_string}\"},\"query-input\":{\"@type\":\"PropertyValueSpecification\",\"valueRequired\":true,\"valueName\":\"search_term_string\"}}],\"inLanguage\":\"ro-RO\"},{\"@type\":\"Person\",\"@id\":\"https:\\\/\\\/www.btv.md\\\/#\\\/schema\\\/person\\\/8fadce81561b3ce2c34c46dadc4ccbf2\",\"name\":\"admin\"}]}<\/script>\n<!-- \/ Yoast SEO plugin. -->","yoast_head_json":{"title":"APICULTORII DIN NORDUL \u021a\u0102RII SUNT \u00ceNV\u0102\u021aA\u021aI CUM S\u0102-\u0218I PROMOVEZE PRODUSUL  - BTV","robots":{"index":"index","follow":"follow","max-snippet":"max-snippet:-1","max-image-preview":"max-image-preview:large","max-video-preview":"max-video-preview:-1"},"canonical":"https:\/\/www.btv.md\/ro\/apicultorii-din-nordul-tarii-sunt-invatati-cum-sa-si-promoveze-produsul\/","og_locale":"ro_RO","og_type":"article","og_title":"APICULTORII DIN NORDUL \u021a\u0102RII SUNT \u00ceNV\u0102\u021aA\u021aI CUM S\u0102-\u0218I PROMOVEZE PRODUSUL  - BTV","og_description":"Peste o sut\u0103 de cresc\u0103tori de albine au participat la cea de-a doua sesiune la seminarul \u201eAspecte vechi \u0219i noi \u00een biologia, nutri\u021bia \u0219i patologia albinelor\u201d, desf\u0103\u0219urat \u00een cadrul proiectului-pilot \u201eCrearea sistemului integrat de dezvoltare durabil\u0103 a sectorului apicol \u00een Regiunea de Dezvoltare Nord a Republicii Moldova\u201d. Stanislav Levin\u021b\u0103 se acup\u0103 de cre\u0219terea albinelor mai [&hellip;]","og_url":"https:\/\/www.btv.md\/ro\/apicultorii-din-nordul-tarii-sunt-invatati-cum-sa-si-promoveze-produsul\/","og_site_name":"BTV","article_publisher":"https:\/\/www.facebook.com\/btvmoldova\/","article_published_time":"2016-03-18T15:01:24+00:00","og_image":[{"width":1023,"height":575,"url":"https:\/\/www.btv.md\/wp-content\/uploads\/2016\/03\/seminar.png","type":"image\/png"}],"author":"admin","twitter_misc":{"Scris de":"admin","Timp estimat pentru citire":"1 minut"},"schema":{"@context":"https:\/\/schema.org","@graph":[{"@type":"Article","@id":"https:\/\/www.btv.md\/ro\/apicultorii-din-nordul-tarii-sunt-invatati-cum-sa-si-promoveze-produsul\/#article","isPartOf":{"@id":"https:\/\/www.btv.md\/ro\/apicultorii-din-nordul-tarii-sunt-invatati-cum-sa-si-promoveze-produsul\/"},"author":{"name":"admin","@id":"https:\/\/www.btv.md\/#\/schema\/person\/8fadce81561b3ce2c34c46dadc4ccbf2"},"headline":"APICULTORII DIN NORDUL \u021a\u0102RII SUNT \u00ceNV\u0102\u021aA\u021aI CUM S\u0102-\u0218I PROMOVEZE PRODUSUL","datePublished":"2016-03-18T15:01:24+00:00","mainEntityOfPage":{"@id":"https:\/\/www.btv.md\/ro\/apicultorii-din-nordul-tarii-sunt-invatati-cum-sa-si-promoveze-produsul\/"},"wordCount":274,"image":{"@id":"https:\/\/www.btv.md\/ro\/apicultorii-din-nordul-tarii-sunt-invatati-cum-sa-si-promoveze-produsul\/#primaryimage"},"thumbnailUrl":"https:\/\/www.btv.md\/wp-content\/uploads\/2016\/03\/seminar.png","articleSection":["Ora\u0219"],"inLanguage":"ro-RO"},{"@type":"WebPage","@id":"https:\/\/www.btv.md\/ro\/apicultorii-din-nordul-tarii-sunt-invatati-cum-sa-si-promoveze-produsul\/","url":"https:\/\/www.btv.md\/ro\/apicultorii-din-nordul-tarii-sunt-invatati-cum-sa-si-promoveze-produsul\/","name":"APICULTORII DIN NORDUL \u021a\u0102RII SUNT \u00ceNV\u0102\u021aA\u021aI CUM S\u0102-\u0218I PROMOVEZE PRODUSUL - BTV","isPartOf":{"@id":"https:\/\/www.btv.md\/#website"},"primaryImageOfPage":{"@id":"https:\/\/www.btv.md\/ro\/apicultorii-din-nordul-tarii-sunt-invatati-cum-sa-si-promoveze-produsul\/#primaryimage"},"image":{"@id":"https:\/\/www.btv.md\/ro\/apicultorii-din-nordul-tarii-sunt-invatati-cum-sa-si-promoveze-produsul\/#primaryimage"},"thumbnailUrl":"https:\/\/www.btv.md\/wp-content\/uploads\/2016\/03\/seminar.png","datePublished":"2016-03-18T15:01:24+00:00","author":{"@id":"https:\/\/www.btv.md\/#\/schema\/person\/8fadce81561b3ce2c34c46dadc4ccbf2"},"inLanguage":"ro-RO","potentialAction":[{"@type":"ReadAction","target":["https:\/\/www.btv.md\/ro\/apicultorii-din-nordul-tarii-sunt-invatati-cum-sa-si-promoveze-produsul\/"]}]},{"@type":"ImageObject","inLanguage":"ro-RO","@id":"https:\/\/www.btv.md\/ro\/apicultorii-din-nordul-tarii-sunt-invatati-cum-sa-si-promoveze-produsul\/#primaryimage","url":"https:\/\/www.btv.md\/wp-content\/uploads\/2016\/03\/seminar.png","contentUrl":"https:\/\/www.btv.md\/wp-content\/uploads\/2016\/03\/seminar.png","width":1023,"height":575},{"@type":"WebSite","@id":"https:\/\/www.btv.md\/#website","url":"https:\/\/www.btv.md\/","name":"BTV","description":"\u0411\u0435\u043b\u044c\u0446\u043a\u043e\u0435 \u0442\u0435\u043b\u0435\u0432\u0438\u0434\u0435\u043d\u0438\u0435","potentialAction":[{"@type":"SearchAction","target":{"@type":"EntryPoint","urlTemplate":"https:\/\/www.btv.md\/?s={search_term_string}"},"query-input":{"@type":"PropertyValueSpecification","valueRequired":true,"valueName":"search_term_string"}}],"inLanguage":"ro-RO"},{"@type":"Person","@id":"https:\/\/www.btv.md\/#\/schema\/person\/8fadce81561b3ce2c34c46dadc4ccbf2","name":"admin"}]}},"_links":{"self":[{"href":"https:\/\/www.btv.md\/ro\/wp-json\/wp\/v2\/posts\/9203","targetHints":{"allow":["GET"]}}],"collection":[{"href":"https:\/\/www.btv.md\/ro\/wp-json\/wp\/v2\/posts"}],"about":[{"href":"https:\/\/www.btv.md\/ro\/wp-json\/wp\/v2\/types\/post"}],"author":[{"embeddable":true,"href":"https:\/\/www.btv.md\/ro\/wp-json\/wp\/v2\/users\/4"}],"replies":[{"embeddable":true,"href":"https:\/\/www.btv.md\/ro\/wp-json\/wp\/v2\/comments?post=9203"}],"version-history":[{"count":0,"href":"https:\/\/www.btv.md\/ro\/wp-json\/wp\/v2\/posts\/9203\/revisions"}],"wp:featuredmedia":[{"embeddable":true,"href":"https:\/\/www.btv.md\/ro\/wp-json\/wp\/v2\/media\/9204"}],"wp:attachment":[{"href":"https:\/\/www.btv.md\/ro\/wp-json\/wp\/v2\/media?parent=9203"}],"wp:term":[{"taxonomy":"category","embeddable":true,"href":"https:\/\/www.btv.md\/ro\/wp-json\/wp\/v2\/categories?post=9203"},{"taxonomy":"post_tag","embeddable":true,"href":"https:\/\/www.btv.md\/ro\/wp-json\/wp\/v2\/tags?post=9203"}],"curies":[{"name":"wp","href":"https:\/\/api.w.org\/{rel}","templated":true}]}}