{"id":9209,"date":"2016-03-18T16:35:27","date_gmt":"2016-03-18T13:35:27","guid":{"rendered":"http:\/\/btv.md\/?p=9209"},"modified":"2016-03-18T18:08:44","modified_gmt":"2016-03-18T15:08:44","slug":"piata-serviciilor-postale-va-fi-liberalizata","status":"publish","type":"post","link":"https:\/\/www.btv.md\/ro\/piata-serviciilor-postale-va-fi-liberalizata\/","title":{"rendered":"PIA\u021aA  SERVICIILOR  PO\u0218TALE  VA  FI  LIBERALIZAT\u0102"},"content":{"rendered":"<p><strong>Legisla\u021bia na\u021bional\u0103 \u00een domeniul serviciilor po\u0219tale va fi armonizat\u0103 cu cea a Uniunii Europene, informeaz\u0103 NOI.md.<\/strong><\/p>\n<p>Un proiect de lege \u00een acest sens, care stabile\u0219te drepturile \u0219i obliga\u021biunile furnizorilor de servicii po\u0219tale, a fost votat  \u00een lectura a doua de Legislativ. Documentul prevede liberalizarea treptat\u0103 a pie\u021bei serviciilor po\u0219tale, oferind agen\u021bilor economici posibilitatea s\u0103 presteze acest tip de servicii.<\/p>\n<p>Potrivit proiectului, sub rezerva statului va r\u0103m\u00eene doar serviciul de trimitere a coresponden\u021bei cu limitele de greutate \u00een diapazonul 0-350 de grame. Ini\u021biativa mai prevede lansarea serviciului po\u0219tal universal, care creeaz\u0103 condi\u021biile necesare pentru furnizarea continu\u0103 a serviciilor po\u0219tale de calitate \u0219i la un pre\u021b accesibil \u00een toate localit\u0103\u021bile \u021b\u0103rii. \u00cen calitate de organ de reglementare a sectorului po\u015ftal va fi desemnat\u0103 Agen\u0163ia Na\u0163ional\u0103 pentru Reglementare \u00een Comunica\u0163ii Electronice \u015fi Tehnologia Informa\u0163iei.<\/p>\n<p>Preciz\u0103m c\u0103 adoptarea Legii po\u0219tei se \u00eenscrie \u00een Planul na\u021bional de ac\u021biuni privind implementarea Acordului de asociere cu UE.<\/p>\n","protected":false},"excerpt":{"rendered":"<p>Legisla\u021bia na\u021bional\u0103 \u00een domeniul serviciilor po\u0219tale va fi armonizat\u0103 cu cea a Uniunii Europene, informeaz\u0103 NOI.md. Un proiect de lege \u00een acest sens, care stabile\u0219te drepturile \u0219i obliga\u021biunile furnizorilor de servicii po\u0219tale, a fost votat \u00een lectura a doua de Legislativ. Documentul prevede liberalizarea treptat\u0103 a pie\u021bei serviciilor po\u0219tale, oferind agen\u021bilor economici posibilitatea s\u0103 presteze [&hellip;]<\/p>\n","protected":false},"author":4,"featured_media":9210,"comment_status":"closed","ping_status":"closed","sticky":false,"template":"","format":"standard","meta":{"footnotes":""},"categories":[6349],"tags":[],"class_list":["post-9209","post","type-post","status-publish","format-standard","has-post-thumbnail","hentry","category-social"],"yoast_head":"<!-- This site is optimized with the Yoast SEO plugin v27.4 - https:\/\/yoast.com\/product\/yoast-seo-wordpress\/ -->\n<title>PIA\u021aA SERVICIILOR PO\u0218TALE VA FI LIBERALIZAT\u0102  - BTV<\/title>\n<meta name=\"robots\" content=\"index, follow, max-snippet:-1, max-image-preview:large, max-video-preview:-1\" \/>\n<link rel=\"canonical\" href=\"https:\/\/www.btv.md\/ro\/piata-serviciilor-postale-va-fi-liberalizata\/\" \/>\n<meta property=\"og:locale\" content=\"ro_RO\" \/>\n<meta property=\"og:type\" content=\"article\" \/>\n<meta property=\"og:title\" content=\"PIA\u021aA SERVICIILOR PO\u0218TALE VA FI LIBERALIZAT\u0102  - BTV\" \/>\n<meta property=\"og:description\" content=\"Legisla\u021bia na\u021bional\u0103 \u00een domeniul serviciilor po\u0219tale va fi armonizat\u0103 cu cea a Uniunii Europene, informeaz\u0103 NOI.md. Un proiect de lege \u00een acest sens, care stabile\u0219te drepturile \u0219i obliga\u021biunile furnizorilor de servicii po\u0219tale, a fost votat \u00een lectura a doua de Legislativ. Documentul prevede liberalizarea treptat\u0103 a pie\u021bei serviciilor po\u0219tale, oferind agen\u021bilor economici posibilitatea s\u0103 presteze [&hellip;]\" \/>\n<meta property=\"og:url\" content=\"https:\/\/www.btv.md\/ro\/piata-serviciilor-postale-va-fi-liberalizata\/\" \/>\n<meta property=\"og:site_name\" content=\"BTV\" \/>\n<meta property=\"article:publisher\" content=\"https:\/\/www.facebook.com\/btvmoldova\/\" \/>\n<meta property=\"article:published_time\" content=\"2016-03-18T13:35:27+00:00\" \/>\n<meta property=\"article:modified_time\" content=\"2016-03-18T15:08:44+00:00\" \/>\n<meta property=\"og:image\" content=\"https:\/\/www.btv.md\/wp-content\/uploads\/2016\/03\/images-5.jpg\" \/>\n\t<meta property=\"og:image:width\" content=\"275\" \/>\n\t<meta property=\"og:image:height\" content=\"183\" \/>\n\t<meta property=\"og:image:type\" content=\"image\/jpeg\" \/>\n<meta name=\"author\" content=\"admin\" \/>\n<meta name=\"twitter:label1\" content=\"Scris de\" \/>\n\t<meta name=\"twitter:data1\" content=\"admin\" \/>\n\t<meta name=\"twitter:label2\" content=\"Timp estimat pentru citire\" \/>\n\t<meta name=\"twitter:data2\" content=\"1 minut\" \/>\n<script type=\"application\/ld+json\" class=\"yoast-schema-graph\">{\"@context\":\"https:\\\/\\\/schema.org\",\"@graph\":[{\"@type\":\"Article\",\"@id\":\"https:\\\/\\\/www.btv.md\\\/ro\\\/piata-serviciilor-postale-va-fi-liberalizata\\\/#article\",\"isPartOf\":{\"@id\":\"https:\\\/\\\/www.btv.md\\\/ro\\\/piata-serviciilor-postale-va-fi-liberalizata\\\/\"},\"author\":{\"name\":\"admin\",\"@id\":\"https:\\\/\\\/www.btv.md\\\/#\\\/schema\\\/person\\\/8fadce81561b3ce2c34c46dadc4ccbf2\"},\"headline\":\"PIA\u021aA SERVICIILOR PO\u0218TALE VA FI LIBERALIZAT\u0102\",\"datePublished\":\"2016-03-18T13:35:27+00:00\",\"dateModified\":\"2016-03-18T15:08:44+00:00\",\"mainEntityOfPage\":{\"@id\":\"https:\\\/\\\/www.btv.md\\\/ro\\\/piata-serviciilor-postale-va-fi-liberalizata\\\/\"},\"wordCount\":185,\"image\":{\"@id\":\"https:\\\/\\\/www.btv.md\\\/ro\\\/piata-serviciilor-postale-va-fi-liberalizata\\\/#primaryimage\"},\"thumbnailUrl\":\"https:\\\/\\\/www.btv.md\\\/wp-content\\\/uploads\\\/2016\\\/03\\\/images-5.jpg\",\"articleSection\":[\"Social\"],\"inLanguage\":\"ro-RO\"},{\"@type\":\"WebPage\",\"@id\":\"https:\\\/\\\/www.btv.md\\\/ro\\\/piata-serviciilor-postale-va-fi-liberalizata\\\/\",\"url\":\"https:\\\/\\\/www.btv.md\\\/ro\\\/piata-serviciilor-postale-va-fi-liberalizata\\\/\",\"name\":\"PIA\u021aA SERVICIILOR PO\u0218TALE VA FI LIBERALIZAT\u0102 - BTV\",\"isPartOf\":{\"@id\":\"https:\\\/\\\/www.btv.md\\\/#website\"},\"primaryImageOfPage\":{\"@id\":\"https:\\\/\\\/www.btv.md\\\/ro\\\/piata-serviciilor-postale-va-fi-liberalizata\\\/#primaryimage\"},\"image\":{\"@id\":\"https:\\\/\\\/www.btv.md\\\/ro\\\/piata-serviciilor-postale-va-fi-liberalizata\\\/#primaryimage\"},\"thumbnailUrl\":\"https:\\\/\\\/www.btv.md\\\/wp-content\\\/uploads\\\/2016\\\/03\\\/images-5.jpg\",\"datePublished\":\"2016-03-18T13:35:27+00:00\",\"dateModified\":\"2016-03-18T15:08:44+00:00\",\"author\":{\"@id\":\"https:\\\/\\\/www.btv.md\\\/#\\\/schema\\\/person\\\/8fadce81561b3ce2c34c46dadc4ccbf2\"},\"inLanguage\":\"ro-RO\",\"potentialAction\":[{\"@type\":\"ReadAction\",\"target\":[\"https:\\\/\\\/www.btv.md\\\/ro\\\/piata-serviciilor-postale-va-fi-liberalizata\\\/\"]}]},{\"@type\":\"ImageObject\",\"inLanguage\":\"ro-RO\",\"@id\":\"https:\\\/\\\/www.btv.md\\\/ro\\\/piata-serviciilor-postale-va-fi-liberalizata\\\/#primaryimage\",\"url\":\"https:\\\/\\\/www.btv.md\\\/wp-content\\\/uploads\\\/2016\\\/03\\\/images-5.jpg\",\"contentUrl\":\"https:\\\/\\\/www.btv.md\\\/wp-content\\\/uploads\\\/2016\\\/03\\\/images-5.jpg\",\"width\":275,\"height\":183,\"caption\":\"tv7.md\"},{\"@type\":\"WebSite\",\"@id\":\"https:\\\/\\\/www.btv.md\\\/#website\",\"url\":\"https:\\\/\\\/www.btv.md\\\/\",\"name\":\"BTV\",\"description\":\"\u0411\u0435\u043b\u044c\u0446\u043a\u043e\u0435 \u0442\u0435\u043b\u0435\u0432\u0438\u0434\u0435\u043d\u0438\u0435\",\"potentialAction\":[{\"@type\":\"SearchAction\",\"target\":{\"@type\":\"EntryPoint\",\"urlTemplate\":\"https:\\\/\\\/www.btv.md\\\/?s={search_term_string}\"},\"query-input\":{\"@type\":\"PropertyValueSpecification\",\"valueRequired\":true,\"valueName\":\"search_term_string\"}}],\"inLanguage\":\"ro-RO\"},{\"@type\":\"Person\",\"@id\":\"https:\\\/\\\/www.btv.md\\\/#\\\/schema\\\/person\\\/8fadce81561b3ce2c34c46dadc4ccbf2\",\"name\":\"admin\"}]}<\/script>\n<!-- \/ Yoast SEO plugin. -->","yoast_head_json":{"title":"PIA\u021aA SERVICIILOR PO\u0218TALE VA FI LIBERALIZAT\u0102  - BTV","robots":{"index":"index","follow":"follow","max-snippet":"max-snippet:-1","max-image-preview":"max-image-preview:large","max-video-preview":"max-video-preview:-1"},"canonical":"https:\/\/www.btv.md\/ro\/piata-serviciilor-postale-va-fi-liberalizata\/","og_locale":"ro_RO","og_type":"article","og_title":"PIA\u021aA SERVICIILOR PO\u0218TALE VA FI LIBERALIZAT\u0102  - BTV","og_description":"Legisla\u021bia na\u021bional\u0103 \u00een domeniul serviciilor po\u0219tale va fi armonizat\u0103 cu cea a Uniunii Europene, informeaz\u0103 NOI.md. Un proiect de lege \u00een acest sens, care stabile\u0219te drepturile \u0219i obliga\u021biunile furnizorilor de servicii po\u0219tale, a fost votat \u00een lectura a doua de Legislativ. Documentul prevede liberalizarea treptat\u0103 a pie\u021bei serviciilor po\u0219tale, oferind agen\u021bilor economici posibilitatea s\u0103 presteze [&hellip;]","og_url":"https:\/\/www.btv.md\/ro\/piata-serviciilor-postale-va-fi-liberalizata\/","og_site_name":"BTV","article_publisher":"https:\/\/www.facebook.com\/btvmoldova\/","article_published_time":"2016-03-18T13:35:27+00:00","article_modified_time":"2016-03-18T15:08:44+00:00","og_image":[{"width":275,"height":183,"url":"https:\/\/www.btv.md\/wp-content\/uploads\/2016\/03\/images-5.jpg","type":"image\/jpeg"}],"author":"admin","twitter_misc":{"Scris de":"admin","Timp estimat pentru citire":"1 minut"},"schema":{"@context":"https:\/\/schema.org","@graph":[{"@type":"Article","@id":"https:\/\/www.btv.md\/ro\/piata-serviciilor-postale-va-fi-liberalizata\/#article","isPartOf":{"@id":"https:\/\/www.btv.md\/ro\/piata-serviciilor-postale-va-fi-liberalizata\/"},"author":{"name":"admin","@id":"https:\/\/www.btv.md\/#\/schema\/person\/8fadce81561b3ce2c34c46dadc4ccbf2"},"headline":"PIA\u021aA SERVICIILOR PO\u0218TALE VA FI LIBERALIZAT\u0102","datePublished":"2016-03-18T13:35:27+00:00","dateModified":"2016-03-18T15:08:44+00:00","mainEntityOfPage":{"@id":"https:\/\/www.btv.md\/ro\/piata-serviciilor-postale-va-fi-liberalizata\/"},"wordCount":185,"image":{"@id":"https:\/\/www.btv.md\/ro\/piata-serviciilor-postale-va-fi-liberalizata\/#primaryimage"},"thumbnailUrl":"https:\/\/www.btv.md\/wp-content\/uploads\/2016\/03\/images-5.jpg","articleSection":["Social"],"inLanguage":"ro-RO"},{"@type":"WebPage","@id":"https:\/\/www.btv.md\/ro\/piata-serviciilor-postale-va-fi-liberalizata\/","url":"https:\/\/www.btv.md\/ro\/piata-serviciilor-postale-va-fi-liberalizata\/","name":"PIA\u021aA SERVICIILOR PO\u0218TALE VA FI LIBERALIZAT\u0102 - BTV","isPartOf":{"@id":"https:\/\/www.btv.md\/#website"},"primaryImageOfPage":{"@id":"https:\/\/www.btv.md\/ro\/piata-serviciilor-postale-va-fi-liberalizata\/#primaryimage"},"image":{"@id":"https:\/\/www.btv.md\/ro\/piata-serviciilor-postale-va-fi-liberalizata\/#primaryimage"},"thumbnailUrl":"https:\/\/www.btv.md\/wp-content\/uploads\/2016\/03\/images-5.jpg","datePublished":"2016-03-18T13:35:27+00:00","dateModified":"2016-03-18T15:08:44+00:00","author":{"@id":"https:\/\/www.btv.md\/#\/schema\/person\/8fadce81561b3ce2c34c46dadc4ccbf2"},"inLanguage":"ro-RO","potentialAction":[{"@type":"ReadAction","target":["https:\/\/www.btv.md\/ro\/piata-serviciilor-postale-va-fi-liberalizata\/"]}]},{"@type":"ImageObject","inLanguage":"ro-RO","@id":"https:\/\/www.btv.md\/ro\/piata-serviciilor-postale-va-fi-liberalizata\/#primaryimage","url":"https:\/\/www.btv.md\/wp-content\/uploads\/2016\/03\/images-5.jpg","contentUrl":"https:\/\/www.btv.md\/wp-content\/uploads\/2016\/03\/images-5.jpg","width":275,"height":183,"caption":"tv7.md"},{"@type":"WebSite","@id":"https:\/\/www.btv.md\/#website","url":"https:\/\/www.btv.md\/","name":"BTV","description":"\u0411\u0435\u043b\u044c\u0446\u043a\u043e\u0435 \u0442\u0435\u043b\u0435\u0432\u0438\u0434\u0435\u043d\u0438\u0435","potentialAction":[{"@type":"SearchAction","target":{"@type":"EntryPoint","urlTemplate":"https:\/\/www.btv.md\/?s={search_term_string}"},"query-input":{"@type":"PropertyValueSpecification","valueRequired":true,"valueName":"search_term_string"}}],"inLanguage":"ro-RO"},{"@type":"Person","@id":"https:\/\/www.btv.md\/#\/schema\/person\/8fadce81561b3ce2c34c46dadc4ccbf2","name":"admin"}]}},"_links":{"self":[{"href":"https:\/\/www.btv.md\/ro\/wp-json\/wp\/v2\/posts\/9209","targetHints":{"allow":["GET"]}}],"collection":[{"href":"https:\/\/www.btv.md\/ro\/wp-json\/wp\/v2\/posts"}],"about":[{"href":"https:\/\/www.btv.md\/ro\/wp-json\/wp\/v2\/types\/post"}],"author":[{"embeddable":true,"href":"https:\/\/www.btv.md\/ro\/wp-json\/wp\/v2\/users\/4"}],"replies":[{"embeddable":true,"href":"https:\/\/www.btv.md\/ro\/wp-json\/wp\/v2\/comments?post=9209"}],"version-history":[{"count":0,"href":"https:\/\/www.btv.md\/ro\/wp-json\/wp\/v2\/posts\/9209\/revisions"}],"wp:featuredmedia":[{"embeddable":true,"href":"https:\/\/www.btv.md\/ro\/wp-json\/wp\/v2\/media\/9210"}],"wp:attachment":[{"href":"https:\/\/www.btv.md\/ro\/wp-json\/wp\/v2\/media?parent=9209"}],"wp:term":[{"taxonomy":"category","embeddable":true,"href":"https:\/\/www.btv.md\/ro\/wp-json\/wp\/v2\/categories?post=9209"},{"taxonomy":"post_tag","embeddable":true,"href":"https:\/\/www.btv.md\/ro\/wp-json\/wp\/v2\/tags?post=9209"}],"curies":[{"name":"wp","href":"https:\/\/api.w.org\/{rel}","templated":true}]}}