{"id":9213,"date":"2016-03-18T16:40:09","date_gmt":"2016-03-18T13:40:09","guid":{"rendered":"http:\/\/btv.md\/?p=9213"},"modified":"2016-03-18T18:12:33","modified_gmt":"2016-03-18T15:12:33","slug":"ucraina-ar-putea-introduce-embargo-pentru-produsele-din-moldova","status":"publish","type":"post","link":"https:\/\/www.btv.md\/ro\/ucraina-ar-putea-introduce-embargo-pentru-produsele-din-moldova\/","title":{"rendered":"UCRAINA  AR  PUTEA  INTRODUCE  EMBARGO   PENTRU  PRODUSELE   DIN  MOLDOVA"},"content":{"rendered":"<p><strong>Ucraina este dispus\u0103 s\u0103 introduc\u0103 embargo asupra importului de produse moldovene\u015fti \u00een cazul \u00een care Moldova va \u00eenchide pia\u0163a sa pentru lactatele ucrainene, noteaz\u0103 <a href=\"http:\/\/www.noi.md\/md\/news_id\/80965\" target=\"_blank\">NOI.md<\/a>.<\/strong><\/p>\n<p>Potrivit presei ucrainene, anun\u021bul a fost f\u0103cut de c\u0103tre ministrul Politicii Agrare \u015fi Alimenta\u0163iei al Ucrainei, Alexei Pavlenko, \u00een cadrul discursului s\u0103u \u00een fa\u0163a Asocia\u0163iei Europene de Afaceri a Ucrainei.<\/p>\n<p>El a precizat c\u0103 introducerea de c\u0103tre Moldova a taxelor de import asupra produselor lactate fabricate \u00een Ucraina, solicitat\u0103 conducerii \u0163\u0103rii de c\u0103tre produc\u0103torii de lapte moldoveni, o va determina pe Ucraina s\u0103 depun\u0103 pl\u00eengere la Organiza\u0163ia Mondial\u0103 a Comer\u0163ului \u015fi s\u0103 aplice bariere comerciale similare nu doar pentru produsele lactate moldovene\u015fti, ci \u015fi pentru alte categorii de produse.<\/p>\n<p>Acesta a mai spus c\u0103, acum, de chestiunea privind eventuala introducere a taxelor la produsele ucrainene \u00een Moldova se ocup\u0103 Ministerul Afacerilor Externe al Ucrainei \u015fi m\u0103surile sus-men\u0163ionate vor fi aplicate doar \u00een caz dac\u0103 MAE nu va g\u0103si limbaj comun cu organele competente din Moldova \u00een ceea ce prive\u015fte condi\u0163iile de comercializare.<\/p>\n<p>De men\u0163ionat c\u0103 produc\u0103torii moldoveni de produse lactate s\u00eent \u00eengrijora\u0163i de afluxul de lactate ucrainene \u015fi solicit\u0103 autorit\u0103\u0163ilor s\u0103 protejeze la nivel legislativ pia\u0163a intern\u0103 de importul din Ucraina, stabilind taxe speciale \u00een vederea ieftinirii produselor autohtone \u00een raport cu cele ucrainene.<\/p>\n","protected":false},"excerpt":{"rendered":"<p>Ucraina este dispus\u0103 s\u0103 introduc\u0103 embargo asupra importului de produse moldovene\u015fti \u00een cazul \u00een care Moldova va \u00eenchide pia\u0163a sa pentru lactatele ucrainene, noteaz\u0103 NOI.md. Potrivit presei ucrainene, anun\u021bul a fost f\u0103cut de c\u0103tre ministrul Politicii Agrare \u015fi Alimenta\u0163iei al Ucrainei, Alexei Pavlenko, \u00een cadrul discursului s\u0103u \u00een fa\u0163a Asocia\u0163iei Europene de Afaceri a Ucrainei. [&hellip;]<\/p>\n","protected":false},"author":4,"featured_media":9214,"comment_status":"closed","ping_status":"closed","sticky":false,"template":"","format":"standard","meta":{"footnotes":""},"categories":[6369],"tags":[],"class_list":["post-9213","post","type-post","status-publish","format-standard","has-post-thumbnail","hentry","category-economie-ro"],"yoast_head":"<!-- This site is optimized with the Yoast SEO plugin v27.4 - https:\/\/yoast.com\/product\/yoast-seo-wordpress\/ -->\n<title>UCRAINA AR PUTEA INTRODUCE EMBARGO  PENTRU PRODUSELE  DIN MOLDOVA - BTV<\/title>\n<meta name=\"robots\" content=\"index, follow, max-snippet:-1, max-image-preview:large, max-video-preview:-1\" \/>\n<link rel=\"canonical\" href=\"https:\/\/www.btv.md\/ro\/ucraina-ar-putea-introduce-embargo-pentru-produsele-din-moldova\/\" \/>\n<meta property=\"og:locale\" content=\"ro_RO\" \/>\n<meta property=\"og:type\" content=\"article\" \/>\n<meta property=\"og:title\" content=\"UCRAINA AR PUTEA INTRODUCE EMBARGO  PENTRU PRODUSELE  DIN MOLDOVA - BTV\" \/>\n<meta property=\"og:description\" content=\"Ucraina este dispus\u0103 s\u0103 introduc\u0103 embargo asupra importului de produse moldovene\u015fti \u00een cazul \u00een care Moldova va \u00eenchide pia\u0163a sa pentru lactatele ucrainene, noteaz\u0103 NOI.md. Potrivit presei ucrainene, anun\u021bul a fost f\u0103cut de c\u0103tre ministrul Politicii Agrare \u015fi Alimenta\u0163iei al Ucrainei, Alexei Pavlenko, \u00een cadrul discursului s\u0103u \u00een fa\u0163a Asocia\u0163iei Europene de Afaceri a Ucrainei. [&hellip;]\" \/>\n<meta property=\"og:url\" content=\"https:\/\/www.btv.md\/ro\/ucraina-ar-putea-introduce-embargo-pentru-produsele-din-moldova\/\" \/>\n<meta property=\"og:site_name\" content=\"BTV\" \/>\n<meta property=\"article:publisher\" content=\"https:\/\/www.facebook.com\/btvmoldova\/\" \/>\n<meta property=\"article:published_time\" content=\"2016-03-18T13:40:09+00:00\" \/>\n<meta property=\"article:modified_time\" content=\"2016-03-18T15:12:33+00:00\" \/>\n<meta property=\"og:image\" content=\"https:\/\/www.btv.md\/wp-content\/uploads\/2016\/03\/47_Mircea_cel_Batrin_9.jpg\" \/>\n\t<meta property=\"og:image:width\" content=\"800\" \/>\n\t<meta property=\"og:image:height\" content=\"600\" \/>\n\t<meta property=\"og:image:type\" content=\"image\/jpeg\" \/>\n<meta name=\"author\" content=\"admin\" \/>\n<meta name=\"twitter:label1\" content=\"Scris de\" \/>\n\t<meta name=\"twitter:data1\" content=\"admin\" \/>\n\t<meta name=\"twitter:label2\" content=\"Timp estimat pentru citire\" \/>\n\t<meta name=\"twitter:data2\" content=\"1 minut\" \/>\n<script type=\"application\/ld+json\" class=\"yoast-schema-graph\">{\"@context\":\"https:\\\/\\\/schema.org\",\"@graph\":[{\"@type\":\"Article\",\"@id\":\"https:\\\/\\\/www.btv.md\\\/ro\\\/ucraina-ar-putea-introduce-embargo-pentru-produsele-din-moldova\\\/#article\",\"isPartOf\":{\"@id\":\"https:\\\/\\\/www.btv.md\\\/ro\\\/ucraina-ar-putea-introduce-embargo-pentru-produsele-din-moldova\\\/\"},\"author\":{\"name\":\"admin\",\"@id\":\"https:\\\/\\\/www.btv.md\\\/#\\\/schema\\\/person\\\/8fadce81561b3ce2c34c46dadc4ccbf2\"},\"headline\":\"UCRAINA AR PUTEA INTRODUCE EMBARGO PENTRU PRODUSELE DIN MOLDOVA\",\"datePublished\":\"2016-03-18T13:40:09+00:00\",\"dateModified\":\"2016-03-18T15:12:33+00:00\",\"mainEntityOfPage\":{\"@id\":\"https:\\\/\\\/www.btv.md\\\/ro\\\/ucraina-ar-putea-introduce-embargo-pentru-produsele-din-moldova\\\/\"},\"wordCount\":246,\"image\":{\"@id\":\"https:\\\/\\\/www.btv.md\\\/ro\\\/ucraina-ar-putea-introduce-embargo-pentru-produsele-din-moldova\\\/#primaryimage\"},\"thumbnailUrl\":\"https:\\\/\\\/www.btv.md\\\/wp-content\\\/uploads\\\/2016\\\/03\\\/47_Mircea_cel_Batrin_9.jpg\",\"articleSection\":[\"Economie\"],\"inLanguage\":\"ro-RO\"},{\"@type\":\"WebPage\",\"@id\":\"https:\\\/\\\/www.btv.md\\\/ro\\\/ucraina-ar-putea-introduce-embargo-pentru-produsele-din-moldova\\\/\",\"url\":\"https:\\\/\\\/www.btv.md\\\/ro\\\/ucraina-ar-putea-introduce-embargo-pentru-produsele-din-moldova\\\/\",\"name\":\"UCRAINA AR PUTEA INTRODUCE EMBARGO PENTRU PRODUSELE DIN MOLDOVA - BTV\",\"isPartOf\":{\"@id\":\"https:\\\/\\\/www.btv.md\\\/#website\"},\"primaryImageOfPage\":{\"@id\":\"https:\\\/\\\/www.btv.md\\\/ro\\\/ucraina-ar-putea-introduce-embargo-pentru-produsele-din-moldova\\\/#primaryimage\"},\"image\":{\"@id\":\"https:\\\/\\\/www.btv.md\\\/ro\\\/ucraina-ar-putea-introduce-embargo-pentru-produsele-din-moldova\\\/#primaryimage\"},\"thumbnailUrl\":\"https:\\\/\\\/www.btv.md\\\/wp-content\\\/uploads\\\/2016\\\/03\\\/47_Mircea_cel_Batrin_9.jpg\",\"datePublished\":\"2016-03-18T13:40:09+00:00\",\"dateModified\":\"2016-03-18T15:12:33+00:00\",\"author\":{\"@id\":\"https:\\\/\\\/www.btv.md\\\/#\\\/schema\\\/person\\\/8fadce81561b3ce2c34c46dadc4ccbf2\"},\"inLanguage\":\"ro-RO\",\"potentialAction\":[{\"@type\":\"ReadAction\",\"target\":[\"https:\\\/\\\/www.btv.md\\\/ro\\\/ucraina-ar-putea-introduce-embargo-pentru-produsele-din-moldova\\\/\"]}]},{\"@type\":\"ImageObject\",\"inLanguage\":\"ro-RO\",\"@id\":\"https:\\\/\\\/www.btv.md\\\/ro\\\/ucraina-ar-putea-introduce-embargo-pentru-produsele-din-moldova\\\/#primaryimage\",\"url\":\"https:\\\/\\\/www.btv.md\\\/wp-content\\\/uploads\\\/2016\\\/03\\\/47_Mircea_cel_Batrin_9.jpg\",\"contentUrl\":\"https:\\\/\\\/www.btv.md\\\/wp-content\\\/uploads\\\/2016\\\/03\\\/47_Mircea_cel_Batrin_9.jpg\",\"width\":800,\"height\":600,\"caption\":\"www.noi.md\"},{\"@type\":\"WebSite\",\"@id\":\"https:\\\/\\\/www.btv.md\\\/#website\",\"url\":\"https:\\\/\\\/www.btv.md\\\/\",\"name\":\"BTV\",\"description\":\"\u0411\u0435\u043b\u044c\u0446\u043a\u043e\u0435 \u0442\u0435\u043b\u0435\u0432\u0438\u0434\u0435\u043d\u0438\u0435\",\"potentialAction\":[{\"@type\":\"SearchAction\",\"target\":{\"@type\":\"EntryPoint\",\"urlTemplate\":\"https:\\\/\\\/www.btv.md\\\/?s={search_term_string}\"},\"query-input\":{\"@type\":\"PropertyValueSpecification\",\"valueRequired\":true,\"valueName\":\"search_term_string\"}}],\"inLanguage\":\"ro-RO\"},{\"@type\":\"Person\",\"@id\":\"https:\\\/\\\/www.btv.md\\\/#\\\/schema\\\/person\\\/8fadce81561b3ce2c34c46dadc4ccbf2\",\"name\":\"admin\"}]}<\/script>\n<!-- \/ Yoast SEO plugin. -->","yoast_head_json":{"title":"UCRAINA AR PUTEA INTRODUCE EMBARGO  PENTRU PRODUSELE  DIN MOLDOVA - BTV","robots":{"index":"index","follow":"follow","max-snippet":"max-snippet:-1","max-image-preview":"max-image-preview:large","max-video-preview":"max-video-preview:-1"},"canonical":"https:\/\/www.btv.md\/ro\/ucraina-ar-putea-introduce-embargo-pentru-produsele-din-moldova\/","og_locale":"ro_RO","og_type":"article","og_title":"UCRAINA AR PUTEA INTRODUCE EMBARGO  PENTRU PRODUSELE  DIN MOLDOVA - BTV","og_description":"Ucraina este dispus\u0103 s\u0103 introduc\u0103 embargo asupra importului de produse moldovene\u015fti \u00een cazul \u00een care Moldova va \u00eenchide pia\u0163a sa pentru lactatele ucrainene, noteaz\u0103 NOI.md. Potrivit presei ucrainene, anun\u021bul a fost f\u0103cut de c\u0103tre ministrul Politicii Agrare \u015fi Alimenta\u0163iei al Ucrainei, Alexei Pavlenko, \u00een cadrul discursului s\u0103u \u00een fa\u0163a Asocia\u0163iei Europene de Afaceri a Ucrainei. [&hellip;]","og_url":"https:\/\/www.btv.md\/ro\/ucraina-ar-putea-introduce-embargo-pentru-produsele-din-moldova\/","og_site_name":"BTV","article_publisher":"https:\/\/www.facebook.com\/btvmoldova\/","article_published_time":"2016-03-18T13:40:09+00:00","article_modified_time":"2016-03-18T15:12:33+00:00","og_image":[{"width":800,"height":600,"url":"https:\/\/www.btv.md\/wp-content\/uploads\/2016\/03\/47_Mircea_cel_Batrin_9.jpg","type":"image\/jpeg"}],"author":"admin","twitter_misc":{"Scris de":"admin","Timp estimat pentru citire":"1 minut"},"schema":{"@context":"https:\/\/schema.org","@graph":[{"@type":"Article","@id":"https:\/\/www.btv.md\/ro\/ucraina-ar-putea-introduce-embargo-pentru-produsele-din-moldova\/#article","isPartOf":{"@id":"https:\/\/www.btv.md\/ro\/ucraina-ar-putea-introduce-embargo-pentru-produsele-din-moldova\/"},"author":{"name":"admin","@id":"https:\/\/www.btv.md\/#\/schema\/person\/8fadce81561b3ce2c34c46dadc4ccbf2"},"headline":"UCRAINA AR PUTEA INTRODUCE EMBARGO PENTRU PRODUSELE DIN MOLDOVA","datePublished":"2016-03-18T13:40:09+00:00","dateModified":"2016-03-18T15:12:33+00:00","mainEntityOfPage":{"@id":"https:\/\/www.btv.md\/ro\/ucraina-ar-putea-introduce-embargo-pentru-produsele-din-moldova\/"},"wordCount":246,"image":{"@id":"https:\/\/www.btv.md\/ro\/ucraina-ar-putea-introduce-embargo-pentru-produsele-din-moldova\/#primaryimage"},"thumbnailUrl":"https:\/\/www.btv.md\/wp-content\/uploads\/2016\/03\/47_Mircea_cel_Batrin_9.jpg","articleSection":["Economie"],"inLanguage":"ro-RO"},{"@type":"WebPage","@id":"https:\/\/www.btv.md\/ro\/ucraina-ar-putea-introduce-embargo-pentru-produsele-din-moldova\/","url":"https:\/\/www.btv.md\/ro\/ucraina-ar-putea-introduce-embargo-pentru-produsele-din-moldova\/","name":"UCRAINA AR PUTEA INTRODUCE EMBARGO PENTRU PRODUSELE DIN MOLDOVA - BTV","isPartOf":{"@id":"https:\/\/www.btv.md\/#website"},"primaryImageOfPage":{"@id":"https:\/\/www.btv.md\/ro\/ucraina-ar-putea-introduce-embargo-pentru-produsele-din-moldova\/#primaryimage"},"image":{"@id":"https:\/\/www.btv.md\/ro\/ucraina-ar-putea-introduce-embargo-pentru-produsele-din-moldova\/#primaryimage"},"thumbnailUrl":"https:\/\/www.btv.md\/wp-content\/uploads\/2016\/03\/47_Mircea_cel_Batrin_9.jpg","datePublished":"2016-03-18T13:40:09+00:00","dateModified":"2016-03-18T15:12:33+00:00","author":{"@id":"https:\/\/www.btv.md\/#\/schema\/person\/8fadce81561b3ce2c34c46dadc4ccbf2"},"inLanguage":"ro-RO","potentialAction":[{"@type":"ReadAction","target":["https:\/\/www.btv.md\/ro\/ucraina-ar-putea-introduce-embargo-pentru-produsele-din-moldova\/"]}]},{"@type":"ImageObject","inLanguage":"ro-RO","@id":"https:\/\/www.btv.md\/ro\/ucraina-ar-putea-introduce-embargo-pentru-produsele-din-moldova\/#primaryimage","url":"https:\/\/www.btv.md\/wp-content\/uploads\/2016\/03\/47_Mircea_cel_Batrin_9.jpg","contentUrl":"https:\/\/www.btv.md\/wp-content\/uploads\/2016\/03\/47_Mircea_cel_Batrin_9.jpg","width":800,"height":600,"caption":"www.noi.md"},{"@type":"WebSite","@id":"https:\/\/www.btv.md\/#website","url":"https:\/\/www.btv.md\/","name":"BTV","description":"\u0411\u0435\u043b\u044c\u0446\u043a\u043e\u0435 \u0442\u0435\u043b\u0435\u0432\u0438\u0434\u0435\u043d\u0438\u0435","potentialAction":[{"@type":"SearchAction","target":{"@type":"EntryPoint","urlTemplate":"https:\/\/www.btv.md\/?s={search_term_string}"},"query-input":{"@type":"PropertyValueSpecification","valueRequired":true,"valueName":"search_term_string"}}],"inLanguage":"ro-RO"},{"@type":"Person","@id":"https:\/\/www.btv.md\/#\/schema\/person\/8fadce81561b3ce2c34c46dadc4ccbf2","name":"admin"}]}},"_links":{"self":[{"href":"https:\/\/www.btv.md\/ro\/wp-json\/wp\/v2\/posts\/9213","targetHints":{"allow":["GET"]}}],"collection":[{"href":"https:\/\/www.btv.md\/ro\/wp-json\/wp\/v2\/posts"}],"about":[{"href":"https:\/\/www.btv.md\/ro\/wp-json\/wp\/v2\/types\/post"}],"author":[{"embeddable":true,"href":"https:\/\/www.btv.md\/ro\/wp-json\/wp\/v2\/users\/4"}],"replies":[{"embeddable":true,"href":"https:\/\/www.btv.md\/ro\/wp-json\/wp\/v2\/comments?post=9213"}],"version-history":[{"count":0,"href":"https:\/\/www.btv.md\/ro\/wp-json\/wp\/v2\/posts\/9213\/revisions"}],"wp:featuredmedia":[{"embeddable":true,"href":"https:\/\/www.btv.md\/ro\/wp-json\/wp\/v2\/media\/9214"}],"wp:attachment":[{"href":"https:\/\/www.btv.md\/ro\/wp-json\/wp\/v2\/media?parent=9213"}],"wp:term":[{"taxonomy":"category","embeddable":true,"href":"https:\/\/www.btv.md\/ro\/wp-json\/wp\/v2\/categories?post=9213"},{"taxonomy":"post_tag","embeddable":true,"href":"https:\/\/www.btv.md\/ro\/wp-json\/wp\/v2\/tags?post=9213"}],"curies":[{"name":"wp","href":"https:\/\/api.w.org\/{rel}","templated":true}]}}