{"id":9216,"date":"2016-03-18T16:45:49","date_gmt":"2016-03-18T13:45:49","guid":{"rendered":"http:\/\/btv.md\/?p=9216"},"modified":"2016-03-18T18:17:22","modified_gmt":"2016-03-18T15:17:22","slug":"cand-angajatii-cfm-isi-vor-primi-salariul","status":"publish","type":"post","link":"https:\/\/www.btv.md\/ro\/cand-angajatii-cfm-isi-vor-primi-salariul\/","title":{"rendered":"C\u00c2ND  ANGAJA\u021aII  CFM  \u00ce\u0218I  VOR  PRIMI  SALARIUL ?"},"content":{"rendered":"<p><strong>Restan\u021bele salariale fa\u021b\u0103 de angaja\u021bii \u00centreprinderii de Stat \u201eCalea Ferat\u0103 din Moldova\u201d urmeaz\u0103 s\u0103 fie achitate integral p\u00een\u0103 la 1 iulie 2016.<\/strong><\/p>\n<p>Acordul respectiv a fost semnat de administra\u021bia C\u0103ii Ferate  din Moldova cu Federa\u021bia Sindicatului Feroviarilor din Moldova. P\u00een\u0103 \u00een prezent perioada de restan\u021be s-a mic\u0219orat de la 8-9 luni la 3 luni. Acest fapt a fost relevat de c\u0103tre viceministrul Transporturilor \u0219i Infrastructurii Drumurilor, Sergiu Buc\u0103taru, \u00een cadrul \u00eentrevederii cu feroviarii la Basarabeasca, relateaz\u0103 <a href=\"http:\/\/www.noi.md\/md\/news_id\/80896\" target=\"_blank\">NOI.md<\/a>.<\/p>\n<p>Angaja\u021bii Nodului feroviar Basarabeasca \u0219i cei ai Depoului de repara\u021bie \u0219i modernizare a locomotivelor au \u00eenaintat un \u0219ir de propuneri \u0219i dolean\u021be, care, \u00een opinia lor, vor contribui la reanimarea ramurii \u0219i ameliorarea planurilor de restructurare a \u00eentreprinderii.<\/p>\n","protected":false},"excerpt":{"rendered":"<p>Restan\u021bele salariale fa\u021b\u0103 de angaja\u021bii \u00centreprinderii de Stat \u201eCalea Ferat\u0103 din Moldova\u201d urmeaz\u0103 s\u0103 fie achitate integral p\u00een\u0103 la 1 iulie 2016. Acordul respectiv a fost semnat de administra\u021bia C\u0103ii Ferate din Moldova cu Federa\u021bia Sindicatului Feroviarilor din Moldova. P\u00een\u0103 \u00een prezent perioada de restan\u021be s-a mic\u0219orat de la 8-9 luni la 3 luni. Acest [&hellip;]<\/p>\n","protected":false},"author":4,"featured_media":9217,"comment_status":"closed","ping_status":"closed","sticky":false,"template":"","format":"standard","meta":{"footnotes":""},"categories":[6349],"tags":[],"class_list":["post-9216","post","type-post","status-publish","format-standard","has-post-thumbnail","hentry","category-social"],"yoast_head":"<!-- This site is optimized with the Yoast SEO plugin v27.4 - https:\/\/yoast.com\/product\/yoast-seo-wordpress\/ -->\n<title>C\u00c2ND ANGAJA\u021aII CFM \u00ce\u0218I VOR PRIMI SALARIUL ? - BTV<\/title>\n<meta name=\"robots\" content=\"index, follow, max-snippet:-1, max-image-preview:large, max-video-preview:-1\" \/>\n<link rel=\"canonical\" href=\"https:\/\/www.btv.md\/ro\/cand-angajatii-cfm-isi-vor-primi-salariul\/\" \/>\n<meta property=\"og:locale\" content=\"ro_RO\" \/>\n<meta property=\"og:type\" content=\"article\" \/>\n<meta property=\"og:title\" content=\"C\u00c2ND ANGAJA\u021aII CFM \u00ce\u0218I VOR PRIMI SALARIUL ? - BTV\" \/>\n<meta property=\"og:description\" content=\"Restan\u021bele salariale fa\u021b\u0103 de angaja\u021bii \u00centreprinderii de Stat \u201eCalea Ferat\u0103 din Moldova\u201d urmeaz\u0103 s\u0103 fie achitate integral p\u00een\u0103 la 1 iulie 2016. Acordul respectiv a fost semnat de administra\u021bia C\u0103ii Ferate din Moldova cu Federa\u021bia Sindicatului Feroviarilor din Moldova. P\u00een\u0103 \u00een prezent perioada de restan\u021be s-a mic\u0219orat de la 8-9 luni la 3 luni. Acest [&hellip;]\" \/>\n<meta property=\"og:url\" content=\"https:\/\/www.btv.md\/ro\/cand-angajatii-cfm-isi-vor-primi-salariul\/\" \/>\n<meta property=\"og:site_name\" content=\"BTV\" \/>\n<meta property=\"article:publisher\" content=\"https:\/\/www.facebook.com\/btvmoldova\/\" \/>\n<meta property=\"article:published_time\" content=\"2016-03-18T13:45:49+00:00\" \/>\n<meta property=\"article:modified_time\" content=\"2016-03-18T15:17:22+00:00\" \/>\n<meta property=\"og:image\" content=\"https:\/\/www.btv.md\/wp-content\/uploads\/2016\/03\/646x404-2.jpg\" \/>\n\t<meta property=\"og:image:width\" content=\"646\" \/>\n\t<meta property=\"og:image:height\" content=\"404\" \/>\n\t<meta property=\"og:image:type\" content=\"image\/jpeg\" \/>\n<meta name=\"author\" content=\"admin\" \/>\n<meta name=\"twitter:label1\" content=\"Scris de\" \/>\n\t<meta name=\"twitter:data1\" content=\"admin\" \/>\n\t<meta name=\"twitter:label2\" content=\"Timp estimat pentru citire\" \/>\n\t<meta name=\"twitter:data2\" content=\"1 minut\" \/>\n<script type=\"application\/ld+json\" class=\"yoast-schema-graph\">{\"@context\":\"https:\\\/\\\/schema.org\",\"@graph\":[{\"@type\":\"Article\",\"@id\":\"https:\\\/\\\/www.btv.md\\\/ro\\\/cand-angajatii-cfm-isi-vor-primi-salariul\\\/#article\",\"isPartOf\":{\"@id\":\"https:\\\/\\\/www.btv.md\\\/ro\\\/cand-angajatii-cfm-isi-vor-primi-salariul\\\/\"},\"author\":{\"name\":\"admin\",\"@id\":\"https:\\\/\\\/www.btv.md\\\/#\\\/schema\\\/person\\\/8fadce81561b3ce2c34c46dadc4ccbf2\"},\"headline\":\"C\u00c2ND ANGAJA\u021aII CFM \u00ce\u0218I VOR PRIMI SALARIUL ?\",\"datePublished\":\"2016-03-18T13:45:49+00:00\",\"dateModified\":\"2016-03-18T15:17:22+00:00\",\"mainEntityOfPage\":{\"@id\":\"https:\\\/\\\/www.btv.md\\\/ro\\\/cand-angajatii-cfm-isi-vor-primi-salariul\\\/\"},\"wordCount\":136,\"image\":{\"@id\":\"https:\\\/\\\/www.btv.md\\\/ro\\\/cand-angajatii-cfm-isi-vor-primi-salariul\\\/#primaryimage\"},\"thumbnailUrl\":\"https:\\\/\\\/www.btv.md\\\/wp-content\\\/uploads\\\/2016\\\/03\\\/646x404-2.jpg\",\"articleSection\":[\"Social\"],\"inLanguage\":\"ro-RO\"},{\"@type\":\"WebPage\",\"@id\":\"https:\\\/\\\/www.btv.md\\\/ro\\\/cand-angajatii-cfm-isi-vor-primi-salariul\\\/\",\"url\":\"https:\\\/\\\/www.btv.md\\\/ro\\\/cand-angajatii-cfm-isi-vor-primi-salariul\\\/\",\"name\":\"C\u00c2ND ANGAJA\u021aII CFM \u00ce\u0218I VOR PRIMI SALARIUL ? - BTV\",\"isPartOf\":{\"@id\":\"https:\\\/\\\/www.btv.md\\\/#website\"},\"primaryImageOfPage\":{\"@id\":\"https:\\\/\\\/www.btv.md\\\/ro\\\/cand-angajatii-cfm-isi-vor-primi-salariul\\\/#primaryimage\"},\"image\":{\"@id\":\"https:\\\/\\\/www.btv.md\\\/ro\\\/cand-angajatii-cfm-isi-vor-primi-salariul\\\/#primaryimage\"},\"thumbnailUrl\":\"https:\\\/\\\/www.btv.md\\\/wp-content\\\/uploads\\\/2016\\\/03\\\/646x404-2.jpg\",\"datePublished\":\"2016-03-18T13:45:49+00:00\",\"dateModified\":\"2016-03-18T15:17:22+00:00\",\"author\":{\"@id\":\"https:\\\/\\\/www.btv.md\\\/#\\\/schema\\\/person\\\/8fadce81561b3ce2c34c46dadc4ccbf2\"},\"inLanguage\":\"ro-RO\",\"potentialAction\":[{\"@type\":\"ReadAction\",\"target\":[\"https:\\\/\\\/www.btv.md\\\/ro\\\/cand-angajatii-cfm-isi-vor-primi-salariul\\\/\"]}]},{\"@type\":\"ImageObject\",\"inLanguage\":\"ro-RO\",\"@id\":\"https:\\\/\\\/www.btv.md\\\/ro\\\/cand-angajatii-cfm-isi-vor-primi-salariul\\\/#primaryimage\",\"url\":\"https:\\\/\\\/www.btv.md\\\/wp-content\\\/uploads\\\/2016\\\/03\\\/646x404-2.jpg\",\"contentUrl\":\"https:\\\/\\\/www.btv.md\\\/wp-content\\\/uploads\\\/2016\\\/03\\\/646x404-2.jpg\",\"width\":646,\"height\":404,\"caption\":\"adevarul.ro\"},{\"@type\":\"WebSite\",\"@id\":\"https:\\\/\\\/www.btv.md\\\/#website\",\"url\":\"https:\\\/\\\/www.btv.md\\\/\",\"name\":\"BTV\",\"description\":\"\u0411\u0435\u043b\u044c\u0446\u043a\u043e\u0435 \u0442\u0435\u043b\u0435\u0432\u0438\u0434\u0435\u043d\u0438\u0435\",\"potentialAction\":[{\"@type\":\"SearchAction\",\"target\":{\"@type\":\"EntryPoint\",\"urlTemplate\":\"https:\\\/\\\/www.btv.md\\\/?s={search_term_string}\"},\"query-input\":{\"@type\":\"PropertyValueSpecification\",\"valueRequired\":true,\"valueName\":\"search_term_string\"}}],\"inLanguage\":\"ro-RO\"},{\"@type\":\"Person\",\"@id\":\"https:\\\/\\\/www.btv.md\\\/#\\\/schema\\\/person\\\/8fadce81561b3ce2c34c46dadc4ccbf2\",\"name\":\"admin\"}]}<\/script>\n<!-- \/ Yoast SEO plugin. -->","yoast_head_json":{"title":"C\u00c2ND ANGAJA\u021aII CFM \u00ce\u0218I VOR PRIMI SALARIUL ? - BTV","robots":{"index":"index","follow":"follow","max-snippet":"max-snippet:-1","max-image-preview":"max-image-preview:large","max-video-preview":"max-video-preview:-1"},"canonical":"https:\/\/www.btv.md\/ro\/cand-angajatii-cfm-isi-vor-primi-salariul\/","og_locale":"ro_RO","og_type":"article","og_title":"C\u00c2ND ANGAJA\u021aII CFM \u00ce\u0218I VOR PRIMI SALARIUL ? - BTV","og_description":"Restan\u021bele salariale fa\u021b\u0103 de angaja\u021bii \u00centreprinderii de Stat \u201eCalea Ferat\u0103 din Moldova\u201d urmeaz\u0103 s\u0103 fie achitate integral p\u00een\u0103 la 1 iulie 2016. Acordul respectiv a fost semnat de administra\u021bia C\u0103ii Ferate din Moldova cu Federa\u021bia Sindicatului Feroviarilor din Moldova. P\u00een\u0103 \u00een prezent perioada de restan\u021be s-a mic\u0219orat de la 8-9 luni la 3 luni. Acest [&hellip;]","og_url":"https:\/\/www.btv.md\/ro\/cand-angajatii-cfm-isi-vor-primi-salariul\/","og_site_name":"BTV","article_publisher":"https:\/\/www.facebook.com\/btvmoldova\/","article_published_time":"2016-03-18T13:45:49+00:00","article_modified_time":"2016-03-18T15:17:22+00:00","og_image":[{"width":646,"height":404,"url":"https:\/\/www.btv.md\/wp-content\/uploads\/2016\/03\/646x404-2.jpg","type":"image\/jpeg"}],"author":"admin","twitter_misc":{"Scris de":"admin","Timp estimat pentru citire":"1 minut"},"schema":{"@context":"https:\/\/schema.org","@graph":[{"@type":"Article","@id":"https:\/\/www.btv.md\/ro\/cand-angajatii-cfm-isi-vor-primi-salariul\/#article","isPartOf":{"@id":"https:\/\/www.btv.md\/ro\/cand-angajatii-cfm-isi-vor-primi-salariul\/"},"author":{"name":"admin","@id":"https:\/\/www.btv.md\/#\/schema\/person\/8fadce81561b3ce2c34c46dadc4ccbf2"},"headline":"C\u00c2ND ANGAJA\u021aII CFM \u00ce\u0218I VOR PRIMI SALARIUL ?","datePublished":"2016-03-18T13:45:49+00:00","dateModified":"2016-03-18T15:17:22+00:00","mainEntityOfPage":{"@id":"https:\/\/www.btv.md\/ro\/cand-angajatii-cfm-isi-vor-primi-salariul\/"},"wordCount":136,"image":{"@id":"https:\/\/www.btv.md\/ro\/cand-angajatii-cfm-isi-vor-primi-salariul\/#primaryimage"},"thumbnailUrl":"https:\/\/www.btv.md\/wp-content\/uploads\/2016\/03\/646x404-2.jpg","articleSection":["Social"],"inLanguage":"ro-RO"},{"@type":"WebPage","@id":"https:\/\/www.btv.md\/ro\/cand-angajatii-cfm-isi-vor-primi-salariul\/","url":"https:\/\/www.btv.md\/ro\/cand-angajatii-cfm-isi-vor-primi-salariul\/","name":"C\u00c2ND ANGAJA\u021aII CFM \u00ce\u0218I VOR PRIMI SALARIUL ? - BTV","isPartOf":{"@id":"https:\/\/www.btv.md\/#website"},"primaryImageOfPage":{"@id":"https:\/\/www.btv.md\/ro\/cand-angajatii-cfm-isi-vor-primi-salariul\/#primaryimage"},"image":{"@id":"https:\/\/www.btv.md\/ro\/cand-angajatii-cfm-isi-vor-primi-salariul\/#primaryimage"},"thumbnailUrl":"https:\/\/www.btv.md\/wp-content\/uploads\/2016\/03\/646x404-2.jpg","datePublished":"2016-03-18T13:45:49+00:00","dateModified":"2016-03-18T15:17:22+00:00","author":{"@id":"https:\/\/www.btv.md\/#\/schema\/person\/8fadce81561b3ce2c34c46dadc4ccbf2"},"inLanguage":"ro-RO","potentialAction":[{"@type":"ReadAction","target":["https:\/\/www.btv.md\/ro\/cand-angajatii-cfm-isi-vor-primi-salariul\/"]}]},{"@type":"ImageObject","inLanguage":"ro-RO","@id":"https:\/\/www.btv.md\/ro\/cand-angajatii-cfm-isi-vor-primi-salariul\/#primaryimage","url":"https:\/\/www.btv.md\/wp-content\/uploads\/2016\/03\/646x404-2.jpg","contentUrl":"https:\/\/www.btv.md\/wp-content\/uploads\/2016\/03\/646x404-2.jpg","width":646,"height":404,"caption":"adevarul.ro"},{"@type":"WebSite","@id":"https:\/\/www.btv.md\/#website","url":"https:\/\/www.btv.md\/","name":"BTV","description":"\u0411\u0435\u043b\u044c\u0446\u043a\u043e\u0435 \u0442\u0435\u043b\u0435\u0432\u0438\u0434\u0435\u043d\u0438\u0435","potentialAction":[{"@type":"SearchAction","target":{"@type":"EntryPoint","urlTemplate":"https:\/\/www.btv.md\/?s={search_term_string}"},"query-input":{"@type":"PropertyValueSpecification","valueRequired":true,"valueName":"search_term_string"}}],"inLanguage":"ro-RO"},{"@type":"Person","@id":"https:\/\/www.btv.md\/#\/schema\/person\/8fadce81561b3ce2c34c46dadc4ccbf2","name":"admin"}]}},"_links":{"self":[{"href":"https:\/\/www.btv.md\/ro\/wp-json\/wp\/v2\/posts\/9216","targetHints":{"allow":["GET"]}}],"collection":[{"href":"https:\/\/www.btv.md\/ro\/wp-json\/wp\/v2\/posts"}],"about":[{"href":"https:\/\/www.btv.md\/ro\/wp-json\/wp\/v2\/types\/post"}],"author":[{"embeddable":true,"href":"https:\/\/www.btv.md\/ro\/wp-json\/wp\/v2\/users\/4"}],"replies":[{"embeddable":true,"href":"https:\/\/www.btv.md\/ro\/wp-json\/wp\/v2\/comments?post=9216"}],"version-history":[{"count":0,"href":"https:\/\/www.btv.md\/ro\/wp-json\/wp\/v2\/posts\/9216\/revisions"}],"wp:featuredmedia":[{"embeddable":true,"href":"https:\/\/www.btv.md\/ro\/wp-json\/wp\/v2\/media\/9217"}],"wp:attachment":[{"href":"https:\/\/www.btv.md\/ro\/wp-json\/wp\/v2\/media?parent=9216"}],"wp:term":[{"taxonomy":"category","embeddable":true,"href":"https:\/\/www.btv.md\/ro\/wp-json\/wp\/v2\/categories?post=9216"},{"taxonomy":"post_tag","embeddable":true,"href":"https:\/\/www.btv.md\/ro\/wp-json\/wp\/v2\/tags?post=9216"}],"curies":[{"name":"wp","href":"https:\/\/api.w.org\/{rel}","templated":true}]}}