{"id":9222,"date":"2016-03-18T18:47:26","date_gmt":"2016-03-18T15:47:26","guid":{"rendered":"http:\/\/btv.md\/?p=9222"},"modified":"2016-03-18T18:48:09","modified_gmt":"2016-03-18T15:48:09","slug":"baltiul-ar-putea-deveni-primul-oras-inteligent-din-moldova","status":"publish","type":"post","link":"https:\/\/www.btv.md\/ro\/baltiul-ar-putea-deveni-primul-oras-inteligent-din-moldova\/","title":{"rendered":"B\u0102L\u021aIUL  AR PUTEA DEVENI PRIMUL ORA\u0218 INTELIGENT DIN MOLDOVA"},"content":{"rendered":"<p><strong>Prim\u0103rul municipiului B\u0103l\u021bi, Renato Usat\u00eei a semnat  vineri, un memorandum cu organiza\u021bia Non-guvernamental\u0103 \u201e ASSTREIA\u201d. Potrivit documentul semnat de cele dou\u0103 p\u0103r\u021bi, ONG-ul \u00ee\u0219i asum\u0103 responsabilitatea de  atragerea investi\u021biilor str\u0103ine pentru dezvoltarea \u0219i \u00eembun\u0103t\u0103\u021birea calit\u0103\u021bii vie\u021bii  locuitorilor din municipiu. Astfel, pentru  a eficientiza colaborarea dintre prim\u0103rie \u0219i  \u201eASTREA\u201d va fi lansat un proiect pilot \u00een Cartierul num\u0103rul nou\u0103 din B\u0103l\u021bi.<\/strong><\/p>\n<p>Lucr\u0103rile se vor desf\u0103\u0219ura  \u00een cadrul  Conven\u021bie  Primarilor privind Clima \u0219i Energia. Banii vor fi aloca\u021bi de programul  Orizont 2020 pentru proiectul &#8211; Smartcity. Investi\u021biile sunt estimate la 30 de milioane de euro. Proiectul pilot care va fi pus \u00een aplicare \u00een municipiul B\u0103l\u021bi va implica amenajare a teritoriului, izolarea termic\u0103 a blocurilor, elaborarea sistemului e-utilit\u0103\u021bi, reducerea pierderilor de c\u0103ldur\u0103 \u0219i organizarea spa\u021biului urban.<\/p>\n<p>\u201d<em>Suntem gata pentru orice fel de colaborare care va schimba via\u021ba b\u0103l\u021benilor \u0219i sper c\u0103 \u0219i a cet\u0103\u021benilor Republicii Moldova. Am declarat asta de mai multe ori, chiar dac\u0103 am fost acuza\u021bi c\u0103 suntem deschi\u0219 doar spre o colaborare cu ora\u0219e din Federa\u021bia Rus\u0103. Este necesar s\u0103 \u021binem leg\u0103turi cu vecinii din Rom\u00e2nia, Ucraina , Uniunea European\u0103. Trebuie s\u0103 fie clar pentru toat\u0103 lumea de\u0219i Republica Moldova export\u0103 mai multe produse \u00een Federa\u021bia Rus\u0103 acest lucru nu ne \u00eempiedic\u0103  s\u0103 men\u021binem rela\u021biile cu europenii.  Desori am vizitat ora\u0219ul german Baden-badem. Ceea ce \u021bine de ora\u0219 model, dezvoltarea urban\u0103 da \u00eentradev\u0103r ora\u0219ul se afl\u0103 \u00eentr-o situa\u021bia destul de grea<\/em>\u201d, a men\u021bionat Renato Usat\u00eei. <\/p>\n<p>Coordonatoarea asocia\u021biei ob\u0219te\u0219ti a men\u021bionat c\u0103 odat\u0103 cu semnarea acestui consor\u021biu, organiza\u021bia pe care o reprezint\u0103 va depune tot efortul de a atrage investi\u021biile necesare pentru modernizarea ora\u0219ului.<\/p>\n<p>\u201e<em>Echipa noastr\u0103 a venit cu acest\u0103 ini\u021biativ\u0103 de a colabora cu municipalitatea B\u0103l\u021bi \u0219i de a uni eforturile cu privire la modernizarea \u0219i \u00eembun\u0103t\u0103\u021birea calit\u0103\u021bii vie\u021bii cet\u0103\u021benilor municipiului. Pentru acesta ONG-l nostru \u00ee\u0219i ofer\u0103 experian\u021ba, dar \u0219i capacitatea de a promova  \u00een ceea ce prive\u0219te atragerea de investi\u021bii din fonduri interna\u021bionale<\/em>\u201d, a precizat Svetlana Chesari.<\/p>\n<p>La r\u00e2ndul s\u0103u, primarul municipiului B\u0103l\u021bi, Renato Usat\u00e2ii, dup\u0103 o analiz\u0103 a propunerii f\u0103cute de reprezentan\u021bii \u201eASSTREIA\u201d cu privirea la amenajarea unor zone de agrement din Cartierul nou\u0103,  le-a propus membrilor ONG-lui s\u0103 contribuie la amenajarea pie\u021bei Vasile Alecsandri din B\u0103l\u021bi.<\/p>\n<p>Potrivit asocia\u021biei \u201eASSTREIA\u201d pentru modernizarea ora\u0219ului B\u0103l\u021bi sunt necesare fonduri, \u00een valoare de 300 de milioan de euro. <\/p>\n<p><iframe width=\"420\" height=\"315\" data-src=\"https:\/\/www.youtube.com\/embed\/sB398Cpnt60\" frameborder=\"0\" allowfullscreen src=\"data:image\/svg+xml;base64,PHN2ZyB3aWR0aD0iMSIgaGVpZ2h0PSIxIiB4bWxucz0iaHR0cDovL3d3dy53My5vcmcvMjAwMC9zdmciPjwvc3ZnPg==\" class=\"lazyload\" data-load-mode=\"1\"><\/iframe><\/p>\n","protected":false},"excerpt":{"rendered":"<p>Prim\u0103rul municipiului B\u0103l\u021bi, Renato Usat\u00eei a semnat vineri, un memorandum cu organiza\u021bia Non-guvernamental\u0103 \u201e ASSTREIA\u201d. Potrivit documentul semnat de cele dou\u0103 p\u0103r\u021bi, ONG-ul \u00ee\u0219i asum\u0103 responsabilitatea de atragerea investi\u021biilor str\u0103ine pentru dezvoltarea \u0219i \u00eembun\u0103t\u0103\u021birea calit\u0103\u021bii vie\u021bii locuitorilor din municipiu. Astfel, pentru a eficientiza colaborarea dintre prim\u0103rie \u0219i \u201eASTREA\u201d va fi lansat un proiect pilot \u00een [&hellip;]<\/p>\n","protected":false},"author":4,"featured_media":9223,"comment_status":"closed","ping_status":"closed","sticky":false,"template":"","format":"standard","meta":{"footnotes":""},"categories":[6353],"tags":[],"class_list":["post-9222","post","type-post","status-publish","format-standard","has-post-thumbnail","hentry","category-oras"],"yoast_head":"<!-- This site is optimized with the Yoast SEO plugin v27.4 - https:\/\/yoast.com\/product\/yoast-seo-wordpress\/ -->\n<title>B\u0102L\u021aIUL AR PUTEA DEVENI PRIMUL ORA\u0218 INTELIGENT DIN MOLDOVA - BTV<\/title>\n<meta name=\"robots\" content=\"index, follow, max-snippet:-1, max-image-preview:large, max-video-preview:-1\" \/>\n<link rel=\"canonical\" href=\"https:\/\/www.btv.md\/ro\/baltiul-ar-putea-deveni-primul-oras-inteligent-din-moldova\/\" \/>\n<meta property=\"og:locale\" content=\"ro_RO\" \/>\n<meta property=\"og:type\" content=\"article\" \/>\n<meta property=\"og:title\" content=\"B\u0102L\u021aIUL AR PUTEA DEVENI PRIMUL ORA\u0218 INTELIGENT DIN MOLDOVA - BTV\" \/>\n<meta property=\"og:description\" content=\"Prim\u0103rul municipiului B\u0103l\u021bi, Renato Usat\u00eei a semnat vineri, un memorandum cu organiza\u021bia Non-guvernamental\u0103 \u201e ASSTREIA\u201d. Potrivit documentul semnat de cele dou\u0103 p\u0103r\u021bi, ONG-ul \u00ee\u0219i asum\u0103 responsabilitatea de atragerea investi\u021biilor str\u0103ine pentru dezvoltarea \u0219i \u00eembun\u0103t\u0103\u021birea calit\u0103\u021bii vie\u021bii locuitorilor din municipiu. Astfel, pentru a eficientiza colaborarea dintre prim\u0103rie \u0219i \u201eASTREA\u201d va fi lansat un proiect pilot \u00een [&hellip;]\" \/>\n<meta property=\"og:url\" content=\"https:\/\/www.btv.md\/ro\/baltiul-ar-putea-deveni-primul-oras-inteligent-din-moldova\/\" \/>\n<meta property=\"og:site_name\" content=\"BTV\" \/>\n<meta property=\"article:publisher\" content=\"https:\/\/www.facebook.com\/btvmoldova\/\" \/>\n<meta property=\"article:published_time\" content=\"2016-03-18T15:47:26+00:00\" \/>\n<meta property=\"article:modified_time\" content=\"2016-03-18T15:48:09+00:00\" \/>\n<meta property=\"og:image\" content=\"https:\/\/www.btv.md\/wp-content\/uploads\/2016\/03\/inteligent.png\" \/>\n\t<meta property=\"og:image:width\" content=\"1037\" \/>\n\t<meta property=\"og:image:height\" content=\"543\" \/>\n\t<meta property=\"og:image:type\" content=\"image\/png\" \/>\n<meta name=\"author\" content=\"admin\" \/>\n<meta name=\"twitter:label1\" content=\"Scris de\" \/>\n\t<meta name=\"twitter:data1\" content=\"admin\" \/>\n\t<meta name=\"twitter:label2\" content=\"Timp estimat pentru citire\" \/>\n\t<meta name=\"twitter:data2\" content=\"2 minute\" \/>\n<script type=\"application\/ld+json\" class=\"yoast-schema-graph\">{\"@context\":\"https:\\\/\\\/schema.org\",\"@graph\":[{\"@type\":\"Article\",\"@id\":\"https:\\\/\\\/www.btv.md\\\/ro\\\/baltiul-ar-putea-deveni-primul-oras-inteligent-din-moldova\\\/#article\",\"isPartOf\":{\"@id\":\"https:\\\/\\\/www.btv.md\\\/ro\\\/baltiul-ar-putea-deveni-primul-oras-inteligent-din-moldova\\\/\"},\"author\":{\"name\":\"admin\",\"@id\":\"https:\\\/\\\/www.btv.md\\\/#\\\/schema\\\/person\\\/8fadce81561b3ce2c34c46dadc4ccbf2\"},\"headline\":\"B\u0102L\u021aIUL AR PUTEA DEVENI PRIMUL ORA\u0218 INTELIGENT DIN MOLDOVA\",\"datePublished\":\"2016-03-18T15:47:26+00:00\",\"dateModified\":\"2016-03-18T15:48:09+00:00\",\"mainEntityOfPage\":{\"@id\":\"https:\\\/\\\/www.btv.md\\\/ro\\\/baltiul-ar-putea-deveni-primul-oras-inteligent-din-moldova\\\/\"},\"wordCount\":464,\"image\":{\"@id\":\"https:\\\/\\\/www.btv.md\\\/ro\\\/baltiul-ar-putea-deveni-primul-oras-inteligent-din-moldova\\\/#primaryimage\"},\"thumbnailUrl\":\"https:\\\/\\\/www.btv.md\\\/wp-content\\\/uploads\\\/2016\\\/03\\\/inteligent.png\",\"articleSection\":[\"Ora\u0219\"],\"inLanguage\":\"ro-RO\"},{\"@type\":\"WebPage\",\"@id\":\"https:\\\/\\\/www.btv.md\\\/ro\\\/baltiul-ar-putea-deveni-primul-oras-inteligent-din-moldova\\\/\",\"url\":\"https:\\\/\\\/www.btv.md\\\/ro\\\/baltiul-ar-putea-deveni-primul-oras-inteligent-din-moldova\\\/\",\"name\":\"B\u0102L\u021aIUL AR PUTEA DEVENI PRIMUL ORA\u0218 INTELIGENT DIN MOLDOVA - BTV\",\"isPartOf\":{\"@id\":\"https:\\\/\\\/www.btv.md\\\/#website\"},\"primaryImageOfPage\":{\"@id\":\"https:\\\/\\\/www.btv.md\\\/ro\\\/baltiul-ar-putea-deveni-primul-oras-inteligent-din-moldova\\\/#primaryimage\"},\"image\":{\"@id\":\"https:\\\/\\\/www.btv.md\\\/ro\\\/baltiul-ar-putea-deveni-primul-oras-inteligent-din-moldova\\\/#primaryimage\"},\"thumbnailUrl\":\"https:\\\/\\\/www.btv.md\\\/wp-content\\\/uploads\\\/2016\\\/03\\\/inteligent.png\",\"datePublished\":\"2016-03-18T15:47:26+00:00\",\"dateModified\":\"2016-03-18T15:48:09+00:00\",\"author\":{\"@id\":\"https:\\\/\\\/www.btv.md\\\/#\\\/schema\\\/person\\\/8fadce81561b3ce2c34c46dadc4ccbf2\"},\"inLanguage\":\"ro-RO\",\"potentialAction\":[{\"@type\":\"ReadAction\",\"target\":[\"https:\\\/\\\/www.btv.md\\\/ro\\\/baltiul-ar-putea-deveni-primul-oras-inteligent-din-moldova\\\/\"]}]},{\"@type\":\"ImageObject\",\"inLanguage\":\"ro-RO\",\"@id\":\"https:\\\/\\\/www.btv.md\\\/ro\\\/baltiul-ar-putea-deveni-primul-oras-inteligent-din-moldova\\\/#primaryimage\",\"url\":\"https:\\\/\\\/www.btv.md\\\/wp-content\\\/uploads\\\/2016\\\/03\\\/inteligent.png\",\"contentUrl\":\"https:\\\/\\\/www.btv.md\\\/wp-content\\\/uploads\\\/2016\\\/03\\\/inteligent.png\",\"width\":1037,\"height\":543},{\"@type\":\"WebSite\",\"@id\":\"https:\\\/\\\/www.btv.md\\\/#website\",\"url\":\"https:\\\/\\\/www.btv.md\\\/\",\"name\":\"BTV\",\"description\":\"\u0411\u0435\u043b\u044c\u0446\u043a\u043e\u0435 \u0442\u0435\u043b\u0435\u0432\u0438\u0434\u0435\u043d\u0438\u0435\",\"potentialAction\":[{\"@type\":\"SearchAction\",\"target\":{\"@type\":\"EntryPoint\",\"urlTemplate\":\"https:\\\/\\\/www.btv.md\\\/?s={search_term_string}\"},\"query-input\":{\"@type\":\"PropertyValueSpecification\",\"valueRequired\":true,\"valueName\":\"search_term_string\"}}],\"inLanguage\":\"ro-RO\"},{\"@type\":\"Person\",\"@id\":\"https:\\\/\\\/www.btv.md\\\/#\\\/schema\\\/person\\\/8fadce81561b3ce2c34c46dadc4ccbf2\",\"name\":\"admin\"}]}<\/script>\n<!-- \/ Yoast SEO plugin. -->","yoast_head_json":{"title":"B\u0102L\u021aIUL AR PUTEA DEVENI PRIMUL ORA\u0218 INTELIGENT DIN MOLDOVA - BTV","robots":{"index":"index","follow":"follow","max-snippet":"max-snippet:-1","max-image-preview":"max-image-preview:large","max-video-preview":"max-video-preview:-1"},"canonical":"https:\/\/www.btv.md\/ro\/baltiul-ar-putea-deveni-primul-oras-inteligent-din-moldova\/","og_locale":"ro_RO","og_type":"article","og_title":"B\u0102L\u021aIUL AR PUTEA DEVENI PRIMUL ORA\u0218 INTELIGENT DIN MOLDOVA - BTV","og_description":"Prim\u0103rul municipiului B\u0103l\u021bi, Renato Usat\u00eei a semnat vineri, un memorandum cu organiza\u021bia Non-guvernamental\u0103 \u201e ASSTREIA\u201d. Potrivit documentul semnat de cele dou\u0103 p\u0103r\u021bi, ONG-ul \u00ee\u0219i asum\u0103 responsabilitatea de atragerea investi\u021biilor str\u0103ine pentru dezvoltarea \u0219i \u00eembun\u0103t\u0103\u021birea calit\u0103\u021bii vie\u021bii locuitorilor din municipiu. Astfel, pentru a eficientiza colaborarea dintre prim\u0103rie \u0219i \u201eASTREA\u201d va fi lansat un proiect pilot \u00een [&hellip;]","og_url":"https:\/\/www.btv.md\/ro\/baltiul-ar-putea-deveni-primul-oras-inteligent-din-moldova\/","og_site_name":"BTV","article_publisher":"https:\/\/www.facebook.com\/btvmoldova\/","article_published_time":"2016-03-18T15:47:26+00:00","article_modified_time":"2016-03-18T15:48:09+00:00","og_image":[{"width":1037,"height":543,"url":"https:\/\/www.btv.md\/wp-content\/uploads\/2016\/03\/inteligent.png","type":"image\/png"}],"author":"admin","twitter_misc":{"Scris de":"admin","Timp estimat pentru citire":"2 minute"},"schema":{"@context":"https:\/\/schema.org","@graph":[{"@type":"Article","@id":"https:\/\/www.btv.md\/ro\/baltiul-ar-putea-deveni-primul-oras-inteligent-din-moldova\/#article","isPartOf":{"@id":"https:\/\/www.btv.md\/ro\/baltiul-ar-putea-deveni-primul-oras-inteligent-din-moldova\/"},"author":{"name":"admin","@id":"https:\/\/www.btv.md\/#\/schema\/person\/8fadce81561b3ce2c34c46dadc4ccbf2"},"headline":"B\u0102L\u021aIUL AR PUTEA DEVENI PRIMUL ORA\u0218 INTELIGENT DIN MOLDOVA","datePublished":"2016-03-18T15:47:26+00:00","dateModified":"2016-03-18T15:48:09+00:00","mainEntityOfPage":{"@id":"https:\/\/www.btv.md\/ro\/baltiul-ar-putea-deveni-primul-oras-inteligent-din-moldova\/"},"wordCount":464,"image":{"@id":"https:\/\/www.btv.md\/ro\/baltiul-ar-putea-deveni-primul-oras-inteligent-din-moldova\/#primaryimage"},"thumbnailUrl":"https:\/\/www.btv.md\/wp-content\/uploads\/2016\/03\/inteligent.png","articleSection":["Ora\u0219"],"inLanguage":"ro-RO"},{"@type":"WebPage","@id":"https:\/\/www.btv.md\/ro\/baltiul-ar-putea-deveni-primul-oras-inteligent-din-moldova\/","url":"https:\/\/www.btv.md\/ro\/baltiul-ar-putea-deveni-primul-oras-inteligent-din-moldova\/","name":"B\u0102L\u021aIUL AR PUTEA DEVENI PRIMUL ORA\u0218 INTELIGENT DIN MOLDOVA - BTV","isPartOf":{"@id":"https:\/\/www.btv.md\/#website"},"primaryImageOfPage":{"@id":"https:\/\/www.btv.md\/ro\/baltiul-ar-putea-deveni-primul-oras-inteligent-din-moldova\/#primaryimage"},"image":{"@id":"https:\/\/www.btv.md\/ro\/baltiul-ar-putea-deveni-primul-oras-inteligent-din-moldova\/#primaryimage"},"thumbnailUrl":"https:\/\/www.btv.md\/wp-content\/uploads\/2016\/03\/inteligent.png","datePublished":"2016-03-18T15:47:26+00:00","dateModified":"2016-03-18T15:48:09+00:00","author":{"@id":"https:\/\/www.btv.md\/#\/schema\/person\/8fadce81561b3ce2c34c46dadc4ccbf2"},"inLanguage":"ro-RO","potentialAction":[{"@type":"ReadAction","target":["https:\/\/www.btv.md\/ro\/baltiul-ar-putea-deveni-primul-oras-inteligent-din-moldova\/"]}]},{"@type":"ImageObject","inLanguage":"ro-RO","@id":"https:\/\/www.btv.md\/ro\/baltiul-ar-putea-deveni-primul-oras-inteligent-din-moldova\/#primaryimage","url":"https:\/\/www.btv.md\/wp-content\/uploads\/2016\/03\/inteligent.png","contentUrl":"https:\/\/www.btv.md\/wp-content\/uploads\/2016\/03\/inteligent.png","width":1037,"height":543},{"@type":"WebSite","@id":"https:\/\/www.btv.md\/#website","url":"https:\/\/www.btv.md\/","name":"BTV","description":"\u0411\u0435\u043b\u044c\u0446\u043a\u043e\u0435 \u0442\u0435\u043b\u0435\u0432\u0438\u0434\u0435\u043d\u0438\u0435","potentialAction":[{"@type":"SearchAction","target":{"@type":"EntryPoint","urlTemplate":"https:\/\/www.btv.md\/?s={search_term_string}"},"query-input":{"@type":"PropertyValueSpecification","valueRequired":true,"valueName":"search_term_string"}}],"inLanguage":"ro-RO"},{"@type":"Person","@id":"https:\/\/www.btv.md\/#\/schema\/person\/8fadce81561b3ce2c34c46dadc4ccbf2","name":"admin"}]}},"_links":{"self":[{"href":"https:\/\/www.btv.md\/ro\/wp-json\/wp\/v2\/posts\/9222","targetHints":{"allow":["GET"]}}],"collection":[{"href":"https:\/\/www.btv.md\/ro\/wp-json\/wp\/v2\/posts"}],"about":[{"href":"https:\/\/www.btv.md\/ro\/wp-json\/wp\/v2\/types\/post"}],"author":[{"embeddable":true,"href":"https:\/\/www.btv.md\/ro\/wp-json\/wp\/v2\/users\/4"}],"replies":[{"embeddable":true,"href":"https:\/\/www.btv.md\/ro\/wp-json\/wp\/v2\/comments?post=9222"}],"version-history":[{"count":0,"href":"https:\/\/www.btv.md\/ro\/wp-json\/wp\/v2\/posts\/9222\/revisions"}],"wp:featuredmedia":[{"embeddable":true,"href":"https:\/\/www.btv.md\/ro\/wp-json\/wp\/v2\/media\/9223"}],"wp:attachment":[{"href":"https:\/\/www.btv.md\/ro\/wp-json\/wp\/v2\/media?parent=9222"}],"wp:term":[{"taxonomy":"category","embeddable":true,"href":"https:\/\/www.btv.md\/ro\/wp-json\/wp\/v2\/categories?post=9222"},{"taxonomy":"post_tag","embeddable":true,"href":"https:\/\/www.btv.md\/ro\/wp-json\/wp\/v2\/tags?post=9222"}],"curies":[{"name":"wp","href":"https:\/\/api.w.org\/{rel}","templated":true}]}}