{"id":92307,"date":"2020-08-18T17:13:40","date_gmt":"2020-08-18T14:13:40","guid":{"rendered":"http:\/\/www.btv.md\/?p=92307"},"modified":"2020-08-18T17:13:40","modified_gmt":"2020-08-18T14:13:40","slug":"grupele-din-gradinite-se-vor-deschide-treptat","status":"publish","type":"post","link":"https:\/\/www.btv.md\/ro\/grupele-din-gradinite-se-vor-deschide-treptat\/","title":{"rendered":"Grupele din gr\u0103dini\u021be se vor deschide treptat"},"content":{"rendered":"<p><strong>Gr\u0103dini\u021bele din B\u0103l\u021bi se vor deschide treptat. \u00cen prioritatea r\u0103m\u00e2n copii, ai c\u0103ror p\u0103rin\u021bi sunt medici, poli\u021bi\u0219ti \u0219i copii din familii social-vulnerabile. P\u00e2n\u0103 la 1 septembrie vor fi puse la punct \u0219i m\u0103surile de siguran\u021b\u0103 a s\u0103n\u0103t\u0103\u021bii \u00een cotextul pandemiei. Totu\u0219i, ajutorul promis de guvern pentru acest tip de institu\u021bii din B\u0103l\u021bi nu a ajuns \u00eenc\u0103.\u00a0<\/strong><\/p>\n<p>Institu\u021biile de \u00eenv\u0103\u021b\u0103m\u00e2nt pre\u0219colar din B\u0103l\u021bi se preg\u0103tesc s\u0103 se deschid\u0103. \u00cen termen de dou\u0103 s\u0103pt\u0103m\u00e2ni, administra\u021bia gr\u0103dini\u021belor, \u00eempreun\u0103 cu reprezentan\u021bii Direc\u021biei Educa\u021bie, trebuie s\u0103 finalizeze conectarea grupelor la sistemul de alimentare cu ap\u0103 cald\u0103 (cel mai des acest lucru se face cu ajutorul cazanelor) \u0219i s\u0103 ofere grupelor echipamente de protec\u021bie personal\u0103. Viceprimarul Nicolai Grigori\u0219in a men\u021bionat c\u0103 asisten\u021ba promis\u0103 de guvern c\u0103tre institu\u021biile de \u00eenv\u0103\u021b\u0103m\u00e2nt nu a ajuns \u00eenc\u0103.<\/p>\n<p>Olga Iurcenco, \u0219efa interimar\u0103 a Direc\u021biei Educa\u021bie a Prim\u0103riei B\u0103l\u021bi, a men\u021bionat c\u0103 la prima etap\u0103, deschiderea grupelor va fi treptat\u0103, iar admiterea copiilor la gr\u0103dini\u021be va fi par\u021bial\u0103. Acest lucru se datoreaz\u0103 riscului ridicat de contractare a coronavirusului. \u00cen primul r\u00e2nd, vor fi accepta\u021bi copiii \u00eentre 4 \u0219i 6-7 ani care au f\u0103cute toate vaccin\u0103rile corespunz\u0103toare v\u00e2rstei. Prioritatea r\u0103m\u00e2ne pentru copii, ai c\u0103ror p\u0103rin\u021bi lucreaz\u0103 ca medici, poli\u021bi\u0219ti \u0219i copii din familii social-vulnerabile.<\/p>\n<p>Atunci c\u00e2nd un copil va fi \u00eenscris la gr\u0103dini\u021b\u0103, p\u0103rin\u021bii vor fi obliga\u021bi s\u0103 semneze un angajament de a respecta politica de participare pre\u0219colar\u0103 preg\u0103tit\u0103 de Comisia Na\u021bional\u0103 de S\u0103n\u0103tate de Public\u0103.<\/p>\n<div id=\"fb-root\"><\/div>\n<p><script async=\"1\" defer=\"1\" crossorigin=\"anonymous\" src=\"https:\/\/connect.facebook.net\/de_DE\/sdk.js#xfbml=1&amp;version=v8.0\" nonce=\"1es4d2Ih\"><\/script><\/p>\n<div class=\"fb-video\" data-href=\"https:\/\/www.facebook.com\/btvmoldova\/videos\/637317636900551\/\" data-width=\"1170\">\n<blockquote cite=\"https:\/\/www.facebook.com\/btvmoldova\/videos\/637317636900551\/\" class=\"fb-xfbml-parse-ignore\"><p><a href=\"https:\/\/www.facebook.com\/btvmoldova\/videos\/637317636900551\/\">\u0413\u0440\u0443\u043f\u043f\u044b \u0432 \u0434\u0435\u0442\u0441\u043a\u0438\u0445 \u0441\u0430\u0434\u0430\u0445 \u0431\u0443\u0434\u0443\u0442 \u043e\u0442\u043a\u0440\u044b\u0432\u0430\u0442\u044c \u043f\u043e\u044d\u0442\u0430\u043f\u043d\u043e<\/a><\/p>\n<p>\u0413\u0440\u0443\u043f\u043f\u044b \u0432 \u0434\u0435\u0442\u0441\u043a\u0438\u0445 \u0441\u0430\u0434\u0430\u0445 \u0431\u0443\u0434\u0443\u0442 \u043e\u0442\u043a\u0440\u044b\u0432\u0430\u0442\u044c \u043f\u043e\u044d\u0442\u0430\u043f\u043d\u043e<\/p>\n<p>Gepostet von <a href=\"https:\/\/www.facebook.com\/btvmoldova\/\">\u0422\u0435\u043b\u0435\u043a\u043e\u043c\u043f\u0430\u043d\u0438\u044f BTV &#8211; Balti, \u0411\u0435\u043b\u044c\u0446\u044b<\/a> am Dienstag, 18. August 2020<\/p><\/blockquote>\n<\/div>\n","protected":false},"excerpt":{"rendered":"<p>Gr\u0103dini\u021bele din B\u0103l\u021bi se vor deschide treptat. \u00cen prioritatea r\u0103m\u00e2n copii, ai c\u0103ror p\u0103rin\u021bi sunt medici, poli\u021bi\u0219ti \u0219i copii din familii social-vulnerabile. P\u00e2n\u0103 la 1 septembrie vor fi puse la punct \u0219i m\u0103surile de siguran\u021b\u0103 a s\u0103n\u0103t\u0103\u021bii \u00een cotextul pandemiei. Totu\u0219i, ajutorul promis de guvern pentru acest tip de institu\u021bii din B\u0103l\u021bi nu a ajuns [&hellip;]<\/p>\n","protected":false},"author":4,"featured_media":92303,"comment_status":"closed","ping_status":"closed","sticky":false,"template":"","format":"standard","meta":{"footnotes":""},"categories":[6353,6377],"tags":[17012,17013,15676],"class_list":["post-92307","post","type-post","status-publish","format-standard","has-post-thumbnail","hentry","category-oras","category-stiri","tag-grupele-din-gradinite","tag-institutiile-de-invatamant-prescolar","tag-viceprimarul-nicolai-grigorisin"],"yoast_head":"<!-- This site is optimized with the Yoast SEO plugin v27.4 - https:\/\/yoast.com\/product\/yoast-seo-wordpress\/ -->\n<title>Grupele din gr\u0103dini\u021be se vor deschide treptat - BTV<\/title>\n<meta name=\"robots\" content=\"index, follow, max-snippet:-1, max-image-preview:large, max-video-preview:-1\" \/>\n<link rel=\"canonical\" href=\"https:\/\/www.btv.md\/ro\/grupele-din-gradinite-se-vor-deschide-treptat\/\" \/>\n<meta property=\"og:locale\" content=\"ro_RO\" \/>\n<meta property=\"og:type\" content=\"article\" \/>\n<meta property=\"og:title\" content=\"Grupele din gr\u0103dini\u021be se vor deschide treptat - BTV\" \/>\n<meta property=\"og:description\" content=\"Gr\u0103dini\u021bele din B\u0103l\u021bi se vor deschide treptat. \u00cen prioritatea r\u0103m\u00e2n copii, ai c\u0103ror p\u0103rin\u021bi sunt medici, poli\u021bi\u0219ti \u0219i copii din familii social-vulnerabile. P\u00e2n\u0103 la 1 septembrie vor fi puse la punct \u0219i m\u0103surile de siguran\u021b\u0103 a s\u0103n\u0103t\u0103\u021bii \u00een cotextul pandemiei. Totu\u0219i, ajutorul promis de guvern pentru acest tip de institu\u021bii din B\u0103l\u021bi nu a ajuns [&hellip;]\" \/>\n<meta property=\"og:url\" content=\"https:\/\/www.btv.md\/ro\/grupele-din-gradinite-se-vor-deschide-treptat\/\" \/>\n<meta property=\"og:site_name\" content=\"BTV\" \/>\n<meta property=\"article:publisher\" content=\"https:\/\/www.facebook.com\/btvmoldova\/\" \/>\n<meta property=\"article:published_time\" content=\"2020-08-18T14:13:40+00:00\" \/>\n<meta property=\"og:image\" content=\"https:\/\/www.btv.md\/wp-content\/uploads\/2020\/08\/117902489_625689151468182_1423483725086542445_n.jpg\" \/>\n\t<meta property=\"og:image:width\" content=\"1024\" \/>\n\t<meta property=\"og:image:height\" content=\"682\" \/>\n\t<meta property=\"og:image:type\" content=\"image\/jpeg\" \/>\n<meta name=\"author\" content=\"admin\" \/>\n<meta name=\"twitter:label1\" content=\"Scris de\" \/>\n\t<meta name=\"twitter:data1\" content=\"admin\" \/>\n\t<meta name=\"twitter:label2\" content=\"Timp estimat pentru citire\" \/>\n\t<meta name=\"twitter:data2\" content=\"2 minute\" \/>\n<script type=\"application\/ld+json\" class=\"yoast-schema-graph\">{\"@context\":\"https:\\\/\\\/schema.org\",\"@graph\":[{\"@type\":\"Article\",\"@id\":\"https:\\\/\\\/www.btv.md\\\/ro\\\/grupele-din-gradinite-se-vor-deschide-treptat\\\/#article\",\"isPartOf\":{\"@id\":\"https:\\\/\\\/www.btv.md\\\/ro\\\/grupele-din-gradinite-se-vor-deschide-treptat\\\/\"},\"author\":{\"name\":\"admin\",\"@id\":\"https:\\\/\\\/www.btv.md\\\/#\\\/schema\\\/person\\\/8fadce81561b3ce2c34c46dadc4ccbf2\"},\"headline\":\"Grupele din gr\u0103dini\u021be se vor deschide treptat\",\"datePublished\":\"2020-08-18T14:13:40+00:00\",\"mainEntityOfPage\":{\"@id\":\"https:\\\/\\\/www.btv.md\\\/ro\\\/grupele-din-gradinite-se-vor-deschide-treptat\\\/\"},\"wordCount\":322,\"image\":{\"@id\":\"https:\\\/\\\/www.btv.md\\\/ro\\\/grupele-din-gradinite-se-vor-deschide-treptat\\\/#primaryimage\"},\"thumbnailUrl\":\"https:\\\/\\\/www.btv.md\\\/wp-content\\\/uploads\\\/2020\\\/08\\\/117902489_625689151468182_1423483725086542445_n.jpg\",\"keywords\":[\"Grupele din gr\u0103dini\u021be\",\"Institu\u021biile de \u00eenv\u0103\u021b\u0103m\u00e2nt pre\u0219colar\",\"viceprimarul Nicolai Grigori\u0219in\"],\"articleSection\":[\"Ora\u0219\",\"\u0218tiri\"],\"inLanguage\":\"ro-RO\"},{\"@type\":\"WebPage\",\"@id\":\"https:\\\/\\\/www.btv.md\\\/ro\\\/grupele-din-gradinite-se-vor-deschide-treptat\\\/\",\"url\":\"https:\\\/\\\/www.btv.md\\\/ro\\\/grupele-din-gradinite-se-vor-deschide-treptat\\\/\",\"name\":\"Grupele din gr\u0103dini\u021be se vor deschide treptat - BTV\",\"isPartOf\":{\"@id\":\"https:\\\/\\\/www.btv.md\\\/#website\"},\"primaryImageOfPage\":{\"@id\":\"https:\\\/\\\/www.btv.md\\\/ro\\\/grupele-din-gradinite-se-vor-deschide-treptat\\\/#primaryimage\"},\"image\":{\"@id\":\"https:\\\/\\\/www.btv.md\\\/ro\\\/grupele-din-gradinite-se-vor-deschide-treptat\\\/#primaryimage\"},\"thumbnailUrl\":\"https:\\\/\\\/www.btv.md\\\/wp-content\\\/uploads\\\/2020\\\/08\\\/117902489_625689151468182_1423483725086542445_n.jpg\",\"datePublished\":\"2020-08-18T14:13:40+00:00\",\"author\":{\"@id\":\"https:\\\/\\\/www.btv.md\\\/#\\\/schema\\\/person\\\/8fadce81561b3ce2c34c46dadc4ccbf2\"},\"inLanguage\":\"ro-RO\",\"potentialAction\":[{\"@type\":\"ReadAction\",\"target\":[\"https:\\\/\\\/www.btv.md\\\/ro\\\/grupele-din-gradinite-se-vor-deschide-treptat\\\/\"]}]},{\"@type\":\"ImageObject\",\"inLanguage\":\"ro-RO\",\"@id\":\"https:\\\/\\\/www.btv.md\\\/ro\\\/grupele-din-gradinite-se-vor-deschide-treptat\\\/#primaryimage\",\"url\":\"https:\\\/\\\/www.btv.md\\\/wp-content\\\/uploads\\\/2020\\\/08\\\/117902489_625689151468182_1423483725086542445_n.jpg\",\"contentUrl\":\"https:\\\/\\\/www.btv.md\\\/wp-content\\\/uploads\\\/2020\\\/08\\\/117902489_625689151468182_1423483725086542445_n.jpg\",\"width\":1024,\"height\":682},{\"@type\":\"WebSite\",\"@id\":\"https:\\\/\\\/www.btv.md\\\/#website\",\"url\":\"https:\\\/\\\/www.btv.md\\\/\",\"name\":\"BTV\",\"description\":\"\u0411\u0435\u043b\u044c\u0446\u043a\u043e\u0435 \u0442\u0435\u043b\u0435\u0432\u0438\u0434\u0435\u043d\u0438\u0435\",\"potentialAction\":[{\"@type\":\"SearchAction\",\"target\":{\"@type\":\"EntryPoint\",\"urlTemplate\":\"https:\\\/\\\/www.btv.md\\\/?s={search_term_string}\"},\"query-input\":{\"@type\":\"PropertyValueSpecification\",\"valueRequired\":true,\"valueName\":\"search_term_string\"}}],\"inLanguage\":\"ro-RO\"},{\"@type\":\"Person\",\"@id\":\"https:\\\/\\\/www.btv.md\\\/#\\\/schema\\\/person\\\/8fadce81561b3ce2c34c46dadc4ccbf2\",\"name\":\"admin\"}]}<\/script>\n<!-- \/ Yoast SEO plugin. -->","yoast_head_json":{"title":"Grupele din gr\u0103dini\u021be se vor deschide treptat - BTV","robots":{"index":"index","follow":"follow","max-snippet":"max-snippet:-1","max-image-preview":"max-image-preview:large","max-video-preview":"max-video-preview:-1"},"canonical":"https:\/\/www.btv.md\/ro\/grupele-din-gradinite-se-vor-deschide-treptat\/","og_locale":"ro_RO","og_type":"article","og_title":"Grupele din gr\u0103dini\u021be se vor deschide treptat - BTV","og_description":"Gr\u0103dini\u021bele din B\u0103l\u021bi se vor deschide treptat. \u00cen prioritatea r\u0103m\u00e2n copii, ai c\u0103ror p\u0103rin\u021bi sunt medici, poli\u021bi\u0219ti \u0219i copii din familii social-vulnerabile. P\u00e2n\u0103 la 1 septembrie vor fi puse la punct \u0219i m\u0103surile de siguran\u021b\u0103 a s\u0103n\u0103t\u0103\u021bii \u00een cotextul pandemiei. Totu\u0219i, ajutorul promis de guvern pentru acest tip de institu\u021bii din B\u0103l\u021bi nu a ajuns [&hellip;]","og_url":"https:\/\/www.btv.md\/ro\/grupele-din-gradinite-se-vor-deschide-treptat\/","og_site_name":"BTV","article_publisher":"https:\/\/www.facebook.com\/btvmoldova\/","article_published_time":"2020-08-18T14:13:40+00:00","og_image":[{"width":1024,"height":682,"url":"https:\/\/www.btv.md\/wp-content\/uploads\/2020\/08\/117902489_625689151468182_1423483725086542445_n.jpg","type":"image\/jpeg"}],"author":"admin","twitter_misc":{"Scris de":"admin","Timp estimat pentru citire":"2 minute"},"schema":{"@context":"https:\/\/schema.org","@graph":[{"@type":"Article","@id":"https:\/\/www.btv.md\/ro\/grupele-din-gradinite-se-vor-deschide-treptat\/#article","isPartOf":{"@id":"https:\/\/www.btv.md\/ro\/grupele-din-gradinite-se-vor-deschide-treptat\/"},"author":{"name":"admin","@id":"https:\/\/www.btv.md\/#\/schema\/person\/8fadce81561b3ce2c34c46dadc4ccbf2"},"headline":"Grupele din gr\u0103dini\u021be se vor deschide treptat","datePublished":"2020-08-18T14:13:40+00:00","mainEntityOfPage":{"@id":"https:\/\/www.btv.md\/ro\/grupele-din-gradinite-se-vor-deschide-treptat\/"},"wordCount":322,"image":{"@id":"https:\/\/www.btv.md\/ro\/grupele-din-gradinite-se-vor-deschide-treptat\/#primaryimage"},"thumbnailUrl":"https:\/\/www.btv.md\/wp-content\/uploads\/2020\/08\/117902489_625689151468182_1423483725086542445_n.jpg","keywords":["Grupele din gr\u0103dini\u021be","Institu\u021biile de \u00eenv\u0103\u021b\u0103m\u00e2nt pre\u0219colar","viceprimarul Nicolai Grigori\u0219in"],"articleSection":["Ora\u0219","\u0218tiri"],"inLanguage":"ro-RO"},{"@type":"WebPage","@id":"https:\/\/www.btv.md\/ro\/grupele-din-gradinite-se-vor-deschide-treptat\/","url":"https:\/\/www.btv.md\/ro\/grupele-din-gradinite-se-vor-deschide-treptat\/","name":"Grupele din gr\u0103dini\u021be se vor deschide treptat - BTV","isPartOf":{"@id":"https:\/\/www.btv.md\/#website"},"primaryImageOfPage":{"@id":"https:\/\/www.btv.md\/ro\/grupele-din-gradinite-se-vor-deschide-treptat\/#primaryimage"},"image":{"@id":"https:\/\/www.btv.md\/ro\/grupele-din-gradinite-se-vor-deschide-treptat\/#primaryimage"},"thumbnailUrl":"https:\/\/www.btv.md\/wp-content\/uploads\/2020\/08\/117902489_625689151468182_1423483725086542445_n.jpg","datePublished":"2020-08-18T14:13:40+00:00","author":{"@id":"https:\/\/www.btv.md\/#\/schema\/person\/8fadce81561b3ce2c34c46dadc4ccbf2"},"inLanguage":"ro-RO","potentialAction":[{"@type":"ReadAction","target":["https:\/\/www.btv.md\/ro\/grupele-din-gradinite-se-vor-deschide-treptat\/"]}]},{"@type":"ImageObject","inLanguage":"ro-RO","@id":"https:\/\/www.btv.md\/ro\/grupele-din-gradinite-se-vor-deschide-treptat\/#primaryimage","url":"https:\/\/www.btv.md\/wp-content\/uploads\/2020\/08\/117902489_625689151468182_1423483725086542445_n.jpg","contentUrl":"https:\/\/www.btv.md\/wp-content\/uploads\/2020\/08\/117902489_625689151468182_1423483725086542445_n.jpg","width":1024,"height":682},{"@type":"WebSite","@id":"https:\/\/www.btv.md\/#website","url":"https:\/\/www.btv.md\/","name":"BTV","description":"\u0411\u0435\u043b\u044c\u0446\u043a\u043e\u0435 \u0442\u0435\u043b\u0435\u0432\u0438\u0434\u0435\u043d\u0438\u0435","potentialAction":[{"@type":"SearchAction","target":{"@type":"EntryPoint","urlTemplate":"https:\/\/www.btv.md\/?s={search_term_string}"},"query-input":{"@type":"PropertyValueSpecification","valueRequired":true,"valueName":"search_term_string"}}],"inLanguage":"ro-RO"},{"@type":"Person","@id":"https:\/\/www.btv.md\/#\/schema\/person\/8fadce81561b3ce2c34c46dadc4ccbf2","name":"admin"}]}},"_links":{"self":[{"href":"https:\/\/www.btv.md\/ro\/wp-json\/wp\/v2\/posts\/92307","targetHints":{"allow":["GET"]}}],"collection":[{"href":"https:\/\/www.btv.md\/ro\/wp-json\/wp\/v2\/posts"}],"about":[{"href":"https:\/\/www.btv.md\/ro\/wp-json\/wp\/v2\/types\/post"}],"author":[{"embeddable":true,"href":"https:\/\/www.btv.md\/ro\/wp-json\/wp\/v2\/users\/4"}],"replies":[{"embeddable":true,"href":"https:\/\/www.btv.md\/ro\/wp-json\/wp\/v2\/comments?post=92307"}],"version-history":[{"count":0,"href":"https:\/\/www.btv.md\/ro\/wp-json\/wp\/v2\/posts\/92307\/revisions"}],"wp:featuredmedia":[{"embeddable":true,"href":"https:\/\/www.btv.md\/ro\/wp-json\/wp\/v2\/media\/92303"}],"wp:attachment":[{"href":"https:\/\/www.btv.md\/ro\/wp-json\/wp\/v2\/media?parent=92307"}],"wp:term":[{"taxonomy":"category","embeddable":true,"href":"https:\/\/www.btv.md\/ro\/wp-json\/wp\/v2\/categories?post=92307"},{"taxonomy":"post_tag","embeddable":true,"href":"https:\/\/www.btv.md\/ro\/wp-json\/wp\/v2\/tags?post=92307"}],"curies":[{"name":"wp","href":"https:\/\/api.w.org\/{rel}","templated":true}]}}